{"id":10536,"date":"2025-07-02T19:40:24","date_gmt":"2025-07-02T22:40:24","guid":{"rendered":"https:\/\/nahuelproducciones.com.ar\/radioquijano\/?p=10536"},"modified":"2025-07-02T19:40:26","modified_gmt":"2025-07-02T22:40:26","slug":"el-gobierno-de-salta-refuerza-la-asistencia-en-invierno-con-un-amplio-operativo-de-abrigo","status":"publish","type":"post","link":"https:\/\/nahuelproducciones.com.ar\/radioquijano\/el-gobierno-de-salta-refuerza-la-asistencia-en-invierno-con-un-amplio-operativo-de-abrigo\/","title":{"rendered":"El Gobierno de Salta refuerza la asistencia en invierno con un amplio operativo de abrigo"},"content":{"rendered":"\n<p>En el marco del Plan Invierno, el Ministerio de Desarrollo Social de la Provincia de Salta implement\u00f3 una serie de acciones para proteger a las personas en situaci\u00f3n de vulnerabilidad durante la temporada invernal. El ministro<strong>&nbsp;Mario Mimessi<\/strong>&nbsp;inform\u00f3 que con este plan Invierno se llega a los 60 municipios entregando m\u00e1s de 6.500 frazadas y 5.500 m\u00f3dulos alimentarios, priorizando a familias de zonas rurales, comunidades originarias y sectores sin cobertura social.<\/p>\n\n\n\n<p>Una de las principales medidas fue la ayuda para la puesta en funcionamiento de 4 hogares de noche en puntos estrat\u00e9gicos de la provincia: Salta Capital, Tartagal, Or\u00e1n y La Merced. Estos espacios brindan contenci\u00f3n y resguardo a personas en situaci\u00f3n de calle. En el hogar de Capital, adem\u00e1s, se garantiza una raci\u00f3n diaria de cena para 65 personas. La asistencia se complement\u00f3 con la entrega de camas, colchones, frazadas y m\u00f3dulos alimentarios.<\/p>\n\n\n<div class=\"wp-block-image\">\n<figure class=\"aligncenter is-resized\"><a href=\"https:\/\/www.salta.gob.ar\/public\/images\/noticias\/contenidos\/18135-el-gobierno-de-salta-refuerza-la-asistencia-en-invierno-con-un-amplio-operativo-de-abrigo.webp\"><img decoding=\"async\" src=\"https:\/\/www.salta.gob.ar\/public\/images\/noticias\/contenidos\/18135-el-gobierno-de-salta-refuerza-la-asistencia-en-invierno-con-un-amplio-operativo-de-abrigo.webp\" alt=\"El Gobierno de Salta refuerza la asistencia en invierno con un amplio operativo de abrigo\" style=\"width:489px;height:auto\"\/><\/a><\/figure><\/div>\n\n\n<p>El operativo \u201cSalta te Abriga\u201d alcanza tambi\u00e9n a comunidades alejadas y de altura como Cachi, San Antonio de los Cobres, Iruya, Santa Victoria Oeste, Nazareno, Angastaco, Molinos, Payogasta y zonas rurales de Seclant\u00e1s, La Poma, San Carlos, Cafayate, Campo Quijano entre otras, mediante recorridas casa por casa y entregas directas de abrigo, ropa y alimentos y articulaci\u00f3n con los municipios que llevan registro de los casos m\u00e1s complejos.<\/p>\n\n\n\n<p>El Operativo Abrigo, que consiste en la entrega de 80 a 100 frazadas y 50 m\u00f3dulos alimentarios, por cada municipio, alcanza a las 60 comunas y se coordin\u00f3 la entrega que inici\u00f3 en junio.<\/p>\n\n\n\n<p>Adem\u00e1s, se articul\u00f3 con los municipios, fundaciones, senadores y diputados provinciales de distintos departamentos para ampliar la cobertura y asegurar la ayuda a organizaciones que asisten a familias vulnerables y contienen a personas en situaci\u00f3n de calle como la red Puente o iglesias que requirieron acompa\u00f1amiento.<\/p>\n\n\n\n<p>Estas acciones, lideradas por el Ministerio de Desarrollo Social refuerzan el compromiso del Gobierno de la Provincia de Salta de proteger y acompa\u00f1ar a quienes m\u00e1s lo necesitan, especialmente en el contexto actual de emergencia social y clim\u00e1tica.<\/p>\n\n\n\n<p>Fuente:\u00a0<strong>Secretar\u00eda de Prensa y Comunicaci\u00f3n<\/strong><\/p>\n\n\n\n<p><\/p>\n","protected":false},"excerpt":{"rendered":"<p>En el marco del Plan Invierno, el Ministerio de Desarrollo Social de la Provincia de Salta implement\u00f3 una serie de acciones para proteger a las personas en situaci\u00f3n de vulnerabilidad durante la temporada invernal. El ministro&nbsp;Mario Mimessi&nbsp;inform\u00f3 que con este plan Invierno se llega a los 60 municipios entregando m\u00e1s de 6.500 frazadas y 5.500 [&hellip;]<\/p>\n","protected":false},"author":8,"featured_media":10537,"comment_status":"open","ping_status":"open","sticky":false,"template":"","format":"standard","meta":{"_monsterinsights_skip_tracking":false,"_monsterinsights_sitenote_active":false,"_monsterinsights_sitenote_note":"","_monsterinsights_sitenote_category":0,"footnotes":""},"categories":[16],"tags":[764,100,1844],"class_list":["post-10536","post","type-post","status-publish","format-standard","has-post-thumbnail","hentry","category-noticias","tag-gob-de-la-prov","tag-municipio-de-campo-quijano","tag-operativo-abrigo"],"yoast_head":"<!-- This site is optimized with the Yoast SEO plugin v20.8 - https:\/\/yoast.com\/wordpress\/plugins\/seo\/ -->\n<title>El Gobierno de Salta refuerza la asistencia en invierno con un amplio operativo de abrigo - RQ 99.9<\/title>\n<meta name=\"description\" content=\"El Ministerio de Desarrollo Social de Salta articula con los 60 municipios mediante programas como Operativo Abrigo y Salta te Abriga, que distribuyen frazadas, alimentos, ropa de abrigo en zonas vulnerables y de bajas temperaturas.\" \/>\n<meta name=\"robots\" content=\"index, follow, max-snippet:-1, max-image-preview:large, max-video-preview:-1\" \/>\n<link rel=\"canonical\" href=\"https:\/\/nahuelproducciones.com.ar\/radioquijano\/el-gobierno-de-salta-refuerza-la-asistencia-en-invierno-con-un-amplio-operativo-de-abrigo\/\" \/>\n<meta property=\"og:locale\" content=\"es_ES\" \/>\n<meta property=\"og:type\" content=\"article\" \/>\n<meta property=\"og:title\" content=\"El Gobierno de Salta refuerza la asistencia en invierno con un amplio operativo de abrigo - RQ 99.9\" \/>\n<meta property=\"og:description\" content=\"El Ministerio de Desarrollo Social de Salta articula con los 60 municipios mediante programas como Operativo Abrigo y Salta te Abriga, que distribuyen frazadas, alimentos, ropa de abrigo en zonas vulnerables y de bajas temperaturas.\" \/>\n<meta property=\"og:url\" content=\"https:\/\/nahuelproducciones.com.ar\/radioquijano\/el-gobierno-de-salta-refuerza-la-asistencia-en-invierno-con-un-amplio-operativo-de-abrigo\/\" \/>\n<meta property=\"og:site_name\" content=\"RQ 99.9\" \/>\n<meta property=\"article:publisher\" content=\"https:\/\/www.facebook.com\/nahuelproducciones999\/\" \/>\n<meta property=\"article:published_time\" content=\"2025-07-02T22:40:24+00:00\" \/>\n<meta property=\"article:modified_time\" content=\"2025-07-02T22:40:26+00:00\" \/>\n<meta property=\"og:image\" content=\"https:\/\/nahuelproducciones.com.ar\/radioquijano\/wp-content\/uploads\/2025\/07\/102465-el-gobierno-de-salta-refuerza-la-asistencia-en-invierno-con-un-amplio-operativo-de-abrigo-e1751494983706.webp\" \/>\n\t<meta property=\"og:image:width\" content=\"700\" \/>\n\t<meta property=\"og:image:height\" content=\"394\" \/>\n\t<meta property=\"og:image:type\" content=\"image\/webp\" \/>\n<meta name=\"author\" content=\"Cecilia Pastrana\" \/>\n<meta name=\"twitter:card\" content=\"summary_large_image\" \/>\n<meta name=\"twitter:creator\" content=\"@nahuproduciones\" \/>\n<meta name=\"twitter:site\" content=\"@nahuproduciones\" \/>\n<meta name=\"twitter:label1\" content=\"Escrito por\" \/>\n\t<meta name=\"twitter:data1\" content=\"Cecilia Pastrana\" \/>\n\t<meta name=\"twitter:label2\" content=\"Tiempo de lectura\" \/>\n\t<meta name=\"twitter:data2\" content=\"2 minutos\" \/>\n<script type=\"application\/ld+json\" class=\"yoast-schema-graph\">{\"@context\":\"https:\/\/schema.org\",\"@graph\":[{\"@type\":\"WebPage\",\"@id\":\"https:\/\/nahuelproducciones.com.ar\/radioquijano\/el-gobierno-de-salta-refuerza-la-asistencia-en-invierno-con-un-amplio-operativo-de-abrigo\/\",\"url\":\"https:\/\/nahuelproducciones.com.ar\/radioquijano\/el-gobierno-de-salta-refuerza-la-asistencia-en-invierno-con-un-amplio-operativo-de-abrigo\/\",\"name\":\"El Gobierno de Salta refuerza la asistencia en invierno con un amplio operativo de abrigo - RQ 99.9\",\"isPartOf\":{\"@id\":\"https:\/\/nahuelproducciones.com.ar\/radioquijano\/#website\"},\"datePublished\":\"2025-07-02T22:40:24+00:00\",\"dateModified\":\"2025-07-02T22:40:26+00:00\",\"author\":{\"@id\":\"https:\/\/nahuelproducciones.com.ar\/radioquijano\/#\/schema\/person\/e8a4f939e2cb487fe6d0c54042c9d32c\"},\"description\":\"El Ministerio de Desarrollo Social de Salta articula con los 60 municipios mediante programas como Operativo Abrigo y Salta te Abriga, que distribuyen frazadas, alimentos, ropa de abrigo en zonas vulnerables y de bajas temperaturas.\",\"breadcrumb\":{\"@id\":\"https:\/\/nahuelproducciones.com.ar\/radioquijano\/el-gobierno-de-salta-refuerza-la-asistencia-en-invierno-con-un-amplio-operativo-de-abrigo\/#breadcrumb\"},\"inLanguage\":\"es\",\"potentialAction\":[{\"@type\":\"ReadAction\",\"target\":[\"https:\/\/nahuelproducciones.com.ar\/radioquijano\/el-gobierno-de-salta-refuerza-la-asistencia-en-invierno-con-un-amplio-operativo-de-abrigo\/\"]}]},{\"@type\":\"BreadcrumbList\",\"@id\":\"https:\/\/nahuelproducciones.com.ar\/radioquijano\/el-gobierno-de-salta-refuerza-la-asistencia-en-invierno-con-un-amplio-operativo-de-abrigo\/#breadcrumb\",\"itemListElement\":[{\"@type\":\"ListItem\",\"position\":1,\"name\":\"Portada\",\"item\":\"https:\/\/nahuelproducciones.com.ar\/radioquijano\/\"},{\"@type\":\"ListItem\",\"position\":2,\"name\":\"El Gobierno de Salta refuerza la asistencia en invierno con un amplio operativo de abrigo\"}]},{\"@type\":\"WebSite\",\"@id\":\"https:\/\/nahuelproducciones.com.ar\/radioquijano\/#website\",\"url\":\"https:\/\/nahuelproducciones.com.ar\/radioquijano\/\",\"name\":\"RQ 99.9\",\"description\":\"Radio Quijano 99.9 MHz\",\"potentialAction\":[{\"@type\":\"SearchAction\",\"target\":{\"@type\":\"EntryPoint\",\"urlTemplate\":\"https:\/\/nahuelproducciones.com.ar\/radioquijano\/?s={search_term_string}\"},\"query-input\":\"required name=search_term_string\"}],\"inLanguage\":\"es\"},{\"@type\":\"Person\",\"@id\":\"https:\/\/nahuelproducciones.com.ar\/radioquijano\/#\/schema\/person\/e8a4f939e2cb487fe6d0c54042c9d32c\",\"name\":\"Cecilia Pastrana\",\"image\":{\"@type\":\"ImageObject\",\"inLanguage\":\"es\",\"@id\":\"https:\/\/nahuelproducciones.com.ar\/radioquijano\/#\/schema\/person\/image\/\",\"url\":\"https:\/\/secure.gravatar.com\/avatar\/661a3ef63a8488d4f2794ed44af8cf71420f7e106f3072c40125114df5157749?s=96&d=mm&r=g\",\"contentUrl\":\"https:\/\/secure.gravatar.com\/avatar\/661a3ef63a8488d4f2794ed44af8cf71420f7e106f3072c40125114df5157749?s=96&d=mm&r=g\",\"caption\":\"Cecilia Pastrana\"},\"sameAs\":[\"cecy\"],\"url\":\"https:\/\/nahuelproducciones.com.ar\/radioquijano\/author\/cecy\/\"}]}<\/script>\n<!-- \/ Yoast SEO plugin. -->","yoast_head_json":{"title":"El Gobierno de Salta refuerza la asistencia en invierno con un amplio operativo de abrigo - RQ 99.9","description":"El Ministerio de Desarrollo Social de Salta articula con los 60 municipios mediante programas como Operativo Abrigo y Salta te Abriga, que distribuyen frazadas, alimentos, ropa de abrigo en zonas vulnerables y de bajas temperaturas.","robots":{"index":"index","follow":"follow","max-snippet":"max-snippet:-1","max-image-preview":"max-image-preview:large","max-video-preview":"max-video-preview:-1"},"canonical":"https:\/\/nahuelproducciones.com.ar\/radioquijano\/el-gobierno-de-salta-refuerza-la-asistencia-en-invierno-con-un-amplio-operativo-de-abrigo\/","og_locale":"es_ES","og_type":"article","og_title":"El Gobierno de Salta refuerza la asistencia en invierno con un amplio operativo de abrigo - RQ 99.9","og_description":"El Ministerio de Desarrollo Social de Salta articula con los 60 municipios mediante programas como Operativo Abrigo y Salta te Abriga, que distribuyen frazadas, alimentos, ropa de abrigo en zonas vulnerables y de bajas temperaturas.","og_url":"https:\/\/nahuelproducciones.com.ar\/radioquijano\/el-gobierno-de-salta-refuerza-la-asistencia-en-invierno-con-un-amplio-operativo-de-abrigo\/","og_site_name":"RQ 99.9","article_publisher":"https:\/\/www.facebook.com\/nahuelproducciones999\/","article_published_time":"2025-07-02T22:40:24+00:00","article_modified_time":"2025-07-02T22:40:26+00:00","og_image":[{"width":700,"height":394,"url":"https:\/\/nahuelproducciones.com.ar\/radioquijano\/wp-content\/uploads\/2025\/07\/102465-el-gobierno-de-salta-refuerza-la-asistencia-en-invierno-con-un-amplio-operativo-de-abrigo-e1751494983706.webp","type":"image\/webp"}],"author":"Cecilia Pastrana","twitter_card":"summary_large_image","twitter_creator":"@nahuproduciones","twitter_site":"@nahuproduciones","twitter_misc":{"Escrito por":"Cecilia Pastrana","Tiempo de lectura":"2 minutos"},"schema":{"@context":"https:\/\/schema.org","@graph":[{"@type":"WebPage","@id":"https:\/\/nahuelproducciones.com.ar\/radioquijano\/el-gobierno-de-salta-refuerza-la-asistencia-en-invierno-con-un-amplio-operativo-de-abrigo\/","url":"https:\/\/nahuelproducciones.com.ar\/radioquijano\/el-gobierno-de-salta-refuerza-la-asistencia-en-invierno-con-un-amplio-operativo-de-abrigo\/","name":"El Gobierno de Salta refuerza la asistencia en invierno con un amplio operativo de abrigo - RQ 99.9","isPartOf":{"@id":"https:\/\/nahuelproducciones.com.ar\/radioquijano\/#website"},"datePublished":"2025-07-02T22:40:24+00:00","dateModified":"2025-07-02T22:40:26+00:00","author":{"@id":"https:\/\/nahuelproducciones.com.ar\/radioquijano\/#\/schema\/person\/e8a4f939e2cb487fe6d0c54042c9d32c"},"description":"El Ministerio de Desarrollo Social de Salta articula con los 60 municipios mediante programas como Operativo Abrigo y Salta te Abriga, que distribuyen frazadas, alimentos, ropa de abrigo en zonas vulnerables y de bajas temperaturas.","breadcrumb":{"@id":"https:\/\/nahuelproducciones.com.ar\/radioquijano\/el-gobierno-de-salta-refuerza-la-asistencia-en-invierno-con-un-amplio-operativo-de-abrigo\/#breadcrumb"},"inLanguage":"es","potentialAction":[{"@type":"ReadAction","target":["https:\/\/nahuelproducciones.com.ar\/radioquijano\/el-gobierno-de-salta-refuerza-la-asistencia-en-invierno-con-un-amplio-operativo-de-abrigo\/"]}]},{"@type":"BreadcrumbList","@id":"https:\/\/nahuelproducciones.com.ar\/radioquijano\/el-gobierno-de-salta-refuerza-la-asistencia-en-invierno-con-un-amplio-operativo-de-abrigo\/#breadcrumb","itemListElement":[{"@type":"ListItem","position":1,"name":"Portada","item":"https:\/\/nahuelproducciones.com.ar\/radioquijano\/"},{"@type":"ListItem","position":2,"name":"El Gobierno de Salta refuerza la asistencia en invierno con un amplio operativo de abrigo"}]},{"@type":"WebSite","@id":"https:\/\/nahuelproducciones.com.ar\/radioquijano\/#website","url":"https:\/\/nahuelproducciones.com.ar\/radioquijano\/","name":"RQ 99.9","description":"Radio Quijano 99.9 MHz","potentialAction":[{"@type":"SearchAction","target":{"@type":"EntryPoint","urlTemplate":"https:\/\/nahuelproducciones.com.ar\/radioquijano\/?s={search_term_string}"},"query-input":"required name=search_term_string"}],"inLanguage":"es"},{"@type":"Person","@id":"https:\/\/nahuelproducciones.com.ar\/radioquijano\/#\/schema\/person\/e8a4f939e2cb487fe6d0c54042c9d32c","name":"Cecilia Pastrana","image":{"@type":"ImageObject","inLanguage":"es","@id":"https:\/\/nahuelproducciones.com.ar\/radioquijano\/#\/schema\/person\/image\/","url":"https:\/\/secure.gravatar.com\/avatar\/661a3ef63a8488d4f2794ed44af8cf71420f7e106f3072c40125114df5157749?s=96&d=mm&r=g","contentUrl":"https:\/\/secure.gravatar.com\/avatar\/661a3ef63a8488d4f2794ed44af8cf71420f7e106f3072c40125114df5157749?s=96&d=mm&r=g","caption":"Cecilia Pastrana"},"sameAs":["cecy"],"url":"https:\/\/nahuelproducciones.com.ar\/radioquijano\/author\/cecy\/"}]}},"_links":{"self":[{"href":"https:\/\/nahuelproducciones.com.ar\/radioquijano\/wp-json\/wp\/v2\/posts\/10536","targetHints":{"allow":["GET"]}}],"collection":[{"href":"https:\/\/nahuelproducciones.com.ar\/radioquijano\/wp-json\/wp\/v2\/posts"}],"about":[{"href":"https:\/\/nahuelproducciones.com.ar\/radioquijano\/wp-json\/wp\/v2\/types\/post"}],"author":[{"embeddable":true,"href":"https:\/\/nahuelproducciones.com.ar\/radioquijano\/wp-json\/wp\/v2\/users\/8"}],"replies":[{"embeddable":true,"href":"https:\/\/nahuelproducciones.com.ar\/radioquijano\/wp-json\/wp\/v2\/comments?post=10536"}],"version-history":[{"count":2,"href":"https:\/\/nahuelproducciones.com.ar\/radioquijano\/wp-json\/wp\/v2\/posts\/10536\/revisions"}],"predecessor-version":[{"id":10539,"href":"https:\/\/nahuelproducciones.com.ar\/radioquijano\/wp-json\/wp\/v2\/posts\/10536\/revisions\/10539"}],"wp:featuredmedia":[{"embeddable":true,"href":"https:\/\/nahuelproducciones.com.ar\/radioquijano\/wp-json\/wp\/v2\/media\/10537"}],"wp:attachment":[{"href":"https:\/\/nahuelproducciones.com.ar\/radioquijano\/wp-json\/wp\/v2\/media?parent=10536"}],"wp:term":[{"taxonomy":"category","embeddable":true,"href":"https:\/\/nahuelproducciones.com.ar\/radioquijano\/wp-json\/wp\/v2\/categories?post=10536"},{"taxonomy":"post_tag","embeddable":true,"href":"https:\/\/nahuelproducciones.com.ar\/radioquijano\/wp-json\/wp\/v2\/tags?post=10536"}],"curies":[{"name":"wp","href":"https:\/\/api.w.org\/{rel}","templated":true}]}}