{"id":10547,"date":"2025-07-04T01:42:35","date_gmt":"2025-07-04T04:42:35","guid":{"rendered":"https:\/\/nahuelproducciones.com.ar\/radioquijano\/?p=10547"},"modified":"2025-07-04T01:42:37","modified_gmt":"2025-07-04T04:42:37","slug":"el-gobierno-de-salta-presento-en-tiempo-y-forma-la-cuenta-general-del-ejercicio","status":"publish","type":"post","link":"https:\/\/nahuelproducciones.com.ar\/radioquijano\/el-gobierno-de-salta-presento-en-tiempo-y-forma-la-cuenta-general-del-ejercicio\/","title":{"rendered":"El Gobierno de Salta present\u00f3 en tiempo y forma la Cuenta General del Ejercicio."},"content":{"rendered":"\n<p>El Gobierno de la Provincia de Salta present\u00f3 en tiempo y forma la Cuenta General del Ejercicio, correspondiente al \u00faltimo per\u00edodo fiscal. Esta es la sexta vez consecutiva que se cumple con este procedimiento institucional, que constituye una herramienta fundamental para garantizar la rendici\u00f3n de cuentas y el control democr\u00e1tico.<\/p>\n\n\n\n<p>La presentaci\u00f3n fue realizada ante la Auditor\u00eda General de la Provincia y la Legislatura, en cumplimiento de las disposiciones legales y republicanas que rigen la administraci\u00f3n p\u00fablica. La Cuenta General del Ejercicio detalla la ejecuci\u00f3n presupuestaria del Poder Ejecutivo, el Poder Legislativo y el Poder Judicial, brindando un panorama integral de la situaci\u00f3n financiera, patrimonial y presupuestaria de la provincia.<\/p>\n\n\n\n<p>Este informe permite evaluar la gesti\u00f3n financiera, verificar el cumplimiento de los objetivos planteados y transparentar el uso de los recursos p\u00fablicos. Asimismo, constituye un mecanismo esencial dentro de la divisi\u00f3n de poderes, ya que fortalece el control institucional entre los distintos \u00f3rganos del Estado.<\/p>\n\n\n\n<p>La regularidad en la presentaci\u00f3n de este documento es un reflejo del compromiso del Gobierno de Salta con la transparencia, el equilibrio fiscal y el respeto por las instituciones democr\u00e1ticas.<\/p>\n\n\n\n<hr class=\"wp-block-separator has-alpha-channel-opacity\"\/>\n\n\n\n<p>Fuente:&nbsp;<strong>Secretar\u00eda de Prensa y Comunicaci\u00f3n<\/strong><\/p>\n","protected":false},"excerpt":{"rendered":"<p>El Gobierno de la Provincia de Salta present\u00f3 en tiempo y forma la Cuenta General del Ejercicio, correspondiente al \u00faltimo per\u00edodo fiscal. Esta es la sexta vez consecutiva que se cumple con este procedimiento institucional, que constituye una herramienta fundamental para garantizar la rendici\u00f3n de cuentas y el control democr\u00e1tico. La presentaci\u00f3n fue realizada ante [&hellip;]<\/p>\n","protected":false},"author":8,"featured_media":10548,"comment_status":"open","ping_status":"open","sticky":false,"template":"","format":"standard","meta":{"_monsterinsights_skip_tracking":false,"_monsterinsights_sitenote_active":false,"_monsterinsights_sitenote_note":"","_monsterinsights_sitenote_category":0,"footnotes":""},"categories":[16],"tags":[1845,766,100],"class_list":["post-10547","post","type-post","status-publish","format-standard","has-post-thumbnail","hentry","category-noticias","tag-cuenta-general-del-ejercicio","tag-gobierno-de-la-provincia-de-salta","tag-municipio-de-campo-quijano"],"yoast_head":"<!-- This site is optimized with the Yoast SEO plugin v20.8 - https:\/\/yoast.com\/wordpress\/plugins\/seo\/ -->\n<title>El Gobierno de Salta present\u00f3 en tiempo y forma la Cuenta General del Ejercicio. - RQ 99.9<\/title>\n<meta name=\"description\" content=\"Por sexto a\u00f1o consecutivo, la Provincia cumpli\u00f3 con la presentaci\u00f3n de este informe clave ante la Auditor\u00eda y la Legislatura, reafirmando su compromiso con la transparencia y el equilibrio fiscal.\" \/>\n<meta name=\"robots\" content=\"index, follow, max-snippet:-1, max-image-preview:large, max-video-preview:-1\" \/>\n<link rel=\"canonical\" href=\"https:\/\/nahuelproducciones.com.ar\/radioquijano\/el-gobierno-de-salta-presento-en-tiempo-y-forma-la-cuenta-general-del-ejercicio\/\" \/>\n<meta property=\"og:locale\" content=\"es_ES\" \/>\n<meta property=\"og:type\" content=\"article\" \/>\n<meta property=\"og:title\" content=\"El Gobierno de Salta present\u00f3 en tiempo y forma la Cuenta General del Ejercicio. - RQ 99.9\" \/>\n<meta property=\"og:description\" content=\"Por sexto a\u00f1o consecutivo, la Provincia cumpli\u00f3 con la presentaci\u00f3n de este informe clave ante la Auditor\u00eda y la Legislatura, reafirmando su compromiso con la transparencia y el equilibrio fiscal.\" \/>\n<meta property=\"og:url\" content=\"https:\/\/nahuelproducciones.com.ar\/radioquijano\/el-gobierno-de-salta-presento-en-tiempo-y-forma-la-cuenta-general-del-ejercicio\/\" \/>\n<meta property=\"og:site_name\" content=\"RQ 99.9\" \/>\n<meta property=\"article:publisher\" content=\"https:\/\/www.facebook.com\/nahuelproducciones999\/\" \/>\n<meta property=\"article:published_time\" content=\"2025-07-04T04:42:35+00:00\" \/>\n<meta property=\"article:modified_time\" content=\"2025-07-04T04:42:37+00:00\" \/>\n<meta property=\"og:image\" content=\"https:\/\/nahuelproducciones.com.ar\/radioquijano\/wp-content\/uploads\/2025\/07\/102466-el-gobierno-de-salta-presento-en-tiempo-y-forma-la-cuenta-general-del-ejercicio-e1751604082842.webp\" \/>\n\t<meta property=\"og:image:width\" content=\"700\" \/>\n\t<meta property=\"og:image:height\" content=\"394\" \/>\n\t<meta property=\"og:image:type\" content=\"image\/webp\" \/>\n<meta name=\"author\" content=\"Cecilia Pastrana\" \/>\n<meta name=\"twitter:card\" content=\"summary_large_image\" \/>\n<meta name=\"twitter:creator\" content=\"@nahuproduciones\" \/>\n<meta name=\"twitter:site\" content=\"@nahuproduciones\" \/>\n<meta name=\"twitter:label1\" content=\"Escrito por\" \/>\n\t<meta name=\"twitter:data1\" content=\"Cecilia Pastrana\" \/>\n\t<meta name=\"twitter:label2\" content=\"Tiempo de lectura\" \/>\n\t<meta name=\"twitter:data2\" content=\"1 minuto\" \/>\n<script type=\"application\/ld+json\" class=\"yoast-schema-graph\">{\"@context\":\"https:\/\/schema.org\",\"@graph\":[{\"@type\":\"WebPage\",\"@id\":\"https:\/\/nahuelproducciones.com.ar\/radioquijano\/el-gobierno-de-salta-presento-en-tiempo-y-forma-la-cuenta-general-del-ejercicio\/\",\"url\":\"https:\/\/nahuelproducciones.com.ar\/radioquijano\/el-gobierno-de-salta-presento-en-tiempo-y-forma-la-cuenta-general-del-ejercicio\/\",\"name\":\"El Gobierno de Salta present\u00f3 en tiempo y forma la Cuenta General del Ejercicio. - RQ 99.9\",\"isPartOf\":{\"@id\":\"https:\/\/nahuelproducciones.com.ar\/radioquijano\/#website\"},\"datePublished\":\"2025-07-04T04:42:35+00:00\",\"dateModified\":\"2025-07-04T04:42:37+00:00\",\"author\":{\"@id\":\"https:\/\/nahuelproducciones.com.ar\/radioquijano\/#\/schema\/person\/e8a4f939e2cb487fe6d0c54042c9d32c\"},\"description\":\"Por sexto a\u00f1o consecutivo, la Provincia cumpli\u00f3 con la presentaci\u00f3n de este informe clave ante la Auditor\u00eda y la Legislatura, reafirmando su compromiso con la transparencia y el equilibrio fiscal.\",\"breadcrumb\":{\"@id\":\"https:\/\/nahuelproducciones.com.ar\/radioquijano\/el-gobierno-de-salta-presento-en-tiempo-y-forma-la-cuenta-general-del-ejercicio\/#breadcrumb\"},\"inLanguage\":\"es\",\"potentialAction\":[{\"@type\":\"ReadAction\",\"target\":[\"https:\/\/nahuelproducciones.com.ar\/radioquijano\/el-gobierno-de-salta-presento-en-tiempo-y-forma-la-cuenta-general-del-ejercicio\/\"]}]},{\"@type\":\"BreadcrumbList\",\"@id\":\"https:\/\/nahuelproducciones.com.ar\/radioquijano\/el-gobierno-de-salta-presento-en-tiempo-y-forma-la-cuenta-general-del-ejercicio\/#breadcrumb\",\"itemListElement\":[{\"@type\":\"ListItem\",\"position\":1,\"name\":\"Portada\",\"item\":\"https:\/\/nahuelproducciones.com.ar\/radioquijano\/\"},{\"@type\":\"ListItem\",\"position\":2,\"name\":\"El Gobierno de Salta present\u00f3 en tiempo y forma la Cuenta General del Ejercicio.\"}]},{\"@type\":\"WebSite\",\"@id\":\"https:\/\/nahuelproducciones.com.ar\/radioquijano\/#website\",\"url\":\"https:\/\/nahuelproducciones.com.ar\/radioquijano\/\",\"name\":\"RQ 99.9\",\"description\":\"Radio Quijano 99.9 MHz\",\"potentialAction\":[{\"@type\":\"SearchAction\",\"target\":{\"@type\":\"EntryPoint\",\"urlTemplate\":\"https:\/\/nahuelproducciones.com.ar\/radioquijano\/?s={search_term_string}\"},\"query-input\":\"required name=search_term_string\"}],\"inLanguage\":\"es\"},{\"@type\":\"Person\",\"@id\":\"https:\/\/nahuelproducciones.com.ar\/radioquijano\/#\/schema\/person\/e8a4f939e2cb487fe6d0c54042c9d32c\",\"name\":\"Cecilia Pastrana\",\"image\":{\"@type\":\"ImageObject\",\"inLanguage\":\"es\",\"@id\":\"https:\/\/nahuelproducciones.com.ar\/radioquijano\/#\/schema\/person\/image\/\",\"url\":\"https:\/\/secure.gravatar.com\/avatar\/661a3ef63a8488d4f2794ed44af8cf71420f7e106f3072c40125114df5157749?s=96&d=mm&r=g\",\"contentUrl\":\"https:\/\/secure.gravatar.com\/avatar\/661a3ef63a8488d4f2794ed44af8cf71420f7e106f3072c40125114df5157749?s=96&d=mm&r=g\",\"caption\":\"Cecilia Pastrana\"},\"sameAs\":[\"cecy\"],\"url\":\"https:\/\/nahuelproducciones.com.ar\/radioquijano\/author\/cecy\/\"}]}<\/script>\n<!-- \/ Yoast SEO plugin. -->","yoast_head_json":{"title":"El Gobierno de Salta present\u00f3 en tiempo y forma la Cuenta General del Ejercicio. - RQ 99.9","description":"Por sexto a\u00f1o consecutivo, la Provincia cumpli\u00f3 con la presentaci\u00f3n de este informe clave ante la Auditor\u00eda y la Legislatura, reafirmando su compromiso con la transparencia y el equilibrio fiscal.","robots":{"index":"index","follow":"follow","max-snippet":"max-snippet:-1","max-image-preview":"max-image-preview:large","max-video-preview":"max-video-preview:-1"},"canonical":"https:\/\/nahuelproducciones.com.ar\/radioquijano\/el-gobierno-de-salta-presento-en-tiempo-y-forma-la-cuenta-general-del-ejercicio\/","og_locale":"es_ES","og_type":"article","og_title":"El Gobierno de Salta present\u00f3 en tiempo y forma la Cuenta General del Ejercicio. - RQ 99.9","og_description":"Por sexto a\u00f1o consecutivo, la Provincia cumpli\u00f3 con la presentaci\u00f3n de este informe clave ante la Auditor\u00eda y la Legislatura, reafirmando su compromiso con la transparencia y el equilibrio fiscal.","og_url":"https:\/\/nahuelproducciones.com.ar\/radioquijano\/el-gobierno-de-salta-presento-en-tiempo-y-forma-la-cuenta-general-del-ejercicio\/","og_site_name":"RQ 99.9","article_publisher":"https:\/\/www.facebook.com\/nahuelproducciones999\/","article_published_time":"2025-07-04T04:42:35+00:00","article_modified_time":"2025-07-04T04:42:37+00:00","og_image":[{"width":700,"height":394,"url":"https:\/\/nahuelproducciones.com.ar\/radioquijano\/wp-content\/uploads\/2025\/07\/102466-el-gobierno-de-salta-presento-en-tiempo-y-forma-la-cuenta-general-del-ejercicio-e1751604082842.webp","type":"image\/webp"}],"author":"Cecilia Pastrana","twitter_card":"summary_large_image","twitter_creator":"@nahuproduciones","twitter_site":"@nahuproduciones","twitter_misc":{"Escrito por":"Cecilia Pastrana","Tiempo de lectura":"1 minuto"},"schema":{"@context":"https:\/\/schema.org","@graph":[{"@type":"WebPage","@id":"https:\/\/nahuelproducciones.com.ar\/radioquijano\/el-gobierno-de-salta-presento-en-tiempo-y-forma-la-cuenta-general-del-ejercicio\/","url":"https:\/\/nahuelproducciones.com.ar\/radioquijano\/el-gobierno-de-salta-presento-en-tiempo-y-forma-la-cuenta-general-del-ejercicio\/","name":"El Gobierno de Salta present\u00f3 en tiempo y forma la Cuenta General del Ejercicio. - RQ 99.9","isPartOf":{"@id":"https:\/\/nahuelproducciones.com.ar\/radioquijano\/#website"},"datePublished":"2025-07-04T04:42:35+00:00","dateModified":"2025-07-04T04:42:37+00:00","author":{"@id":"https:\/\/nahuelproducciones.com.ar\/radioquijano\/#\/schema\/person\/e8a4f939e2cb487fe6d0c54042c9d32c"},"description":"Por sexto a\u00f1o consecutivo, la Provincia cumpli\u00f3 con la presentaci\u00f3n de este informe clave ante la Auditor\u00eda y la Legislatura, reafirmando su compromiso con la transparencia y el equilibrio fiscal.","breadcrumb":{"@id":"https:\/\/nahuelproducciones.com.ar\/radioquijano\/el-gobierno-de-salta-presento-en-tiempo-y-forma-la-cuenta-general-del-ejercicio\/#breadcrumb"},"inLanguage":"es","potentialAction":[{"@type":"ReadAction","target":["https:\/\/nahuelproducciones.com.ar\/radioquijano\/el-gobierno-de-salta-presento-en-tiempo-y-forma-la-cuenta-general-del-ejercicio\/"]}]},{"@type":"BreadcrumbList","@id":"https:\/\/nahuelproducciones.com.ar\/radioquijano\/el-gobierno-de-salta-presento-en-tiempo-y-forma-la-cuenta-general-del-ejercicio\/#breadcrumb","itemListElement":[{"@type":"ListItem","position":1,"name":"Portada","item":"https:\/\/nahuelproducciones.com.ar\/radioquijano\/"},{"@type":"ListItem","position":2,"name":"El Gobierno de Salta present\u00f3 en tiempo y forma la Cuenta General del Ejercicio."}]},{"@type":"WebSite","@id":"https:\/\/nahuelproducciones.com.ar\/radioquijano\/#website","url":"https:\/\/nahuelproducciones.com.ar\/radioquijano\/","name":"RQ 99.9","description":"Radio Quijano 99.9 MHz","potentialAction":[{"@type":"SearchAction","target":{"@type":"EntryPoint","urlTemplate":"https:\/\/nahuelproducciones.com.ar\/radioquijano\/?s={search_term_string}"},"query-input":"required name=search_term_string"}],"inLanguage":"es"},{"@type":"Person","@id":"https:\/\/nahuelproducciones.com.ar\/radioquijano\/#\/schema\/person\/e8a4f939e2cb487fe6d0c54042c9d32c","name":"Cecilia Pastrana","image":{"@type":"ImageObject","inLanguage":"es","@id":"https:\/\/nahuelproducciones.com.ar\/radioquijano\/#\/schema\/person\/image\/","url":"https:\/\/secure.gravatar.com\/avatar\/661a3ef63a8488d4f2794ed44af8cf71420f7e106f3072c40125114df5157749?s=96&d=mm&r=g","contentUrl":"https:\/\/secure.gravatar.com\/avatar\/661a3ef63a8488d4f2794ed44af8cf71420f7e106f3072c40125114df5157749?s=96&d=mm&r=g","caption":"Cecilia Pastrana"},"sameAs":["cecy"],"url":"https:\/\/nahuelproducciones.com.ar\/radioquijano\/author\/cecy\/"}]}},"_links":{"self":[{"href":"https:\/\/nahuelproducciones.com.ar\/radioquijano\/wp-json\/wp\/v2\/posts\/10547","targetHints":{"allow":["GET"]}}],"collection":[{"href":"https:\/\/nahuelproducciones.com.ar\/radioquijano\/wp-json\/wp\/v2\/posts"}],"about":[{"href":"https:\/\/nahuelproducciones.com.ar\/radioquijano\/wp-json\/wp\/v2\/types\/post"}],"author":[{"embeddable":true,"href":"https:\/\/nahuelproducciones.com.ar\/radioquijano\/wp-json\/wp\/v2\/users\/8"}],"replies":[{"embeddable":true,"href":"https:\/\/nahuelproducciones.com.ar\/radioquijano\/wp-json\/wp\/v2\/comments?post=10547"}],"version-history":[{"count":1,"href":"https:\/\/nahuelproducciones.com.ar\/radioquijano\/wp-json\/wp\/v2\/posts\/10547\/revisions"}],"predecessor-version":[{"id":10549,"href":"https:\/\/nahuelproducciones.com.ar\/radioquijano\/wp-json\/wp\/v2\/posts\/10547\/revisions\/10549"}],"wp:featuredmedia":[{"embeddable":true,"href":"https:\/\/nahuelproducciones.com.ar\/radioquijano\/wp-json\/wp\/v2\/media\/10548"}],"wp:attachment":[{"href":"https:\/\/nahuelproducciones.com.ar\/radioquijano\/wp-json\/wp\/v2\/media?parent=10547"}],"wp:term":[{"taxonomy":"category","embeddable":true,"href":"https:\/\/nahuelproducciones.com.ar\/radioquijano\/wp-json\/wp\/v2\/categories?post=10547"},{"taxonomy":"post_tag","embeddable":true,"href":"https:\/\/nahuelproducciones.com.ar\/radioquijano\/wp-json\/wp\/v2\/tags?post=10547"}],"curies":[{"name":"wp","href":"https:\/\/api.w.org\/{rel}","templated":true}]}}