{"id":10557,"date":"2025-07-04T02:17:06","date_gmt":"2025-07-04T05:17:06","guid":{"rendered":"https:\/\/nahuelproducciones.com.ar\/radioquijano\/?p=10557"},"modified":"2025-07-04T02:17:08","modified_gmt":"2025-07-04T05:17:08","slug":"en-el-primer-semestre-se-notificaron-mas-de-300-casos-de-varicela-en-la-provincia","status":"publish","type":"post","link":"https:\/\/nahuelproducciones.com.ar\/radioquijano\/en-el-primer-semestre-se-notificaron-mas-de-300-casos-de-varicela-en-la-provincia\/","title":{"rendered":"En el primer semestre se notificaron m\u00e1s de 300 casos de varicela en la provincia."},"content":{"rendered":"\n<p>El&nbsp;<strong>Ministerio de Salud P\u00fablica<\/strong>&nbsp;informa datos proporcionados por la&nbsp;<strong>Direcci\u00f3n General de Coordinaci\u00f3n Epidemiol\u00f3gica<\/strong>&nbsp;sobre diferentes patolog\u00edas que se encuentran bajo su vigilancia hasta la semana epidemiol\u00f3gica (SE) 25, comprendida entre el 15 y el 21 de junio.<\/p>\n\n\n\n<p><strong>Enfermedades inmunoprevenibles<\/strong><\/p>\n\n\n\n<p>En Salta, en la \u00faltima SE, se notificaron 11 casos de varicela, enfermedad eruptiva producida por el virus varicela-z\u00f3ster. Desde que inici\u00f3 el a\u00f1o son 315 los pacientes diagnosticados con esta patolog\u00eda.<\/p>\n\n\n\n<p>La varicela se puede prevenir con la aplicaci\u00f3n de vacuna. La estrategia consta de dos dosis en la ni\u00f1ez, una a los 15 meses de vida y, la otra, a los 5 a\u00f1os de edad.<\/p>\n\n\n\n<p><strong>Adem\u00e1s, hasta la SE 25 se registraron las siguientes enfermedades inmunoprevenibles:<\/strong><\/p>\n\n\n\n<p>\u00b7 &nbsp; &nbsp; &nbsp; &nbsp; Se ha confirmado un caso de meningoencefalitis. El acumulado en lo que va del a\u00f1o es de 69 casos.<\/p>\n\n\n\n<p>\u00b7 &nbsp; &nbsp; &nbsp; &nbsp; No se han notificado casos de coqueluche en el a\u00f1o.<\/p>\n\n\n\n<p>\u00b7 &nbsp; &nbsp; &nbsp; &nbsp; No se han notificado casos de parotiditis, con lo que el acumulado anual es de 21 casos.<\/p>\n\n\n\n<p>\u00b7 &nbsp; &nbsp; &nbsp; &nbsp; No hubo casos de sarampi\u00f3n.<\/p>\n\n\n\n<p>\u00b7 &nbsp; &nbsp; &nbsp; &nbsp; Se registr\u00f3 un caso de Enfermedad Febril Exantem\u00e1tica. Acumulado: 12 casos<\/p>\n\n\n\n<p>\u00b7 &nbsp; &nbsp; &nbsp; &nbsp; No se ha confirmado ning\u00fan caso de difteria ni de poliomielitis.<\/p>\n\n\n\n<p><strong>Hepatitis Virales<\/strong><\/p>\n\n\n\n<p>No se han registrado casos en la SE 25. El acumulado anual es de 13 positivos, 10 diagnosticados por laboratorio y 3 por criterio cl\u00ednico epidemiol\u00f3gico.<\/p>\n\n\n\n<p>De ellos, se han notificado 5 en el departamento Rivadavia, 5 en San Mart\u00edn, 2 en Capital y 1 en Rosario de la Frontera.<\/p>\n\n\n\n<p>Actualmente hay 2 en estudio y 34 fueron descartados.<\/p>\n\n\n\n<p><strong>Enfermedades Transmitidas por Alimentos (ETA)<\/strong><\/p>\n\n\n\n<p>\u00b7 &nbsp; &nbsp; &nbsp; &nbsp; Salmonelosis: No se han notificado casos de esta enfermedad causada por bacterias del g\u00e9nero salmonella en la \u00faltima semana. El acumulado del a\u00f1o es de 18.<\/p>\n\n\n\n<p>\u00b7 &nbsp; &nbsp; &nbsp; &nbsp; Botulismo del lactante: No se notificaron casos en la \u00faltima SE. Acumulado 1 caso.<\/p>\n\n\n\n<p>\u00b7 &nbsp; &nbsp; &nbsp; &nbsp; Botulismo: No se registraron casos en la \u00faltima SE. Acumulado: 1 caso.<\/p>\n\n\n\n<p>\u00b7 &nbsp; &nbsp; &nbsp; &nbsp; S\u00edndrome Ur\u00e9mico Hemol\u00edtico: No se registraron nuevos casos en la \u00faltima SE. Acumulado: 1 caso.<\/p>\n\n\n\n<p>\u00b7 &nbsp; &nbsp; &nbsp; &nbsp; Diarrea aguda: se registraron 712 casos en la SE 25. El acumulado de casos es de 31.126<\/p>\n\n\n\n<p><strong>Dengue<\/strong><\/p>\n\n\n\n<p>No se confirmaron nuevos casos en la SE 25, acumulando 26 casos desde el inicio de la Vigilancia Epidemiol\u00f3gica. De ellos, 23 corresponden al departamento Capital, 1 a General G\u00fcemes y 2 a Or\u00e1n.<\/p>\n\n\n\n<p>Del total de casos, 18 son aut\u00f3ctonos, 6 registran antecedentes de viaje y 2 fueron diagnosticados por criterio cl\u00ednico epidemiol\u00f3gico.<\/p>\n\n\n\n<p>Actualmente hay 62 sospechosos con s\u00edntomas compatibles de esa arbovirosis; y se han descartado 1108 casos mediante pruebas de laboratorio.<\/p>\n\n\n\n<p>En lo que va del a\u00f1o no se han notificado casos de chikungunya, zika ni fiebre amarilla en la provincia.<\/p>\n\n\n\n<p><strong>Enfermedades dermatol\u00f3gicas de inter\u00e9s sanitario (EDIS)<\/strong><\/p>\n\n\n\n<p>\u00b7 &nbsp; &nbsp; &nbsp; &nbsp; No se notificaron casos de leishmaniasis cut\u00e1nea humana. Acumulado: 21 casos.<\/p>\n\n\n\n<p>\u00b7 &nbsp; &nbsp; &nbsp; &nbsp; Se ha notificado un caso de leishmaniasis mucocut\u00e1nea humana. Acumulado: 4 casos.<\/p>\n\n\n\n<p>\u00b7 &nbsp; &nbsp; &nbsp; &nbsp; No se registraron casos de leishmaniasis visceral humana. Acumulado: 6 casos.<\/p>\n\n\n\n<p>\u00b7 &nbsp; &nbsp; &nbsp; &nbsp; No hubo casos de lepra. Acumulado: 2 casos<\/p>\n\n\n\n<p>\u00b7 &nbsp; &nbsp; &nbsp; &nbsp; No se notificaron casos de micosis profunda.<\/p>\n\n\n\n<p><strong>Enfermedades zoon\u00f3ticas<\/strong><\/p>\n\n\n\n<p>\u00b7 &nbsp; &nbsp; &nbsp; &nbsp; No hubo casos de araneismo. Acumulado: 8 casos<\/p>\n\n\n\n<p>\u00b7 &nbsp; &nbsp; &nbsp; &nbsp; Se han notificado 3 picaduras de alacranes, todas en el departamento Capital. El acumulado, en lo que va del a\u00f1o, es de 305 casos.<\/p>\n\n\n\n<p>\u00b7 &nbsp; &nbsp; &nbsp; &nbsp; Se han notificado 6 casos de mordeduras de perro, lo que se considera accidente potencialmente r\u00e1bico (APR), 4 en Capital y 2 en Or\u00e1n. El acumulado, en lo que va del a\u00f1o en APR es de 422 casos.<\/p>\n\n\n\n<p>\u00b7 &nbsp; &nbsp; &nbsp; &nbsp; No hubo casos de ofidismo. Acumulado: 48 casos<\/p>\n\n\n\n<p>\u00b7 &nbsp; &nbsp; &nbsp; &nbsp; No se registraron casos de brucelosis. Acumulado: 3 casos<\/p>\n\n\n\n<p>\u00b7 &nbsp; &nbsp; &nbsp; &nbsp; Se registraron 2 casos de leishmaniasis visceral canina. Acumulado: 62 casos<\/p>\n\n\n\n<p>\u00b7 &nbsp; &nbsp; &nbsp; &nbsp; No se notificaron casos de hantavirosis. Acumulado: 3 casos<\/p>\n\n\n\n<p>\u00b7 &nbsp; &nbsp; &nbsp; &nbsp; No hubo casos de psitacosis. Acumulado: 1 caso<\/p>\n\n\n\n<p>\u00b7 &nbsp; &nbsp; &nbsp; &nbsp; No hubo casos de leptospirosis.<\/p>\n\n\n\n<p>\u00b7 &nbsp; &nbsp; &nbsp; &nbsp; No hubo casos de rabia animal. Acumulado: 2 casos<\/p>\n\n\n\n<p><strong>Virus respiratorios<\/strong><\/p>\n\n\n\n<p><strong>En la \u00faltima semana se registraron las siguientes infecciones respiratorias agudas:<\/strong><\/p>\n\n\n\n<p>\u00b7 &nbsp; &nbsp; &nbsp; &nbsp; Enfermedades Tipo Influenza: 674 casos \u2013 Acumulado: 13548<\/p>\n\n\n\n<p>\u00b7 &nbsp; &nbsp; &nbsp; &nbsp; Bronquiolitis en menores de 2 a\u00f1os: 370 casos \u2013 Acumulado: 5250<\/p>\n\n\n\n<p>\u00b7 &nbsp; &nbsp; &nbsp; &nbsp; Neumon\u00eda: 258 casos \u2013 Acumulado: 4813<\/p>\n\n\n\n<p>\u00b7 &nbsp; &nbsp; &nbsp; &nbsp; COVID-19: Hubo dos nuevos casos &#8211; Acumulado: 126<\/p>\n\n\n\n<p>La jefa de Sala de Situaci\u00f3n,&nbsp;<strong>Roc\u00edo Corrales<\/strong>, explic\u00f3 que las enfermedades tipo influenza que circulan en Salta son influenza A, virus sincicial respiratorio, influenza B y adenovirus.<\/p>\n\n\n\n<p>Adem\u00e1s, inform\u00f3 que en la \u00faltima semana epidemiol\u00f3gica hubo 86 pacientes hospitalizados y se registr\u00f3 una defunci\u00f3n por enfermedades respiratorias en la provincia de Salta. A la fecha son siete los \u00f3bitos por estas patolog\u00edas.<\/p>\n\n\n\n<hr class=\"wp-block-separator has-alpha-channel-opacity\"\/>\n\n\n\n<p>Fuente:&nbsp;<strong>Secretar\u00eda de Prensa y Comunicaci\u00f3n<\/strong><\/p>\n","protected":false},"excerpt":{"rendered":"<p>El&nbsp;Ministerio de Salud P\u00fablica&nbsp;informa datos proporcionados por la&nbsp;Direcci\u00f3n General de Coordinaci\u00f3n Epidemiol\u00f3gica&nbsp;sobre diferentes patolog\u00edas que se encuentran bajo su vigilancia hasta la semana epidemiol\u00f3gica (SE) 25, comprendida entre el 15 y el 21 de junio. Enfermedades inmunoprevenibles En Salta, en la \u00faltima SE, se notificaron 11 casos de varicela, enfermedad eruptiva producida por el virus [&hellip;]<\/p>\n","protected":false},"author":8,"featured_media":10558,"comment_status":"open","ping_status":"open","sticky":false,"template":"","format":"standard","meta":{"_monsterinsights_skip_tracking":false,"_monsterinsights_sitenote_active":false,"_monsterinsights_sitenote_note":"","_monsterinsights_sitenote_category":0,"footnotes":""},"categories":[16],"tags":[1848,944,696,100],"class_list":["post-10557","post","type-post","status-publish","format-standard","has-post-thumbnail","hentry","category-noticias","tag-casos-de-varicela","tag-direccion-general-de-coordinacion-epidemiologica","tag-ministerio-de-salud-publica","tag-municipio-de-campo-quijano"],"yoast_head":"<!-- This site is optimized with the Yoast SEO plugin v20.8 - https:\/\/yoast.com\/wordpress\/plugins\/seo\/ -->\n<title>En el primer semestre se notificaron m\u00e1s de 300 casos de varicela en la provincia. - RQ 99.9<\/title>\n<meta name=\"description\" content=\"Esta enfermedad es prevenible con la colocaci\u00f3n de una vacuna en la ni\u00f1ez. Salud P\u00fablica informa tambi\u00e9n la situaci\u00f3n con respeto a otras enfermedades.\" \/>\n<meta name=\"robots\" content=\"index, follow, max-snippet:-1, max-image-preview:large, max-video-preview:-1\" \/>\n<link rel=\"canonical\" href=\"https:\/\/nahuelproducciones.com.ar\/radioquijano\/en-el-primer-semestre-se-notificaron-mas-de-300-casos-de-varicela-en-la-provincia\/\" \/>\n<meta property=\"og:locale\" content=\"es_ES\" \/>\n<meta property=\"og:type\" content=\"article\" \/>\n<meta property=\"og:title\" content=\"En el primer semestre se notificaron m\u00e1s de 300 casos de varicela en la provincia. - RQ 99.9\" \/>\n<meta property=\"og:description\" content=\"Esta enfermedad es prevenible con la colocaci\u00f3n de una vacuna en la ni\u00f1ez. Salud P\u00fablica informa tambi\u00e9n la situaci\u00f3n con respeto a otras enfermedades.\" \/>\n<meta property=\"og:url\" content=\"https:\/\/nahuelproducciones.com.ar\/radioquijano\/en-el-primer-semestre-se-notificaron-mas-de-300-casos-de-varicela-en-la-provincia\/\" \/>\n<meta property=\"og:site_name\" content=\"RQ 99.9\" \/>\n<meta property=\"article:publisher\" content=\"https:\/\/www.facebook.com\/nahuelproducciones999\/\" \/>\n<meta property=\"article:published_time\" content=\"2025-07-04T05:17:06+00:00\" \/>\n<meta property=\"article:modified_time\" content=\"2025-07-04T05:17:08+00:00\" \/>\n<meta property=\"og:image\" content=\"https:\/\/nahuelproducciones.com.ar\/radioquijano\/wp-content\/uploads\/2025\/07\/102521-en-el-primer-semestre-se-notificaron-mas-de-300-casos-de-varicela-en-la-provincia-e1751606163409.webp\" \/>\n\t<meta property=\"og:image:width\" content=\"700\" \/>\n\t<meta property=\"og:image:height\" content=\"394\" \/>\n\t<meta property=\"og:image:type\" content=\"image\/webp\" \/>\n<meta name=\"author\" content=\"Cecilia Pastrana\" \/>\n<meta name=\"twitter:card\" content=\"summary_large_image\" \/>\n<meta name=\"twitter:creator\" content=\"@nahuproduciones\" \/>\n<meta name=\"twitter:site\" content=\"@nahuproduciones\" \/>\n<meta name=\"twitter:label1\" content=\"Escrito por\" \/>\n\t<meta name=\"twitter:data1\" content=\"Cecilia Pastrana\" \/>\n\t<meta name=\"twitter:label2\" content=\"Tiempo de lectura\" \/>\n\t<meta name=\"twitter:data2\" content=\"4 minutos\" \/>\n<script type=\"application\/ld+json\" class=\"yoast-schema-graph\">{\"@context\":\"https:\/\/schema.org\",\"@graph\":[{\"@type\":\"WebPage\",\"@id\":\"https:\/\/nahuelproducciones.com.ar\/radioquijano\/en-el-primer-semestre-se-notificaron-mas-de-300-casos-de-varicela-en-la-provincia\/\",\"url\":\"https:\/\/nahuelproducciones.com.ar\/radioquijano\/en-el-primer-semestre-se-notificaron-mas-de-300-casos-de-varicela-en-la-provincia\/\",\"name\":\"En el primer semestre se notificaron m\u00e1s de 300 casos de varicela en la provincia. - RQ 99.9\",\"isPartOf\":{\"@id\":\"https:\/\/nahuelproducciones.com.ar\/radioquijano\/#website\"},\"datePublished\":\"2025-07-04T05:17:06+00:00\",\"dateModified\":\"2025-07-04T05:17:08+00:00\",\"author\":{\"@id\":\"https:\/\/nahuelproducciones.com.ar\/radioquijano\/#\/schema\/person\/e8a4f939e2cb487fe6d0c54042c9d32c\"},\"description\":\"Esta enfermedad es prevenible con la colocaci\u00f3n de una vacuna en la ni\u00f1ez. Salud P\u00fablica informa tambi\u00e9n la situaci\u00f3n con respeto a otras enfermedades.\",\"breadcrumb\":{\"@id\":\"https:\/\/nahuelproducciones.com.ar\/radioquijano\/en-el-primer-semestre-se-notificaron-mas-de-300-casos-de-varicela-en-la-provincia\/#breadcrumb\"},\"inLanguage\":\"es\",\"potentialAction\":[{\"@type\":\"ReadAction\",\"target\":[\"https:\/\/nahuelproducciones.com.ar\/radioquijano\/en-el-primer-semestre-se-notificaron-mas-de-300-casos-de-varicela-en-la-provincia\/\"]}]},{\"@type\":\"BreadcrumbList\",\"@id\":\"https:\/\/nahuelproducciones.com.ar\/radioquijano\/en-el-primer-semestre-se-notificaron-mas-de-300-casos-de-varicela-en-la-provincia\/#breadcrumb\",\"itemListElement\":[{\"@type\":\"ListItem\",\"position\":1,\"name\":\"Portada\",\"item\":\"https:\/\/nahuelproducciones.com.ar\/radioquijano\/\"},{\"@type\":\"ListItem\",\"position\":2,\"name\":\"En el primer semestre se notificaron m\u00e1s de 300 casos de varicela en la provincia.\"}]},{\"@type\":\"WebSite\",\"@id\":\"https:\/\/nahuelproducciones.com.ar\/radioquijano\/#website\",\"url\":\"https:\/\/nahuelproducciones.com.ar\/radioquijano\/\",\"name\":\"RQ 99.9\",\"description\":\"Radio Quijano 99.9 MHz\",\"potentialAction\":[{\"@type\":\"SearchAction\",\"target\":{\"@type\":\"EntryPoint\",\"urlTemplate\":\"https:\/\/nahuelproducciones.com.ar\/radioquijano\/?s={search_term_string}\"},\"query-input\":\"required name=search_term_string\"}],\"inLanguage\":\"es\"},{\"@type\":\"Person\",\"@id\":\"https:\/\/nahuelproducciones.com.ar\/radioquijano\/#\/schema\/person\/e8a4f939e2cb487fe6d0c54042c9d32c\",\"name\":\"Cecilia Pastrana\",\"image\":{\"@type\":\"ImageObject\",\"inLanguage\":\"es\",\"@id\":\"https:\/\/nahuelproducciones.com.ar\/radioquijano\/#\/schema\/person\/image\/\",\"url\":\"https:\/\/secure.gravatar.com\/avatar\/661a3ef63a8488d4f2794ed44af8cf71420f7e106f3072c40125114df5157749?s=96&d=mm&r=g\",\"contentUrl\":\"https:\/\/secure.gravatar.com\/avatar\/661a3ef63a8488d4f2794ed44af8cf71420f7e106f3072c40125114df5157749?s=96&d=mm&r=g\",\"caption\":\"Cecilia Pastrana\"},\"sameAs\":[\"cecy\"],\"url\":\"https:\/\/nahuelproducciones.com.ar\/radioquijano\/author\/cecy\/\"}]}<\/script>\n<!-- \/ Yoast SEO plugin. -->","yoast_head_json":{"title":"En el primer semestre se notificaron m\u00e1s de 300 casos de varicela en la provincia. - RQ 99.9","description":"Esta enfermedad es prevenible con la colocaci\u00f3n de una vacuna en la ni\u00f1ez. Salud P\u00fablica informa tambi\u00e9n la situaci\u00f3n con respeto a otras enfermedades.","robots":{"index":"index","follow":"follow","max-snippet":"max-snippet:-1","max-image-preview":"max-image-preview:large","max-video-preview":"max-video-preview:-1"},"canonical":"https:\/\/nahuelproducciones.com.ar\/radioquijano\/en-el-primer-semestre-se-notificaron-mas-de-300-casos-de-varicela-en-la-provincia\/","og_locale":"es_ES","og_type":"article","og_title":"En el primer semestre se notificaron m\u00e1s de 300 casos de varicela en la provincia. - RQ 99.9","og_description":"Esta enfermedad es prevenible con la colocaci\u00f3n de una vacuna en la ni\u00f1ez. Salud P\u00fablica informa tambi\u00e9n la situaci\u00f3n con respeto a otras enfermedades.","og_url":"https:\/\/nahuelproducciones.com.ar\/radioquijano\/en-el-primer-semestre-se-notificaron-mas-de-300-casos-de-varicela-en-la-provincia\/","og_site_name":"RQ 99.9","article_publisher":"https:\/\/www.facebook.com\/nahuelproducciones999\/","article_published_time":"2025-07-04T05:17:06+00:00","article_modified_time":"2025-07-04T05:17:08+00:00","og_image":[{"width":700,"height":394,"url":"https:\/\/nahuelproducciones.com.ar\/radioquijano\/wp-content\/uploads\/2025\/07\/102521-en-el-primer-semestre-se-notificaron-mas-de-300-casos-de-varicela-en-la-provincia-e1751606163409.webp","type":"image\/webp"}],"author":"Cecilia Pastrana","twitter_card":"summary_large_image","twitter_creator":"@nahuproduciones","twitter_site":"@nahuproduciones","twitter_misc":{"Escrito por":"Cecilia Pastrana","Tiempo de lectura":"4 minutos"},"schema":{"@context":"https:\/\/schema.org","@graph":[{"@type":"WebPage","@id":"https:\/\/nahuelproducciones.com.ar\/radioquijano\/en-el-primer-semestre-se-notificaron-mas-de-300-casos-de-varicela-en-la-provincia\/","url":"https:\/\/nahuelproducciones.com.ar\/radioquijano\/en-el-primer-semestre-se-notificaron-mas-de-300-casos-de-varicela-en-la-provincia\/","name":"En el primer semestre se notificaron m\u00e1s de 300 casos de varicela en la provincia. - RQ 99.9","isPartOf":{"@id":"https:\/\/nahuelproducciones.com.ar\/radioquijano\/#website"},"datePublished":"2025-07-04T05:17:06+00:00","dateModified":"2025-07-04T05:17:08+00:00","author":{"@id":"https:\/\/nahuelproducciones.com.ar\/radioquijano\/#\/schema\/person\/e8a4f939e2cb487fe6d0c54042c9d32c"},"description":"Esta enfermedad es prevenible con la colocaci\u00f3n de una vacuna en la ni\u00f1ez. Salud P\u00fablica informa tambi\u00e9n la situaci\u00f3n con respeto a otras enfermedades.","breadcrumb":{"@id":"https:\/\/nahuelproducciones.com.ar\/radioquijano\/en-el-primer-semestre-se-notificaron-mas-de-300-casos-de-varicela-en-la-provincia\/#breadcrumb"},"inLanguage":"es","potentialAction":[{"@type":"ReadAction","target":["https:\/\/nahuelproducciones.com.ar\/radioquijano\/en-el-primer-semestre-se-notificaron-mas-de-300-casos-de-varicela-en-la-provincia\/"]}]},{"@type":"BreadcrumbList","@id":"https:\/\/nahuelproducciones.com.ar\/radioquijano\/en-el-primer-semestre-se-notificaron-mas-de-300-casos-de-varicela-en-la-provincia\/#breadcrumb","itemListElement":[{"@type":"ListItem","position":1,"name":"Portada","item":"https:\/\/nahuelproducciones.com.ar\/radioquijano\/"},{"@type":"ListItem","position":2,"name":"En el primer semestre se notificaron m\u00e1s de 300 casos de varicela en la provincia."}]},{"@type":"WebSite","@id":"https:\/\/nahuelproducciones.com.ar\/radioquijano\/#website","url":"https:\/\/nahuelproducciones.com.ar\/radioquijano\/","name":"RQ 99.9","description":"Radio Quijano 99.9 MHz","potentialAction":[{"@type":"SearchAction","target":{"@type":"EntryPoint","urlTemplate":"https:\/\/nahuelproducciones.com.ar\/radioquijano\/?s={search_term_string}"},"query-input":"required name=search_term_string"}],"inLanguage":"es"},{"@type":"Person","@id":"https:\/\/nahuelproducciones.com.ar\/radioquijano\/#\/schema\/person\/e8a4f939e2cb487fe6d0c54042c9d32c","name":"Cecilia Pastrana","image":{"@type":"ImageObject","inLanguage":"es","@id":"https:\/\/nahuelproducciones.com.ar\/radioquijano\/#\/schema\/person\/image\/","url":"https:\/\/secure.gravatar.com\/avatar\/661a3ef63a8488d4f2794ed44af8cf71420f7e106f3072c40125114df5157749?s=96&d=mm&r=g","contentUrl":"https:\/\/secure.gravatar.com\/avatar\/661a3ef63a8488d4f2794ed44af8cf71420f7e106f3072c40125114df5157749?s=96&d=mm&r=g","caption":"Cecilia Pastrana"},"sameAs":["cecy"],"url":"https:\/\/nahuelproducciones.com.ar\/radioquijano\/author\/cecy\/"}]}},"_links":{"self":[{"href":"https:\/\/nahuelproducciones.com.ar\/radioquijano\/wp-json\/wp\/v2\/posts\/10557","targetHints":{"allow":["GET"]}}],"collection":[{"href":"https:\/\/nahuelproducciones.com.ar\/radioquijano\/wp-json\/wp\/v2\/posts"}],"about":[{"href":"https:\/\/nahuelproducciones.com.ar\/radioquijano\/wp-json\/wp\/v2\/types\/post"}],"author":[{"embeddable":true,"href":"https:\/\/nahuelproducciones.com.ar\/radioquijano\/wp-json\/wp\/v2\/users\/8"}],"replies":[{"embeddable":true,"href":"https:\/\/nahuelproducciones.com.ar\/radioquijano\/wp-json\/wp\/v2\/comments?post=10557"}],"version-history":[{"count":1,"href":"https:\/\/nahuelproducciones.com.ar\/radioquijano\/wp-json\/wp\/v2\/posts\/10557\/revisions"}],"predecessor-version":[{"id":10559,"href":"https:\/\/nahuelproducciones.com.ar\/radioquijano\/wp-json\/wp\/v2\/posts\/10557\/revisions\/10559"}],"wp:featuredmedia":[{"embeddable":true,"href":"https:\/\/nahuelproducciones.com.ar\/radioquijano\/wp-json\/wp\/v2\/media\/10558"}],"wp:attachment":[{"href":"https:\/\/nahuelproducciones.com.ar\/radioquijano\/wp-json\/wp\/v2\/media?parent=10557"}],"wp:term":[{"taxonomy":"category","embeddable":true,"href":"https:\/\/nahuelproducciones.com.ar\/radioquijano\/wp-json\/wp\/v2\/categories?post=10557"},{"taxonomy":"post_tag","embeddable":true,"href":"https:\/\/nahuelproducciones.com.ar\/radioquijano\/wp-json\/wp\/v2\/tags?post=10557"}],"curies":[{"name":"wp","href":"https:\/\/api.w.org\/{rel}","templated":true}]}}