{"id":10570,"date":"2025-07-05T15:57:26","date_gmt":"2025-07-05T18:57:26","guid":{"rendered":"https:\/\/nahuelproducciones.com.ar\/radioquijano\/?p=10570"},"modified":"2025-07-05T15:57:27","modified_gmt":"2025-07-05T18:57:27","slug":"errores-historicos-en-publicaciones-oficiales-confusion-en-el-aniversario-de-campo-quijano-y-la-independencia","status":"publish","type":"post","link":"https:\/\/nahuelproducciones.com.ar\/radioquijano\/errores-historicos-en-publicaciones-oficiales-confusion-en-el-aniversario-de-campo-quijano-y-la-independencia\/","title":{"rendered":"Errores hist\u00f3ricos en publicaciones oficiales: confusi\u00f3n en el aniversario de Campo Quijano y la Independencia"},"content":{"rendered":"\n<p>La comunidad de Campo Quijano se vio sorprendida en las \u00faltimas horas por un error ins\u00f3lito en la comunicaci\u00f3n oficial de la Municipalidad. A trav\u00e9s de sus redes sociales, la prensa municipal inform\u00f3 que nuestro querido pueblo celebraba 103 a\u00f1os de historia, cuando en realidad este 9 de julio se cumplen <strong>104 a\u00f1os<\/strong> desde su fundaci\u00f3n.<\/p>\n\n\n\n<p>A esto se sum\u00f3 otra confusi\u00f3n: en el mismo comunicado se mencion\u00f3 que se conmemoran <strong>208 a\u00f1os<\/strong> de la Independencia Nacional, cuando la cifra correcta es <strong>209 a\u00f1os<\/strong>, desde aquel hist\u00f3rico 9 de julio de 1816.<\/p>\n\n\n\n<p>Gracias a la r\u00e1pida reacci\u00f3n de los vecinos en redes sociales y a los comentarios realizados por Radio Quijano, estos errores fueron corregidos reci\u00e9n <strong>despu\u00e9s de m\u00e1s de 20 horas<\/strong> de estar publicados en el perfil oficial del municipio.<\/p>\n\n\n\n<p>Desde la comunidad se reclama mayor responsabilidad y precisi\u00f3n en las publicaciones institucionales, especialmente en fechas tan significativas para la identidad local y nacional.<\/p>\n\n\n\n<p>La historia de Campo Quijano y de nuestro pa\u00eds merecen respeto y un tratamiento serio por parte de quienes tienen la tarea de comunicar oficialmente.<\/p>\n\n\n\n<figure class=\"wp-block-image size-large\"><img loading=\"lazy\" decoding=\"async\" width=\"1024\" height=\"566\" src=\"https:\/\/nahuelproducciones.com.ar\/radioquijano\/wp-content\/uploads\/2025\/07\/WhatsApp-Image-2025-07-05-at-11.12.28-AM-2-1024x566.jpeg\" alt=\"\" class=\"wp-image-10577\"\/><\/figure>\n\n\n<div class=\"wp-block-image\">\n<figure class=\"aligncenter size-large is-resized\"><img loading=\"lazy\" decoding=\"async\" width=\"819\" height=\"1024\" src=\"https:\/\/nahuelproducciones.com.ar\/radioquijano\/wp-content\/uploads\/2025\/07\/515009269_1145859907570418_6101535943239423931_n-2-819x1024.jpg\" alt=\"\" class=\"wp-image-10578\" style=\"width:713px;height:auto\" srcset=\"https:\/\/nahuelproducciones.com.ar\/radioquijano\/wp-content\/uploads\/2025\/07\/515009269_1145859907570418_6101535943239423931_n-2-819x1024.jpg 819w, https:\/\/nahuelproducciones.com.ar\/radioquijano\/wp-content\/uploads\/2025\/07\/515009269_1145859907570418_6101535943239423931_n-2-240x300.jpg 240w, https:\/\/nahuelproducciones.com.ar\/radioquijano\/wp-content\/uploads\/2025\/07\/515009269_1145859907570418_6101535943239423931_n-2-768x960.jpg 768w, https:\/\/nahuelproducciones.com.ar\/radioquijano\/wp-content\/uploads\/2025\/07\/515009269_1145859907570418_6101535943239423931_n-2-1229x1536.jpg 1229w, https:\/\/nahuelproducciones.com.ar\/radioquijano\/wp-content\/uploads\/2025\/07\/515009269_1145859907570418_6101535943239423931_n-2-150x188.jpg 150w, https:\/\/nahuelproducciones.com.ar\/radioquijano\/wp-content\/uploads\/2025\/07\/515009269_1145859907570418_6101535943239423931_n-2.jpg 1638w\" sizes=\"auto, (max-width: 819px) 100vw, 819px\" \/><\/figure><\/div>\n\n\n<p><\/p>\n","protected":false},"excerpt":{"rendered":"<p>La comunidad de Campo Quijano se vio sorprendida en las \u00faltimas horas por un error ins\u00f3lito en la comunicaci\u00f3n oficial de la Municipalidad. A trav\u00e9s de sus redes sociales, la prensa municipal inform\u00f3 que nuestro querido pueblo celebraba 103 a\u00f1os de historia, cuando en realidad este 9 de julio se cumplen 104 a\u00f1os desde su [&hellip;]<\/p>\n","protected":false},"author":8,"featured_media":10577,"comment_status":"open","ping_status":"open","sticky":false,"template":"","format":"standard","meta":{"_monsterinsights_skip_tracking":false,"_monsterinsights_sitenote_active":false,"_monsterinsights_sitenote_note":"","_monsterinsights_sitenote_category":0,"footnotes":""},"categories":[16],"tags":[1849,1850,100],"class_list":["post-10570","post","type-post","status-publish","format-standard","has-post-thumbnail","hentry","category-noticias","tag-aniversario-de-campo-quijano","tag-dia-de-la-declaracion-de-la-independencia","tag-municipio-de-campo-quijano"],"yoast_head":"<!-- This site is optimized with the Yoast SEO plugin v20.8 - https:\/\/yoast.com\/wordpress\/plugins\/seo\/ -->\n<title>Errores hist\u00f3ricos en publicaciones oficiales: confusi\u00f3n en el aniversario de Campo Quijano y la Independencia - RQ 99.9<\/title>\n<meta name=\"description\" content=\"La historia de Campo Quijano y de nuestro pa\u00eds merecen respeto y un tratamiento serio por parte de quienes tienen la tarea de comunicar oficialmente\" \/>\n<meta name=\"robots\" content=\"index, follow, max-snippet:-1, max-image-preview:large, max-video-preview:-1\" \/>\n<link rel=\"canonical\" href=\"https:\/\/nahuelproducciones.com.ar\/radioquijano\/errores-historicos-en-publicaciones-oficiales-confusion-en-el-aniversario-de-campo-quijano-y-la-independencia\/\" \/>\n<meta property=\"og:locale\" content=\"es_ES\" \/>\n<meta property=\"og:type\" content=\"article\" \/>\n<meta property=\"og:title\" content=\"Errores hist\u00f3ricos en publicaciones oficiales: confusi\u00f3n en el aniversario de Campo Quijano y la Independencia - RQ 99.9\" \/>\n<meta property=\"og:description\" content=\"La historia de Campo Quijano y de nuestro pa\u00eds merecen respeto y un tratamiento serio por parte de quienes tienen la tarea de comunicar oficialmente\" \/>\n<meta property=\"og:url\" content=\"https:\/\/nahuelproducciones.com.ar\/radioquijano\/errores-historicos-en-publicaciones-oficiales-confusion-en-el-aniversario-de-campo-quijano-y-la-independencia\/\" \/>\n<meta property=\"og:site_name\" content=\"RQ 99.9\" \/>\n<meta property=\"article:publisher\" content=\"https:\/\/www.facebook.com\/nahuelproducciones999\/\" \/>\n<meta property=\"article:published_time\" content=\"2025-07-05T18:57:26+00:00\" \/>\n<meta property=\"article:modified_time\" content=\"2025-07-05T18:57:27+00:00\" \/>\n<meta property=\"og:image\" content=\"https:\/\/nahuelproducciones.com.ar\/radioquijano\/wp-content\/uploads\/2025\/07\/WhatsApp-Image-2025-07-05-at-11.12.28-AM-2-e1751741746975.jpeg\" \/>\n\t<meta property=\"og:image:width\" content=\"700\" \/>\n\t<meta property=\"og:image:height\" content=\"387\" \/>\n\t<meta property=\"og:image:type\" content=\"image\/jpeg\" \/>\n<meta name=\"author\" content=\"Cecilia Pastrana\" \/>\n<meta name=\"twitter:card\" content=\"summary_large_image\" \/>\n<meta name=\"twitter:creator\" content=\"@nahuproduciones\" \/>\n<meta name=\"twitter:site\" content=\"@nahuproduciones\" \/>\n<meta name=\"twitter:label1\" content=\"Escrito por\" \/>\n\t<meta name=\"twitter:data1\" content=\"Cecilia Pastrana\" \/>\n\t<meta name=\"twitter:label2\" content=\"Tiempo de lectura\" \/>\n\t<meta name=\"twitter:data2\" content=\"2 minutos\" \/>\n<script type=\"application\/ld+json\" class=\"yoast-schema-graph\">{\"@context\":\"https:\/\/schema.org\",\"@graph\":[{\"@type\":\"WebPage\",\"@id\":\"https:\/\/nahuelproducciones.com.ar\/radioquijano\/errores-historicos-en-publicaciones-oficiales-confusion-en-el-aniversario-de-campo-quijano-y-la-independencia\/\",\"url\":\"https:\/\/nahuelproducciones.com.ar\/radioquijano\/errores-historicos-en-publicaciones-oficiales-confusion-en-el-aniversario-de-campo-quijano-y-la-independencia\/\",\"name\":\"Errores hist\u00f3ricos en publicaciones oficiales: confusi\u00f3n en el aniversario de Campo Quijano y la Independencia - RQ 99.9\",\"isPartOf\":{\"@id\":\"https:\/\/nahuelproducciones.com.ar\/radioquijano\/#website\"},\"datePublished\":\"2025-07-05T18:57:26+00:00\",\"dateModified\":\"2025-07-05T18:57:27+00:00\",\"author\":{\"@id\":\"https:\/\/nahuelproducciones.com.ar\/radioquijano\/#\/schema\/person\/e8a4f939e2cb487fe6d0c54042c9d32c\"},\"description\":\"La historia de Campo Quijano y de nuestro pa\u00eds merecen respeto y un tratamiento serio por parte de quienes tienen la tarea de comunicar oficialmente\",\"breadcrumb\":{\"@id\":\"https:\/\/nahuelproducciones.com.ar\/radioquijano\/errores-historicos-en-publicaciones-oficiales-confusion-en-el-aniversario-de-campo-quijano-y-la-independencia\/#breadcrumb\"},\"inLanguage\":\"es\",\"potentialAction\":[{\"@type\":\"ReadAction\",\"target\":[\"https:\/\/nahuelproducciones.com.ar\/radioquijano\/errores-historicos-en-publicaciones-oficiales-confusion-en-el-aniversario-de-campo-quijano-y-la-independencia\/\"]}]},{\"@type\":\"BreadcrumbList\",\"@id\":\"https:\/\/nahuelproducciones.com.ar\/radioquijano\/errores-historicos-en-publicaciones-oficiales-confusion-en-el-aniversario-de-campo-quijano-y-la-independencia\/#breadcrumb\",\"itemListElement\":[{\"@type\":\"ListItem\",\"position\":1,\"name\":\"Portada\",\"item\":\"https:\/\/nahuelproducciones.com.ar\/radioquijano\/\"},{\"@type\":\"ListItem\",\"position\":2,\"name\":\"Errores hist\u00f3ricos en publicaciones oficiales: confusi\u00f3n en el aniversario de Campo Quijano y la Independencia\"}]},{\"@type\":\"WebSite\",\"@id\":\"https:\/\/nahuelproducciones.com.ar\/radioquijano\/#website\",\"url\":\"https:\/\/nahuelproducciones.com.ar\/radioquijano\/\",\"name\":\"RQ 99.9\",\"description\":\"Radio Quijano 99.9 MHz\",\"potentialAction\":[{\"@type\":\"SearchAction\",\"target\":{\"@type\":\"EntryPoint\",\"urlTemplate\":\"https:\/\/nahuelproducciones.com.ar\/radioquijano\/?s={search_term_string}\"},\"query-input\":\"required name=search_term_string\"}],\"inLanguage\":\"es\"},{\"@type\":\"Person\",\"@id\":\"https:\/\/nahuelproducciones.com.ar\/radioquijano\/#\/schema\/person\/e8a4f939e2cb487fe6d0c54042c9d32c\",\"name\":\"Cecilia Pastrana\",\"image\":{\"@type\":\"ImageObject\",\"inLanguage\":\"es\",\"@id\":\"https:\/\/nahuelproducciones.com.ar\/radioquijano\/#\/schema\/person\/image\/\",\"url\":\"https:\/\/secure.gravatar.com\/avatar\/661a3ef63a8488d4f2794ed44af8cf71420f7e106f3072c40125114df5157749?s=96&d=mm&r=g\",\"contentUrl\":\"https:\/\/secure.gravatar.com\/avatar\/661a3ef63a8488d4f2794ed44af8cf71420f7e106f3072c40125114df5157749?s=96&d=mm&r=g\",\"caption\":\"Cecilia Pastrana\"},\"sameAs\":[\"cecy\"],\"url\":\"https:\/\/nahuelproducciones.com.ar\/radioquijano\/author\/cecy\/\"}]}<\/script>\n<!-- \/ Yoast SEO plugin. -->","yoast_head_json":{"title":"Errores hist\u00f3ricos en publicaciones oficiales: confusi\u00f3n en el aniversario de Campo Quijano y la Independencia - RQ 99.9","description":"La historia de Campo Quijano y de nuestro pa\u00eds merecen respeto y un tratamiento serio por parte de quienes tienen la tarea de comunicar oficialmente","robots":{"index":"index","follow":"follow","max-snippet":"max-snippet:-1","max-image-preview":"max-image-preview:large","max-video-preview":"max-video-preview:-1"},"canonical":"https:\/\/nahuelproducciones.com.ar\/radioquijano\/errores-historicos-en-publicaciones-oficiales-confusion-en-el-aniversario-de-campo-quijano-y-la-independencia\/","og_locale":"es_ES","og_type":"article","og_title":"Errores hist\u00f3ricos en publicaciones oficiales: confusi\u00f3n en el aniversario de Campo Quijano y la Independencia - RQ 99.9","og_description":"La historia de Campo Quijano y de nuestro pa\u00eds merecen respeto y un tratamiento serio por parte de quienes tienen la tarea de comunicar oficialmente","og_url":"https:\/\/nahuelproducciones.com.ar\/radioquijano\/errores-historicos-en-publicaciones-oficiales-confusion-en-el-aniversario-de-campo-quijano-y-la-independencia\/","og_site_name":"RQ 99.9","article_publisher":"https:\/\/www.facebook.com\/nahuelproducciones999\/","article_published_time":"2025-07-05T18:57:26+00:00","article_modified_time":"2025-07-05T18:57:27+00:00","og_image":[{"width":700,"height":387,"url":"https:\/\/nahuelproducciones.com.ar\/radioquijano\/wp-content\/uploads\/2025\/07\/WhatsApp-Image-2025-07-05-at-11.12.28-AM-2-e1751741746975.jpeg","type":"image\/jpeg"}],"author":"Cecilia Pastrana","twitter_card":"summary_large_image","twitter_creator":"@nahuproduciones","twitter_site":"@nahuproduciones","twitter_misc":{"Escrito por":"Cecilia Pastrana","Tiempo de lectura":"2 minutos"},"schema":{"@context":"https:\/\/schema.org","@graph":[{"@type":"WebPage","@id":"https:\/\/nahuelproducciones.com.ar\/radioquijano\/errores-historicos-en-publicaciones-oficiales-confusion-en-el-aniversario-de-campo-quijano-y-la-independencia\/","url":"https:\/\/nahuelproducciones.com.ar\/radioquijano\/errores-historicos-en-publicaciones-oficiales-confusion-en-el-aniversario-de-campo-quijano-y-la-independencia\/","name":"Errores hist\u00f3ricos en publicaciones oficiales: confusi\u00f3n en el aniversario de Campo Quijano y la Independencia - RQ 99.9","isPartOf":{"@id":"https:\/\/nahuelproducciones.com.ar\/radioquijano\/#website"},"datePublished":"2025-07-05T18:57:26+00:00","dateModified":"2025-07-05T18:57:27+00:00","author":{"@id":"https:\/\/nahuelproducciones.com.ar\/radioquijano\/#\/schema\/person\/e8a4f939e2cb487fe6d0c54042c9d32c"},"description":"La historia de Campo Quijano y de nuestro pa\u00eds merecen respeto y un tratamiento serio por parte de quienes tienen la tarea de comunicar oficialmente","breadcrumb":{"@id":"https:\/\/nahuelproducciones.com.ar\/radioquijano\/errores-historicos-en-publicaciones-oficiales-confusion-en-el-aniversario-de-campo-quijano-y-la-independencia\/#breadcrumb"},"inLanguage":"es","potentialAction":[{"@type":"ReadAction","target":["https:\/\/nahuelproducciones.com.ar\/radioquijano\/errores-historicos-en-publicaciones-oficiales-confusion-en-el-aniversario-de-campo-quijano-y-la-independencia\/"]}]},{"@type":"BreadcrumbList","@id":"https:\/\/nahuelproducciones.com.ar\/radioquijano\/errores-historicos-en-publicaciones-oficiales-confusion-en-el-aniversario-de-campo-quijano-y-la-independencia\/#breadcrumb","itemListElement":[{"@type":"ListItem","position":1,"name":"Portada","item":"https:\/\/nahuelproducciones.com.ar\/radioquijano\/"},{"@type":"ListItem","position":2,"name":"Errores hist\u00f3ricos en publicaciones oficiales: confusi\u00f3n en el aniversario de Campo Quijano y la Independencia"}]},{"@type":"WebSite","@id":"https:\/\/nahuelproducciones.com.ar\/radioquijano\/#website","url":"https:\/\/nahuelproducciones.com.ar\/radioquijano\/","name":"RQ 99.9","description":"Radio Quijano 99.9 MHz","potentialAction":[{"@type":"SearchAction","target":{"@type":"EntryPoint","urlTemplate":"https:\/\/nahuelproducciones.com.ar\/radioquijano\/?s={search_term_string}"},"query-input":"required name=search_term_string"}],"inLanguage":"es"},{"@type":"Person","@id":"https:\/\/nahuelproducciones.com.ar\/radioquijano\/#\/schema\/person\/e8a4f939e2cb487fe6d0c54042c9d32c","name":"Cecilia Pastrana","image":{"@type":"ImageObject","inLanguage":"es","@id":"https:\/\/nahuelproducciones.com.ar\/radioquijano\/#\/schema\/person\/image\/","url":"https:\/\/secure.gravatar.com\/avatar\/661a3ef63a8488d4f2794ed44af8cf71420f7e106f3072c40125114df5157749?s=96&d=mm&r=g","contentUrl":"https:\/\/secure.gravatar.com\/avatar\/661a3ef63a8488d4f2794ed44af8cf71420f7e106f3072c40125114df5157749?s=96&d=mm&r=g","caption":"Cecilia Pastrana"},"sameAs":["cecy"],"url":"https:\/\/nahuelproducciones.com.ar\/radioquijano\/author\/cecy\/"}]}},"_links":{"self":[{"href":"https:\/\/nahuelproducciones.com.ar\/radioquijano\/wp-json\/wp\/v2\/posts\/10570","targetHints":{"allow":["GET"]}}],"collection":[{"href":"https:\/\/nahuelproducciones.com.ar\/radioquijano\/wp-json\/wp\/v2\/posts"}],"about":[{"href":"https:\/\/nahuelproducciones.com.ar\/radioquijano\/wp-json\/wp\/v2\/types\/post"}],"author":[{"embeddable":true,"href":"https:\/\/nahuelproducciones.com.ar\/radioquijano\/wp-json\/wp\/v2\/users\/8"}],"replies":[{"embeddable":true,"href":"https:\/\/nahuelproducciones.com.ar\/radioquijano\/wp-json\/wp\/v2\/comments?post=10570"}],"version-history":[{"count":1,"href":"https:\/\/nahuelproducciones.com.ar\/radioquijano\/wp-json\/wp\/v2\/posts\/10570\/revisions"}],"predecessor-version":[{"id":10579,"href":"https:\/\/nahuelproducciones.com.ar\/radioquijano\/wp-json\/wp\/v2\/posts\/10570\/revisions\/10579"}],"wp:featuredmedia":[{"embeddable":true,"href":"https:\/\/nahuelproducciones.com.ar\/radioquijano\/wp-json\/wp\/v2\/media\/10577"}],"wp:attachment":[{"href":"https:\/\/nahuelproducciones.com.ar\/radioquijano\/wp-json\/wp\/v2\/media?parent=10570"}],"wp:term":[{"taxonomy":"category","embeddable":true,"href":"https:\/\/nahuelproducciones.com.ar\/radioquijano\/wp-json\/wp\/v2\/categories?post=10570"},{"taxonomy":"post_tag","embeddable":true,"href":"https:\/\/nahuelproducciones.com.ar\/radioquijano\/wp-json\/wp\/v2\/tags?post=10570"}],"curies":[{"name":"wp","href":"https:\/\/api.w.org\/{rel}","templated":true}]}}