{"id":10581,"date":"2025-07-07T22:42:17","date_gmt":"2025-07-08T01:42:17","guid":{"rendered":"https:\/\/nahuelproducciones.com.ar\/radioquijano\/?p=10581"},"modified":"2025-07-07T22:42:21","modified_gmt":"2025-07-08T01:42:21","slug":"la-escuela-n-4474-marco-antonio-lamas-97-anos-de-historia-y-esperanza-en-la-alta-montana","status":"publish","type":"post","link":"https:\/\/nahuelproducciones.com.ar\/radioquijano\/la-escuela-n-4474-marco-antonio-lamas-97-anos-de-historia-y-esperanza-en-la-alta-montana\/","title":{"rendered":"La Escuela N\u00b0 4474 Marco Antonio Lamas: 97 a\u00f1os de historia y esperanza en la alta monta\u00f1a"},"content":{"rendered":"\n<p>Ubicada a un costado de la Ruta Nacional 51, en la imponente Quebrada del Toro, se encuentra la Escuela N\u00b0 4474 \u00abMarco Antonio Lamas\u00bb, tambi\u00e9n conocida como \u00abMarcos Antonio Lamas\u00bb. Este querido establecimiento rural, que ya lleva 97 a\u00f1os de historia y se prepara para celebrar su centenario, est\u00e1 ubicado en el paraje Las Cuevas, en el departamento Rosario de Lerma, bajo la jurisdicci\u00f3n del municipio de Campo Quijano.<\/p>\n\n\n\n<p>A lo largo de casi un siglo, la escuela ha sido un faro educativo para la comunidad, superando todo tipo de desaf\u00edos: desde el duro clima de monta\u00f1a hasta las dificultades econ\u00f3micas que afectan a las familias.<\/p>\n\n\n\n<p>En di\u00e1logo con <strong>Radio Campo Quijano<\/strong>, la directora Gabriela Aguirre comparti\u00f3 el d\u00eda a d\u00eda de la instituci\u00f3n y destac\u00f3 el esfuerzo y la vocaci\u00f3n de los docentes. \u00abCada d\u00eda es un desaf\u00edo, pero tambi\u00e9n una oportunidad para acompa\u00f1ar a nuestros chicos y brindarles herramientas para so\u00f1ar y construir un futuro mejor\u00bb, se\u00f1al\u00f3 emocionada.<\/p>\n\n\n\n<p>La Escuela Marco Antonio Lamas no solo ense\u00f1a contenidos acad\u00e9micos: funciona como un verdadero espacio de contenci\u00f3n y encuentro para las familias de Las Cuevas. A pocos a\u00f1os de cumplir 100, su historia sigue escribi\u00e9ndose con compromiso, amor y esperanza.<\/p>\n\n\n\n<p>Desde la instituci\u00f3n solicitan la colaboraci\u00f3n de <strong>alimentos no perecederos y productos de limpieza<\/strong> para continuar acompa\u00f1ando a los estudiantes y sus familias. Quienes deseen colaborar pueden coordinar las donaciones llamando al <strong>3875 736900<\/strong>.<\/p>\n\n\n\n<p>Hoy te invitamos a conocerla, acercarte y ser parte de esta gran comunidad educativa que mantiene viva la llama de la educaci\u00f3n en las alturas salte\u00f1as.<\/p>\n\n\n\n<figure class=\"wp-block-embed is-type-video is-provider-youtube wp-block-embed-youtube wp-embed-aspect-16-9 wp-has-aspect-ratio\"><div class=\"wp-block-embed__wrapper\">\n<iframe loading=\"lazy\" title=\"Escuela Rural Marcos Antonio Lamas Campo Quijano - Salta\" width=\"640\" height=\"360\" src=\"https:\/\/www.youtube.com\/embed\/xwCJt24_5gY?feature=oembed\" frameborder=\"0\" allow=\"accelerometer; autoplay; clipboard-write; encrypted-media; gyroscope; picture-in-picture; web-share\" referrerpolicy=\"strict-origin-when-cross-origin\" allowfullscreen><\/iframe>\n<\/div><\/figure>\n\n\n\n<figure class=\"wp-block-gallery has-nested-images columns-default is-cropped wp-block-gallery-1 is-layout-flex wp-block-gallery-is-layout-flex\">\n<figure class=\"wp-block-image size-large\"><img loading=\"lazy\" decoding=\"async\" width=\"449\" height=\"1024\" data-id=\"10589\" src=\"https:\/\/nahuelproducciones.com.ar\/radioquijano\/wp-content\/uploads\/2025\/07\/WhatsApp-Image-2025-07-07-at-9.19.44-AM-1-449x1024.jpeg\" alt=\"\" class=\"wp-image-10589\" srcset=\"https:\/\/nahuelproducciones.com.ar\/radioquijano\/wp-content\/uploads\/2025\/07\/WhatsApp-Image-2025-07-07-at-9.19.44-AM-1-449x1024.jpeg 449w, https:\/\/nahuelproducciones.com.ar\/radioquijano\/wp-content\/uploads\/2025\/07\/WhatsApp-Image-2025-07-07-at-9.19.44-AM-1-132x300.jpeg 132w, https:\/\/nahuelproducciones.com.ar\/radioquijano\/wp-content\/uploads\/2025\/07\/WhatsApp-Image-2025-07-07-at-9.19.44-AM-1-674x1536.jpeg 674w, https:\/\/nahuelproducciones.com.ar\/radioquijano\/wp-content\/uploads\/2025\/07\/WhatsApp-Image-2025-07-07-at-9.19.44-AM-1-150x342.jpeg 150w, https:\/\/nahuelproducciones.com.ar\/radioquijano\/wp-content\/uploads\/2025\/07\/WhatsApp-Image-2025-07-07-at-9.19.44-AM-1.jpeg 702w\" sizes=\"auto, (max-width: 449px) 100vw, 449px\" \/><\/figure>\n\n\n\n<figure class=\"wp-block-image size-large\"><img loading=\"lazy\" decoding=\"async\" width=\"449\" height=\"1024\" data-id=\"10592\" src=\"https:\/\/nahuelproducciones.com.ar\/radioquijano\/wp-content\/uploads\/2025\/07\/WhatsApp-Image-2025-07-07-at-9.19.44-AM-3-449x1024.jpeg\" alt=\"\" class=\"wp-image-10592\" srcset=\"https:\/\/nahuelproducciones.com.ar\/radioquijano\/wp-content\/uploads\/2025\/07\/WhatsApp-Image-2025-07-07-at-9.19.44-AM-3-449x1024.jpeg 449w, https:\/\/nahuelproducciones.com.ar\/radioquijano\/wp-content\/uploads\/2025\/07\/WhatsApp-Image-2025-07-07-at-9.19.44-AM-3-132x300.jpeg 132w, https:\/\/nahuelproducciones.com.ar\/radioquijano\/wp-content\/uploads\/2025\/07\/WhatsApp-Image-2025-07-07-at-9.19.44-AM-3-674x1536.jpeg 674w, https:\/\/nahuelproducciones.com.ar\/radioquijano\/wp-content\/uploads\/2025\/07\/WhatsApp-Image-2025-07-07-at-9.19.44-AM-3-150x342.jpeg 150w, https:\/\/nahuelproducciones.com.ar\/radioquijano\/wp-content\/uploads\/2025\/07\/WhatsApp-Image-2025-07-07-at-9.19.44-AM-3.jpeg 702w\" sizes=\"auto, (max-width: 449px) 100vw, 449px\" \/><\/figure>\n\n\n\n<figure class=\"wp-block-image size-large\"><img loading=\"lazy\" decoding=\"async\" width=\"449\" height=\"1024\" data-id=\"10587\" src=\"https:\/\/nahuelproducciones.com.ar\/radioquijano\/wp-content\/uploads\/2025\/07\/WhatsApp-Image-2025-07-07-at-9.19.44-AM-2-449x1024.jpeg\" alt=\"\" class=\"wp-image-10587\" srcset=\"https:\/\/nahuelproducciones.com.ar\/radioquijano\/wp-content\/uploads\/2025\/07\/WhatsApp-Image-2025-07-07-at-9.19.44-AM-2-449x1024.jpeg 449w, https:\/\/nahuelproducciones.com.ar\/radioquijano\/wp-content\/uploads\/2025\/07\/WhatsApp-Image-2025-07-07-at-9.19.44-AM-2-132x300.jpeg 132w, https:\/\/nahuelproducciones.com.ar\/radioquijano\/wp-content\/uploads\/2025\/07\/WhatsApp-Image-2025-07-07-at-9.19.44-AM-2-674x1536.jpeg 674w, https:\/\/nahuelproducciones.com.ar\/radioquijano\/wp-content\/uploads\/2025\/07\/WhatsApp-Image-2025-07-07-at-9.19.44-AM-2-150x342.jpeg 150w, https:\/\/nahuelproducciones.com.ar\/radioquijano\/wp-content\/uploads\/2025\/07\/WhatsApp-Image-2025-07-07-at-9.19.44-AM-2.jpeg 702w\" sizes=\"auto, (max-width: 449px) 100vw, 449px\" \/><\/figure>\n\n\n\n<figure class=\"wp-block-image size-large\"><img loading=\"lazy\" decoding=\"async\" width=\"1024\" height=\"449\" data-id=\"10584\" src=\"https:\/\/nahuelproducciones.com.ar\/radioquijano\/wp-content\/uploads\/2025\/07\/WhatsApp-Image-2025-07-07-at-9.19.47-AM-1024x449.jpeg\" alt=\"\" class=\"wp-image-10584\" srcset=\"https:\/\/nahuelproducciones.com.ar\/radioquijano\/wp-content\/uploads\/2025\/07\/WhatsApp-Image-2025-07-07-at-9.19.47-AM-1024x449.jpeg 1024w, https:\/\/nahuelproducciones.com.ar\/radioquijano\/wp-content\/uploads\/2025\/07\/WhatsApp-Image-2025-07-07-at-9.19.47-AM-300x132.jpeg 300w, https:\/\/nahuelproducciones.com.ar\/radioquijano\/wp-content\/uploads\/2025\/07\/WhatsApp-Image-2025-07-07-at-9.19.47-AM-768x337.jpeg 768w, https:\/\/nahuelproducciones.com.ar\/radioquijano\/wp-content\/uploads\/2025\/07\/WhatsApp-Image-2025-07-07-at-9.19.47-AM-1536x674.jpeg 1536w, https:\/\/nahuelproducciones.com.ar\/radioquijano\/wp-content\/uploads\/2025\/07\/WhatsApp-Image-2025-07-07-at-9.19.47-AM-150x66.jpeg 150w, https:\/\/nahuelproducciones.com.ar\/radioquijano\/wp-content\/uploads\/2025\/07\/WhatsApp-Image-2025-07-07-at-9.19.47-AM.jpeg 1600w\" sizes=\"auto, (max-width: 1024px) 100vw, 1024px\" \/><\/figure>\n\n\n\n<figure class=\"wp-block-image size-large\"><img loading=\"lazy\" decoding=\"async\" width=\"1024\" height=\"449\" data-id=\"10588\" src=\"https:\/\/nahuelproducciones.com.ar\/radioquijano\/wp-content\/uploads\/2025\/07\/WhatsApp-Image-2025-07-07-at-9.19.48-AM-1-1-1024x449.jpeg\" alt=\"\" class=\"wp-image-10588\" srcset=\"https:\/\/nahuelproducciones.com.ar\/radioquijano\/wp-content\/uploads\/2025\/07\/WhatsApp-Image-2025-07-07-at-9.19.48-AM-1-1-1024x449.jpeg 1024w, https:\/\/nahuelproducciones.com.ar\/radioquijano\/wp-content\/uploads\/2025\/07\/WhatsApp-Image-2025-07-07-at-9.19.48-AM-1-1-300x132.jpeg 300w, https:\/\/nahuelproducciones.com.ar\/radioquijano\/wp-content\/uploads\/2025\/07\/WhatsApp-Image-2025-07-07-at-9.19.48-AM-1-1-768x337.jpeg 768w, https:\/\/nahuelproducciones.com.ar\/radioquijano\/wp-content\/uploads\/2025\/07\/WhatsApp-Image-2025-07-07-at-9.19.48-AM-1-1-1536x674.jpeg 1536w, https:\/\/nahuelproducciones.com.ar\/radioquijano\/wp-content\/uploads\/2025\/07\/WhatsApp-Image-2025-07-07-at-9.19.48-AM-1-1-150x66.jpeg 150w, https:\/\/nahuelproducciones.com.ar\/radioquijano\/wp-content\/uploads\/2025\/07\/WhatsApp-Image-2025-07-07-at-9.19.48-AM-1-1.jpeg 1600w\" sizes=\"auto, (max-width: 1024px) 100vw, 1024px\" \/><\/figure>\n\n\n\n<figure class=\"wp-block-image size-large\"><img loading=\"lazy\" decoding=\"async\" width=\"1024\" height=\"449\" data-id=\"10585\" src=\"https:\/\/nahuelproducciones.com.ar\/radioquijano\/wp-content\/uploads\/2025\/07\/WhatsApp-Image-2025-07-07-at-9.19.48-AM-1-1024x449.jpeg\" alt=\"\" class=\"wp-image-10585\" srcset=\"https:\/\/nahuelproducciones.com.ar\/radioquijano\/wp-content\/uploads\/2025\/07\/WhatsApp-Image-2025-07-07-at-9.19.48-AM-1-1024x449.jpeg 1024w, https:\/\/nahuelproducciones.com.ar\/radioquijano\/wp-content\/uploads\/2025\/07\/WhatsApp-Image-2025-07-07-at-9.19.48-AM-1-300x132.jpeg 300w, https:\/\/nahuelproducciones.com.ar\/radioquijano\/wp-content\/uploads\/2025\/07\/WhatsApp-Image-2025-07-07-at-9.19.48-AM-1-768x337.jpeg 768w, https:\/\/nahuelproducciones.com.ar\/radioquijano\/wp-content\/uploads\/2025\/07\/WhatsApp-Image-2025-07-07-at-9.19.48-AM-1-1536x674.jpeg 1536w, https:\/\/nahuelproducciones.com.ar\/radioquijano\/wp-content\/uploads\/2025\/07\/WhatsApp-Image-2025-07-07-at-9.19.48-AM-1-150x66.jpeg 150w, https:\/\/nahuelproducciones.com.ar\/radioquijano\/wp-content\/uploads\/2025\/07\/WhatsApp-Image-2025-07-07-at-9.19.48-AM-1.jpeg 1600w\" sizes=\"auto, (max-width: 1024px) 100vw, 1024px\" \/><\/figure>\n\n\n\n<figure class=\"wp-block-image size-large\"><img loading=\"lazy\" decoding=\"async\" width=\"1024\" height=\"449\" data-id=\"10591\" src=\"https:\/\/nahuelproducciones.com.ar\/radioquijano\/wp-content\/uploads\/2025\/07\/WhatsApp-Image-2025-07-07-at-9.19.49-AM-1024x449.jpeg\" alt=\"\" class=\"wp-image-10591\" srcset=\"https:\/\/nahuelproducciones.com.ar\/radioquijano\/wp-content\/uploads\/2025\/07\/WhatsApp-Image-2025-07-07-at-9.19.49-AM-1024x449.jpeg 1024w, https:\/\/nahuelproducciones.com.ar\/radioquijano\/wp-content\/uploads\/2025\/07\/WhatsApp-Image-2025-07-07-at-9.19.49-AM-300x132.jpeg 300w, https:\/\/nahuelproducciones.com.ar\/radioquijano\/wp-content\/uploads\/2025\/07\/WhatsApp-Image-2025-07-07-at-9.19.49-AM-768x337.jpeg 768w, https:\/\/nahuelproducciones.com.ar\/radioquijano\/wp-content\/uploads\/2025\/07\/WhatsApp-Image-2025-07-07-at-9.19.49-AM-1536x674.jpeg 1536w, https:\/\/nahuelproducciones.com.ar\/radioquijano\/wp-content\/uploads\/2025\/07\/WhatsApp-Image-2025-07-07-at-9.19.49-AM-150x66.jpeg 150w, https:\/\/nahuelproducciones.com.ar\/radioquijano\/wp-content\/uploads\/2025\/07\/WhatsApp-Image-2025-07-07-at-9.19.49-AM.jpeg 1600w\" sizes=\"auto, (max-width: 1024px) 100vw, 1024px\" \/><\/figure>\n<\/figure>\n","protected":false},"excerpt":{"rendered":"<p>Ubicada a un costado de la Ruta Nacional 51, en la imponente Quebrada del Toro, se encuentra la Escuela N\u00b0 4474 \u00abMarco Antonio Lamas\u00bb, tambi\u00e9n conocida como \u00abMarcos Antonio Lamas\u00bb. Este querido establecimiento rural, que ya lleva 97 a\u00f1os de historia y se prepara para celebrar su centenario, est\u00e1 ubicado en el paraje Las Cuevas, [&hellip;]<\/p>\n","protected":false},"author":8,"featured_media":10583,"comment_status":"open","ping_status":"open","sticky":false,"template":"","format":"standard","meta":{"_monsterinsights_skip_tracking":false,"_monsterinsights_sitenote_active":false,"_monsterinsights_sitenote_note":"","_monsterinsights_sitenote_category":0,"footnotes":""},"categories":[16],"tags":[1851,1852,63,100],"class_list":["post-10581","post","type-post","status-publish","format-standard","has-post-thumbnail","hentry","category-noticias","tag-escuela-n-4474-marco-antonio-lamas","tag-gabriela-aguirre","tag-lino-yonar","tag-municipio-de-campo-quijano"],"yoast_head":"<!-- This site is optimized with the Yoast SEO plugin v20.8 - https:\/\/yoast.com\/wordpress\/plugins\/seo\/ -->\n<title>La Escuela N\u00b0 4474 Marco Antonio Lamas: 97 a\u00f1os de historia y esperanza en la alta monta\u00f1a - RQ 99.9<\/title>\n<meta name=\"description\" content=\"Hoy te invitamos a conocerla, acercarte y ser parte de esta gran comunidad educativa que mantiene viva la llama de la educaci\u00f3n en las alturas salte\u00f1as.\" \/>\n<meta name=\"robots\" content=\"index, follow, max-snippet:-1, max-image-preview:large, max-video-preview:-1\" \/>\n<link rel=\"canonical\" href=\"https:\/\/nahuelproducciones.com.ar\/radioquijano\/la-escuela-n-4474-marco-antonio-lamas-97-anos-de-historia-y-esperanza-en-la-alta-montana\/\" \/>\n<meta property=\"og:locale\" content=\"es_ES\" \/>\n<meta property=\"og:type\" content=\"article\" \/>\n<meta property=\"og:title\" content=\"La Escuela N\u00b0 4474 Marco Antonio Lamas: 97 a\u00f1os de historia y esperanza en la alta monta\u00f1a - RQ 99.9\" \/>\n<meta property=\"og:description\" content=\"Hoy te invitamos a conocerla, acercarte y ser parte de esta gran comunidad educativa que mantiene viva la llama de la educaci\u00f3n en las alturas salte\u00f1as.\" \/>\n<meta property=\"og:url\" content=\"https:\/\/nahuelproducciones.com.ar\/radioquijano\/la-escuela-n-4474-marco-antonio-lamas-97-anos-de-historia-y-esperanza-en-la-alta-montana\/\" \/>\n<meta property=\"og:site_name\" content=\"RQ 99.9\" \/>\n<meta property=\"article:publisher\" content=\"https:\/\/www.facebook.com\/nahuelproducciones999\/\" \/>\n<meta property=\"article:published_time\" content=\"2025-07-08T01:42:17+00:00\" \/>\n<meta property=\"article:modified_time\" content=\"2025-07-08T01:42:21+00:00\" \/>\n<meta property=\"og:image\" content=\"https:\/\/nahuelproducciones.com.ar\/radioquijano\/wp-content\/uploads\/2025\/07\/WhatsApp-Image-2025-07-07-at-9.19.48-AM-e1751891406598.jpeg\" \/>\n\t<meta property=\"og:image:width\" content=\"700\" \/>\n\t<meta property=\"og:image:height\" content=\"307\" \/>\n\t<meta property=\"og:image:type\" content=\"image\/jpeg\" \/>\n<meta name=\"author\" content=\"Cecilia Pastrana\" \/>\n<meta name=\"twitter:card\" content=\"summary_large_image\" \/>\n<meta name=\"twitter:creator\" content=\"@nahuproduciones\" \/>\n<meta name=\"twitter:site\" content=\"@nahuproduciones\" \/>\n<meta name=\"twitter:label1\" content=\"Escrito por\" \/>\n\t<meta name=\"twitter:data1\" content=\"Cecilia Pastrana\" \/>\n\t<meta name=\"twitter:label2\" content=\"Tiempo de lectura\" \/>\n\t<meta name=\"twitter:data2\" content=\"3 minutos\" \/>\n<script type=\"application\/ld+json\" class=\"yoast-schema-graph\">{\"@context\":\"https:\/\/schema.org\",\"@graph\":[{\"@type\":\"WebPage\",\"@id\":\"https:\/\/nahuelproducciones.com.ar\/radioquijano\/la-escuela-n-4474-marco-antonio-lamas-97-anos-de-historia-y-esperanza-en-la-alta-montana\/\",\"url\":\"https:\/\/nahuelproducciones.com.ar\/radioquijano\/la-escuela-n-4474-marco-antonio-lamas-97-anos-de-historia-y-esperanza-en-la-alta-montana\/\",\"name\":\"La Escuela N\u00b0 4474 Marco Antonio Lamas: 97 a\u00f1os de historia y esperanza en la alta monta\u00f1a - RQ 99.9\",\"isPartOf\":{\"@id\":\"https:\/\/nahuelproducciones.com.ar\/radioquijano\/#website\"},\"datePublished\":\"2025-07-08T01:42:17+00:00\",\"dateModified\":\"2025-07-08T01:42:21+00:00\",\"author\":{\"@id\":\"https:\/\/nahuelproducciones.com.ar\/radioquijano\/#\/schema\/person\/e8a4f939e2cb487fe6d0c54042c9d32c\"},\"description\":\"Hoy te invitamos a conocerla, acercarte y ser parte de esta gran comunidad educativa que mantiene viva la llama de la educaci\u00f3n en las alturas salte\u00f1as.\",\"breadcrumb\":{\"@id\":\"https:\/\/nahuelproducciones.com.ar\/radioquijano\/la-escuela-n-4474-marco-antonio-lamas-97-anos-de-historia-y-esperanza-en-la-alta-montana\/#breadcrumb\"},\"inLanguage\":\"es\",\"potentialAction\":[{\"@type\":\"ReadAction\",\"target\":[\"https:\/\/nahuelproducciones.com.ar\/radioquijano\/la-escuela-n-4474-marco-antonio-lamas-97-anos-de-historia-y-esperanza-en-la-alta-montana\/\"]}]},{\"@type\":\"BreadcrumbList\",\"@id\":\"https:\/\/nahuelproducciones.com.ar\/radioquijano\/la-escuela-n-4474-marco-antonio-lamas-97-anos-de-historia-y-esperanza-en-la-alta-montana\/#breadcrumb\",\"itemListElement\":[{\"@type\":\"ListItem\",\"position\":1,\"name\":\"Portada\",\"item\":\"https:\/\/nahuelproducciones.com.ar\/radioquijano\/\"},{\"@type\":\"ListItem\",\"position\":2,\"name\":\"La Escuela N\u00b0 4474 Marco Antonio Lamas: 97 a\u00f1os de historia y esperanza en la alta monta\u00f1a\"}]},{\"@type\":\"WebSite\",\"@id\":\"https:\/\/nahuelproducciones.com.ar\/radioquijano\/#website\",\"url\":\"https:\/\/nahuelproducciones.com.ar\/radioquijano\/\",\"name\":\"RQ 99.9\",\"description\":\"Radio Quijano 99.9 MHz\",\"potentialAction\":[{\"@type\":\"SearchAction\",\"target\":{\"@type\":\"EntryPoint\",\"urlTemplate\":\"https:\/\/nahuelproducciones.com.ar\/radioquijano\/?s={search_term_string}\"},\"query-input\":\"required name=search_term_string\"}],\"inLanguage\":\"es\"},{\"@type\":\"Person\",\"@id\":\"https:\/\/nahuelproducciones.com.ar\/radioquijano\/#\/schema\/person\/e8a4f939e2cb487fe6d0c54042c9d32c\",\"name\":\"Cecilia Pastrana\",\"image\":{\"@type\":\"ImageObject\",\"inLanguage\":\"es\",\"@id\":\"https:\/\/nahuelproducciones.com.ar\/radioquijano\/#\/schema\/person\/image\/\",\"url\":\"https:\/\/secure.gravatar.com\/avatar\/661a3ef63a8488d4f2794ed44af8cf71420f7e106f3072c40125114df5157749?s=96&d=mm&r=g\",\"contentUrl\":\"https:\/\/secure.gravatar.com\/avatar\/661a3ef63a8488d4f2794ed44af8cf71420f7e106f3072c40125114df5157749?s=96&d=mm&r=g\",\"caption\":\"Cecilia Pastrana\"},\"sameAs\":[\"cecy\"],\"url\":\"https:\/\/nahuelproducciones.com.ar\/radioquijano\/author\/cecy\/\"}]}<\/script>\n<!-- \/ Yoast SEO plugin. -->","yoast_head_json":{"title":"La Escuela N\u00b0 4474 Marco Antonio Lamas: 97 a\u00f1os de historia y esperanza en la alta monta\u00f1a - RQ 99.9","description":"Hoy te invitamos a conocerla, acercarte y ser parte de esta gran comunidad educativa que mantiene viva la llama de la educaci\u00f3n en las alturas salte\u00f1as.","robots":{"index":"index","follow":"follow","max-snippet":"max-snippet:-1","max-image-preview":"max-image-preview:large","max-video-preview":"max-video-preview:-1"},"canonical":"https:\/\/nahuelproducciones.com.ar\/radioquijano\/la-escuela-n-4474-marco-antonio-lamas-97-anos-de-historia-y-esperanza-en-la-alta-montana\/","og_locale":"es_ES","og_type":"article","og_title":"La Escuela N\u00b0 4474 Marco Antonio Lamas: 97 a\u00f1os de historia y esperanza en la alta monta\u00f1a - RQ 99.9","og_description":"Hoy te invitamos a conocerla, acercarte y ser parte de esta gran comunidad educativa que mantiene viva la llama de la educaci\u00f3n en las alturas salte\u00f1as.","og_url":"https:\/\/nahuelproducciones.com.ar\/radioquijano\/la-escuela-n-4474-marco-antonio-lamas-97-anos-de-historia-y-esperanza-en-la-alta-montana\/","og_site_name":"RQ 99.9","article_publisher":"https:\/\/www.facebook.com\/nahuelproducciones999\/","article_published_time":"2025-07-08T01:42:17+00:00","article_modified_time":"2025-07-08T01:42:21+00:00","og_image":[{"width":700,"height":307,"url":"https:\/\/nahuelproducciones.com.ar\/radioquijano\/wp-content\/uploads\/2025\/07\/WhatsApp-Image-2025-07-07-at-9.19.48-AM-e1751891406598.jpeg","type":"image\/jpeg"}],"author":"Cecilia Pastrana","twitter_card":"summary_large_image","twitter_creator":"@nahuproduciones","twitter_site":"@nahuproduciones","twitter_misc":{"Escrito por":"Cecilia Pastrana","Tiempo de lectura":"3 minutos"},"schema":{"@context":"https:\/\/schema.org","@graph":[{"@type":"WebPage","@id":"https:\/\/nahuelproducciones.com.ar\/radioquijano\/la-escuela-n-4474-marco-antonio-lamas-97-anos-de-historia-y-esperanza-en-la-alta-montana\/","url":"https:\/\/nahuelproducciones.com.ar\/radioquijano\/la-escuela-n-4474-marco-antonio-lamas-97-anos-de-historia-y-esperanza-en-la-alta-montana\/","name":"La Escuela N\u00b0 4474 Marco Antonio Lamas: 97 a\u00f1os de historia y esperanza en la alta monta\u00f1a - RQ 99.9","isPartOf":{"@id":"https:\/\/nahuelproducciones.com.ar\/radioquijano\/#website"},"datePublished":"2025-07-08T01:42:17+00:00","dateModified":"2025-07-08T01:42:21+00:00","author":{"@id":"https:\/\/nahuelproducciones.com.ar\/radioquijano\/#\/schema\/person\/e8a4f939e2cb487fe6d0c54042c9d32c"},"description":"Hoy te invitamos a conocerla, acercarte y ser parte de esta gran comunidad educativa que mantiene viva la llama de la educaci\u00f3n en las alturas salte\u00f1as.","breadcrumb":{"@id":"https:\/\/nahuelproducciones.com.ar\/radioquijano\/la-escuela-n-4474-marco-antonio-lamas-97-anos-de-historia-y-esperanza-en-la-alta-montana\/#breadcrumb"},"inLanguage":"es","potentialAction":[{"@type":"ReadAction","target":["https:\/\/nahuelproducciones.com.ar\/radioquijano\/la-escuela-n-4474-marco-antonio-lamas-97-anos-de-historia-y-esperanza-en-la-alta-montana\/"]}]},{"@type":"BreadcrumbList","@id":"https:\/\/nahuelproducciones.com.ar\/radioquijano\/la-escuela-n-4474-marco-antonio-lamas-97-anos-de-historia-y-esperanza-en-la-alta-montana\/#breadcrumb","itemListElement":[{"@type":"ListItem","position":1,"name":"Portada","item":"https:\/\/nahuelproducciones.com.ar\/radioquijano\/"},{"@type":"ListItem","position":2,"name":"La Escuela N\u00b0 4474 Marco Antonio Lamas: 97 a\u00f1os de historia y esperanza en la alta monta\u00f1a"}]},{"@type":"WebSite","@id":"https:\/\/nahuelproducciones.com.ar\/radioquijano\/#website","url":"https:\/\/nahuelproducciones.com.ar\/radioquijano\/","name":"RQ 99.9","description":"Radio Quijano 99.9 MHz","potentialAction":[{"@type":"SearchAction","target":{"@type":"EntryPoint","urlTemplate":"https:\/\/nahuelproducciones.com.ar\/radioquijano\/?s={search_term_string}"},"query-input":"required name=search_term_string"}],"inLanguage":"es"},{"@type":"Person","@id":"https:\/\/nahuelproducciones.com.ar\/radioquijano\/#\/schema\/person\/e8a4f939e2cb487fe6d0c54042c9d32c","name":"Cecilia Pastrana","image":{"@type":"ImageObject","inLanguage":"es","@id":"https:\/\/nahuelproducciones.com.ar\/radioquijano\/#\/schema\/person\/image\/","url":"https:\/\/secure.gravatar.com\/avatar\/661a3ef63a8488d4f2794ed44af8cf71420f7e106f3072c40125114df5157749?s=96&d=mm&r=g","contentUrl":"https:\/\/secure.gravatar.com\/avatar\/661a3ef63a8488d4f2794ed44af8cf71420f7e106f3072c40125114df5157749?s=96&d=mm&r=g","caption":"Cecilia Pastrana"},"sameAs":["cecy"],"url":"https:\/\/nahuelproducciones.com.ar\/radioquijano\/author\/cecy\/"}]}},"_links":{"self":[{"href":"https:\/\/nahuelproducciones.com.ar\/radioquijano\/wp-json\/wp\/v2\/posts\/10581","targetHints":{"allow":["GET"]}}],"collection":[{"href":"https:\/\/nahuelproducciones.com.ar\/radioquijano\/wp-json\/wp\/v2\/posts"}],"about":[{"href":"https:\/\/nahuelproducciones.com.ar\/radioquijano\/wp-json\/wp\/v2\/types\/post"}],"author":[{"embeddable":true,"href":"https:\/\/nahuelproducciones.com.ar\/radioquijano\/wp-json\/wp\/v2\/users\/8"}],"replies":[{"embeddable":true,"href":"https:\/\/nahuelproducciones.com.ar\/radioquijano\/wp-json\/wp\/v2\/comments?post=10581"}],"version-history":[{"count":1,"href":"https:\/\/nahuelproducciones.com.ar\/radioquijano\/wp-json\/wp\/v2\/posts\/10581\/revisions"}],"predecessor-version":[{"id":10593,"href":"https:\/\/nahuelproducciones.com.ar\/radioquijano\/wp-json\/wp\/v2\/posts\/10581\/revisions\/10593"}],"wp:featuredmedia":[{"embeddable":true,"href":"https:\/\/nahuelproducciones.com.ar\/radioquijano\/wp-json\/wp\/v2\/media\/10583"}],"wp:attachment":[{"href":"https:\/\/nahuelproducciones.com.ar\/radioquijano\/wp-json\/wp\/v2\/media?parent=10581"}],"wp:term":[{"taxonomy":"category","embeddable":true,"href":"https:\/\/nahuelproducciones.com.ar\/radioquijano\/wp-json\/wp\/v2\/categories?post=10581"},{"taxonomy":"post_tag","embeddable":true,"href":"https:\/\/nahuelproducciones.com.ar\/radioquijano\/wp-json\/wp\/v2\/tags?post=10581"}],"curies":[{"name":"wp","href":"https:\/\/api.w.org\/{rel}","templated":true}]}}