{"id":10594,"date":"2025-07-07T22:51:02","date_gmt":"2025-07-08T01:51:02","guid":{"rendered":"https:\/\/nahuelproducciones.com.ar\/radioquijano\/?p=10594"},"modified":"2025-07-07T22:51:04","modified_gmt":"2025-07-08T01:51:04","slug":"campo-quijano-celebra-sus-104-anos-con-un-festival-viviendo-el-centenario","status":"publish","type":"post","link":"https:\/\/nahuelproducciones.com.ar\/radioquijano\/campo-quijano-celebra-sus-104-anos-con-un-festival-viviendo-el-centenario\/","title":{"rendered":"Campo Quijano celebra sus 104 a\u00f1os con un festival \u201cViviendo el Centenario\u201d"},"content":{"rendered":"\n<p>El pr\u00f3ximo mi\u00e9rcoles 9 de julio, Campo Quijano vivir\u00e1 una jornada hist\u00f3rica y festiva al celebrar sus 104 a\u00f1os de fundaci\u00f3n con el gran festival \u201cViviendo el Centenario\u201d.<\/p>\n\n\n\n<p>La propuesta art\u00edstica y cultural, organizada por la Municipalidad de Campo Quijano, reunir\u00e1 a toda la comunidad para compartir m\u00fasica, tradici\u00f3n y orgullo nacional.<\/p>\n\n\n\n<p>Las actividades comenzar\u00e1n por la ma\u00f1ana con el tradicional tedeum, seguido del acto protocolar y el desfile c\u00edvico-militar, en el marco de los festejos por el D\u00eda de la Independencia.<\/p>\n\n\n\n<p>Como antesala, el martes 8 de julio se realizar\u00e1 una velada especial en la glorieta de la Plaza Principal, donde adem\u00e1s se inaugurar\u00e1n obras de mejora en este espacio emblem\u00e1tico para los vecinos.<\/p>\n\n\n\n<p>El festival principal se desarrollar\u00e1 desde las 15 horas en el Club Uni\u00f3n Huaytiquina y contar\u00e1 con la participaci\u00f3n de destacados artistas como Christian Herrera, Canto 4, Marina Cornejo, Gaby Morales, Chirettes y Ma\u00f1eros, entre otros.<\/p>\n\n\n\n<p>Adem\u00e1s, el p\u00fablico podr\u00e1 disfrutar de un paseo gastron\u00f3mico con food trucks y sabores locales, que aportar\u00e1n color y calidez a la celebraci\u00f3n.<\/p>\n\n\n\n<p>Las entradas ser\u00e1n gratuitas para los residentes de Campo Quijano, La Silleta y Quebrada del Toro, presentando DNI en el ingreso. Para el p\u00fablico general, los valores van desde $15.000 hasta $40.000, y se pueden adquirir en puntos de venta f\u00edsicos y a trav\u00e9s de norteticket.com.<\/p>\n\n\n<div class=\"wp-block-image\">\n<figure class=\"aligncenter size-large is-resized\"><img loading=\"lazy\" decoding=\"async\" width=\"819\" height=\"1024\" src=\"https:\/\/nahuelproducciones.com.ar\/radioquijano\/wp-content\/uploads\/2025\/07\/516759472_1147703494052726_4797810396827442627_n-819x1024.jpg\" alt=\"\" class=\"wp-image-10596\" style=\"width:624px;height:auto\" srcset=\"https:\/\/nahuelproducciones.com.ar\/radioquijano\/wp-content\/uploads\/2025\/07\/516759472_1147703494052726_4797810396827442627_n-819x1024.jpg 819w, https:\/\/nahuelproducciones.com.ar\/radioquijano\/wp-content\/uploads\/2025\/07\/516759472_1147703494052726_4797810396827442627_n-240x300.jpg 240w, https:\/\/nahuelproducciones.com.ar\/radioquijano\/wp-content\/uploads\/2025\/07\/516759472_1147703494052726_4797810396827442627_n-768x960.jpg 768w, https:\/\/nahuelproducciones.com.ar\/radioquijano\/wp-content\/uploads\/2025\/07\/516759472_1147703494052726_4797810396827442627_n-1229x1536.jpg 1229w, https:\/\/nahuelproducciones.com.ar\/radioquijano\/wp-content\/uploads\/2025\/07\/516759472_1147703494052726_4797810396827442627_n-150x188.jpg 150w, https:\/\/nahuelproducciones.com.ar\/radioquijano\/wp-content\/uploads\/2025\/07\/516759472_1147703494052726_4797810396827442627_n.jpg 1638w\" sizes=\"auto, (max-width: 819px) 100vw, 819px\" \/><\/figure><\/div>","protected":false},"excerpt":{"rendered":"<p>El pr\u00f3ximo mi\u00e9rcoles 9 de julio, Campo Quijano vivir\u00e1 una jornada hist\u00f3rica y festiva al celebrar sus 104 a\u00f1os de fundaci\u00f3n con el gran festival \u201cViviendo el Centenario\u201d. La propuesta art\u00edstica y cultural, organizada por la Municipalidad de Campo Quijano, reunir\u00e1 a toda la comunidad para compartir m\u00fasica, tradici\u00f3n y orgullo nacional. Las actividades comenzar\u00e1n [&hellip;]<\/p>\n","protected":false},"author":8,"featured_media":10595,"comment_status":"open","ping_status":"open","sticky":false,"template":"","format":"standard","meta":{"_monsterinsights_skip_tracking":false,"_monsterinsights_sitenote_active":false,"_monsterinsights_sitenote_note":"","_monsterinsights_sitenote_category":0,"footnotes":""},"categories":[2,16],"tags":[1565,63,100],"class_list":["post-10594","post","type-post","status-publish","format-standard","has-post-thumbnail","hentry","category-cultura","category-noticias","tag-viviendo-el-centenario","tag-lino-yonar","tag-municipio-de-campo-quijano"],"yoast_head":"<!-- This site is optimized with the Yoast SEO plugin v20.8 - https:\/\/yoast.com\/wordpress\/plugins\/seo\/ -->\n<title>Campo Quijano celebra sus 104 a\u00f1os con un festival \u201cViviendo el Centenario\u201d - RQ 99.9<\/title>\n<meta name=\"description\" content=\"El festival principal se desarrollar\u00e1 desde las 15 horas en el Club Uni\u00f3n Huaytiquina\" \/>\n<meta name=\"robots\" content=\"index, follow, max-snippet:-1, max-image-preview:large, max-video-preview:-1\" \/>\n<link rel=\"canonical\" href=\"https:\/\/nahuelproducciones.com.ar\/radioquijano\/campo-quijano-celebra-sus-104-anos-con-un-festival-viviendo-el-centenario\/\" \/>\n<meta property=\"og:locale\" content=\"es_ES\" \/>\n<meta property=\"og:type\" content=\"article\" \/>\n<meta property=\"og:title\" content=\"Campo Quijano celebra sus 104 a\u00f1os con un festival \u201cViviendo el Centenario\u201d - RQ 99.9\" \/>\n<meta property=\"og:description\" content=\"El festival principal se desarrollar\u00e1 desde las 15 horas en el Club Uni\u00f3n Huaytiquina\" \/>\n<meta property=\"og:url\" content=\"https:\/\/nahuelproducciones.com.ar\/radioquijano\/campo-quijano-celebra-sus-104-anos-con-un-festival-viviendo-el-centenario\/\" \/>\n<meta property=\"og:site_name\" content=\"RQ 99.9\" \/>\n<meta property=\"article:publisher\" content=\"https:\/\/www.facebook.com\/nahuelproducciones999\/\" \/>\n<meta property=\"article:published_time\" content=\"2025-07-08T01:51:02+00:00\" \/>\n<meta property=\"article:modified_time\" content=\"2025-07-08T01:51:04+00:00\" \/>\n<meta property=\"og:image\" content=\"https:\/\/nahuelproducciones.com.ar\/radioquijano\/wp-content\/uploads\/2025\/07\/513890302_1139605104862565_5934635630077368884_n-e1751939293391.jpg\" \/>\n\t<meta property=\"og:image:width\" content=\"700\" \/>\n\t<meta property=\"og:image:height\" content=\"700\" \/>\n\t<meta property=\"og:image:type\" content=\"image\/jpeg\" \/>\n<meta name=\"author\" content=\"Cecilia Pastrana\" \/>\n<meta name=\"twitter:card\" content=\"summary_large_image\" \/>\n<meta name=\"twitter:creator\" content=\"@nahuproduciones\" \/>\n<meta name=\"twitter:site\" content=\"@nahuproduciones\" \/>\n<meta name=\"twitter:label1\" content=\"Escrito por\" \/>\n\t<meta name=\"twitter:data1\" content=\"Cecilia Pastrana\" \/>\n\t<meta name=\"twitter:label2\" content=\"Tiempo de lectura\" \/>\n\t<meta name=\"twitter:data2\" content=\"2 minutos\" \/>\n<script type=\"application\/ld+json\" class=\"yoast-schema-graph\">{\"@context\":\"https:\/\/schema.org\",\"@graph\":[{\"@type\":\"WebPage\",\"@id\":\"https:\/\/nahuelproducciones.com.ar\/radioquijano\/campo-quijano-celebra-sus-104-anos-con-un-festival-viviendo-el-centenario\/\",\"url\":\"https:\/\/nahuelproducciones.com.ar\/radioquijano\/campo-quijano-celebra-sus-104-anos-con-un-festival-viviendo-el-centenario\/\",\"name\":\"Campo Quijano celebra sus 104 a\u00f1os con un festival \u201cViviendo el Centenario\u201d - RQ 99.9\",\"isPartOf\":{\"@id\":\"https:\/\/nahuelproducciones.com.ar\/radioquijano\/#website\"},\"datePublished\":\"2025-07-08T01:51:02+00:00\",\"dateModified\":\"2025-07-08T01:51:04+00:00\",\"author\":{\"@id\":\"https:\/\/nahuelproducciones.com.ar\/radioquijano\/#\/schema\/person\/e8a4f939e2cb487fe6d0c54042c9d32c\"},\"description\":\"El festival principal se desarrollar\u00e1 desde las 15 horas en el Club Uni\u00f3n Huaytiquina\",\"breadcrumb\":{\"@id\":\"https:\/\/nahuelproducciones.com.ar\/radioquijano\/campo-quijano-celebra-sus-104-anos-con-un-festival-viviendo-el-centenario\/#breadcrumb\"},\"inLanguage\":\"es\",\"potentialAction\":[{\"@type\":\"ReadAction\",\"target\":[\"https:\/\/nahuelproducciones.com.ar\/radioquijano\/campo-quijano-celebra-sus-104-anos-con-un-festival-viviendo-el-centenario\/\"]}]},{\"@type\":\"BreadcrumbList\",\"@id\":\"https:\/\/nahuelproducciones.com.ar\/radioquijano\/campo-quijano-celebra-sus-104-anos-con-un-festival-viviendo-el-centenario\/#breadcrumb\",\"itemListElement\":[{\"@type\":\"ListItem\",\"position\":1,\"name\":\"Portada\",\"item\":\"https:\/\/nahuelproducciones.com.ar\/radioquijano\/\"},{\"@type\":\"ListItem\",\"position\":2,\"name\":\"Campo Quijano celebra sus 104 a\u00f1os con un festival \u201cViviendo el Centenario\u201d\"}]},{\"@type\":\"WebSite\",\"@id\":\"https:\/\/nahuelproducciones.com.ar\/radioquijano\/#website\",\"url\":\"https:\/\/nahuelproducciones.com.ar\/radioquijano\/\",\"name\":\"RQ 99.9\",\"description\":\"Radio Quijano 99.9 MHz\",\"potentialAction\":[{\"@type\":\"SearchAction\",\"target\":{\"@type\":\"EntryPoint\",\"urlTemplate\":\"https:\/\/nahuelproducciones.com.ar\/radioquijano\/?s={search_term_string}\"},\"query-input\":\"required name=search_term_string\"}],\"inLanguage\":\"es\"},{\"@type\":\"Person\",\"@id\":\"https:\/\/nahuelproducciones.com.ar\/radioquijano\/#\/schema\/person\/e8a4f939e2cb487fe6d0c54042c9d32c\",\"name\":\"Cecilia Pastrana\",\"image\":{\"@type\":\"ImageObject\",\"inLanguage\":\"es\",\"@id\":\"https:\/\/nahuelproducciones.com.ar\/radioquijano\/#\/schema\/person\/image\/\",\"url\":\"https:\/\/secure.gravatar.com\/avatar\/661a3ef63a8488d4f2794ed44af8cf71420f7e106f3072c40125114df5157749?s=96&d=mm&r=g\",\"contentUrl\":\"https:\/\/secure.gravatar.com\/avatar\/661a3ef63a8488d4f2794ed44af8cf71420f7e106f3072c40125114df5157749?s=96&d=mm&r=g\",\"caption\":\"Cecilia Pastrana\"},\"sameAs\":[\"cecy\"],\"url\":\"https:\/\/nahuelproducciones.com.ar\/radioquijano\/author\/cecy\/\"}]}<\/script>\n<!-- \/ Yoast SEO plugin. -->","yoast_head_json":{"title":"Campo Quijano celebra sus 104 a\u00f1os con un festival \u201cViviendo el Centenario\u201d - RQ 99.9","description":"El festival principal se desarrollar\u00e1 desde las 15 horas en el Club Uni\u00f3n Huaytiquina","robots":{"index":"index","follow":"follow","max-snippet":"max-snippet:-1","max-image-preview":"max-image-preview:large","max-video-preview":"max-video-preview:-1"},"canonical":"https:\/\/nahuelproducciones.com.ar\/radioquijano\/campo-quijano-celebra-sus-104-anos-con-un-festival-viviendo-el-centenario\/","og_locale":"es_ES","og_type":"article","og_title":"Campo Quijano celebra sus 104 a\u00f1os con un festival \u201cViviendo el Centenario\u201d - RQ 99.9","og_description":"El festival principal se desarrollar\u00e1 desde las 15 horas en el Club Uni\u00f3n Huaytiquina","og_url":"https:\/\/nahuelproducciones.com.ar\/radioquijano\/campo-quijano-celebra-sus-104-anos-con-un-festival-viviendo-el-centenario\/","og_site_name":"RQ 99.9","article_publisher":"https:\/\/www.facebook.com\/nahuelproducciones999\/","article_published_time":"2025-07-08T01:51:02+00:00","article_modified_time":"2025-07-08T01:51:04+00:00","og_image":[{"width":700,"height":700,"url":"https:\/\/nahuelproducciones.com.ar\/radioquijano\/wp-content\/uploads\/2025\/07\/513890302_1139605104862565_5934635630077368884_n-e1751939293391.jpg","type":"image\/jpeg"}],"author":"Cecilia Pastrana","twitter_card":"summary_large_image","twitter_creator":"@nahuproduciones","twitter_site":"@nahuproduciones","twitter_misc":{"Escrito por":"Cecilia Pastrana","Tiempo de lectura":"2 minutos"},"schema":{"@context":"https:\/\/schema.org","@graph":[{"@type":"WebPage","@id":"https:\/\/nahuelproducciones.com.ar\/radioquijano\/campo-quijano-celebra-sus-104-anos-con-un-festival-viviendo-el-centenario\/","url":"https:\/\/nahuelproducciones.com.ar\/radioquijano\/campo-quijano-celebra-sus-104-anos-con-un-festival-viviendo-el-centenario\/","name":"Campo Quijano celebra sus 104 a\u00f1os con un festival \u201cViviendo el Centenario\u201d - RQ 99.9","isPartOf":{"@id":"https:\/\/nahuelproducciones.com.ar\/radioquijano\/#website"},"datePublished":"2025-07-08T01:51:02+00:00","dateModified":"2025-07-08T01:51:04+00:00","author":{"@id":"https:\/\/nahuelproducciones.com.ar\/radioquijano\/#\/schema\/person\/e8a4f939e2cb487fe6d0c54042c9d32c"},"description":"El festival principal se desarrollar\u00e1 desde las 15 horas en el Club Uni\u00f3n Huaytiquina","breadcrumb":{"@id":"https:\/\/nahuelproducciones.com.ar\/radioquijano\/campo-quijano-celebra-sus-104-anos-con-un-festival-viviendo-el-centenario\/#breadcrumb"},"inLanguage":"es","potentialAction":[{"@type":"ReadAction","target":["https:\/\/nahuelproducciones.com.ar\/radioquijano\/campo-quijano-celebra-sus-104-anos-con-un-festival-viviendo-el-centenario\/"]}]},{"@type":"BreadcrumbList","@id":"https:\/\/nahuelproducciones.com.ar\/radioquijano\/campo-quijano-celebra-sus-104-anos-con-un-festival-viviendo-el-centenario\/#breadcrumb","itemListElement":[{"@type":"ListItem","position":1,"name":"Portada","item":"https:\/\/nahuelproducciones.com.ar\/radioquijano\/"},{"@type":"ListItem","position":2,"name":"Campo Quijano celebra sus 104 a\u00f1os con un festival \u201cViviendo el Centenario\u201d"}]},{"@type":"WebSite","@id":"https:\/\/nahuelproducciones.com.ar\/radioquijano\/#website","url":"https:\/\/nahuelproducciones.com.ar\/radioquijano\/","name":"RQ 99.9","description":"Radio Quijano 99.9 MHz","potentialAction":[{"@type":"SearchAction","target":{"@type":"EntryPoint","urlTemplate":"https:\/\/nahuelproducciones.com.ar\/radioquijano\/?s={search_term_string}"},"query-input":"required name=search_term_string"}],"inLanguage":"es"},{"@type":"Person","@id":"https:\/\/nahuelproducciones.com.ar\/radioquijano\/#\/schema\/person\/e8a4f939e2cb487fe6d0c54042c9d32c","name":"Cecilia Pastrana","image":{"@type":"ImageObject","inLanguage":"es","@id":"https:\/\/nahuelproducciones.com.ar\/radioquijano\/#\/schema\/person\/image\/","url":"https:\/\/secure.gravatar.com\/avatar\/661a3ef63a8488d4f2794ed44af8cf71420f7e106f3072c40125114df5157749?s=96&d=mm&r=g","contentUrl":"https:\/\/secure.gravatar.com\/avatar\/661a3ef63a8488d4f2794ed44af8cf71420f7e106f3072c40125114df5157749?s=96&d=mm&r=g","caption":"Cecilia Pastrana"},"sameAs":["cecy"],"url":"https:\/\/nahuelproducciones.com.ar\/radioquijano\/author\/cecy\/"}]}},"_links":{"self":[{"href":"https:\/\/nahuelproducciones.com.ar\/radioquijano\/wp-json\/wp\/v2\/posts\/10594","targetHints":{"allow":["GET"]}}],"collection":[{"href":"https:\/\/nahuelproducciones.com.ar\/radioquijano\/wp-json\/wp\/v2\/posts"}],"about":[{"href":"https:\/\/nahuelproducciones.com.ar\/radioquijano\/wp-json\/wp\/v2\/types\/post"}],"author":[{"embeddable":true,"href":"https:\/\/nahuelproducciones.com.ar\/radioquijano\/wp-json\/wp\/v2\/users\/8"}],"replies":[{"embeddable":true,"href":"https:\/\/nahuelproducciones.com.ar\/radioquijano\/wp-json\/wp\/v2\/comments?post=10594"}],"version-history":[{"count":1,"href":"https:\/\/nahuelproducciones.com.ar\/radioquijano\/wp-json\/wp\/v2\/posts\/10594\/revisions"}],"predecessor-version":[{"id":10597,"href":"https:\/\/nahuelproducciones.com.ar\/radioquijano\/wp-json\/wp\/v2\/posts\/10594\/revisions\/10597"}],"wp:featuredmedia":[{"embeddable":true,"href":"https:\/\/nahuelproducciones.com.ar\/radioquijano\/wp-json\/wp\/v2\/media\/10595"}],"wp:attachment":[{"href":"https:\/\/nahuelproducciones.com.ar\/radioquijano\/wp-json\/wp\/v2\/media?parent=10594"}],"wp:term":[{"taxonomy":"category","embeddable":true,"href":"https:\/\/nahuelproducciones.com.ar\/radioquijano\/wp-json\/wp\/v2\/categories?post=10594"},{"taxonomy":"post_tag","embeddable":true,"href":"https:\/\/nahuelproducciones.com.ar\/radioquijano\/wp-json\/wp\/v2\/tags?post=10594"}],"curies":[{"name":"wp","href":"https:\/\/api.w.org\/{rel}","templated":true}]}}