{"id":10598,"date":"2025-07-08T19:21:49","date_gmt":"2025-07-08T22:21:49","guid":{"rendered":"https:\/\/nahuelproducciones.com.ar\/radioquijano\/?p=10598"},"modified":"2025-07-08T19:31:20","modified_gmt":"2025-07-08T22:31:20","slug":"vecinos-denuncian-publicidad-enganosa-en-el-festival-del-9-de-julio-enojo-por-el-cobro-no-anunciado","status":"publish","type":"post","link":"https:\/\/nahuelproducciones.com.ar\/radioquijano\/vecinos-denuncian-publicidad-enganosa-en-el-festival-del-9-de-julio-enojo-por-el-cobro-no-anunciado\/","title":{"rendered":"Vecinos denuncian \u00abpublicidad enga\u00f1osa\u00bb en el festival del 9 de Julio: enojo por el cobro no anunciado"},"content":{"rendered":"\n<p>El festival del 9 de Julio en Campo Quijano, promocionado el pasado 27 de junio como gratuito para los vecinos del municipio con la \u00fanica condici\u00f3n de presentar DNI, gener\u00f3 fuertes cr\u00edticas y confusi\u00f3n en la comunidad.<\/p>\n\n\n\n<p>Ayer, en una entrevista radial en otra emisora, el Secretario de Gobierno inform\u00f3 que la entrada ser\u00e1 gratuita <strong>solo si se retira hasta las 18 h<\/strong>, y que despu\u00e9s de ese horario tendr\u00e1 un costo de $45.000, \u00abla misma modalidad del a\u00f1o pasado\u00bb, seg\u00fan explic\u00f3.<\/p>\n\n\n\n<p>La aclaraci\u00f3n despert\u00f3 la indignaci\u00f3n de los vecinos, quienes expresaron su enojo a trav\u00e9s de mensajes y redes sociales. Un oyente se\u00f1al\u00f3: <em>\u00abEs indignante, ya que es una burla. La polic\u00eda no es la organizadora, ah\u00ed mienten. Adem\u00e1s, el intendente no tiene por qu\u00e9 decirnos a qu\u00e9 hora podemos ir\u00bb<\/em>.<\/p>\n\n\n\n<p>La situaci\u00f3n se agrava porque, al d\u00eda de hoy, <strong>no hay informaci\u00f3n oficial publicada<\/strong> en el Facebook de la Municipalidad de Campo Quijano, ni en el canal oficial de WhatsApp, ni en la p\u00e1gina personal del intendente Lino Yonar.<\/p>\n\n\n\n<p>Muchos vecinos interpretan este cambio como un caso de <strong>publicidad enga\u00f1osa<\/strong>, ya que la Ley 24.240 de Defensa del Consumidor exige que toda publicidad sea clara, cierta y detallada, y obliga al organizador a cumplir lo ofrecido.<\/p>\n\n\n\n<p>Seg\u00fan la <strong>Ley 24.240 de Defensa del Consumidor<\/strong>, el derecho a la informaci\u00f3n veraz, clara y detallada es un derecho b\u00e1sico. No publicar esta condici\u00f3n especial (horario l\u00edmite o costo posterior) en los canales oficiales puede considerarse <strong>omisi\u00f3n intencional de informaci\u00f3n relevante<\/strong>, lo que refuerza la figura de <strong>publicidad enga\u00f1osa<\/strong>.<\/p>\n\n\n\n<p>Los vecinos merecen ser informados de forma oficial, transparente y a tiempo, para poder tomar decisiones responsables y evitar sentirse enga\u00f1ados.<\/p>\n\n\n\n<p>Los ciudadanos exigen explicaciones p\u00fablicas y reclaman que se respete la gratuidad anunciada inicialmente. Adem\u00e1s, piden transparencia en la comunicaci\u00f3n oficial y cuestionan el alto costo de la entrada fuera del horario gratuito, considerando el monto como excesivo y excluyente.<\/p>\n\n\n\n<p>La falta de informaci\u00f3n clara y oportuna alimenta el malestar social y debilita la confianza de la comunidad en la gesti\u00f3n municipal. Mientras tanto, la incertidumbre y el enojo crecen a pocas horas de la celebraci\u00f3n.<\/p>\n\n\n<div class=\"wp-block-image\">\n<figure class=\"aligncenter size-large is-resized\"><img loading=\"lazy\" decoding=\"async\" width=\"271\" height=\"1024\" src=\"https:\/\/nahuelproducciones.com.ar\/radioquijano\/wp-content\/uploads\/2025\/07\/516097530_1451320729514827_6241879286949403947_n-271x1024.jpg\" alt=\"\" class=\"wp-image-10599\" style=\"width:214px;height:auto\" srcset=\"https:\/\/nahuelproducciones.com.ar\/radioquijano\/wp-content\/uploads\/2025\/07\/516097530_1451320729514827_6241879286949403947_n-271x1024.jpg 271w, https:\/\/nahuelproducciones.com.ar\/radioquijano\/wp-content\/uploads\/2025\/07\/516097530_1451320729514827_6241879286949403947_n-79x300.jpg 79w, https:\/\/nahuelproducciones.com.ar\/radioquijano\/wp-content\/uploads\/2025\/07\/516097530_1451320729514827_6241879286949403947_n-406x1536.jpg 406w, https:\/\/nahuelproducciones.com.ar\/radioquijano\/wp-content\/uploads\/2025\/07\/516097530_1451320729514827_6241879286949403947_n-150x568.jpg 150w\" sizes=\"auto, (max-width: 271px) 100vw, 271px\" \/><\/figure><\/div>","protected":false},"excerpt":{"rendered":"<p>El festival del 9 de Julio en Campo Quijano, promocionado el pasado 27 de junio como gratuito para los vecinos del municipio con la \u00fanica condici\u00f3n de presentar DNI, gener\u00f3 fuertes cr\u00edticas y confusi\u00f3n en la comunidad. Ayer, en una entrevista radial en otra emisora, el Secretario de Gobierno inform\u00f3 que la entrada ser\u00e1 gratuita [&hellip;]<\/p>\n","protected":false},"author":8,"featured_media":10601,"comment_status":"open","ping_status":"open","sticky":false,"template":"","format":"standard","meta":{"_monsterinsights_skip_tracking":false,"_monsterinsights_sitenote_active":false,"_monsterinsights_sitenote_note":"","_monsterinsights_sitenote_category":0,"footnotes":""},"categories":[16],"tags":[1565,63,100],"class_list":["post-10598","post","type-post","status-publish","format-standard","has-post-thumbnail","hentry","category-noticias","tag-viviendo-el-centenario","tag-lino-yonar","tag-municipio-de-campo-quijano"],"yoast_head":"<!-- This site is optimized with the Yoast SEO plugin v20.8 - https:\/\/yoast.com\/wordpress\/plugins\/seo\/ -->\n<title>Vecinos denuncian &quot;publicidad enga\u00f1osa&quot; en el festival del 9 de Julio: enojo por el cobro no anunciado - RQ 99.9<\/title>\n<meta name=\"robots\" content=\"index, follow, max-snippet:-1, max-image-preview:large, max-video-preview:-1\" \/>\n<link rel=\"canonical\" href=\"https:\/\/nahuelproducciones.com.ar\/radioquijano\/vecinos-denuncian-publicidad-enganosa-en-el-festival-del-9-de-julio-enojo-por-el-cobro-no-anunciado\/\" \/>\n<meta property=\"og:locale\" content=\"es_ES\" \/>\n<meta property=\"og:type\" content=\"article\" \/>\n<meta property=\"og:title\" content=\"Vecinos denuncian &quot;publicidad enga\u00f1osa&quot; en el festival del 9 de Julio: enojo por el cobro no anunciado - RQ 99.9\" \/>\n<meta property=\"og:description\" content=\"El festival del 9 de Julio en Campo Quijano, promocionado el pasado 27 de junio como gratuito para los vecinos del municipio con la \u00fanica condici\u00f3n de presentar DNI, gener\u00f3 fuertes cr\u00edticas y confusi\u00f3n en la comunidad. Ayer, en una entrevista radial en otra emisora, el Secretario de Gobierno inform\u00f3 que la entrada ser\u00e1 gratuita [&hellip;]\" \/>\n<meta property=\"og:url\" content=\"https:\/\/nahuelproducciones.com.ar\/radioquijano\/vecinos-denuncian-publicidad-enganosa-en-el-festival-del-9-de-julio-enojo-por-el-cobro-no-anunciado\/\" \/>\n<meta property=\"og:site_name\" content=\"RQ 99.9\" \/>\n<meta property=\"article:publisher\" content=\"https:\/\/www.facebook.com\/nahuelproducciones999\/\" \/>\n<meta property=\"article:published_time\" content=\"2025-07-08T22:21:49+00:00\" \/>\n<meta property=\"article:modified_time\" content=\"2025-07-08T22:31:20+00:00\" \/>\n<meta property=\"og:image\" content=\"https:\/\/nahuelproducciones.com.ar\/radioquijano\/wp-content\/uploads\/2025\/07\/WhatsApp-Image-2025-07-08-at-12.07.12-PM-e1752013871722.jpeg\" \/>\n\t<meta property=\"og:image:width\" content=\"700\" \/>\n\t<meta property=\"og:image:height\" content=\"463\" \/>\n\t<meta property=\"og:image:type\" content=\"image\/jpeg\" \/>\n<meta name=\"author\" content=\"Cecilia Pastrana\" \/>\n<meta name=\"twitter:card\" content=\"summary_large_image\" \/>\n<meta name=\"twitter:creator\" content=\"@nahuproduciones\" \/>\n<meta name=\"twitter:site\" content=\"@nahuproduciones\" \/>\n<meta name=\"twitter:label1\" content=\"Escrito por\" \/>\n\t<meta name=\"twitter:data1\" content=\"Cecilia Pastrana\" \/>\n\t<meta name=\"twitter:label2\" content=\"Tiempo de lectura\" \/>\n\t<meta name=\"twitter:data2\" content=\"2 minutos\" \/>\n<script type=\"application\/ld+json\" class=\"yoast-schema-graph\">{\"@context\":\"https:\/\/schema.org\",\"@graph\":[{\"@type\":\"WebPage\",\"@id\":\"https:\/\/nahuelproducciones.com.ar\/radioquijano\/vecinos-denuncian-publicidad-enganosa-en-el-festival-del-9-de-julio-enojo-por-el-cobro-no-anunciado\/\",\"url\":\"https:\/\/nahuelproducciones.com.ar\/radioquijano\/vecinos-denuncian-publicidad-enganosa-en-el-festival-del-9-de-julio-enojo-por-el-cobro-no-anunciado\/\",\"name\":\"Vecinos denuncian \\\"publicidad enga\u00f1osa\\\" en el festival del 9 de Julio: enojo por el cobro no anunciado - RQ 99.9\",\"isPartOf\":{\"@id\":\"https:\/\/nahuelproducciones.com.ar\/radioquijano\/#website\"},\"datePublished\":\"2025-07-08T22:21:49+00:00\",\"dateModified\":\"2025-07-08T22:31:20+00:00\",\"author\":{\"@id\":\"https:\/\/nahuelproducciones.com.ar\/radioquijano\/#\/schema\/person\/e8a4f939e2cb487fe6d0c54042c9d32c\"},\"breadcrumb\":{\"@id\":\"https:\/\/nahuelproducciones.com.ar\/radioquijano\/vecinos-denuncian-publicidad-enganosa-en-el-festival-del-9-de-julio-enojo-por-el-cobro-no-anunciado\/#breadcrumb\"},\"inLanguage\":\"es\",\"potentialAction\":[{\"@type\":\"ReadAction\",\"target\":[\"https:\/\/nahuelproducciones.com.ar\/radioquijano\/vecinos-denuncian-publicidad-enganosa-en-el-festival-del-9-de-julio-enojo-por-el-cobro-no-anunciado\/\"]}]},{\"@type\":\"BreadcrumbList\",\"@id\":\"https:\/\/nahuelproducciones.com.ar\/radioquijano\/vecinos-denuncian-publicidad-enganosa-en-el-festival-del-9-de-julio-enojo-por-el-cobro-no-anunciado\/#breadcrumb\",\"itemListElement\":[{\"@type\":\"ListItem\",\"position\":1,\"name\":\"Portada\",\"item\":\"https:\/\/nahuelproducciones.com.ar\/radioquijano\/\"},{\"@type\":\"ListItem\",\"position\":2,\"name\":\"Vecinos denuncian &#8220;publicidad enga\u00f1osa&#8221; en el festival del 9 de Julio: enojo por el cobro no anunciado\"}]},{\"@type\":\"WebSite\",\"@id\":\"https:\/\/nahuelproducciones.com.ar\/radioquijano\/#website\",\"url\":\"https:\/\/nahuelproducciones.com.ar\/radioquijano\/\",\"name\":\"RQ 99.9\",\"description\":\"Radio Quijano 99.9 MHz\",\"potentialAction\":[{\"@type\":\"SearchAction\",\"target\":{\"@type\":\"EntryPoint\",\"urlTemplate\":\"https:\/\/nahuelproducciones.com.ar\/radioquijano\/?s={search_term_string}\"},\"query-input\":\"required name=search_term_string\"}],\"inLanguage\":\"es\"},{\"@type\":\"Person\",\"@id\":\"https:\/\/nahuelproducciones.com.ar\/radioquijano\/#\/schema\/person\/e8a4f939e2cb487fe6d0c54042c9d32c\",\"name\":\"Cecilia Pastrana\",\"image\":{\"@type\":\"ImageObject\",\"inLanguage\":\"es\",\"@id\":\"https:\/\/nahuelproducciones.com.ar\/radioquijano\/#\/schema\/person\/image\/\",\"url\":\"https:\/\/secure.gravatar.com\/avatar\/661a3ef63a8488d4f2794ed44af8cf71420f7e106f3072c40125114df5157749?s=96&d=mm&r=g\",\"contentUrl\":\"https:\/\/secure.gravatar.com\/avatar\/661a3ef63a8488d4f2794ed44af8cf71420f7e106f3072c40125114df5157749?s=96&d=mm&r=g\",\"caption\":\"Cecilia Pastrana\"},\"sameAs\":[\"cecy\"],\"url\":\"https:\/\/nahuelproducciones.com.ar\/radioquijano\/author\/cecy\/\"}]}<\/script>\n<!-- \/ Yoast SEO plugin. -->","yoast_head_json":{"title":"Vecinos denuncian \"publicidad enga\u00f1osa\" en el festival del 9 de Julio: enojo por el cobro no anunciado - RQ 99.9","robots":{"index":"index","follow":"follow","max-snippet":"max-snippet:-1","max-image-preview":"max-image-preview:large","max-video-preview":"max-video-preview:-1"},"canonical":"https:\/\/nahuelproducciones.com.ar\/radioquijano\/vecinos-denuncian-publicidad-enganosa-en-el-festival-del-9-de-julio-enojo-por-el-cobro-no-anunciado\/","og_locale":"es_ES","og_type":"article","og_title":"Vecinos denuncian \"publicidad enga\u00f1osa\" en el festival del 9 de Julio: enojo por el cobro no anunciado - RQ 99.9","og_description":"El festival del 9 de Julio en Campo Quijano, promocionado el pasado 27 de junio como gratuito para los vecinos del municipio con la \u00fanica condici\u00f3n de presentar DNI, gener\u00f3 fuertes cr\u00edticas y confusi\u00f3n en la comunidad. Ayer, en una entrevista radial en otra emisora, el Secretario de Gobierno inform\u00f3 que la entrada ser\u00e1 gratuita [&hellip;]","og_url":"https:\/\/nahuelproducciones.com.ar\/radioquijano\/vecinos-denuncian-publicidad-enganosa-en-el-festival-del-9-de-julio-enojo-por-el-cobro-no-anunciado\/","og_site_name":"RQ 99.9","article_publisher":"https:\/\/www.facebook.com\/nahuelproducciones999\/","article_published_time":"2025-07-08T22:21:49+00:00","article_modified_time":"2025-07-08T22:31:20+00:00","og_image":[{"width":700,"height":463,"url":"https:\/\/nahuelproducciones.com.ar\/radioquijano\/wp-content\/uploads\/2025\/07\/WhatsApp-Image-2025-07-08-at-12.07.12-PM-e1752013871722.jpeg","type":"image\/jpeg"}],"author":"Cecilia Pastrana","twitter_card":"summary_large_image","twitter_creator":"@nahuproduciones","twitter_site":"@nahuproduciones","twitter_misc":{"Escrito por":"Cecilia Pastrana","Tiempo de lectura":"2 minutos"},"schema":{"@context":"https:\/\/schema.org","@graph":[{"@type":"WebPage","@id":"https:\/\/nahuelproducciones.com.ar\/radioquijano\/vecinos-denuncian-publicidad-enganosa-en-el-festival-del-9-de-julio-enojo-por-el-cobro-no-anunciado\/","url":"https:\/\/nahuelproducciones.com.ar\/radioquijano\/vecinos-denuncian-publicidad-enganosa-en-el-festival-del-9-de-julio-enojo-por-el-cobro-no-anunciado\/","name":"Vecinos denuncian \"publicidad enga\u00f1osa\" en el festival del 9 de Julio: enojo por el cobro no anunciado - RQ 99.9","isPartOf":{"@id":"https:\/\/nahuelproducciones.com.ar\/radioquijano\/#website"},"datePublished":"2025-07-08T22:21:49+00:00","dateModified":"2025-07-08T22:31:20+00:00","author":{"@id":"https:\/\/nahuelproducciones.com.ar\/radioquijano\/#\/schema\/person\/e8a4f939e2cb487fe6d0c54042c9d32c"},"breadcrumb":{"@id":"https:\/\/nahuelproducciones.com.ar\/radioquijano\/vecinos-denuncian-publicidad-enganosa-en-el-festival-del-9-de-julio-enojo-por-el-cobro-no-anunciado\/#breadcrumb"},"inLanguage":"es","potentialAction":[{"@type":"ReadAction","target":["https:\/\/nahuelproducciones.com.ar\/radioquijano\/vecinos-denuncian-publicidad-enganosa-en-el-festival-del-9-de-julio-enojo-por-el-cobro-no-anunciado\/"]}]},{"@type":"BreadcrumbList","@id":"https:\/\/nahuelproducciones.com.ar\/radioquijano\/vecinos-denuncian-publicidad-enganosa-en-el-festival-del-9-de-julio-enojo-por-el-cobro-no-anunciado\/#breadcrumb","itemListElement":[{"@type":"ListItem","position":1,"name":"Portada","item":"https:\/\/nahuelproducciones.com.ar\/radioquijano\/"},{"@type":"ListItem","position":2,"name":"Vecinos denuncian &#8220;publicidad enga\u00f1osa&#8221; en el festival del 9 de Julio: enojo por el cobro no anunciado"}]},{"@type":"WebSite","@id":"https:\/\/nahuelproducciones.com.ar\/radioquijano\/#website","url":"https:\/\/nahuelproducciones.com.ar\/radioquijano\/","name":"RQ 99.9","description":"Radio Quijano 99.9 MHz","potentialAction":[{"@type":"SearchAction","target":{"@type":"EntryPoint","urlTemplate":"https:\/\/nahuelproducciones.com.ar\/radioquijano\/?s={search_term_string}"},"query-input":"required name=search_term_string"}],"inLanguage":"es"},{"@type":"Person","@id":"https:\/\/nahuelproducciones.com.ar\/radioquijano\/#\/schema\/person\/e8a4f939e2cb487fe6d0c54042c9d32c","name":"Cecilia Pastrana","image":{"@type":"ImageObject","inLanguage":"es","@id":"https:\/\/nahuelproducciones.com.ar\/radioquijano\/#\/schema\/person\/image\/","url":"https:\/\/secure.gravatar.com\/avatar\/661a3ef63a8488d4f2794ed44af8cf71420f7e106f3072c40125114df5157749?s=96&d=mm&r=g","contentUrl":"https:\/\/secure.gravatar.com\/avatar\/661a3ef63a8488d4f2794ed44af8cf71420f7e106f3072c40125114df5157749?s=96&d=mm&r=g","caption":"Cecilia Pastrana"},"sameAs":["cecy"],"url":"https:\/\/nahuelproducciones.com.ar\/radioquijano\/author\/cecy\/"}]}},"_links":{"self":[{"href":"https:\/\/nahuelproducciones.com.ar\/radioquijano\/wp-json\/wp\/v2\/posts\/10598","targetHints":{"allow":["GET"]}}],"collection":[{"href":"https:\/\/nahuelproducciones.com.ar\/radioquijano\/wp-json\/wp\/v2\/posts"}],"about":[{"href":"https:\/\/nahuelproducciones.com.ar\/radioquijano\/wp-json\/wp\/v2\/types\/post"}],"author":[{"embeddable":true,"href":"https:\/\/nahuelproducciones.com.ar\/radioquijano\/wp-json\/wp\/v2\/users\/8"}],"replies":[{"embeddable":true,"href":"https:\/\/nahuelproducciones.com.ar\/radioquijano\/wp-json\/wp\/v2\/comments?post=10598"}],"version-history":[{"count":1,"href":"https:\/\/nahuelproducciones.com.ar\/radioquijano\/wp-json\/wp\/v2\/posts\/10598\/revisions"}],"predecessor-version":[{"id":10602,"href":"https:\/\/nahuelproducciones.com.ar\/radioquijano\/wp-json\/wp\/v2\/posts\/10598\/revisions\/10602"}],"wp:featuredmedia":[{"embeddable":true,"href":"https:\/\/nahuelproducciones.com.ar\/radioquijano\/wp-json\/wp\/v2\/media\/10601"}],"wp:attachment":[{"href":"https:\/\/nahuelproducciones.com.ar\/radioquijano\/wp-json\/wp\/v2\/media?parent=10598"}],"wp:term":[{"taxonomy":"category","embeddable":true,"href":"https:\/\/nahuelproducciones.com.ar\/radioquijano\/wp-json\/wp\/v2\/categories?post=10598"},{"taxonomy":"post_tag","embeddable":true,"href":"https:\/\/nahuelproducciones.com.ar\/radioquijano\/wp-json\/wp\/v2\/tags?post=10598"}],"curies":[{"name":"wp","href":"https:\/\/api.w.org\/{rel}","templated":true}]}}