{"id":10622,"date":"2025-07-15T13:51:57","date_gmt":"2025-07-15T16:51:57","guid":{"rendered":"https:\/\/nahuelproducciones.com.ar\/radioquijano\/?p=10622"},"modified":"2025-07-15T20:52:04","modified_gmt":"2025-07-15T23:52:04","slug":"grave-estado-de-un-joven-tras-misterioso-hecho-en-el-picadero-la-familia-pide-testigos-y-justicia","status":"publish","type":"post","link":"https:\/\/nahuelproducciones.com.ar\/radioquijano\/grave-estado-de-un-joven-tras-misterioso-hecho-en-el-picadero-la-familia-pide-testigos-y-justicia\/","title":{"rendered":"Grave estado de un joven tras misterioso hecho en El Picadero: la familia pide testigos y justicia"},"content":{"rendered":"\n<p> Emanuel Viveros, un joven de 23 a\u00f1os, permanece internado en grave estado en el Hospital San Bernardo luego de ser hallado golpeado y con heridas graves en la zona conocida como El Picadero. Su familia, angustiada, solicita la colaboraci\u00f3n de la comunidad para esclarecer lo sucedido.<\/p>\n\n\n\n<p>Seg\u00fan relat\u00f3 su hermana Ivana Flores en comunicaci\u00f3n telef\u00f3nica con Radio Quijano, el hecho ocurri\u00f3 el pasado 9 de julio por la tarde, d\u00eda en el que Emanuel ten\u00eda previsto asistir a un festival. Cerca de las 17 horas, Ivana recibi\u00f3 un llamado informando que su hermano estaba herido en las inmediaciones de una casa de madera en El Picadero de Campo Quijano.<\/p>\n\n\n\n<p>Al llegar al lugar, encontraron a Emanuel con fuertes dolores. Fue asistido por una ambulancia y trasladado al Hospital San Bernardo alrededor de las 19 horas. Actualmente se encuentra en terapia intensiva, con pron\u00f3stico reservado. Los m\u00e9dicos indicaron que presenta costillas fracturadas, perforaci\u00f3n en los pulmones y co\u00e1gulos de sangre en la cabeza, por lo que debi\u00f3 ser intervenido quir\u00fargicamente.<\/p>\n\n\n\n<p>La familia sostiene que existen muchas dudas sobre el hecho. Seg\u00fan los primeros comentarios, Emanuel habr\u00eda ca\u00eddo de un caballo, pero su hermana desconf\u00eda de esta versi\u00f3n. \u201cLos m\u00e9dicos dijeron que perdi\u00f3 mucha sangre, pero donde lo encontraron solo hab\u00eda un poco\u201d, se\u00f1al\u00f3. Adem\u00e1s, detall\u00f3 que el caballo en el que se movilizaba, conocido como \u00abPelero\u00bb, junto a su documentaci\u00f3n y su tel\u00e9fono celular, desaparecieron.<\/p>\n\n\n\n<p>Ivana describi\u00f3 a Emanuel como \u201cuna persona generosa, de buen coraz\u00f3n y que disfrutaba compartir con amigos\u201d. Sin embargo, manifest\u00f3 preocupaci\u00f3n ya que la semana anterior hab\u00eda recibido amenazas de muerte, aunque desconoce su procedencia y el motivo.<\/p>\n\n\n\n<p>La familia ya radic\u00f3 la denuncia correspondiente, pero denuncia demoras en la toma de la misma: \u201cMi mam\u00e1 fue primero a la comisar\u00eda y no hab\u00eda personal para recibirla\u201d, cont\u00f3 Ivana.<\/p>\n\n\n\n<p>Por este motivo, piden a quienes hayan visto algo o tengan informaci\u00f3n que pueda aportar al esclarecimiento del caso, que se comuniquen con la familia o con la polic\u00eda local. \u201cSolo quiero justicia por mi hermano\u201d, concluy\u00f3 Ivana, visiblemente conmovida.<\/p>\n\n\n\n<p>Escucha la entrevista:<\/p>\n\n\n\n<figure class=\"wp-block-audio\"><audio controls src=\"https:\/\/nahuelproducciones.com.ar\/radioquijano\/wp-content\/uploads\/2025\/07\/14-07-2025-IVANA-FLORES-HERMANA-DE-EMANUEL-VIVEROS-GLPEADO-EL-9-DE-JULIO-EN-EL-PICADERO-Y-PELEA-POR-SU-VIDA.mp3\"><\/audio><\/figure>\n\n\n\n<figure class=\"wp-block-gallery has-nested-images columns-default is-cropped wp-block-gallery-1 is-layout-flex wp-block-gallery-is-layout-flex\">\n<figure class=\"wp-block-image size-large\"><img loading=\"lazy\" decoding=\"async\" width=\"1024\" height=\"461\" data-id=\"10626\" src=\"https:\/\/nahuelproducciones.com.ar\/radioquijano\/wp-content\/uploads\/2025\/07\/WhatsApp-Image-2025-07-14-at-6.18.44-PM-1024x461.jpeg\" alt=\"\" class=\"wp-image-10626\" srcset=\"https:\/\/nahuelproducciones.com.ar\/radioquijano\/wp-content\/uploads\/2025\/07\/WhatsApp-Image-2025-07-14-at-6.18.44-PM-1024x461.jpeg 1024w, https:\/\/nahuelproducciones.com.ar\/radioquijano\/wp-content\/uploads\/2025\/07\/WhatsApp-Image-2025-07-14-at-6.18.44-PM-300x135.jpeg 300w, https:\/\/nahuelproducciones.com.ar\/radioquijano\/wp-content\/uploads\/2025\/07\/WhatsApp-Image-2025-07-14-at-6.18.44-PM-768x346.jpeg 768w, https:\/\/nahuelproducciones.com.ar\/radioquijano\/wp-content\/uploads\/2025\/07\/WhatsApp-Image-2025-07-14-at-6.18.44-PM-150x68.jpeg 150w, https:\/\/nahuelproducciones.com.ar\/radioquijano\/wp-content\/uploads\/2025\/07\/WhatsApp-Image-2025-07-14-at-6.18.44-PM.jpeg 1280w\" sizes=\"auto, (max-width: 1024px) 100vw, 1024px\" \/><\/figure>\n\n\n\n<figure class=\"wp-block-image size-large\"><img loading=\"lazy\" decoding=\"async\" width=\"1024\" height=\"461\" data-id=\"10628\" src=\"https:\/\/nahuelproducciones.com.ar\/radioquijano\/wp-content\/uploads\/2025\/07\/WhatsApp-Image-2025-07-14-at-6.18.53-PM-1024x461.jpeg\" alt=\"\" class=\"wp-image-10628\" srcset=\"https:\/\/nahuelproducciones.com.ar\/radioquijano\/wp-content\/uploads\/2025\/07\/WhatsApp-Image-2025-07-14-at-6.18.53-PM-1024x461.jpeg 1024w, https:\/\/nahuelproducciones.com.ar\/radioquijano\/wp-content\/uploads\/2025\/07\/WhatsApp-Image-2025-07-14-at-6.18.53-PM-300x135.jpeg 300w, https:\/\/nahuelproducciones.com.ar\/radioquijano\/wp-content\/uploads\/2025\/07\/WhatsApp-Image-2025-07-14-at-6.18.53-PM-768x346.jpeg 768w, https:\/\/nahuelproducciones.com.ar\/radioquijano\/wp-content\/uploads\/2025\/07\/WhatsApp-Image-2025-07-14-at-6.18.53-PM-150x68.jpeg 150w, https:\/\/nahuelproducciones.com.ar\/radioquijano\/wp-content\/uploads\/2025\/07\/WhatsApp-Image-2025-07-14-at-6.18.53-PM.jpeg 1280w\" sizes=\"auto, (max-width: 1024px) 100vw, 1024px\" \/><\/figure>\n<\/figure>\n","protected":false},"excerpt":{"rendered":"<p>Emanuel Viveros, un joven de 23 a\u00f1os, permanece internado en grave estado en el Hospital San Bernardo luego de ser hallado golpeado y con heridas graves en la zona conocida como El Picadero. Su familia, angustiada, solicita la colaboraci\u00f3n de la comunidad para esclarecer lo sucedido. Seg\u00fan relat\u00f3 su hermana Ivana Flores en comunicaci\u00f3n telef\u00f3nica [&hellip;]<\/p>\n","protected":false},"author":8,"featured_media":10624,"comment_status":"open","ping_status":"open","sticky":false,"template":"","format":"standard","meta":{"_monsterinsights_skip_tracking":false,"_monsterinsights_sitenote_active":false,"_monsterinsights_sitenote_note":"","_monsterinsights_sitenote_category":0,"footnotes":""},"categories":[16],"tags":[1853,100],"class_list":["post-10622","post","type-post","status-publish","format-standard","has-post-thumbnail","hentry","category-noticias","tag-denuncia-publica","tag-municipio-de-campo-quijano"],"yoast_head":"<!-- This site is optimized with the Yoast SEO plugin v20.8 - https:\/\/yoast.com\/wordpress\/plugins\/seo\/ -->\n<title>Grave estado de un joven tras misterioso hecho en El Picadero: la familia pide testigos y justicia - RQ 99.9<\/title>\n<meta name=\"description\" content=\"Piden a quienes hayan visto algo o tengan informaci\u00f3n que pueda aportar al esclarecimiento del caso, que se comuniquen con la familia o con la polic\u00eda local.\" \/>\n<meta name=\"robots\" content=\"index, follow, max-snippet:-1, max-image-preview:large, max-video-preview:-1\" \/>\n<link rel=\"canonical\" href=\"https:\/\/nahuelproducciones.com.ar\/radioquijano\/grave-estado-de-un-joven-tras-misterioso-hecho-en-el-picadero-la-familia-pide-testigos-y-justicia\/\" \/>\n<meta property=\"og:locale\" content=\"es_ES\" \/>\n<meta property=\"og:type\" content=\"article\" \/>\n<meta property=\"og:title\" content=\"Grave estado de un joven tras misterioso hecho en El Picadero: la familia pide testigos y justicia - RQ 99.9\" \/>\n<meta property=\"og:description\" content=\"Piden a quienes hayan visto algo o tengan informaci\u00f3n que pueda aportar al esclarecimiento del caso, que se comuniquen con la familia o con la polic\u00eda local.\" \/>\n<meta property=\"og:url\" content=\"https:\/\/nahuelproducciones.com.ar\/radioquijano\/grave-estado-de-un-joven-tras-misterioso-hecho-en-el-picadero-la-familia-pide-testigos-y-justicia\/\" \/>\n<meta property=\"og:site_name\" content=\"RQ 99.9\" \/>\n<meta property=\"article:publisher\" content=\"https:\/\/www.facebook.com\/nahuelproducciones999\/\" \/>\n<meta property=\"article:published_time\" content=\"2025-07-15T16:51:57+00:00\" \/>\n<meta property=\"article:modified_time\" content=\"2025-07-15T23:52:04+00:00\" \/>\n<meta property=\"og:image\" content=\"https:\/\/nahuelproducciones.com.ar\/radioquijano\/wp-content\/uploads\/2025\/07\/WhatsApp-Image-2025-07-14-at-5.57.37-PM-e1752597329853.jpeg\" \/>\n\t<meta property=\"og:image:width\" content=\"700\" \/>\n\t<meta property=\"og:image:height\" content=\"1045\" \/>\n\t<meta property=\"og:image:type\" content=\"image\/jpeg\" \/>\n<meta name=\"author\" content=\"Cecilia Pastrana\" \/>\n<meta name=\"twitter:card\" content=\"summary_large_image\" \/>\n<meta name=\"twitter:creator\" content=\"@nahuproduciones\" \/>\n<meta name=\"twitter:site\" content=\"@nahuproduciones\" \/>\n<meta name=\"twitter:label1\" content=\"Escrito por\" \/>\n\t<meta name=\"twitter:data1\" content=\"Cecilia Pastrana\" \/>\n\t<meta name=\"twitter:label2\" content=\"Tiempo de lectura\" \/>\n\t<meta name=\"twitter:data2\" content=\"2 minutos\" \/>\n<script type=\"application\/ld+json\" class=\"yoast-schema-graph\">{\"@context\":\"https:\/\/schema.org\",\"@graph\":[{\"@type\":\"WebPage\",\"@id\":\"https:\/\/nahuelproducciones.com.ar\/radioquijano\/grave-estado-de-un-joven-tras-misterioso-hecho-en-el-picadero-la-familia-pide-testigos-y-justicia\/\",\"url\":\"https:\/\/nahuelproducciones.com.ar\/radioquijano\/grave-estado-de-un-joven-tras-misterioso-hecho-en-el-picadero-la-familia-pide-testigos-y-justicia\/\",\"name\":\"Grave estado de un joven tras misterioso hecho en El Picadero: la familia pide testigos y justicia - RQ 99.9\",\"isPartOf\":{\"@id\":\"https:\/\/nahuelproducciones.com.ar\/radioquijano\/#website\"},\"datePublished\":\"2025-07-15T16:51:57+00:00\",\"dateModified\":\"2025-07-15T23:52:04+00:00\",\"author\":{\"@id\":\"https:\/\/nahuelproducciones.com.ar\/radioquijano\/#\/schema\/person\/e8a4f939e2cb487fe6d0c54042c9d32c\"},\"description\":\"Piden a quienes hayan visto algo o tengan informaci\u00f3n que pueda aportar al esclarecimiento del caso, que se comuniquen con la familia o con la polic\u00eda local.\",\"breadcrumb\":{\"@id\":\"https:\/\/nahuelproducciones.com.ar\/radioquijano\/grave-estado-de-un-joven-tras-misterioso-hecho-en-el-picadero-la-familia-pide-testigos-y-justicia\/#breadcrumb\"},\"inLanguage\":\"es\",\"potentialAction\":[{\"@type\":\"ReadAction\",\"target\":[\"https:\/\/nahuelproducciones.com.ar\/radioquijano\/grave-estado-de-un-joven-tras-misterioso-hecho-en-el-picadero-la-familia-pide-testigos-y-justicia\/\"]}]},{\"@type\":\"BreadcrumbList\",\"@id\":\"https:\/\/nahuelproducciones.com.ar\/radioquijano\/grave-estado-de-un-joven-tras-misterioso-hecho-en-el-picadero-la-familia-pide-testigos-y-justicia\/#breadcrumb\",\"itemListElement\":[{\"@type\":\"ListItem\",\"position\":1,\"name\":\"Portada\",\"item\":\"https:\/\/nahuelproducciones.com.ar\/radioquijano\/\"},{\"@type\":\"ListItem\",\"position\":2,\"name\":\"Grave estado de un joven tras misterioso hecho en El Picadero: la familia pide testigos y justicia\"}]},{\"@type\":\"WebSite\",\"@id\":\"https:\/\/nahuelproducciones.com.ar\/radioquijano\/#website\",\"url\":\"https:\/\/nahuelproducciones.com.ar\/radioquijano\/\",\"name\":\"RQ 99.9\",\"description\":\"Radio Quijano 99.9 MHz\",\"potentialAction\":[{\"@type\":\"SearchAction\",\"target\":{\"@type\":\"EntryPoint\",\"urlTemplate\":\"https:\/\/nahuelproducciones.com.ar\/radioquijano\/?s={search_term_string}\"},\"query-input\":\"required name=search_term_string\"}],\"inLanguage\":\"es\"},{\"@type\":\"Person\",\"@id\":\"https:\/\/nahuelproducciones.com.ar\/radioquijano\/#\/schema\/person\/e8a4f939e2cb487fe6d0c54042c9d32c\",\"name\":\"Cecilia Pastrana\",\"image\":{\"@type\":\"ImageObject\",\"inLanguage\":\"es\",\"@id\":\"https:\/\/nahuelproducciones.com.ar\/radioquijano\/#\/schema\/person\/image\/\",\"url\":\"https:\/\/secure.gravatar.com\/avatar\/661a3ef63a8488d4f2794ed44af8cf71420f7e106f3072c40125114df5157749?s=96&d=mm&r=g\",\"contentUrl\":\"https:\/\/secure.gravatar.com\/avatar\/661a3ef63a8488d4f2794ed44af8cf71420f7e106f3072c40125114df5157749?s=96&d=mm&r=g\",\"caption\":\"Cecilia Pastrana\"},\"sameAs\":[\"cecy\"],\"url\":\"https:\/\/nahuelproducciones.com.ar\/radioquijano\/author\/cecy\/\"}]}<\/script>\n<!-- \/ Yoast SEO plugin. -->","yoast_head_json":{"title":"Grave estado de un joven tras misterioso hecho en El Picadero: la familia pide testigos y justicia - RQ 99.9","description":"Piden a quienes hayan visto algo o tengan informaci\u00f3n que pueda aportar al esclarecimiento del caso, que se comuniquen con la familia o con la polic\u00eda local.","robots":{"index":"index","follow":"follow","max-snippet":"max-snippet:-1","max-image-preview":"max-image-preview:large","max-video-preview":"max-video-preview:-1"},"canonical":"https:\/\/nahuelproducciones.com.ar\/radioquijano\/grave-estado-de-un-joven-tras-misterioso-hecho-en-el-picadero-la-familia-pide-testigos-y-justicia\/","og_locale":"es_ES","og_type":"article","og_title":"Grave estado de un joven tras misterioso hecho en El Picadero: la familia pide testigos y justicia - RQ 99.9","og_description":"Piden a quienes hayan visto algo o tengan informaci\u00f3n que pueda aportar al esclarecimiento del caso, que se comuniquen con la familia o con la polic\u00eda local.","og_url":"https:\/\/nahuelproducciones.com.ar\/radioquijano\/grave-estado-de-un-joven-tras-misterioso-hecho-en-el-picadero-la-familia-pide-testigos-y-justicia\/","og_site_name":"RQ 99.9","article_publisher":"https:\/\/www.facebook.com\/nahuelproducciones999\/","article_published_time":"2025-07-15T16:51:57+00:00","article_modified_time":"2025-07-15T23:52:04+00:00","og_image":[{"width":700,"height":1045,"url":"https:\/\/nahuelproducciones.com.ar\/radioquijano\/wp-content\/uploads\/2025\/07\/WhatsApp-Image-2025-07-14-at-5.57.37-PM-e1752597329853.jpeg","type":"image\/jpeg"}],"author":"Cecilia Pastrana","twitter_card":"summary_large_image","twitter_creator":"@nahuproduciones","twitter_site":"@nahuproduciones","twitter_misc":{"Escrito por":"Cecilia Pastrana","Tiempo de lectura":"2 minutos"},"schema":{"@context":"https:\/\/schema.org","@graph":[{"@type":"WebPage","@id":"https:\/\/nahuelproducciones.com.ar\/radioquijano\/grave-estado-de-un-joven-tras-misterioso-hecho-en-el-picadero-la-familia-pide-testigos-y-justicia\/","url":"https:\/\/nahuelproducciones.com.ar\/radioquijano\/grave-estado-de-un-joven-tras-misterioso-hecho-en-el-picadero-la-familia-pide-testigos-y-justicia\/","name":"Grave estado de un joven tras misterioso hecho en El Picadero: la familia pide testigos y justicia - RQ 99.9","isPartOf":{"@id":"https:\/\/nahuelproducciones.com.ar\/radioquijano\/#website"},"datePublished":"2025-07-15T16:51:57+00:00","dateModified":"2025-07-15T23:52:04+00:00","author":{"@id":"https:\/\/nahuelproducciones.com.ar\/radioquijano\/#\/schema\/person\/e8a4f939e2cb487fe6d0c54042c9d32c"},"description":"Piden a quienes hayan visto algo o tengan informaci\u00f3n que pueda aportar al esclarecimiento del caso, que se comuniquen con la familia o con la polic\u00eda local.","breadcrumb":{"@id":"https:\/\/nahuelproducciones.com.ar\/radioquijano\/grave-estado-de-un-joven-tras-misterioso-hecho-en-el-picadero-la-familia-pide-testigos-y-justicia\/#breadcrumb"},"inLanguage":"es","potentialAction":[{"@type":"ReadAction","target":["https:\/\/nahuelproducciones.com.ar\/radioquijano\/grave-estado-de-un-joven-tras-misterioso-hecho-en-el-picadero-la-familia-pide-testigos-y-justicia\/"]}]},{"@type":"BreadcrumbList","@id":"https:\/\/nahuelproducciones.com.ar\/radioquijano\/grave-estado-de-un-joven-tras-misterioso-hecho-en-el-picadero-la-familia-pide-testigos-y-justicia\/#breadcrumb","itemListElement":[{"@type":"ListItem","position":1,"name":"Portada","item":"https:\/\/nahuelproducciones.com.ar\/radioquijano\/"},{"@type":"ListItem","position":2,"name":"Grave estado de un joven tras misterioso hecho en El Picadero: la familia pide testigos y justicia"}]},{"@type":"WebSite","@id":"https:\/\/nahuelproducciones.com.ar\/radioquijano\/#website","url":"https:\/\/nahuelproducciones.com.ar\/radioquijano\/","name":"RQ 99.9","description":"Radio Quijano 99.9 MHz","potentialAction":[{"@type":"SearchAction","target":{"@type":"EntryPoint","urlTemplate":"https:\/\/nahuelproducciones.com.ar\/radioquijano\/?s={search_term_string}"},"query-input":"required name=search_term_string"}],"inLanguage":"es"},{"@type":"Person","@id":"https:\/\/nahuelproducciones.com.ar\/radioquijano\/#\/schema\/person\/e8a4f939e2cb487fe6d0c54042c9d32c","name":"Cecilia Pastrana","image":{"@type":"ImageObject","inLanguage":"es","@id":"https:\/\/nahuelproducciones.com.ar\/radioquijano\/#\/schema\/person\/image\/","url":"https:\/\/secure.gravatar.com\/avatar\/661a3ef63a8488d4f2794ed44af8cf71420f7e106f3072c40125114df5157749?s=96&d=mm&r=g","contentUrl":"https:\/\/secure.gravatar.com\/avatar\/661a3ef63a8488d4f2794ed44af8cf71420f7e106f3072c40125114df5157749?s=96&d=mm&r=g","caption":"Cecilia Pastrana"},"sameAs":["cecy"],"url":"https:\/\/nahuelproducciones.com.ar\/radioquijano\/author\/cecy\/"}]}},"_links":{"self":[{"href":"https:\/\/nahuelproducciones.com.ar\/radioquijano\/wp-json\/wp\/v2\/posts\/10622","targetHints":{"allow":["GET"]}}],"collection":[{"href":"https:\/\/nahuelproducciones.com.ar\/radioquijano\/wp-json\/wp\/v2\/posts"}],"about":[{"href":"https:\/\/nahuelproducciones.com.ar\/radioquijano\/wp-json\/wp\/v2\/types\/post"}],"author":[{"embeddable":true,"href":"https:\/\/nahuelproducciones.com.ar\/radioquijano\/wp-json\/wp\/v2\/users\/8"}],"replies":[{"embeddable":true,"href":"https:\/\/nahuelproducciones.com.ar\/radioquijano\/wp-json\/wp\/v2\/comments?post=10622"}],"version-history":[{"count":2,"href":"https:\/\/nahuelproducciones.com.ar\/radioquijano\/wp-json\/wp\/v2\/posts\/10622\/revisions"}],"predecessor-version":[{"id":10667,"href":"https:\/\/nahuelproducciones.com.ar\/radioquijano\/wp-json\/wp\/v2\/posts\/10622\/revisions\/10667"}],"wp:featuredmedia":[{"embeddable":true,"href":"https:\/\/nahuelproducciones.com.ar\/radioquijano\/wp-json\/wp\/v2\/media\/10624"}],"wp:attachment":[{"href":"https:\/\/nahuelproducciones.com.ar\/radioquijano\/wp-json\/wp\/v2\/media?parent=10622"}],"wp:term":[{"taxonomy":"category","embeddable":true,"href":"https:\/\/nahuelproducciones.com.ar\/radioquijano\/wp-json\/wp\/v2\/categories?post=10622"},{"taxonomy":"post_tag","embeddable":true,"href":"https:\/\/nahuelproducciones.com.ar\/radioquijano\/wp-json\/wp\/v2\/tags?post=10622"}],"curies":[{"name":"wp","href":"https:\/\/api.w.org\/{rel}","templated":true}]}}