{"id":1063,"date":"2021-06-18T02:45:50","date_gmt":"2021-06-18T05:45:50","guid":{"rendered":"https:\/\/nahuelproducciones.com.ar\/radioquijano\/?p=1063"},"modified":"2021-06-18T02:58:07","modified_gmt":"2021-06-18T05:58:07","slug":"interpelacion-al-secretario-de-obras-publicas-de-la-municipalidad-de-campo-quijano","status":"publish","type":"post","link":"https:\/\/nahuelproducciones.com.ar\/radioquijano\/interpelacion-al-secretario-de-obras-publicas-de-la-municipalidad-de-campo-quijano\/","title":{"rendered":"Interpelaci\u00f3n al secretario de Obras P\u00fablicas de la municipalidad de Campo Quijano"},"content":{"rendered":"\n<p>El Concejo Deliberante del municipio de Campo Quijano aprob\u00f3 por unanimidad el pedido de interpelaci\u00f3n al Ing. Federico Schenzle, quien es responsable del \u00e1rea de Obras P\u00fablicas del municipio.<\/p>\n\n\n\n<p>Sesi\u00f3n ordinaria que se llev\u00f3 adelante el d\u00eda 16 de junio en la cual se vot\u00f3 en forma un\u00e1nime la desici\u00f3n de llevar al recinto el d\u00eda 2 de julio del presente a\u00f1o a Feferico Shenzle a fin de que pueda responder y presentar documentaci\u00f3n que el Concejo Deliberante ha solicitado mediante informes al Ejecutivo Municipal y que hasta la fecha no ha respondido.<\/p>\n\n\n\n<p>Cabe destacar que el proyecto de la interpelaci\u00f3n al funcionario p\u00fablico fue firmado y presentado por los ediles, Emanuel Viberos, Ren\u00e9 Rivera, Juli\u00e1n Quispe y Ariel Gallardo.<\/p>\n\n\n\n<p>El secrtario de Obras y Servicios P\u00fablicos de la Municipalidad de Campo Quijano deber\u00e1 responder el siguiente cuestionario:<\/p>\n\n\n\n<div class=\"wp-block-file\"><a href=\"https:\/\/nahuelproducciones.com.ar\/radioquijano\/wp-content\/uploads\/2021\/06\/Interpelacion-Sec-de-Obras-Publicas-MCQ.pdf\">Proyecto de Interpelaci\u00f3n Sec-de-Obras-Publicas-MCQ<\/a><a href=\"https:\/\/nahuelproducciones.com.ar\/radioquijano\/wp-content\/uploads\/2021\/06\/Interpelacion-Sec-de-Obras-Publicas-MCQ.pdf\" class=\"wp-block-file__button\" download>Descarga<\/a><\/div>\n\n\n\n<div class=\"wp-block-image\"><figure class=\"aligncenter size-large is-resized\"><img loading=\"lazy\" decoding=\"async\" src=\"https:\/\/nahuelproducciones.com.ar\/radioquijano\/wp-content\/uploads\/2021\/06\/150896352_271205837715436_7951933305997414455_o.jpg\" alt=\"\" class=\"wp-image-1068\" width=\"562\" height=\"281\" srcset=\"https:\/\/nahuelproducciones.com.ar\/radioquijano\/wp-content\/uploads\/2021\/06\/150896352_271205837715436_7951933305997414455_o.jpg 700w, https:\/\/nahuelproducciones.com.ar\/radioquijano\/wp-content\/uploads\/2021\/06\/150896352_271205837715436_7951933305997414455_o-300x150.jpg 300w, https:\/\/nahuelproducciones.com.ar\/radioquijano\/wp-content\/uploads\/2021\/06\/150896352_271205837715436_7951933305997414455_o-150x75.jpg 150w\" sizes=\"auto, (max-width: 562px) 100vw, 562px\" \/><figcaption>Sec. Obras y Serv. P\u00fablicos MCQ junto al Int. Carlos Folloni<\/figcaption><\/figure><\/div>\n\n\n\n<p class=\"has-text-align-center\"><strong>ANEXO I<\/strong><\/p>\n\n\n\n<p>Cuestionario de informaci\u00f3n requerida por el Concejo Deliberante al Secretario de Obras P\u00fablicas para la convocatoria del&nbsp; viernes 02 de Julio del 2.021.<strong><\/strong><\/p>\n\n\n\n<ol class=\"wp-block-list\" type=\"1\"><li>Solicitar al Departamento Ejecutivo Municipal informe de los inmuebles propiedad del estado municipal:<ol><li>n\u00famero de matr\u00edcula<\/li><\/ol><ol><li>ubicaci\u00f3n \u2013 superficie.<\/li><\/ol><ol><li>estado actual del mismo<\/li><\/ol><ol><li>copia de las cedulas parcelarias certificadas.<\/li><\/ol><\/li><\/ol>\n\n\n\n<ul class=\"wp-block-list\"><li>Solicitar al Departamento Ejecutivo Municipal informe el detalle de loteos o urbanizaciones a cargo del estado Municipal y condici\u00f3n de titularidad de los inmuebles y de los lotes o viviendas adjudicados por el Estado Municipal\u201d:<\/li><\/ul>\n\n\n\n<ol class=\"wp-block-list\" type=\"a\"><li>&nbsp;n\u00f3mina de beneficiarios adjudicatarios<\/li><li>&nbsp;estado del tr\u00e1mite en la direcci\u00f3n general de inmuebles de la provincia&nbsp; tendiente a la regularizaci\u00f3n dominial del loteo. copia certificada de las gestiones realizadas al efecto, subdivisi\u00f3n,&nbsp; escrituraci\u00f3n, planos, factibilidad de servicios, agua, energ\u00eda el\u00e9ctrica, certificado de no inundabilidad, impacto ambiental, etc.-<\/li><li>detalle de los servicios que se prestan a dichos loteos, su periodicidad y costo mensual<\/li><li>Solicitar al Departamento Ejecutivo Municipal&nbsp;&nbsp; informe al Cuerpo Legislativo los relevamientos t\u00e9cnicos y presupuestos de costos de obras y mantenimientos de los sanitarios y provisi\u00f3n de agua potable en los establecimientos educacionales dependientes del Ministerio de Educaci\u00f3n, Ciencia y Tecnolog\u00eda emplazados en la jurisdicci\u00f3n municipal.<\/li><\/ol>\n\n\n\n<ul class=\"wp-block-list\"><li>Solicitar al Departamento Ejecutivo Municipal&nbsp;&nbsp; informe al Cuerpo Legislativo detalle de los fondos depositados por el Gobierno de la Provincia de Salta o el Ministerio de Educaci\u00f3n, Ciencia y Tecnolog\u00eda, para que el Departamento Ejecutivo Municipal&nbsp;&nbsp; ejecute las obras de mantenimiento y reparaci\u00f3n en los establecimientos educacionales del Nivel Inicial, Primario, Secundario y Terciario emplazados en la jurisdicci\u00f3n municipal.<\/li><\/ul>\n\n\n\n<ol class=\"wp-block-list\" type=\"a\"><li>Contrato o convenio firmado con la persona f\u00edsica o jur\u00eddica responsable de las obras<\/li><li>Documentaci\u00f3n que acrediten quienes son los titulares, socios y responsables legales de la empresa o contratista.<\/li><li>Forma de pago y copia de las facturas emitida por la contratista, empresa u organizaci\u00f3n prestadora del servicio.<\/li><li>Solicitar al Departamento Ejecutivo Municipal informe al Cuerpo Legislativo detalle de avance de obras de mantenimientos y reparaci\u00f3n en los establecimientos educacionales del Nivel Inicial, Primario, Secundario y Terciario emplazados en la jurisdicci\u00f3n municipal, e informaci\u00f3n del:<\/li><\/ol>\n\n\n\n<ol class=\"wp-block-list\" type=\"a\"><li>Contrato o convenio firmado con la persona f\u00edsica o jur\u00eddica responsable de las obras<\/li><li>Documentaci\u00f3n que acrediten quienes son los titulares, socios y responsables legales de la empresa o contratista.<\/li><li>Forma de pago y copia de las facturas emitida por la contratista, empresa u organizaci\u00f3n prestadora del servicio.<\/li><\/ol>\n\n\n\n<ul class=\"wp-block-list\"><li>Solicitar al Departamento Ejecutivo Municipal, copia del Convenio firmado entre el Departamento Ejecutivo Municipal&nbsp; y el Gobierno de la Provincia, respecto a la partida asignada para mantenimiento de sanitarios y provisi\u00f3n de agua potable de los establecimientos educativos, que permitiere garantizar el inicio del ciclo lectivo 2021, informar:<\/li><\/ul>\n\n\n\n<ol class=\"wp-block-list\" type=\"a\"><li>Contrato o convenio firmado con la persona f\u00edsica o jur\u00eddica responsable de las obras<\/li><li>Documentaci\u00f3n que acrediten quienes son los titulares, socios y responsables legales de la empresa o contratista.<\/li><li>Forma de pago y copia de las facturas emitida por la contratista, empresa u organizaci\u00f3n prestadora del servicio.<\/li><\/ol>\n\n\n\n<ul class=\"wp-block-list\"><li>&nbsp;Solicitar al Departamento Ejecutivo Municipal informe sobre las viviendas construidas en los predios colindantes al Camping Municipal \u2013 Sal\u00f3n Deportivo \u201cBulila Diez\u201d, sito en calle Isla Malvinas s\/n en Campo Quijano y de las viviendas que se construyen en Villa Lola, La Silleta. Se informe lo que a continuaci\u00f3n se detalle:<\/li><\/ul>\n\n\n\n<ol class=\"wp-block-list\" type=\"a\"><li>Organismo responsable del proyecto de construcci\u00f3n de las viviendas.<\/li><li>Empresa responsable de la construcci\u00f3n y plazo de construcci\u00f3n.<\/li><li>Organismo responsable de la entrega de las viviendas.<\/li><li>Fecha de entrega de las viviendas, destino de las viviendas y toda otra informaci\u00f3n \u00fatil que permita clarificar y mejorar la informaci\u00f3n del proyecto en cuesti\u00f3n.<\/li><li>Proyecto T\u00e9cnico de obra<\/li><li>Tiempo de ejecuci\u00f3n de obras.<\/li><li>Estado de avance de obra, certificaciones de ejecuciones de obras, fecha de cumplimento o terminaci\u00f3n de obras.<\/li><\/ol>\n\n\n\n<ul class=\"wp-block-list\"><li>Solicitar al Departamento Ejecutivo Municipal informe sobre planes de viviendas sociales que se encuentran a su cargo, el estado actual de los mismos y toda otra informaci\u00f3n \u00fatil que permita clarificar la realidad habitacional de nuestro municipio. Se informe:<\/li><\/ul>\n\n\n\n<ol class=\"wp-block-list\" type=\"a\"><li>Organismo responsable del proyecto de construcci\u00f3n de las viviendas.<\/li><li>Empresa responsable de la construcci\u00f3n y plazo de construcci\u00f3n.<\/li><li>Organismo responsable de la entrega de las viviendas.<\/li><li>Fecha de entrega de las viviendas, destino de las viviendas y toda otra informaci\u00f3n \u00fatil que permita clarificar y mejorar la informaci\u00f3n del proyecto en cuesti\u00f3n.<\/li><\/ol>\n\n\n\n<ul class=\"wp-block-list\"><li>Solicitar al Departamento Ejecutivo Municipal informe al Cuerpo Legislativo, a que empresa u organizaci\u00f3n se contrat\u00f3 para cumplir con el desmalezado y corte de pasto en la jurisdicci\u00f3n municipal y se remitan copias de las documentaciones que a continuaci\u00f3n se detallan:<\/li><\/ul>\n\n\n\n<ol class=\"wp-block-list\" type=\"a\"><li>Contrato o convenio firmado<\/li><li>Documentaci\u00f3n que acrediten quienes son los titulares, socios y responsables legales de la empresa o contratista.<\/li><li>Forma de pago y copia de las facturas emitida por la contratista, empresa u organizaci\u00f3n prestadora del servicio.<\/li><li>Proyecto T\u00e9cnico de obra<\/li><li>Estado de avance de obra, certificaciones de ejecuciones de obras, fecha de cumplimento o terminaci\u00f3n de obras.<\/li><\/ol>\n\n\n\n<ol class=\"wp-block-list\" type=\"1\"><li>Solicitar al Departamento Ejecutivo Municipal informe al Cuerpo Legislativo, a que empresa u organizaci\u00f3n se contrat\u00f3 para las ejecuciones de obras p\u00fablicas municipal, vinculadas al alumbrado p\u00fablico de Ruta Provincial N\u00b0 36 y de las calles de las zonas urbanas de las localidades de Campo Quijano y de la Delegaci\u00f3n de La Silleta. Y se remitan copias de las documentaciones que a continuaci\u00f3n se detallan:<\/li><\/ol>\n\n\n\n<ol class=\"wp-block-list\" type=\"a\"><li>Contrato o convenio firmado<\/li><li>Documentaci\u00f3n que acrediten quienes son los titulares, socios y responsables legales de la empresa o contratista.<\/li><li>Forma de pago y copia de las facturas emitida por la contratista, empresa u organizaci\u00f3n prestadora del servicio.<\/li><li>Proyecto T\u00e9cnico de obra<\/li><li>Tiempo de ejecuci\u00f3n de obras.<\/li><li>Estado de avance de obra, certificaciones de ejecuciones de obras, fecha de cumplimento o terminaci\u00f3n de obras.<\/li><\/ol>\n\n\n\n<ol class=\"wp-block-list\" type=\"1\"><li>Solicitar al Departamento Ejecutivo Municipal informe al Cuerpo Legislativo, a que empresa u organizaci\u00f3n se contrat\u00f3 para las ejecuciones de obras p\u00fablicas municipal, vinculadas a la adquisici\u00f3n de equipamiento el\u00e9ctrico para el tel\u00f3n el\u00e9ctrico u otro sistema, adquirido para el destino de la Casa de la Cultura de Campo Quijano y se remitan copias de las documentaciones que a continuaci\u00f3n se detallan:<\/li><\/ol>\n\n\n\n<ol class=\"wp-block-list\" type=\"a\"><li>Contrato o convenio firmado<\/li><li>Documentaci\u00f3n que acrediten quienes son los titulares, socios y responsables legales de la empresa o contratista.<\/li><li>Forma de pago y copia de las facturas emitida por la contratista, empresa u organizaci\u00f3n prestadora del servicio.<\/li><\/ol>\n\n\n\n<ol class=\"wp-block-list\" type=\"1\"><li>Solicitar al Departamento Ejecutivo Municipal informe al Cuerpo Legislativo, a que empresa u organizaci\u00f3n se contrat\u00f3 para las ejecuciones de obras de adoquinado de las calles del Barrio El Sol, las&nbsp; de calle San Mart\u00edn y calle Hip\u00f3lito Yrigoyen, ambas de la localidad de Campo Quijano&nbsp; y se remitan copias de las documentaciones que a continuaci\u00f3n se detallan:<\/li><\/ol>\n\n\n\n<ol class=\"wp-block-list\" type=\"a\"><li>Contrato o convenio firmado<\/li><li>Documentaci\u00f3n que acrediten quienes son los titulares, socios y responsables legales de la empresa o contratista.<\/li><li>Forma de pago y copia de las facturas emitida por la contratista, empresa u organizaci\u00f3n prestadora del servicio.<\/li><li>Proyecto T\u00e9cnico de obra<\/li><li>Tiempo de ejecuci\u00f3n de obras.<\/li><li>Estado de avance de obra, certificaciones de ejecuciones de obras, fecha de cumplimento o terminaci\u00f3n de obras.<\/li><\/ol>\n\n\n\n<ol class=\"wp-block-list\" type=\"1\"><li>Que ante la <strong>fiscal penal Ver\u00f3nica Simesen de Bielke,<\/strong>&nbsp;requiri\u00f3 ante el<strong>&nbsp;Juzgado de Garant\u00edas 6<\/strong>, la elevaci\u00f3n a juicio contra el exintendente de Campo Quijano,&nbsp;<strong>Manuel Cornejo, acusado de los delitos de incumplimiento de los deberes de funcionario p\u00fablico y peculado (cuatro hechos) en concurso real y en car\u00e1cter de autor; c<\/strong>ausa en la cual fue imputada la<strong>&nbsp;exsecretaria de Hacienda de ese municipio, Carmen Rosa M\u00e9ndez, por los delitos de incumplimiento de los deberes de funcionaria p\u00fablica y peculado, en concurso real y en calidad de autora; y que <\/strong>&nbsp;oportunamente mediante requerimiento de la Fiscal\u00eda de Delitos Econ\u00f3mico y Complejos, y con intervenci\u00f3n del Juzgado se orden\u00f3 recuperar los bienes que faltaban (las maquinarias y equipos). Bienes que quedaron a cargo del Departamento Ejecutivo Municipal, como depositario judicial, para el resguardo y custodia. Solicitar al Departamento Ejecutivo Municipal informe el detalle de:<\/li><\/ol>\n\n\n\n<ol class=\"wp-block-list\" type=\"a\"><li>Veh\u00edculos o veh\u00edculos viales: detalle de Marca, modelo, tipo de veh\u00edculo, dominio, n\u00famero de registro o identificaci\u00f3n, lugar de resguardo y destino u \u00e1rea designada para su uso.<\/li><li>Equipos: Marca, caracter\u00edstica, modelos, n\u00famero de serie o registro, lugar de resguardo y destino u \u00e1rea designada para su uso<\/li><li>Otros bienes: tipo y modelos, caracter\u00edsticas y n\u00fameros de serie o registro, lugar de resguardo y destino u \u00e1rea designada para su uso.<\/li><li>Copia certificada del oficio de entrega por parte de la Justicia Provincial.<\/li><\/ol>\n\n\n\n<p>14. &nbsp;&nbsp;&nbsp;&nbsp;Solicitar al Departamento Ejecutivo Municipal informe al Cuerpo Legislativo, a que empresa u persona f\u00edsica y jur\u00eddica se contrat\u00f3 para alquilar equipamientos viales y transporte de carga para el uso de las distintas tareas operativas del Departamento Ejecutivo Municipal a fin de poder cumplir con sus funciones en la jurisdicci\u00f3n municipal y se remitan copias certificada de las documentaciones que a continuaci\u00f3n se detallan:<\/p>\n\n\n\n<ol class=\"wp-block-list\" type=\"a\"><li>Contrato o convenio firmado<\/li><li>Documentaci\u00f3n que acrediten quienes son los titulares, socios y responsables legales de la empresa o contratista.<\/li><li>Documentaci\u00f3n de los transportes de carga y equipos viales contratados, ya sea en la figura de alquiler o comodato.<\/li><li>Forma de pago y copia de las facturas emitida por la contratista, empresa u organizaci\u00f3n prestadora del servicio.<\/li><li>Informaci\u00f3n del Servicio prestado, destino de uso, \u00e1rea responsable del requerimiento y necesidad de contrataci\u00f3n.<\/li><\/ol>\n\n\n\n<ol class=\"wp-block-list\" type=\"1\"><li>Solicitar al Departamento Ejecutivo Municipal informe sobre el proyecto t\u00e9cnico y proyecto del desarrollo urban\u00edstico del Loteo Municipal 2\u00b0&nbsp; Etapa o Barrios Progreso 2\u00b0 emplazados en RP N\u00b0 36 km. 2,5, correspondiente al inmueble Matricula N\u00b0 13443. Como as\u00ed mismos plazos, duraci\u00f3n, costos del proyecto y quienes ser\u00e1n los responsables en cubrir los costos que genere el proyecto en todas sus etapas.<\/li><\/ol>\n\n\n\n<ol class=\"wp-block-list\" type=\"a\"><li>n\u00f3mina de beneficiarios adjudicatarios<\/li><li>estado del tr\u00e1mite en la direcci\u00f3n general de inmuebles de la provincia tendiente a la regularizaci\u00f3n dominial del loteo. copia certificada de las gestiones realizadas al efecto, subdivisi\u00f3n, escrituraci\u00f3n, planos, factibilidad de servicios, agua, energ\u00eda el\u00e9ctrica, certificado de no inundabilidad, impacto ambiental, etc.-<\/li><li>detalle de los servicios que se prestan a dichos loteos, su periodicidad y costo mensual<\/li><li>Proyecto T\u00e9cnico de obra<\/li><li>Tiempo de ejecuci\u00f3n de obras.<\/li><li>Estado de avance de obra, certificaciones de ejecuciones de obras, fecha de cumplimento o terminaci\u00f3n de obras.<\/li><\/ol>\n\n\n\n<p>16.&nbsp;&nbsp;&nbsp; &nbsp;Solicitar al Departamento Ejecutivo Municipal que \u00e1rea o funcionario municipal est\u00e1 a cargo del desarrollo y del proyecto inmobiliario Loteo Municipal 2\u00b0 Etapa o Barrios Progreso 2\u00b0 correspondiente al inmueble Matricula N\u00b0 13.443.Y remita a este Cuerpo Legislativo copia certificada de los convenios y\/o contratos firmados con los profesionales intervinientes: tales como escribanos p\u00fablicos, agrimensores o ingenieros civiles y gestores ante organismos p\u00fablicos o personas jur\u00eddicas. .<\/p>\n\n\n\n<p>17. &nbsp;&nbsp;&nbsp;&nbsp;Solicitar al Departamento Ejecutivo Municipal informe al Cuerpo Legislativo, a que empresa u persona f\u00edsica y jur\u00eddica se contrat\u00f3 para ejecutar las obras de refacci\u00f3n o manteniendo de calle Huaytiquina entre Pasaje Gauchos de G\u00fcemes y calle Buenos, y se remitan copias certificada de las documentaciones que a continuaci\u00f3n se detallan:<\/p>\n\n\n\n<ol class=\"wp-block-list\" type=\"a\"><li>Contrato o convenio firmado<\/li><li>Documentaci\u00f3n que acrediten quienes son los titulares, socios y responsables legales de la empresa o contratista.<\/li><li>Documentaci\u00f3n de los transportes de carga y equipos viales contratados, ya sea en la figura de alquiler o comodato.<\/li><li>Forma de pago y copia de las facturas emitida por la contratista, empresa u organizaci\u00f3n prestadora del servicio.<\/li><li>Informaci\u00f3n del Servicio prestado, destino de uso, \u00e1rea responsable del requerimiento y necesidad de contrataci\u00f3n.<\/li><li>Proyecto T\u00e9cnico de obra<\/li><li>Tiempo de ejecuci\u00f3n de obras.<\/li><li>Estado de avance de obra, certificaciones de ejecuciones de obras, fecha de cumplimento o terminaci\u00f3n de obras.<\/li><li>Financiamiento para el pago de las obras a ejecutar en el proyecto.<\/li><\/ol>\n\n\n\n<p>18. &nbsp;&nbsp;&nbsp;&nbsp;Solicitar al Departamento Ejecutivo Municipal informe al Cuerpo Legislativo, a que empresa u organizaci\u00f3n se contrat\u00f3 para las ejecuciones de obras del predio de Feria emplazado en inmueble sobre calle Alberdi frente al centro c\u00edvico municipal y se remitan copias de las documentaciones que a continuaci\u00f3n se detallan:<\/p>\n\n\n\n<ol class=\"wp-block-list\" type=\"a\"><li>Contrato o convenio firmado<\/li><li>Documentaci\u00f3n que acrediten quienes son los titulares, socios y responsables legales de la empresa o contratista.<\/li><li>Forma de pago y copia de las facturas emitida por la contratista, empresa u organizaci\u00f3n prestadora del servicio.<\/li><li>Proyecto T\u00e9cnico de obra<\/li><li>Tiempo de ejecuci\u00f3n de obras.<\/li><li>Estado de avance de obra, certificaciones de ejecuciones de obras, fecha de cumplimento o terminaci\u00f3n de obras.<\/li><\/ol>\n\n\n\n<p>19. &nbsp;&nbsp;&nbsp;&nbsp;&nbsp;&nbsp;Solicitar al Departamento Ejecutivo Municipal informe al Cuerpo Legislativo:<\/p>\n\n\n\n<p>a. &nbsp;&nbsp;&nbsp;&nbsp;&nbsp;&nbsp;&nbsp;Detalle de personal contratado por las empresas, personas f\u00edsicas o jur\u00eddicas responsables de las ejecuciones de las obras publicas a cargo del Municipio, sean estas de financiamiento municipal, provincial o nacional.<\/p>\n\n\n\n<p>&nbsp;b.&nbsp;&nbsp;&nbsp;&nbsp;&nbsp;&nbsp;&nbsp; &nbsp;Porcentaje de contrataci\u00f3n de mano de obra local.<\/p>\n\n\n\n<p><\/p>\n\n\n\n<p><\/p>\n","protected":false},"excerpt":{"rendered":"<p>El Concejo Deliberante del municipio de Campo Quijano aprob\u00f3 por unanimidad el pedido de interpelaci\u00f3n al Ing. Federico Schenzle, quien es responsable del \u00e1rea de Obras P\u00fablicas del municipio. Sesi\u00f3n ordinaria que se llev\u00f3 adelante el d\u00eda 16 de junio en la cual se vot\u00f3 en forma un\u00e1nime la desici\u00f3n de llevar al recinto el [&hellip;]<\/p>\n","protected":false},"author":6,"featured_media":1065,"comment_status":"open","ping_status":"open","sticky":false,"template":"","format":"standard","meta":{"_monsterinsights_skip_tracking":false,"_monsterinsights_sitenote_active":false,"_monsterinsights_sitenote_note":"","_monsterinsights_sitenote_category":0,"footnotes":""},"categories":[16],"tags":[73,36,103,107,104,106,71,105],"class_list":["post-1063","post","type-post","status-publish","format-standard","has-post-thumbnail","hentry","category-noticias","tag-ariel-gallardo","tag-campo-quijano","tag-concejo-deliberante-de-campo-quijan-o","tag-intendente-carlos-folloni","tag-interpelacion","tag-mcq","tag-municipalidad-de-campo-quijano","tag-obras-publicas"],"yoast_head":"<!-- This site is optimized with the Yoast SEO plugin v20.8 - https:\/\/yoast.com\/wordpress\/plugins\/seo\/ -->\n<title>Interpelaci\u00f3n al secretario de Obras P\u00fablicas de la municipalidad de Campo Quijano - RQ 99.9<\/title>\n<meta name=\"description\" content=\"Interpelaci\u00f3n al secretario de Obras P\u00fablicas de la municipalidad de Campo Quijano\" \/>\n<meta name=\"robots\" content=\"index, follow, max-snippet:-1, max-image-preview:large, max-video-preview:-1\" \/>\n<link rel=\"canonical\" href=\"https:\/\/nahuelproducciones.com.ar\/radioquijano\/interpelacion-al-secretario-de-obras-publicas-de-la-municipalidad-de-campo-quijano\/\" \/>\n<meta property=\"og:locale\" content=\"es_ES\" \/>\n<meta property=\"og:type\" content=\"article\" \/>\n<meta property=\"og:title\" content=\"Interpelaci\u00f3n al secretario de Obras P\u00fablicas de la municipalidad de Campo Quijano - RQ 99.9\" \/>\n<meta property=\"og:description\" content=\"Interpelaci\u00f3n al secretario de Obras P\u00fablicas de la municipalidad de Campo Quijano\" \/>\n<meta property=\"og:url\" content=\"https:\/\/nahuelproducciones.com.ar\/radioquijano\/interpelacion-al-secretario-de-obras-publicas-de-la-municipalidad-de-campo-quijano\/\" \/>\n<meta property=\"og:site_name\" content=\"RQ 99.9\" \/>\n<meta property=\"article:publisher\" content=\"https:\/\/www.facebook.com\/nahuelproducciones999\/\" \/>\n<meta property=\"article:published_time\" content=\"2021-06-18T05:45:50+00:00\" \/>\n<meta property=\"article:modified_time\" content=\"2021-06-18T05:58:07+00:00\" \/>\n<meta property=\"og:image\" content=\"https:\/\/nahuelproducciones.com.ar\/radioquijano\/wp-content\/uploads\/2021\/06\/Sec-Obras-y-Serv-Publicos-Ing-Federico-Schenzle.jpg\" \/>\n\t<meta property=\"og:image:width\" content=\"700\" \/>\n\t<meta property=\"og:image:height\" content=\"350\" \/>\n\t<meta property=\"og:image:type\" content=\"image\/jpeg\" \/>\n<meta name=\"author\" content=\"Ricardo Guzman\" \/>\n<meta name=\"twitter:card\" content=\"summary_large_image\" \/>\n<meta name=\"twitter:creator\" content=\"@nahuproduciones\" \/>\n<meta name=\"twitter:site\" content=\"@nahuproduciones\" \/>\n<meta name=\"twitter:label1\" content=\"Escrito por\" \/>\n\t<meta name=\"twitter:data1\" content=\"Ricardo Guzman\" \/>\n\t<meta name=\"twitter:label2\" content=\"Tiempo de lectura\" \/>\n\t<meta name=\"twitter:data2\" content=\"10 minutos\" \/>\n<script type=\"application\/ld+json\" class=\"yoast-schema-graph\">{\"@context\":\"https:\/\/schema.org\",\"@graph\":[{\"@type\":\"WebPage\",\"@id\":\"https:\/\/nahuelproducciones.com.ar\/radioquijano\/interpelacion-al-secretario-de-obras-publicas-de-la-municipalidad-de-campo-quijano\/\",\"url\":\"https:\/\/nahuelproducciones.com.ar\/radioquijano\/interpelacion-al-secretario-de-obras-publicas-de-la-municipalidad-de-campo-quijano\/\",\"name\":\"Interpelaci\u00f3n al secretario de Obras P\u00fablicas de la municipalidad de Campo Quijano - RQ 99.9\",\"isPartOf\":{\"@id\":\"https:\/\/nahuelproducciones.com.ar\/radioquijano\/#website\"},\"datePublished\":\"2021-06-18T05:45:50+00:00\",\"dateModified\":\"2021-06-18T05:58:07+00:00\",\"author\":{\"@id\":\"https:\/\/nahuelproducciones.com.ar\/radioquijano\/#\/schema\/person\/b9b81a110cbdf07949e2cd02d478ab9d\"},\"description\":\"Interpelaci\u00f3n al secretario de Obras P\u00fablicas de la municipalidad de Campo Quijano\",\"breadcrumb\":{\"@id\":\"https:\/\/nahuelproducciones.com.ar\/radioquijano\/interpelacion-al-secretario-de-obras-publicas-de-la-municipalidad-de-campo-quijano\/#breadcrumb\"},\"inLanguage\":\"es\",\"potentialAction\":[{\"@type\":\"ReadAction\",\"target\":[\"https:\/\/nahuelproducciones.com.ar\/radioquijano\/interpelacion-al-secretario-de-obras-publicas-de-la-municipalidad-de-campo-quijano\/\"]}]},{\"@type\":\"BreadcrumbList\",\"@id\":\"https:\/\/nahuelproducciones.com.ar\/radioquijano\/interpelacion-al-secretario-de-obras-publicas-de-la-municipalidad-de-campo-quijano\/#breadcrumb\",\"itemListElement\":[{\"@type\":\"ListItem\",\"position\":1,\"name\":\"Portada\",\"item\":\"https:\/\/nahuelproducciones.com.ar\/radioquijano\/\"},{\"@type\":\"ListItem\",\"position\":2,\"name\":\"Interpelaci\u00f3n al secretario de Obras P\u00fablicas de la municipalidad de Campo Quijano\"}]},{\"@type\":\"WebSite\",\"@id\":\"https:\/\/nahuelproducciones.com.ar\/radioquijano\/#website\",\"url\":\"https:\/\/nahuelproducciones.com.ar\/radioquijano\/\",\"name\":\"RQ 99.9\",\"description\":\"Radio Quijano 99.9 MHz\",\"potentialAction\":[{\"@type\":\"SearchAction\",\"target\":{\"@type\":\"EntryPoint\",\"urlTemplate\":\"https:\/\/nahuelproducciones.com.ar\/radioquijano\/?s={search_term_string}\"},\"query-input\":\"required name=search_term_string\"}],\"inLanguage\":\"es\"},{\"@type\":\"Person\",\"@id\":\"https:\/\/nahuelproducciones.com.ar\/radioquijano\/#\/schema\/person\/b9b81a110cbdf07949e2cd02d478ab9d\",\"name\":\"Ricardo Guzman\",\"image\":{\"@type\":\"ImageObject\",\"inLanguage\":\"es\",\"@id\":\"https:\/\/nahuelproducciones.com.ar\/radioquijano\/#\/schema\/person\/image\/\",\"url\":\"https:\/\/secure.gravatar.com\/avatar\/a5d582deda251f95dc882b72fc6e7b4854f88bb25c3154519210afffa7d706e8?s=96&d=mm&r=g\",\"contentUrl\":\"https:\/\/secure.gravatar.com\/avatar\/a5d582deda251f95dc882b72fc6e7b4854f88bb25c3154519210afffa7d706e8?s=96&d=mm&r=g\",\"caption\":\"Ricardo Guzman\"},\"url\":\"https:\/\/nahuelproducciones.com.ar\/radioquijano\/author\/cady\/\"}]}<\/script>\n<!-- \/ Yoast SEO plugin. -->","yoast_head_json":{"title":"Interpelaci\u00f3n al secretario de Obras P\u00fablicas de la municipalidad de Campo Quijano - RQ 99.9","description":"Interpelaci\u00f3n al secretario de Obras P\u00fablicas de la municipalidad de Campo Quijano","robots":{"index":"index","follow":"follow","max-snippet":"max-snippet:-1","max-image-preview":"max-image-preview:large","max-video-preview":"max-video-preview:-1"},"canonical":"https:\/\/nahuelproducciones.com.ar\/radioquijano\/interpelacion-al-secretario-de-obras-publicas-de-la-municipalidad-de-campo-quijano\/","og_locale":"es_ES","og_type":"article","og_title":"Interpelaci\u00f3n al secretario de Obras P\u00fablicas de la municipalidad de Campo Quijano - RQ 99.9","og_description":"Interpelaci\u00f3n al secretario de Obras P\u00fablicas de la municipalidad de Campo Quijano","og_url":"https:\/\/nahuelproducciones.com.ar\/radioquijano\/interpelacion-al-secretario-de-obras-publicas-de-la-municipalidad-de-campo-quijano\/","og_site_name":"RQ 99.9","article_publisher":"https:\/\/www.facebook.com\/nahuelproducciones999\/","article_published_time":"2021-06-18T05:45:50+00:00","article_modified_time":"2021-06-18T05:58:07+00:00","og_image":[{"width":700,"height":350,"url":"https:\/\/nahuelproducciones.com.ar\/radioquijano\/wp-content\/uploads\/2021\/06\/Sec-Obras-y-Serv-Publicos-Ing-Federico-Schenzle.jpg","type":"image\/jpeg"}],"author":"Ricardo Guzman","twitter_card":"summary_large_image","twitter_creator":"@nahuproduciones","twitter_site":"@nahuproduciones","twitter_misc":{"Escrito por":"Ricardo Guzman","Tiempo de lectura":"10 minutos"},"schema":{"@context":"https:\/\/schema.org","@graph":[{"@type":"WebPage","@id":"https:\/\/nahuelproducciones.com.ar\/radioquijano\/interpelacion-al-secretario-de-obras-publicas-de-la-municipalidad-de-campo-quijano\/","url":"https:\/\/nahuelproducciones.com.ar\/radioquijano\/interpelacion-al-secretario-de-obras-publicas-de-la-municipalidad-de-campo-quijano\/","name":"Interpelaci\u00f3n al secretario de Obras P\u00fablicas de la municipalidad de Campo Quijano - RQ 99.9","isPartOf":{"@id":"https:\/\/nahuelproducciones.com.ar\/radioquijano\/#website"},"datePublished":"2021-06-18T05:45:50+00:00","dateModified":"2021-06-18T05:58:07+00:00","author":{"@id":"https:\/\/nahuelproducciones.com.ar\/radioquijano\/#\/schema\/person\/b9b81a110cbdf07949e2cd02d478ab9d"},"description":"Interpelaci\u00f3n al secretario de Obras P\u00fablicas de la municipalidad de Campo Quijano","breadcrumb":{"@id":"https:\/\/nahuelproducciones.com.ar\/radioquijano\/interpelacion-al-secretario-de-obras-publicas-de-la-municipalidad-de-campo-quijano\/#breadcrumb"},"inLanguage":"es","potentialAction":[{"@type":"ReadAction","target":["https:\/\/nahuelproducciones.com.ar\/radioquijano\/interpelacion-al-secretario-de-obras-publicas-de-la-municipalidad-de-campo-quijano\/"]}]},{"@type":"BreadcrumbList","@id":"https:\/\/nahuelproducciones.com.ar\/radioquijano\/interpelacion-al-secretario-de-obras-publicas-de-la-municipalidad-de-campo-quijano\/#breadcrumb","itemListElement":[{"@type":"ListItem","position":1,"name":"Portada","item":"https:\/\/nahuelproducciones.com.ar\/radioquijano\/"},{"@type":"ListItem","position":2,"name":"Interpelaci\u00f3n al secretario de Obras P\u00fablicas de la municipalidad de Campo Quijano"}]},{"@type":"WebSite","@id":"https:\/\/nahuelproducciones.com.ar\/radioquijano\/#website","url":"https:\/\/nahuelproducciones.com.ar\/radioquijano\/","name":"RQ 99.9","description":"Radio Quijano 99.9 MHz","potentialAction":[{"@type":"SearchAction","target":{"@type":"EntryPoint","urlTemplate":"https:\/\/nahuelproducciones.com.ar\/radioquijano\/?s={search_term_string}"},"query-input":"required name=search_term_string"}],"inLanguage":"es"},{"@type":"Person","@id":"https:\/\/nahuelproducciones.com.ar\/radioquijano\/#\/schema\/person\/b9b81a110cbdf07949e2cd02d478ab9d","name":"Ricardo Guzman","image":{"@type":"ImageObject","inLanguage":"es","@id":"https:\/\/nahuelproducciones.com.ar\/radioquijano\/#\/schema\/person\/image\/","url":"https:\/\/secure.gravatar.com\/avatar\/a5d582deda251f95dc882b72fc6e7b4854f88bb25c3154519210afffa7d706e8?s=96&d=mm&r=g","contentUrl":"https:\/\/secure.gravatar.com\/avatar\/a5d582deda251f95dc882b72fc6e7b4854f88bb25c3154519210afffa7d706e8?s=96&d=mm&r=g","caption":"Ricardo Guzman"},"url":"https:\/\/nahuelproducciones.com.ar\/radioquijano\/author\/cady\/"}]}},"_links":{"self":[{"href":"https:\/\/nahuelproducciones.com.ar\/radioquijano\/wp-json\/wp\/v2\/posts\/1063","targetHints":{"allow":["GET"]}}],"collection":[{"href":"https:\/\/nahuelproducciones.com.ar\/radioquijano\/wp-json\/wp\/v2\/posts"}],"about":[{"href":"https:\/\/nahuelproducciones.com.ar\/radioquijano\/wp-json\/wp\/v2\/types\/post"}],"author":[{"embeddable":true,"href":"https:\/\/nahuelproducciones.com.ar\/radioquijano\/wp-json\/wp\/v2\/users\/6"}],"replies":[{"embeddable":true,"href":"https:\/\/nahuelproducciones.com.ar\/radioquijano\/wp-json\/wp\/v2\/comments?post=1063"}],"version-history":[{"count":5,"href":"https:\/\/nahuelproducciones.com.ar\/radioquijano\/wp-json\/wp\/v2\/posts\/1063\/revisions"}],"predecessor-version":[{"id":1075,"href":"https:\/\/nahuelproducciones.com.ar\/radioquijano\/wp-json\/wp\/v2\/posts\/1063\/revisions\/1075"}],"wp:featuredmedia":[{"embeddable":true,"href":"https:\/\/nahuelproducciones.com.ar\/radioquijano\/wp-json\/wp\/v2\/media\/1065"}],"wp:attachment":[{"href":"https:\/\/nahuelproducciones.com.ar\/radioquijano\/wp-json\/wp\/v2\/media?parent=1063"}],"wp:term":[{"taxonomy":"category","embeddable":true,"href":"https:\/\/nahuelproducciones.com.ar\/radioquijano\/wp-json\/wp\/v2\/categories?post=1063"},{"taxonomy":"post_tag","embeddable":true,"href":"https:\/\/nahuelproducciones.com.ar\/radioquijano\/wp-json\/wp\/v2\/tags?post=1063"}],"curies":[{"name":"wp","href":"https:\/\/api.w.org\/{rel}","templated":true}]}}