{"id":10675,"date":"2025-07-16T21:25:13","date_gmt":"2025-07-17T00:25:13","guid":{"rendered":"https:\/\/nahuelproducciones.com.ar\/radioquijano\/?p=10675"},"modified":"2025-07-16T21:40:48","modified_gmt":"2025-07-17T00:40:48","slug":"aclaracion-del-presidente-de-la-agrupacion-rodeo-antenor-sanchez-sobre-el-caso-de-emanuel-vivero","status":"publish","type":"post","link":"https:\/\/nahuelproducciones.com.ar\/radioquijano\/aclaracion-del-presidente-de-la-agrupacion-rodeo-antenor-sanchez-sobre-el-caso-de-emanuel-vivero\/","title":{"rendered":"Caso Emanuel Vivero: Marcos Vilte, presidente de la Agrupaci\u00f3n \u00abRodeo Antenor S\u00e1nchez\u00bb, aclara versiones y deslinda responsabilidades"},"content":{"rendered":"\n<p>Ante la repercusi\u00f3n p\u00fablica del lamentable episodio que involucra al joven Emanuel Vivero, quien contin\u00faa en estado delicado tras ser hallado herido el pasado 9 de julio en Campo Quijano, el presidente de la Agrupaci\u00f3n Gaucha \u00abRodeo Antenor S\u00e1nchez\u00bb, Marcos Vilte, dialog\u00f3 con Radio Quijano para brindar su versi\u00f3n de los hechos y aclarar las dudas surgidas.<\/p>\n\n\n\n<p>Vilte expres\u00f3 que desde diferentes medios de prensa lo han contactado en relaci\u00f3n al accidente, ya que se mencion\u00f3 que ocurri\u00f3 <em>en inmediaciones del picadero<\/em>, predio que pertenece a la agrupaci\u00f3n. Frente a esto, se\u00f1al\u00f3 que <em>la instituci\u00f3n no tuvo participaci\u00f3n en el hecho<\/em> y que <em>no se desarrollaban actividades ese d\u00eda<\/em>, como se ha dado a entender. \u201cEl 9 de julio no hubo ning\u00fan evento. Las actividades en el predio fueron el 5 de julio\u201d, aclar\u00f3.<\/p>\n\n\n\n<p>El dirigente relat\u00f3 que ese d\u00eda, junto a otros miembros de la agrupaci\u00f3n, compartieron un almuerzo en el picadero y se retiraron alrededor de las 17:30 horas, quedando el lugar cerrado bajo llave y con la presencia del sereno. \u201cNadie qued\u00f3 en el predio. A esa hora ya estaba todo cerrado con candado\u201d, asegur\u00f3.<\/p>\n\n\n\n<p>Asimismo, mencion\u00f3 que <em>desconoce c\u00f3mo sucedieron los hechos<\/em> que derivaron en el estado actual del joven. \u201cDicen que Emanuel fue a caballo con otro muchacho cabalgando, pero no sabemos qu\u00e9 pas\u00f3\u201d, indic\u00f3. Agreg\u00f3 que, seg\u00fan le informaron, <em>el joven fue encontrado cerca del predio, pero no dentro del mismo<\/em>.<\/p>\n\n\n\n<p>En di\u00e1logo con la hermana de Emanuel, la Sra. Ivana Flores, Vilte intent\u00f3 llevar tranquilidad y aclarar los hechos. Sin embargo, coment\u00f3 que recibi\u00f3 como respuesta la frase: \u201cEl que nada debe, nada teme\u201d, sin lograr comprender del todo el sentido de sus palabras. \u201cNo queremos sacarnos el lazo de encima, solo decir la verdad. Es muy triste lo que pas\u00f3 y ojal\u00e1 el muchacho se recupere\u201d, manifest\u00f3 con pesar.<\/p>\n\n\n\n<p>Por \u00faltimo, pidi\u00f3 oraciones para el joven y solicit\u00f3 a la Justicia que investigue para que todo salga a la luz. \u201cLa Agrupaci\u00f3n Rodeo Antenor S\u00e1nchez es muy conocida por sus actividades y trayectoria, y por eso queremos dejar en claro que no tuvimos responsabilidad alguna en lo sucedido\u201d, concluy\u00f3.<\/p>\n\n\n\n<p>Escucha la entrevista:<\/p>\n\n\n\n<figure class=\"wp-block-audio\"><audio controls src=\"https:\/\/nahuelproducciones.com.ar\/radioquijano\/wp-content\/uploads\/2025\/07\/16-07-2025-Marcos-Vilte-aclara-que-viveros-no-estuvo-en-el-picadero.mp3\"><\/audio><\/figure>\n\n\n\n<p><\/p>\n","protected":false},"excerpt":{"rendered":"<p>Ante la repercusi\u00f3n p\u00fablica del lamentable episodio que involucra al joven Emanuel Vivero, quien contin\u00faa en estado delicado tras ser hallado herido el pasado 9 de julio en Campo Quijano, el presidente de la Agrupaci\u00f3n Gaucha \u00abRodeo Antenor S\u00e1nchez\u00bb, Marcos Vilte, dialog\u00f3 con Radio Quijano para brindar su versi\u00f3n de los hechos y aclarar las [&hellip;]<\/p>\n","protected":false},"author":8,"featured_media":10677,"comment_status":"open","ping_status":"open","sticky":false,"template":"","format":"standard","meta":{"_monsterinsights_skip_tracking":false,"_monsterinsights_sitenote_active":false,"_monsterinsights_sitenote_note":"","_monsterinsights_sitenote_category":0,"footnotes":""},"categories":[16],"tags":[236,100],"class_list":["post-10675","post","type-post","status-publish","format-standard","has-post-thumbnail","hentry","category-noticias","tag-marcos-vilte","tag-municipio-de-campo-quijano"],"yoast_head":"<!-- This site is optimized with the Yoast SEO plugin v20.8 - https:\/\/yoast.com\/wordpress\/plugins\/seo\/ -->\n<title>Caso Emanuel Vivero: Marcos Vilte, presidente de la Agrupaci\u00f3n &quot;Rodeo Antenor S\u00e1nchez&quot;, aclara versiones y deslinda responsabilidades - RQ 99.9<\/title>\n<meta name=\"description\" content=\"Marcos Vilte solicit\u00f3 a la comunidad que se una en oraci\u00f3n por su pronta recuperaci\u00f3n.\" \/>\n<meta name=\"robots\" content=\"index, follow, max-snippet:-1, max-image-preview:large, max-video-preview:-1\" \/>\n<link rel=\"canonical\" href=\"https:\/\/nahuelproducciones.com.ar\/radioquijano\/aclaracion-del-presidente-de-la-agrupacion-rodeo-antenor-sanchez-sobre-el-caso-de-emanuel-vivero\/\" \/>\n<meta property=\"og:locale\" content=\"es_ES\" \/>\n<meta property=\"og:type\" content=\"article\" \/>\n<meta property=\"og:title\" content=\"Caso Emanuel Vivero: Marcos Vilte, presidente de la Agrupaci\u00f3n &quot;Rodeo Antenor S\u00e1nchez&quot;, aclara versiones y deslinda responsabilidades - RQ 99.9\" \/>\n<meta property=\"og:description\" content=\"Marcos Vilte solicit\u00f3 a la comunidad que se una en oraci\u00f3n por su pronta recuperaci\u00f3n.\" \/>\n<meta property=\"og:url\" content=\"https:\/\/nahuelproducciones.com.ar\/radioquijano\/aclaracion-del-presidente-de-la-agrupacion-rodeo-antenor-sanchez-sobre-el-caso-de-emanuel-vivero\/\" \/>\n<meta property=\"og:site_name\" content=\"RQ 99.9\" \/>\n<meta property=\"article:publisher\" content=\"https:\/\/www.facebook.com\/nahuelproducciones999\/\" \/>\n<meta property=\"article:published_time\" content=\"2025-07-17T00:25:13+00:00\" \/>\n<meta property=\"article:modified_time\" content=\"2025-07-17T00:40:48+00:00\" \/>\n<meta property=\"og:image\" content=\"https:\/\/nahuelproducciones.com.ar\/radioquijano\/wp-content\/uploads\/2025\/07\/WhatsApp-Image-2025-07-16-at-9.15.19-PM.jpeg\" \/>\n\t<meta property=\"og:image:width\" content=\"576\" \/>\n\t<meta property=\"og:image:height\" content=\"730\" \/>\n\t<meta property=\"og:image:type\" content=\"image\/jpeg\" \/>\n<meta name=\"author\" content=\"Cecilia Pastrana\" \/>\n<meta name=\"twitter:card\" content=\"summary_large_image\" \/>\n<meta name=\"twitter:creator\" content=\"@nahuproduciones\" \/>\n<meta name=\"twitter:site\" content=\"@nahuproduciones\" \/>\n<meta name=\"twitter:label1\" content=\"Escrito por\" \/>\n\t<meta name=\"twitter:data1\" content=\"Cecilia Pastrana\" \/>\n\t<meta name=\"twitter:label2\" content=\"Tiempo de lectura\" \/>\n\t<meta name=\"twitter:data2\" content=\"2 minutos\" \/>\n<script type=\"application\/ld+json\" class=\"yoast-schema-graph\">{\"@context\":\"https:\/\/schema.org\",\"@graph\":[{\"@type\":\"WebPage\",\"@id\":\"https:\/\/nahuelproducciones.com.ar\/radioquijano\/aclaracion-del-presidente-de-la-agrupacion-rodeo-antenor-sanchez-sobre-el-caso-de-emanuel-vivero\/\",\"url\":\"https:\/\/nahuelproducciones.com.ar\/radioquijano\/aclaracion-del-presidente-de-la-agrupacion-rodeo-antenor-sanchez-sobre-el-caso-de-emanuel-vivero\/\",\"name\":\"Caso Emanuel Vivero: Marcos Vilte, presidente de la Agrupaci\u00f3n \\\"Rodeo Antenor S\u00e1nchez\\\", aclara versiones y deslinda responsabilidades - RQ 99.9\",\"isPartOf\":{\"@id\":\"https:\/\/nahuelproducciones.com.ar\/radioquijano\/#website\"},\"datePublished\":\"2025-07-17T00:25:13+00:00\",\"dateModified\":\"2025-07-17T00:40:48+00:00\",\"author\":{\"@id\":\"https:\/\/nahuelproducciones.com.ar\/radioquijano\/#\/schema\/person\/e8a4f939e2cb487fe6d0c54042c9d32c\"},\"description\":\"Marcos Vilte solicit\u00f3 a la comunidad que se una en oraci\u00f3n por su pronta recuperaci\u00f3n.\",\"breadcrumb\":{\"@id\":\"https:\/\/nahuelproducciones.com.ar\/radioquijano\/aclaracion-del-presidente-de-la-agrupacion-rodeo-antenor-sanchez-sobre-el-caso-de-emanuel-vivero\/#breadcrumb\"},\"inLanguage\":\"es\",\"potentialAction\":[{\"@type\":\"ReadAction\",\"target\":[\"https:\/\/nahuelproducciones.com.ar\/radioquijano\/aclaracion-del-presidente-de-la-agrupacion-rodeo-antenor-sanchez-sobre-el-caso-de-emanuel-vivero\/\"]}]},{\"@type\":\"BreadcrumbList\",\"@id\":\"https:\/\/nahuelproducciones.com.ar\/radioquijano\/aclaracion-del-presidente-de-la-agrupacion-rodeo-antenor-sanchez-sobre-el-caso-de-emanuel-vivero\/#breadcrumb\",\"itemListElement\":[{\"@type\":\"ListItem\",\"position\":1,\"name\":\"Portada\",\"item\":\"https:\/\/nahuelproducciones.com.ar\/radioquijano\/\"},{\"@type\":\"ListItem\",\"position\":2,\"name\":\"Caso Emanuel Vivero: Marcos Vilte, presidente de la Agrupaci\u00f3n &#8220;Rodeo Antenor S\u00e1nchez&#8221;, aclara versiones y deslinda responsabilidades\"}]},{\"@type\":\"WebSite\",\"@id\":\"https:\/\/nahuelproducciones.com.ar\/radioquijano\/#website\",\"url\":\"https:\/\/nahuelproducciones.com.ar\/radioquijano\/\",\"name\":\"RQ 99.9\",\"description\":\"Radio Quijano 99.9 MHz\",\"potentialAction\":[{\"@type\":\"SearchAction\",\"target\":{\"@type\":\"EntryPoint\",\"urlTemplate\":\"https:\/\/nahuelproducciones.com.ar\/radioquijano\/?s={search_term_string}\"},\"query-input\":\"required name=search_term_string\"}],\"inLanguage\":\"es\"},{\"@type\":\"Person\",\"@id\":\"https:\/\/nahuelproducciones.com.ar\/radioquijano\/#\/schema\/person\/e8a4f939e2cb487fe6d0c54042c9d32c\",\"name\":\"Cecilia Pastrana\",\"image\":{\"@type\":\"ImageObject\",\"inLanguage\":\"es\",\"@id\":\"https:\/\/nahuelproducciones.com.ar\/radioquijano\/#\/schema\/person\/image\/\",\"url\":\"https:\/\/secure.gravatar.com\/avatar\/661a3ef63a8488d4f2794ed44af8cf71420f7e106f3072c40125114df5157749?s=96&d=mm&r=g\",\"contentUrl\":\"https:\/\/secure.gravatar.com\/avatar\/661a3ef63a8488d4f2794ed44af8cf71420f7e106f3072c40125114df5157749?s=96&d=mm&r=g\",\"caption\":\"Cecilia Pastrana\"},\"sameAs\":[\"cecy\"],\"url\":\"https:\/\/nahuelproducciones.com.ar\/radioquijano\/author\/cecy\/\"}]}<\/script>\n<!-- \/ Yoast SEO plugin. -->","yoast_head_json":{"title":"Caso Emanuel Vivero: Marcos Vilte, presidente de la Agrupaci\u00f3n \"Rodeo Antenor S\u00e1nchez\", aclara versiones y deslinda responsabilidades - RQ 99.9","description":"Marcos Vilte solicit\u00f3 a la comunidad que se una en oraci\u00f3n por su pronta recuperaci\u00f3n.","robots":{"index":"index","follow":"follow","max-snippet":"max-snippet:-1","max-image-preview":"max-image-preview:large","max-video-preview":"max-video-preview:-1"},"canonical":"https:\/\/nahuelproducciones.com.ar\/radioquijano\/aclaracion-del-presidente-de-la-agrupacion-rodeo-antenor-sanchez-sobre-el-caso-de-emanuel-vivero\/","og_locale":"es_ES","og_type":"article","og_title":"Caso Emanuel Vivero: Marcos Vilte, presidente de la Agrupaci\u00f3n \"Rodeo Antenor S\u00e1nchez\", aclara versiones y deslinda responsabilidades - RQ 99.9","og_description":"Marcos Vilte solicit\u00f3 a la comunidad que se una en oraci\u00f3n por su pronta recuperaci\u00f3n.","og_url":"https:\/\/nahuelproducciones.com.ar\/radioquijano\/aclaracion-del-presidente-de-la-agrupacion-rodeo-antenor-sanchez-sobre-el-caso-de-emanuel-vivero\/","og_site_name":"RQ 99.9","article_publisher":"https:\/\/www.facebook.com\/nahuelproducciones999\/","article_published_time":"2025-07-17T00:25:13+00:00","article_modified_time":"2025-07-17T00:40:48+00:00","og_image":[{"width":576,"height":730,"url":"https:\/\/nahuelproducciones.com.ar\/radioquijano\/wp-content\/uploads\/2025\/07\/WhatsApp-Image-2025-07-16-at-9.15.19-PM.jpeg","type":"image\/jpeg"}],"author":"Cecilia Pastrana","twitter_card":"summary_large_image","twitter_creator":"@nahuproduciones","twitter_site":"@nahuproduciones","twitter_misc":{"Escrito por":"Cecilia Pastrana","Tiempo de lectura":"2 minutos"},"schema":{"@context":"https:\/\/schema.org","@graph":[{"@type":"WebPage","@id":"https:\/\/nahuelproducciones.com.ar\/radioquijano\/aclaracion-del-presidente-de-la-agrupacion-rodeo-antenor-sanchez-sobre-el-caso-de-emanuel-vivero\/","url":"https:\/\/nahuelproducciones.com.ar\/radioquijano\/aclaracion-del-presidente-de-la-agrupacion-rodeo-antenor-sanchez-sobre-el-caso-de-emanuel-vivero\/","name":"Caso Emanuel Vivero: Marcos Vilte, presidente de la Agrupaci\u00f3n \"Rodeo Antenor S\u00e1nchez\", aclara versiones y deslinda responsabilidades - RQ 99.9","isPartOf":{"@id":"https:\/\/nahuelproducciones.com.ar\/radioquijano\/#website"},"datePublished":"2025-07-17T00:25:13+00:00","dateModified":"2025-07-17T00:40:48+00:00","author":{"@id":"https:\/\/nahuelproducciones.com.ar\/radioquijano\/#\/schema\/person\/e8a4f939e2cb487fe6d0c54042c9d32c"},"description":"Marcos Vilte solicit\u00f3 a la comunidad que se una en oraci\u00f3n por su pronta recuperaci\u00f3n.","breadcrumb":{"@id":"https:\/\/nahuelproducciones.com.ar\/radioquijano\/aclaracion-del-presidente-de-la-agrupacion-rodeo-antenor-sanchez-sobre-el-caso-de-emanuel-vivero\/#breadcrumb"},"inLanguage":"es","potentialAction":[{"@type":"ReadAction","target":["https:\/\/nahuelproducciones.com.ar\/radioquijano\/aclaracion-del-presidente-de-la-agrupacion-rodeo-antenor-sanchez-sobre-el-caso-de-emanuel-vivero\/"]}]},{"@type":"BreadcrumbList","@id":"https:\/\/nahuelproducciones.com.ar\/radioquijano\/aclaracion-del-presidente-de-la-agrupacion-rodeo-antenor-sanchez-sobre-el-caso-de-emanuel-vivero\/#breadcrumb","itemListElement":[{"@type":"ListItem","position":1,"name":"Portada","item":"https:\/\/nahuelproducciones.com.ar\/radioquijano\/"},{"@type":"ListItem","position":2,"name":"Caso Emanuel Vivero: Marcos Vilte, presidente de la Agrupaci\u00f3n &#8220;Rodeo Antenor S\u00e1nchez&#8221;, aclara versiones y deslinda responsabilidades"}]},{"@type":"WebSite","@id":"https:\/\/nahuelproducciones.com.ar\/radioquijano\/#website","url":"https:\/\/nahuelproducciones.com.ar\/radioquijano\/","name":"RQ 99.9","description":"Radio Quijano 99.9 MHz","potentialAction":[{"@type":"SearchAction","target":{"@type":"EntryPoint","urlTemplate":"https:\/\/nahuelproducciones.com.ar\/radioquijano\/?s={search_term_string}"},"query-input":"required name=search_term_string"}],"inLanguage":"es"},{"@type":"Person","@id":"https:\/\/nahuelproducciones.com.ar\/radioquijano\/#\/schema\/person\/e8a4f939e2cb487fe6d0c54042c9d32c","name":"Cecilia Pastrana","image":{"@type":"ImageObject","inLanguage":"es","@id":"https:\/\/nahuelproducciones.com.ar\/radioquijano\/#\/schema\/person\/image\/","url":"https:\/\/secure.gravatar.com\/avatar\/661a3ef63a8488d4f2794ed44af8cf71420f7e106f3072c40125114df5157749?s=96&d=mm&r=g","contentUrl":"https:\/\/secure.gravatar.com\/avatar\/661a3ef63a8488d4f2794ed44af8cf71420f7e106f3072c40125114df5157749?s=96&d=mm&r=g","caption":"Cecilia Pastrana"},"sameAs":["cecy"],"url":"https:\/\/nahuelproducciones.com.ar\/radioquijano\/author\/cecy\/"}]}},"_links":{"self":[{"href":"https:\/\/nahuelproducciones.com.ar\/radioquijano\/wp-json\/wp\/v2\/posts\/10675","targetHints":{"allow":["GET"]}}],"collection":[{"href":"https:\/\/nahuelproducciones.com.ar\/radioquijano\/wp-json\/wp\/v2\/posts"}],"about":[{"href":"https:\/\/nahuelproducciones.com.ar\/radioquijano\/wp-json\/wp\/v2\/types\/post"}],"author":[{"embeddable":true,"href":"https:\/\/nahuelproducciones.com.ar\/radioquijano\/wp-json\/wp\/v2\/users\/8"}],"replies":[{"embeddable":true,"href":"https:\/\/nahuelproducciones.com.ar\/radioquijano\/wp-json\/wp\/v2\/comments?post=10675"}],"version-history":[{"count":2,"href":"https:\/\/nahuelproducciones.com.ar\/radioquijano\/wp-json\/wp\/v2\/posts\/10675\/revisions"}],"predecessor-version":[{"id":10680,"href":"https:\/\/nahuelproducciones.com.ar\/radioquijano\/wp-json\/wp\/v2\/posts\/10675\/revisions\/10680"}],"wp:featuredmedia":[{"embeddable":true,"href":"https:\/\/nahuelproducciones.com.ar\/radioquijano\/wp-json\/wp\/v2\/media\/10677"}],"wp:attachment":[{"href":"https:\/\/nahuelproducciones.com.ar\/radioquijano\/wp-json\/wp\/v2\/media?parent=10675"}],"wp:term":[{"taxonomy":"category","embeddable":true,"href":"https:\/\/nahuelproducciones.com.ar\/radioquijano\/wp-json\/wp\/v2\/categories?post=10675"},{"taxonomy":"post_tag","embeddable":true,"href":"https:\/\/nahuelproducciones.com.ar\/radioquijano\/wp-json\/wp\/v2\/tags?post=10675"}],"curies":[{"name":"wp","href":"https:\/\/api.w.org\/{rel}","templated":true}]}}