{"id":10681,"date":"2025-07-17T20:24:19","date_gmt":"2025-07-17T23:24:19","guid":{"rendered":"https:\/\/nahuelproducciones.com.ar\/radioquijano\/?p=10681"},"modified":"2025-07-17T20:24:20","modified_gmt":"2025-07-17T23:24:20","slug":"continua-la-mesa-de-negociacion-salarial-para-el-segundo-semestre-de-2025","status":"publish","type":"post","link":"https:\/\/nahuelproducciones.com.ar\/radioquijano\/continua-la-mesa-de-negociacion-salarial-para-el-segundo-semestre-de-2025\/","title":{"rendered":"Contin\u00faa la mesa de negociaci\u00f3n salarial para el segundo semestre de 2025."},"content":{"rendered":"\n<p>En el marco del di\u00e1logo abierto y permanente que impulsa el Gobierno, se concret\u00f3 una nueva mesa de negociaci\u00f3n con gremios estatales. El encuentro le dio continuidad a las conversaciones iniciadas para analizar la propuesta salarial del 9% presentada por la Provincia para el segundo semestre del a\u00f1o.<br>&nbsp;<br>Los representantes gremiales presentaron los pedidos sectoriales, los que ser\u00e1n analizados por el Ejecutivo.&nbsp;<\/p>\n\n\n\n<p>Los funcionarios y gremios volver\u00e1n a reunirse el jueves pr\u00f3ximo.<\/p>\n\n\n<div class=\"wp-block-image\">\n<figure class=\"aligncenter is-resized\"><a href=\"https:\/\/www.salta.gob.ar\/public\/images\/noticias\/contenidos\/18450-continua-la-mesa-de-negociacion-salarial-para-el-segundo-semestre-de-2025-20250717201129.webp\"><img decoding=\"async\" src=\"https:\/\/www.salta.gob.ar\/public\/images\/noticias\/contenidos\/18450-continua-la-mesa-de-negociacion-salarial-para-el-segundo-semestre-de-2025-20250717201129.webp\" alt=\"Contin\u00faa la mesa de negociaci\u00f3n salarial para el segundo semestre de 2025\" style=\"width:515px;height:auto\"\/><\/a><\/figure><\/div>\n\n<div class=\"wp-block-image\">\n<figure class=\"aligncenter size-large is-resized\"><img loading=\"lazy\" decoding=\"async\" width=\"1024\" height=\"576\" src=\"https:\/\/nahuelproducciones.com.ar\/radioquijano\/wp-content\/uploads\/2025\/07\/13229-continua-la-mesa-de-negociacion-salarial-para-el-segundo-semestre-de-2025-1024x576.webp\" alt=\"\" class=\"wp-image-10683\" style=\"width:513px;height:auto\" srcset=\"https:\/\/nahuelproducciones.com.ar\/radioquijano\/wp-content\/uploads\/2025\/07\/13229-continua-la-mesa-de-negociacion-salarial-para-el-segundo-semestre-de-2025-1024x576.webp 1024w, https:\/\/nahuelproducciones.com.ar\/radioquijano\/wp-content\/uploads\/2025\/07\/13229-continua-la-mesa-de-negociacion-salarial-para-el-segundo-semestre-de-2025-300x169.webp 300w, https:\/\/nahuelproducciones.com.ar\/radioquijano\/wp-content\/uploads\/2025\/07\/13229-continua-la-mesa-de-negociacion-salarial-para-el-segundo-semestre-de-2025-768x432.webp 768w, https:\/\/nahuelproducciones.com.ar\/radioquijano\/wp-content\/uploads\/2025\/07\/13229-continua-la-mesa-de-negociacion-salarial-para-el-segundo-semestre-de-2025-150x84.webp 150w, https:\/\/nahuelproducciones.com.ar\/radioquijano\/wp-content\/uploads\/2025\/07\/13229-continua-la-mesa-de-negociacion-salarial-para-el-segundo-semestre-de-2025.webp 1066w\" sizes=\"auto, (max-width: 1024px) 100vw, 1024px\" \/><\/figure><\/div>\n\n<div class=\"wp-block-image\">\n<figure class=\"aligncenter size-large is-resized\"><img loading=\"lazy\" decoding=\"async\" width=\"1024\" height=\"576\" src=\"https:\/\/nahuelproducciones.com.ar\/radioquijano\/wp-content\/uploads\/2025\/07\/13230-continua-la-mesa-de-negociacion-salarial-para-el-segundo-semestre-de-2025-1024x576.webp\" alt=\"\" class=\"wp-image-10684\" style=\"width:510px;height:auto\" srcset=\"https:\/\/nahuelproducciones.com.ar\/radioquijano\/wp-content\/uploads\/2025\/07\/13230-continua-la-mesa-de-negociacion-salarial-para-el-segundo-semestre-de-2025-1024x576.webp 1024w, https:\/\/nahuelproducciones.com.ar\/radioquijano\/wp-content\/uploads\/2025\/07\/13230-continua-la-mesa-de-negociacion-salarial-para-el-segundo-semestre-de-2025-300x169.webp 300w, https:\/\/nahuelproducciones.com.ar\/radioquijano\/wp-content\/uploads\/2025\/07\/13230-continua-la-mesa-de-negociacion-salarial-para-el-segundo-semestre-de-2025-768x432.webp 768w, https:\/\/nahuelproducciones.com.ar\/radioquijano\/wp-content\/uploads\/2025\/07\/13230-continua-la-mesa-de-negociacion-salarial-para-el-segundo-semestre-de-2025-150x84.webp 150w, https:\/\/nahuelproducciones.com.ar\/radioquijano\/wp-content\/uploads\/2025\/07\/13230-continua-la-mesa-de-negociacion-salarial-para-el-segundo-semestre-de-2025.webp 1066w\" sizes=\"auto, (max-width: 1024px) 100vw, 1024px\" \/><\/figure><\/div>\n\n\n<p>Participaron en el encuentro, referentes de diversos sectores gremiales. Por parte del Gobierno provincial, encabezaron la reuni\u00f3n el ministro de Infraestructura y coordinador de Enlace y Relaciones Pol\u00edticas,&nbsp;<strong>Sergio Camacho<\/strong>; el coordinador Administrativo,&nbsp;<strong>Nicol\u00e1s Demitr\u00f3pulos<\/strong>; y el ministro de Econom\u00eda y Servicios P\u00fablicos,&nbsp;<strong>Roberto Dib Ashur<\/strong>.<br>&nbsp;<br>Tambi\u00e9n estuvieron presentes los titulares de las \u00e1reas de Educaci\u00f3n,&nbsp;<strong>Cristina Fiore<\/strong>, y de Salud P\u00fablica,&nbsp;<strong>Federico Mangione<\/strong>, junto a otros funcionarios provinciales.<\/p>\n\n\n\n<p><em><strong>Hora M\u00e1s<\/strong><\/em><\/p>\n\n\n\n<p>La ministra Cristina Fiore comunic\u00f3 a los referentes gremiales, que la pr\u00f3xima semana se depositar\u00e1 a los docentes que corresponda, los fondos del mes adeudado por Naci\u00f3n de la Hora M\u00e1s.<\/p>\n\n\n\n<hr class=\"wp-block-separator has-alpha-channel-opacity\"\/>\n\n\n\n<p>Fuente:&nbsp;<strong>Secretar\u00eda de Prensa y Comunicaci\u00f3n<\/strong><\/p>\n","protected":false},"excerpt":{"rendered":"<p>En el marco del di\u00e1logo abierto y permanente que impulsa el Gobierno, se concret\u00f3 una nueva mesa de negociaci\u00f3n con gremios estatales. El encuentro le dio continuidad a las conversaciones iniciadas para analizar la propuesta salarial del 9% presentada por la Provincia para el segundo semestre del a\u00f1o.&nbsp;Los representantes gremiales presentaron los pedidos sectoriales, los [&hellip;]<\/p>\n","protected":false},"author":8,"featured_media":10682,"comment_status":"open","ping_status":"open","sticky":false,"template":"","format":"standard","meta":{"_monsterinsights_skip_tracking":false,"_monsterinsights_sitenote_active":false,"_monsterinsights_sitenote_note":"","_monsterinsights_sitenote_category":0,"footnotes":""},"categories":[16],"tags":[100,1220],"class_list":["post-10681","post","type-post","status-publish","format-standard","has-post-thumbnail","hentry","category-noticias","tag-municipio-de-campo-quijano","tag-paritaria"],"yoast_head":"<!-- This site is optimized with the Yoast SEO plugin v20.8 - https:\/\/yoast.com\/wordpress\/plugins\/seo\/ -->\n<title>Contin\u00faa la mesa de negociaci\u00f3n salarial para el segundo semestre de 2025. - RQ 99.9<\/title>\n<meta name=\"description\" content=\"Se concret\u00f3 un nuevo encuentro entre el Gobierno provincial y los representantes gremiales. Las partes volver\u00e1n a reunirse el jueves 24.\" \/>\n<meta name=\"robots\" content=\"index, follow, max-snippet:-1, max-image-preview:large, max-video-preview:-1\" \/>\n<link rel=\"canonical\" href=\"https:\/\/nahuelproducciones.com.ar\/radioquijano\/continua-la-mesa-de-negociacion-salarial-para-el-segundo-semestre-de-2025\/\" \/>\n<meta property=\"og:locale\" content=\"es_ES\" \/>\n<meta property=\"og:type\" content=\"article\" \/>\n<meta property=\"og:title\" content=\"Contin\u00faa la mesa de negociaci\u00f3n salarial para el segundo semestre de 2025. - RQ 99.9\" \/>\n<meta property=\"og:description\" content=\"Se concret\u00f3 un nuevo encuentro entre el Gobierno provincial y los representantes gremiales. Las partes volver\u00e1n a reunirse el jueves 24.\" \/>\n<meta property=\"og:url\" content=\"https:\/\/nahuelproducciones.com.ar\/radioquijano\/continua-la-mesa-de-negociacion-salarial-para-el-segundo-semestre-de-2025\/\" \/>\n<meta property=\"og:site_name\" content=\"RQ 99.9\" \/>\n<meta property=\"article:publisher\" content=\"https:\/\/www.facebook.com\/nahuelproducciones999\/\" \/>\n<meta property=\"article:published_time\" content=\"2025-07-17T23:24:19+00:00\" \/>\n<meta property=\"article:modified_time\" content=\"2025-07-17T23:24:20+00:00\" \/>\n<meta property=\"og:image\" content=\"https:\/\/nahuelproducciones.com.ar\/radioquijano\/wp-content\/uploads\/2025\/07\/102766-continua-la-mesa-de-negociacion-salarial-para-el-segundo-semestre-de-2025-20250717201111-e1752794550990.webp\" \/>\n\t<meta property=\"og:image:width\" content=\"700\" \/>\n\t<meta property=\"og:image:height\" content=\"394\" \/>\n\t<meta property=\"og:image:type\" content=\"image\/webp\" \/>\n<meta name=\"author\" content=\"Cecilia Pastrana\" \/>\n<meta name=\"twitter:card\" content=\"summary_large_image\" \/>\n<meta name=\"twitter:creator\" content=\"@nahuproduciones\" \/>\n<meta name=\"twitter:site\" content=\"@nahuproduciones\" \/>\n<meta name=\"twitter:label1\" content=\"Escrito por\" \/>\n\t<meta name=\"twitter:data1\" content=\"Cecilia Pastrana\" \/>\n\t<meta name=\"twitter:label2\" content=\"Tiempo de lectura\" \/>\n\t<meta name=\"twitter:data2\" content=\"2 minutos\" \/>\n<script type=\"application\/ld+json\" class=\"yoast-schema-graph\">{\"@context\":\"https:\/\/schema.org\",\"@graph\":[{\"@type\":\"WebPage\",\"@id\":\"https:\/\/nahuelproducciones.com.ar\/radioquijano\/continua-la-mesa-de-negociacion-salarial-para-el-segundo-semestre-de-2025\/\",\"url\":\"https:\/\/nahuelproducciones.com.ar\/radioquijano\/continua-la-mesa-de-negociacion-salarial-para-el-segundo-semestre-de-2025\/\",\"name\":\"Contin\u00faa la mesa de negociaci\u00f3n salarial para el segundo semestre de 2025. - RQ 99.9\",\"isPartOf\":{\"@id\":\"https:\/\/nahuelproducciones.com.ar\/radioquijano\/#website\"},\"datePublished\":\"2025-07-17T23:24:19+00:00\",\"dateModified\":\"2025-07-17T23:24:20+00:00\",\"author\":{\"@id\":\"https:\/\/nahuelproducciones.com.ar\/radioquijano\/#\/schema\/person\/e8a4f939e2cb487fe6d0c54042c9d32c\"},\"description\":\"Se concret\u00f3 un nuevo encuentro entre el Gobierno provincial y los representantes gremiales. Las partes volver\u00e1n a reunirse el jueves 24.\",\"breadcrumb\":{\"@id\":\"https:\/\/nahuelproducciones.com.ar\/radioquijano\/continua-la-mesa-de-negociacion-salarial-para-el-segundo-semestre-de-2025\/#breadcrumb\"},\"inLanguage\":\"es\",\"potentialAction\":[{\"@type\":\"ReadAction\",\"target\":[\"https:\/\/nahuelproducciones.com.ar\/radioquijano\/continua-la-mesa-de-negociacion-salarial-para-el-segundo-semestre-de-2025\/\"]}]},{\"@type\":\"BreadcrumbList\",\"@id\":\"https:\/\/nahuelproducciones.com.ar\/radioquijano\/continua-la-mesa-de-negociacion-salarial-para-el-segundo-semestre-de-2025\/#breadcrumb\",\"itemListElement\":[{\"@type\":\"ListItem\",\"position\":1,\"name\":\"Portada\",\"item\":\"https:\/\/nahuelproducciones.com.ar\/radioquijano\/\"},{\"@type\":\"ListItem\",\"position\":2,\"name\":\"Contin\u00faa la mesa de negociaci\u00f3n salarial para el segundo semestre de 2025.\"}]},{\"@type\":\"WebSite\",\"@id\":\"https:\/\/nahuelproducciones.com.ar\/radioquijano\/#website\",\"url\":\"https:\/\/nahuelproducciones.com.ar\/radioquijano\/\",\"name\":\"RQ 99.9\",\"description\":\"Radio Quijano 99.9 MHz\",\"potentialAction\":[{\"@type\":\"SearchAction\",\"target\":{\"@type\":\"EntryPoint\",\"urlTemplate\":\"https:\/\/nahuelproducciones.com.ar\/radioquijano\/?s={search_term_string}\"},\"query-input\":\"required name=search_term_string\"}],\"inLanguage\":\"es\"},{\"@type\":\"Person\",\"@id\":\"https:\/\/nahuelproducciones.com.ar\/radioquijano\/#\/schema\/person\/e8a4f939e2cb487fe6d0c54042c9d32c\",\"name\":\"Cecilia Pastrana\",\"image\":{\"@type\":\"ImageObject\",\"inLanguage\":\"es\",\"@id\":\"https:\/\/nahuelproducciones.com.ar\/radioquijano\/#\/schema\/person\/image\/\",\"url\":\"https:\/\/secure.gravatar.com\/avatar\/661a3ef63a8488d4f2794ed44af8cf71420f7e106f3072c40125114df5157749?s=96&d=mm&r=g\",\"contentUrl\":\"https:\/\/secure.gravatar.com\/avatar\/661a3ef63a8488d4f2794ed44af8cf71420f7e106f3072c40125114df5157749?s=96&d=mm&r=g\",\"caption\":\"Cecilia Pastrana\"},\"sameAs\":[\"cecy\"],\"url\":\"https:\/\/nahuelproducciones.com.ar\/radioquijano\/author\/cecy\/\"}]}<\/script>\n<!-- \/ Yoast SEO plugin. -->","yoast_head_json":{"title":"Contin\u00faa la mesa de negociaci\u00f3n salarial para el segundo semestre de 2025. - RQ 99.9","description":"Se concret\u00f3 un nuevo encuentro entre el Gobierno provincial y los representantes gremiales. Las partes volver\u00e1n a reunirse el jueves 24.","robots":{"index":"index","follow":"follow","max-snippet":"max-snippet:-1","max-image-preview":"max-image-preview:large","max-video-preview":"max-video-preview:-1"},"canonical":"https:\/\/nahuelproducciones.com.ar\/radioquijano\/continua-la-mesa-de-negociacion-salarial-para-el-segundo-semestre-de-2025\/","og_locale":"es_ES","og_type":"article","og_title":"Contin\u00faa la mesa de negociaci\u00f3n salarial para el segundo semestre de 2025. - RQ 99.9","og_description":"Se concret\u00f3 un nuevo encuentro entre el Gobierno provincial y los representantes gremiales. Las partes volver\u00e1n a reunirse el jueves 24.","og_url":"https:\/\/nahuelproducciones.com.ar\/radioquijano\/continua-la-mesa-de-negociacion-salarial-para-el-segundo-semestre-de-2025\/","og_site_name":"RQ 99.9","article_publisher":"https:\/\/www.facebook.com\/nahuelproducciones999\/","article_published_time":"2025-07-17T23:24:19+00:00","article_modified_time":"2025-07-17T23:24:20+00:00","og_image":[{"width":700,"height":394,"url":"https:\/\/nahuelproducciones.com.ar\/radioquijano\/wp-content\/uploads\/2025\/07\/102766-continua-la-mesa-de-negociacion-salarial-para-el-segundo-semestre-de-2025-20250717201111-e1752794550990.webp","type":"image\/webp"}],"author":"Cecilia Pastrana","twitter_card":"summary_large_image","twitter_creator":"@nahuproduciones","twitter_site":"@nahuproduciones","twitter_misc":{"Escrito por":"Cecilia Pastrana","Tiempo de lectura":"2 minutos"},"schema":{"@context":"https:\/\/schema.org","@graph":[{"@type":"WebPage","@id":"https:\/\/nahuelproducciones.com.ar\/radioquijano\/continua-la-mesa-de-negociacion-salarial-para-el-segundo-semestre-de-2025\/","url":"https:\/\/nahuelproducciones.com.ar\/radioquijano\/continua-la-mesa-de-negociacion-salarial-para-el-segundo-semestre-de-2025\/","name":"Contin\u00faa la mesa de negociaci\u00f3n salarial para el segundo semestre de 2025. - RQ 99.9","isPartOf":{"@id":"https:\/\/nahuelproducciones.com.ar\/radioquijano\/#website"},"datePublished":"2025-07-17T23:24:19+00:00","dateModified":"2025-07-17T23:24:20+00:00","author":{"@id":"https:\/\/nahuelproducciones.com.ar\/radioquijano\/#\/schema\/person\/e8a4f939e2cb487fe6d0c54042c9d32c"},"description":"Se concret\u00f3 un nuevo encuentro entre el Gobierno provincial y los representantes gremiales. Las partes volver\u00e1n a reunirse el jueves 24.","breadcrumb":{"@id":"https:\/\/nahuelproducciones.com.ar\/radioquijano\/continua-la-mesa-de-negociacion-salarial-para-el-segundo-semestre-de-2025\/#breadcrumb"},"inLanguage":"es","potentialAction":[{"@type":"ReadAction","target":["https:\/\/nahuelproducciones.com.ar\/radioquijano\/continua-la-mesa-de-negociacion-salarial-para-el-segundo-semestre-de-2025\/"]}]},{"@type":"BreadcrumbList","@id":"https:\/\/nahuelproducciones.com.ar\/radioquijano\/continua-la-mesa-de-negociacion-salarial-para-el-segundo-semestre-de-2025\/#breadcrumb","itemListElement":[{"@type":"ListItem","position":1,"name":"Portada","item":"https:\/\/nahuelproducciones.com.ar\/radioquijano\/"},{"@type":"ListItem","position":2,"name":"Contin\u00faa la mesa de negociaci\u00f3n salarial para el segundo semestre de 2025."}]},{"@type":"WebSite","@id":"https:\/\/nahuelproducciones.com.ar\/radioquijano\/#website","url":"https:\/\/nahuelproducciones.com.ar\/radioquijano\/","name":"RQ 99.9","description":"Radio Quijano 99.9 MHz","potentialAction":[{"@type":"SearchAction","target":{"@type":"EntryPoint","urlTemplate":"https:\/\/nahuelproducciones.com.ar\/radioquijano\/?s={search_term_string}"},"query-input":"required name=search_term_string"}],"inLanguage":"es"},{"@type":"Person","@id":"https:\/\/nahuelproducciones.com.ar\/radioquijano\/#\/schema\/person\/e8a4f939e2cb487fe6d0c54042c9d32c","name":"Cecilia Pastrana","image":{"@type":"ImageObject","inLanguage":"es","@id":"https:\/\/nahuelproducciones.com.ar\/radioquijano\/#\/schema\/person\/image\/","url":"https:\/\/secure.gravatar.com\/avatar\/661a3ef63a8488d4f2794ed44af8cf71420f7e106f3072c40125114df5157749?s=96&d=mm&r=g","contentUrl":"https:\/\/secure.gravatar.com\/avatar\/661a3ef63a8488d4f2794ed44af8cf71420f7e106f3072c40125114df5157749?s=96&d=mm&r=g","caption":"Cecilia Pastrana"},"sameAs":["cecy"],"url":"https:\/\/nahuelproducciones.com.ar\/radioquijano\/author\/cecy\/"}]}},"_links":{"self":[{"href":"https:\/\/nahuelproducciones.com.ar\/radioquijano\/wp-json\/wp\/v2\/posts\/10681","targetHints":{"allow":["GET"]}}],"collection":[{"href":"https:\/\/nahuelproducciones.com.ar\/radioquijano\/wp-json\/wp\/v2\/posts"}],"about":[{"href":"https:\/\/nahuelproducciones.com.ar\/radioquijano\/wp-json\/wp\/v2\/types\/post"}],"author":[{"embeddable":true,"href":"https:\/\/nahuelproducciones.com.ar\/radioquijano\/wp-json\/wp\/v2\/users\/8"}],"replies":[{"embeddable":true,"href":"https:\/\/nahuelproducciones.com.ar\/radioquijano\/wp-json\/wp\/v2\/comments?post=10681"}],"version-history":[{"count":1,"href":"https:\/\/nahuelproducciones.com.ar\/radioquijano\/wp-json\/wp\/v2\/posts\/10681\/revisions"}],"predecessor-version":[{"id":10685,"href":"https:\/\/nahuelproducciones.com.ar\/radioquijano\/wp-json\/wp\/v2\/posts\/10681\/revisions\/10685"}],"wp:featuredmedia":[{"embeddable":true,"href":"https:\/\/nahuelproducciones.com.ar\/radioquijano\/wp-json\/wp\/v2\/media\/10682"}],"wp:attachment":[{"href":"https:\/\/nahuelproducciones.com.ar\/radioquijano\/wp-json\/wp\/v2\/media?parent=10681"}],"wp:term":[{"taxonomy":"category","embeddable":true,"href":"https:\/\/nahuelproducciones.com.ar\/radioquijano\/wp-json\/wp\/v2\/categories?post=10681"},{"taxonomy":"post_tag","embeddable":true,"href":"https:\/\/nahuelproducciones.com.ar\/radioquijano\/wp-json\/wp\/v2\/tags?post=10681"}],"curies":[{"name":"wp","href":"https:\/\/api.w.org\/{rel}","templated":true}]}}