{"id":10687,"date":"2025-07-22T01:13:36","date_gmt":"2025-07-22T04:13:36","guid":{"rendered":"https:\/\/nahuelproducciones.com.ar\/radioquijano\/?p=10687"},"modified":"2025-07-22T01:13:38","modified_gmt":"2025-07-22T04:13:38","slug":"primer-encuentro-desafio-de-pesca-campo-quijano-vs-cerrillos","status":"publish","type":"post","link":"https:\/\/nahuelproducciones.com.ar\/radioquijano\/primer-encuentro-desafio-de-pesca-campo-quijano-vs-cerrillos\/","title":{"rendered":"PRIMER ENCUENTRO DESAF\u00cdO DE PESCA: CAMPO QUIJANO VS. CERRILLOS"},"content":{"rendered":"\n<p>Una propuesta cultural-deportiva que une amistad, naturaleza y esp\u00edritu competitivo<\/p>\n\n\n\n<p>Con el objetivo de fomentar la integraci\u00f3n regional, el deporte recreativo y el contacto con nuestro entorno natural, llega el Primer Encuentro Desaf\u00edo de Pesca entre Campo Quijano y Cerrillos.<\/p>\n\n\n\n<p><img loading=\"lazy\" decoding=\"async\" height=\"16\" width=\"16\" alt=\"&#x1f4c5;\" src=\"https:\/\/static.xx.fbcdn.net\/images\/emoji.php\/v9\/t7e\/1\/16\/1f4c5.png\"> H<a><\/a>oy, Lunes 21 de julio<\/p>\n\n\n\n<p><img loading=\"lazy\" decoding=\"async\" height=\"16\" width=\"16\" alt=\"&#x1f555;\" src=\"https:\/\/static.xx.fbcdn.net\/images\/emoji.php\/v9\/t2d\/1\/16\/1f555.png\"> Desde las 18 hs<\/p>\n\n\n\n<p><img loading=\"lazy\" decoding=\"async\" height=\"16\" width=\"16\" alt=\"&#x1f4cd;\" src=\"https:\/\/static.xx.fbcdn.net\/images\/emoji.php\/v9\/t2d\/1\/16\/1f4cd.png\"> Dique Cabra Corral<\/p>\n\n\n\n<p><img loading=\"lazy\" decoding=\"async\" height=\"16\" width=\"16\" alt=\"&#x1f6a4;\" src=\"https:\/\/static.xx.fbcdn.net\/images\/emoji.php\/v9\/t41\/1\/16\/1f6a4.png\">Desaf\u00edo Cerrillos Quijano en el F\u00e9nix<\/p>\n\n\n\n<p>Un evento pensado para compartir en comunidad, disfrutar de la pesca y fortalecer los lazos entre localidades vecinas.<\/p>\n\n\n\n<p><img loading=\"lazy\" decoding=\"async\" height=\"16\" width=\"16\" alt=\"&#x1f3af;\" src=\"https:\/\/static.xx.fbcdn.net\/images\/emoji.php\/v9\/tb0\/1\/16\/1f3af.png\"> Actividades destacadas:<\/p>\n\n\n\n<p>Competencia de pesca amistosa<\/p>\n\n\n\n<p>Encuentro de camarader\u00eda<\/p>\n\n\n\n<p>Concientizaci\u00f3n ambiental<\/p>\n\n\n\n<p>Entrega de trofeos y reconocimientos<\/p>\n\n\n\n<p><img loading=\"lazy\" decoding=\"async\" height=\"16\" width=\"16\" alt=\"&#x1f3c6;\" src=\"https:\/\/static.xx.fbcdn.net\/images\/emoji.php\/v9\/tbe\/1\/16\/1f3c6.png\"> Premios en trofeo donados por:<\/p>\n\n\n\n<p><img loading=\"lazy\" decoding=\"async\" height=\"16\" width=\"16\" alt=\"&#x1f37d;&#xfe0f;\" src=\"https:\/\/static.xx.fbcdn.net\/images\/emoji.php\/v9\/t98\/1\/16\/1f37d.png\"> Comedor \u201cDe lo de Gloria y Negrillo\u201d<\/p>\n\n\n\n<p><img loading=\"lazy\" decoding=\"async\" height=\"16\" width=\"16\" alt=\"&#x1f91d;\" src=\"https:\/\/static.xx.fbcdn.net\/images\/emoji.php\/v9\/t64\/1\/16\/1f91d.png\">Auspicia<img loading=\"lazy\" decoding=\"async\" height=\"16\" width=\"16\" alt=\"&#x1f95f;\" src=\"https:\/\/static.xx.fbcdn.net\/images\/emoji.php\/v9\/te2\/1\/16\/1f95f.png\"> Casa del Tamal<\/p>\n\n\n\n<p><img loading=\"lazy\" decoding=\"async\" height=\"16\" width=\"16\" alt=\"&#x1f96a;\" src=\"https:\/\/static.xx.fbcdn.net\/images\/emoji.php\/v9\/tfc\/1\/16\/1f96a.png\">DIEGO\u00a8SSS<\/p>\n\n\n\n<p><img loading=\"lazy\" decoding=\"async\" height=\"16\" width=\"16\" alt=\"&#x1f4fb;\" src=\"https:\/\/static.xx.fbcdn.net\/images\/emoji.php\/v9\/t8\/1\/16\/1f4fb.png\"> Organiza : Radio Quijano<\/p>\n\n\n\n<p><img loading=\"lazy\" decoding=\"async\" height=\"16\" width=\"16\" alt=\"&#x2696;&#xfe0f;\" src=\"https:\/\/static.xx.fbcdn.net\/images\/emoji.php\/v9\/ta\/1\/16\/2696.png\"> Asesor\u00eda legal: Estudio del Dr. Edmundo Farf\u00e1n<\/p>\n\n\n\n<p><img loading=\"lazy\" decoding=\"async\" height=\"16\" width=\"16\" alt=\"&#x1f33f;\" src=\"https:\/\/static.xx.fbcdn.net\/images\/emoji.php\/v9\/t1e\/1\/16\/1f33f.png\"> \u00a1Una jornada al aire libre para disfrutar, compartir y conectarnos con lo esencial!<\/p>\n\n\n\n<blockquote class=\"wp-block-quote is-layout-flow wp-block-quote-is-layout-flow\">\n<p><\/p>\n<\/blockquote>\n","protected":false},"excerpt":{"rendered":"<p>Una propuesta cultural-deportiva que une amistad, naturaleza y esp\u00edritu competitivo Con el objetivo de fomentar la integraci\u00f3n regional, el deporte recreativo y el contacto con nuestro entorno natural, llega el Primer Encuentro Desaf\u00edo de Pesca entre Campo Quijano y Cerrillos. Hoy, Lunes 21 de julio Desde las 18 hs Dique Cabra Corral Desaf\u00edo Cerrillos Quijano [&hellip;]<\/p>\n","protected":false},"author":8,"featured_media":10688,"comment_status":"open","ping_status":"open","sticky":false,"template":"","format":"standard","meta":{"_monsterinsights_skip_tracking":false,"_monsterinsights_sitenote_active":false,"_monsterinsights_sitenote_note":"","_monsterinsights_sitenote_category":0,"footnotes":""},"categories":[16],"tags":[100,1856],"class_list":["post-10687","post","type-post","status-publish","format-standard","has-post-thumbnail","hentry","category-noticias","tag-municipio-de-campo-quijano","tag-primer-encuentro-desafio-de-pesca-campo-quijano-vs-cerrillos"],"yoast_head":"<!-- This site is optimized with the Yoast SEO plugin v20.8 - https:\/\/yoast.com\/wordpress\/plugins\/seo\/ -->\n<title>PRIMER ENCUENTRO DESAF\u00cdO DE PESCA: CAMPO QUIJANO VS. CERRILLOS - RQ 99.9<\/title>\n<meta name=\"description\" content=\"\u00a1Una jornada al aire libre para disfrutar, compartir y conectarnos con lo esencial!\" \/>\n<meta name=\"robots\" content=\"index, follow, max-snippet:-1, max-image-preview:large, max-video-preview:-1\" \/>\n<link rel=\"canonical\" href=\"https:\/\/nahuelproducciones.com.ar\/radioquijano\/primer-encuentro-desafio-de-pesca-campo-quijano-vs-cerrillos\/\" \/>\n<meta property=\"og:locale\" content=\"es_ES\" \/>\n<meta property=\"og:type\" content=\"article\" \/>\n<meta property=\"og:title\" content=\"PRIMER ENCUENTRO DESAF\u00cdO DE PESCA: CAMPO QUIJANO VS. CERRILLOS - RQ 99.9\" \/>\n<meta property=\"og:description\" content=\"\u00a1Una jornada al aire libre para disfrutar, compartir y conectarnos con lo esencial!\" \/>\n<meta property=\"og:url\" content=\"https:\/\/nahuelproducciones.com.ar\/radioquijano\/primer-encuentro-desafio-de-pesca-campo-quijano-vs-cerrillos\/\" \/>\n<meta property=\"og:site_name\" content=\"RQ 99.9\" \/>\n<meta property=\"article:publisher\" content=\"https:\/\/www.facebook.com\/nahuelproducciones999\/\" \/>\n<meta property=\"article:published_time\" content=\"2025-07-22T04:13:36+00:00\" \/>\n<meta property=\"article:modified_time\" content=\"2025-07-22T04:13:38+00:00\" \/>\n<meta property=\"og:image\" content=\"https:\/\/nahuelproducciones.com.ar\/radioquijano\/wp-content\/uploads\/2025\/07\/518358168_10237294120641565_6903637916427921688_n-e1753157498748.jpg\" \/>\n\t<meta property=\"og:image:width\" content=\"700\" \/>\n\t<meta property=\"og:image:height\" content=\"384\" \/>\n\t<meta property=\"og:image:type\" content=\"image\/jpeg\" \/>\n<meta name=\"author\" content=\"Cecilia Pastrana\" \/>\n<meta name=\"twitter:card\" content=\"summary_large_image\" \/>\n<meta name=\"twitter:creator\" content=\"@nahuproduciones\" \/>\n<meta name=\"twitter:site\" content=\"@nahuproduciones\" \/>\n<meta name=\"twitter:label1\" content=\"Escrito por\" \/>\n\t<meta name=\"twitter:data1\" content=\"Cecilia Pastrana\" \/>\n\t<meta name=\"twitter:label2\" content=\"Tiempo de lectura\" \/>\n\t<meta name=\"twitter:data2\" content=\"4 minutos\" \/>\n<script type=\"application\/ld+json\" class=\"yoast-schema-graph\">{\"@context\":\"https:\/\/schema.org\",\"@graph\":[{\"@type\":\"WebPage\",\"@id\":\"https:\/\/nahuelproducciones.com.ar\/radioquijano\/primer-encuentro-desafio-de-pesca-campo-quijano-vs-cerrillos\/\",\"url\":\"https:\/\/nahuelproducciones.com.ar\/radioquijano\/primer-encuentro-desafio-de-pesca-campo-quijano-vs-cerrillos\/\",\"name\":\"PRIMER ENCUENTRO DESAF\u00cdO DE PESCA: CAMPO QUIJANO VS. CERRILLOS - RQ 99.9\",\"isPartOf\":{\"@id\":\"https:\/\/nahuelproducciones.com.ar\/radioquijano\/#website\"},\"datePublished\":\"2025-07-22T04:13:36+00:00\",\"dateModified\":\"2025-07-22T04:13:38+00:00\",\"author\":{\"@id\":\"https:\/\/nahuelproducciones.com.ar\/radioquijano\/#\/schema\/person\/e8a4f939e2cb487fe6d0c54042c9d32c\"},\"description\":\"\u00a1Una jornada al aire libre para disfrutar, compartir y conectarnos con lo esencial!\",\"breadcrumb\":{\"@id\":\"https:\/\/nahuelproducciones.com.ar\/radioquijano\/primer-encuentro-desafio-de-pesca-campo-quijano-vs-cerrillos\/#breadcrumb\"},\"inLanguage\":\"es\",\"potentialAction\":[{\"@type\":\"ReadAction\",\"target\":[\"https:\/\/nahuelproducciones.com.ar\/radioquijano\/primer-encuentro-desafio-de-pesca-campo-quijano-vs-cerrillos\/\"]}]},{\"@type\":\"BreadcrumbList\",\"@id\":\"https:\/\/nahuelproducciones.com.ar\/radioquijano\/primer-encuentro-desafio-de-pesca-campo-quijano-vs-cerrillos\/#breadcrumb\",\"itemListElement\":[{\"@type\":\"ListItem\",\"position\":1,\"name\":\"Portada\",\"item\":\"https:\/\/nahuelproducciones.com.ar\/radioquijano\/\"},{\"@type\":\"ListItem\",\"position\":2,\"name\":\"PRIMER ENCUENTRO DESAF\u00cdO DE PESCA: CAMPO QUIJANO VS. CERRILLOS\"}]},{\"@type\":\"WebSite\",\"@id\":\"https:\/\/nahuelproducciones.com.ar\/radioquijano\/#website\",\"url\":\"https:\/\/nahuelproducciones.com.ar\/radioquijano\/\",\"name\":\"RQ 99.9\",\"description\":\"Radio Quijano 99.9 MHz\",\"potentialAction\":[{\"@type\":\"SearchAction\",\"target\":{\"@type\":\"EntryPoint\",\"urlTemplate\":\"https:\/\/nahuelproducciones.com.ar\/radioquijano\/?s={search_term_string}\"},\"query-input\":\"required name=search_term_string\"}],\"inLanguage\":\"es\"},{\"@type\":\"Person\",\"@id\":\"https:\/\/nahuelproducciones.com.ar\/radioquijano\/#\/schema\/person\/e8a4f939e2cb487fe6d0c54042c9d32c\",\"name\":\"Cecilia Pastrana\",\"image\":{\"@type\":\"ImageObject\",\"inLanguage\":\"es\",\"@id\":\"https:\/\/nahuelproducciones.com.ar\/radioquijano\/#\/schema\/person\/image\/\",\"url\":\"https:\/\/secure.gravatar.com\/avatar\/661a3ef63a8488d4f2794ed44af8cf71420f7e106f3072c40125114df5157749?s=96&d=mm&r=g\",\"contentUrl\":\"https:\/\/secure.gravatar.com\/avatar\/661a3ef63a8488d4f2794ed44af8cf71420f7e106f3072c40125114df5157749?s=96&d=mm&r=g\",\"caption\":\"Cecilia Pastrana\"},\"sameAs\":[\"cecy\"],\"url\":\"https:\/\/nahuelproducciones.com.ar\/radioquijano\/author\/cecy\/\"}]}<\/script>\n<!-- \/ Yoast SEO plugin. -->","yoast_head_json":{"title":"PRIMER ENCUENTRO DESAF\u00cdO DE PESCA: CAMPO QUIJANO VS. CERRILLOS - RQ 99.9","description":"\u00a1Una jornada al aire libre para disfrutar, compartir y conectarnos con lo esencial!","robots":{"index":"index","follow":"follow","max-snippet":"max-snippet:-1","max-image-preview":"max-image-preview:large","max-video-preview":"max-video-preview:-1"},"canonical":"https:\/\/nahuelproducciones.com.ar\/radioquijano\/primer-encuentro-desafio-de-pesca-campo-quijano-vs-cerrillos\/","og_locale":"es_ES","og_type":"article","og_title":"PRIMER ENCUENTRO DESAF\u00cdO DE PESCA: CAMPO QUIJANO VS. CERRILLOS - RQ 99.9","og_description":"\u00a1Una jornada al aire libre para disfrutar, compartir y conectarnos con lo esencial!","og_url":"https:\/\/nahuelproducciones.com.ar\/radioquijano\/primer-encuentro-desafio-de-pesca-campo-quijano-vs-cerrillos\/","og_site_name":"RQ 99.9","article_publisher":"https:\/\/www.facebook.com\/nahuelproducciones999\/","article_published_time":"2025-07-22T04:13:36+00:00","article_modified_time":"2025-07-22T04:13:38+00:00","og_image":[{"width":700,"height":384,"url":"https:\/\/nahuelproducciones.com.ar\/radioquijano\/wp-content\/uploads\/2025\/07\/518358168_10237294120641565_6903637916427921688_n-e1753157498748.jpg","type":"image\/jpeg"}],"author":"Cecilia Pastrana","twitter_card":"summary_large_image","twitter_creator":"@nahuproduciones","twitter_site":"@nahuproduciones","twitter_misc":{"Escrito por":"Cecilia Pastrana","Tiempo de lectura":"4 minutos"},"schema":{"@context":"https:\/\/schema.org","@graph":[{"@type":"WebPage","@id":"https:\/\/nahuelproducciones.com.ar\/radioquijano\/primer-encuentro-desafio-de-pesca-campo-quijano-vs-cerrillos\/","url":"https:\/\/nahuelproducciones.com.ar\/radioquijano\/primer-encuentro-desafio-de-pesca-campo-quijano-vs-cerrillos\/","name":"PRIMER ENCUENTRO DESAF\u00cdO DE PESCA: CAMPO QUIJANO VS. CERRILLOS - RQ 99.9","isPartOf":{"@id":"https:\/\/nahuelproducciones.com.ar\/radioquijano\/#website"},"datePublished":"2025-07-22T04:13:36+00:00","dateModified":"2025-07-22T04:13:38+00:00","author":{"@id":"https:\/\/nahuelproducciones.com.ar\/radioquijano\/#\/schema\/person\/e8a4f939e2cb487fe6d0c54042c9d32c"},"description":"\u00a1Una jornada al aire libre para disfrutar, compartir y conectarnos con lo esencial!","breadcrumb":{"@id":"https:\/\/nahuelproducciones.com.ar\/radioquijano\/primer-encuentro-desafio-de-pesca-campo-quijano-vs-cerrillos\/#breadcrumb"},"inLanguage":"es","potentialAction":[{"@type":"ReadAction","target":["https:\/\/nahuelproducciones.com.ar\/radioquijano\/primer-encuentro-desafio-de-pesca-campo-quijano-vs-cerrillos\/"]}]},{"@type":"BreadcrumbList","@id":"https:\/\/nahuelproducciones.com.ar\/radioquijano\/primer-encuentro-desafio-de-pesca-campo-quijano-vs-cerrillos\/#breadcrumb","itemListElement":[{"@type":"ListItem","position":1,"name":"Portada","item":"https:\/\/nahuelproducciones.com.ar\/radioquijano\/"},{"@type":"ListItem","position":2,"name":"PRIMER ENCUENTRO DESAF\u00cdO DE PESCA: CAMPO QUIJANO VS. CERRILLOS"}]},{"@type":"WebSite","@id":"https:\/\/nahuelproducciones.com.ar\/radioquijano\/#website","url":"https:\/\/nahuelproducciones.com.ar\/radioquijano\/","name":"RQ 99.9","description":"Radio Quijano 99.9 MHz","potentialAction":[{"@type":"SearchAction","target":{"@type":"EntryPoint","urlTemplate":"https:\/\/nahuelproducciones.com.ar\/radioquijano\/?s={search_term_string}"},"query-input":"required name=search_term_string"}],"inLanguage":"es"},{"@type":"Person","@id":"https:\/\/nahuelproducciones.com.ar\/radioquijano\/#\/schema\/person\/e8a4f939e2cb487fe6d0c54042c9d32c","name":"Cecilia Pastrana","image":{"@type":"ImageObject","inLanguage":"es","@id":"https:\/\/nahuelproducciones.com.ar\/radioquijano\/#\/schema\/person\/image\/","url":"https:\/\/secure.gravatar.com\/avatar\/661a3ef63a8488d4f2794ed44af8cf71420f7e106f3072c40125114df5157749?s=96&d=mm&r=g","contentUrl":"https:\/\/secure.gravatar.com\/avatar\/661a3ef63a8488d4f2794ed44af8cf71420f7e106f3072c40125114df5157749?s=96&d=mm&r=g","caption":"Cecilia Pastrana"},"sameAs":["cecy"],"url":"https:\/\/nahuelproducciones.com.ar\/radioquijano\/author\/cecy\/"}]}},"_links":{"self":[{"href":"https:\/\/nahuelproducciones.com.ar\/radioquijano\/wp-json\/wp\/v2\/posts\/10687","targetHints":{"allow":["GET"]}}],"collection":[{"href":"https:\/\/nahuelproducciones.com.ar\/radioquijano\/wp-json\/wp\/v2\/posts"}],"about":[{"href":"https:\/\/nahuelproducciones.com.ar\/radioquijano\/wp-json\/wp\/v2\/types\/post"}],"author":[{"embeddable":true,"href":"https:\/\/nahuelproducciones.com.ar\/radioquijano\/wp-json\/wp\/v2\/users\/8"}],"replies":[{"embeddable":true,"href":"https:\/\/nahuelproducciones.com.ar\/radioquijano\/wp-json\/wp\/v2\/comments?post=10687"}],"version-history":[{"count":1,"href":"https:\/\/nahuelproducciones.com.ar\/radioquijano\/wp-json\/wp\/v2\/posts\/10687\/revisions"}],"predecessor-version":[{"id":10689,"href":"https:\/\/nahuelproducciones.com.ar\/radioquijano\/wp-json\/wp\/v2\/posts\/10687\/revisions\/10689"}],"wp:featuredmedia":[{"embeddable":true,"href":"https:\/\/nahuelproducciones.com.ar\/radioquijano\/wp-json\/wp\/v2\/media\/10688"}],"wp:attachment":[{"href":"https:\/\/nahuelproducciones.com.ar\/radioquijano\/wp-json\/wp\/v2\/media?parent=10687"}],"wp:term":[{"taxonomy":"category","embeddable":true,"href":"https:\/\/nahuelproducciones.com.ar\/radioquijano\/wp-json\/wp\/v2\/categories?post=10687"},{"taxonomy":"post_tag","embeddable":true,"href":"https:\/\/nahuelproducciones.com.ar\/radioquijano\/wp-json\/wp\/v2\/tags?post=10687"}],"curies":[{"name":"wp","href":"https:\/\/api.w.org\/{rel}","templated":true}]}}