{"id":10691,"date":"2025-07-22T14:40:38","date_gmt":"2025-07-22T17:40:38","guid":{"rendered":"https:\/\/nahuelproducciones.com.ar\/radioquijano\/?p=10691"},"modified":"2025-07-22T14:40:40","modified_gmt":"2025-07-22T17:40:40","slug":"alumnos-recorren-25-kilometros-para-llegar-a-la-escuela-de-el-toro","status":"publish","type":"post","link":"https:\/\/nahuelproducciones.com.ar\/radioquijano\/alumnos-recorren-25-kilometros-para-llegar-a-la-escuela-de-el-toro\/","title":{"rendered":"Alumnos recorren 25 kil\u00f3metros para llegar a la escuela de El Toro"},"content":{"rendered":"\n<p>Cristian Bautista, presidente de la Comisi\u00f3n de Padres de la escuela de El Toro, ubicada a unos 70 km de Campo Quijano, en di\u00e1logo con el programa \u201cSin Filtro\u201d cont\u00f3 las dificultades diarias que atraviesan alumnos y docentes para poder asistir.&nbsp;<\/p>\n\n\n\n<p>\u00abSon 42 alumnos en la escuela de El Toro. Muchos de ellos recorren alrededor de 25 kil\u00f3metros a caballo para llegar, es un esfuerzo muy grande\u201d, explic\u00f3.&nbsp;<\/p>\n\n\n\n<p>Detall\u00f3 que \u201cla escuela no est\u00e1 acondicionada para que se puedan dictar clases. Necesitamos una ampliaci\u00f3n de la red de agua, refacciones en los ba\u00f1os y un pozo ciego nuevo. No tenemos respuesta de las autoridades\u00bb.<\/p>\n\n\n\n<figure class=\"wp-block-embed is-type-video is-provider-youtube wp-block-embed-youtube wp-embed-aspect-4-3 wp-has-aspect-ratio\"><div class=\"wp-block-embed__wrapper\">\n<iframe loading=\"lazy\" title=\"Alumnos recorren 25 kil\u00f3metros para llegar a la escuela de El Toro\" width=\"640\" height=\"480\" src=\"https:\/\/www.youtube.com\/embed\/obNJlQXU6GA?feature=oembed\" frameborder=\"0\" allow=\"accelerometer; autoplay; clipboard-write; encrypted-media; gyroscope; picture-in-picture; web-share\" referrerpolicy=\"strict-origin-when-cross-origin\" allowfullscreen><\/iframe>\n<\/div><\/figure>\n\n\n<div class=\"wp-block-image\">\n<figure class=\"aligncenter size-large is-resized\"><img loading=\"lazy\" decoding=\"async\" width=\"1024\" height=\"466\" src=\"https:\/\/nahuelproducciones.com.ar\/radioquijano\/wp-content\/uploads\/2025\/07\/WhatsApp-Image-2025-07-22-at-2.27.54-PM-1024x466.jpeg\" alt=\"\" class=\"wp-image-10692\" style=\"width:451px;height:auto\" srcset=\"https:\/\/nahuelproducciones.com.ar\/radioquijano\/wp-content\/uploads\/2025\/07\/WhatsApp-Image-2025-07-22-at-2.27.54-PM-1024x466.jpeg 1024w, https:\/\/nahuelproducciones.com.ar\/radioquijano\/wp-content\/uploads\/2025\/07\/WhatsApp-Image-2025-07-22-at-2.27.54-PM-300x137.jpeg 300w, https:\/\/nahuelproducciones.com.ar\/radioquijano\/wp-content\/uploads\/2025\/07\/WhatsApp-Image-2025-07-22-at-2.27.54-PM-768x350.jpeg 768w, https:\/\/nahuelproducciones.com.ar\/radioquijano\/wp-content\/uploads\/2025\/07\/WhatsApp-Image-2025-07-22-at-2.27.54-PM-150x68.jpeg 150w, https:\/\/nahuelproducciones.com.ar\/radioquijano\/wp-content\/uploads\/2025\/07\/WhatsApp-Image-2025-07-22-at-2.27.54-PM.jpeg 1280w\" sizes=\"auto, (max-width: 1024px) 100vw, 1024px\" \/><\/figure><\/div>\n\n\n<p>Fuente: \u00a0RADIO SALTA\u00a0<\/p>\n","protected":false},"excerpt":{"rendered":"<p>Cristian Bautista, presidente de la Comisi\u00f3n de Padres de la escuela de El Toro, ubicada a unos 70 km de Campo Quijano, en di\u00e1logo con el programa \u201cSin Filtro\u201d cont\u00f3 las dificultades diarias que atraviesan alumnos y docentes para poder asistir.&nbsp; \u00abSon 42 alumnos en la escuela de El Toro. Muchos de ellos recorren alrededor [&hellip;]<\/p>\n","protected":false},"author":8,"featured_media":10693,"comment_status":"open","ping_status":"open","sticky":false,"template":"","format":"standard","meta":{"_monsterinsights_skip_tracking":false,"_monsterinsights_sitenote_active":false,"_monsterinsights_sitenote_note":"","_monsterinsights_sitenote_category":0,"footnotes":""},"categories":[16],"tags":[1857,100,1858],"class_list":["post-10691","post","type-post","status-publish","format-standard","has-post-thumbnail","hentry","category-noticias","tag-escuela-de-el-toro","tag-municipio-de-campo-quijano","tag-sin-filtro"],"yoast_head":"<!-- This site is optimized with the Yoast SEO plugin v20.8 - https:\/\/yoast.com\/wordpress\/plugins\/seo\/ -->\n<title>Alumnos recorren 25 kil\u00f3metros para llegar a la escuela de El Toro - RQ 99.9<\/title>\n<meta name=\"description\" content=\"A 3.840 metros de altura, en la Quebrada del Toro, municipio de Campo Quijano, plena Puna salte\u00f1a, m\u00e1s de 40 alumnos y maestros enfrentan el fr\u00edo y caminos interminables para que la educaci\u00f3n sea un derecho.\" \/>\n<meta name=\"robots\" content=\"index, follow, max-snippet:-1, max-image-preview:large, max-video-preview:-1\" \/>\n<link rel=\"canonical\" href=\"https:\/\/nahuelproducciones.com.ar\/radioquijano\/alumnos-recorren-25-kilometros-para-llegar-a-la-escuela-de-el-toro\/\" \/>\n<meta property=\"og:locale\" content=\"es_ES\" \/>\n<meta property=\"og:type\" content=\"article\" \/>\n<meta property=\"og:title\" content=\"Alumnos recorren 25 kil\u00f3metros para llegar a la escuela de El Toro - RQ 99.9\" \/>\n<meta property=\"og:description\" content=\"A 3.840 metros de altura, en la Quebrada del Toro, municipio de Campo Quijano, plena Puna salte\u00f1a, m\u00e1s de 40 alumnos y maestros enfrentan el fr\u00edo y caminos interminables para que la educaci\u00f3n sea un derecho.\" \/>\n<meta property=\"og:url\" content=\"https:\/\/nahuelproducciones.com.ar\/radioquijano\/alumnos-recorren-25-kilometros-para-llegar-a-la-escuela-de-el-toro\/\" \/>\n<meta property=\"og:site_name\" content=\"RQ 99.9\" \/>\n<meta property=\"article:publisher\" content=\"https:\/\/www.facebook.com\/nahuelproducciones999\/\" \/>\n<meta property=\"article:published_time\" content=\"2025-07-22T17:40:38+00:00\" \/>\n<meta property=\"article:modified_time\" content=\"2025-07-22T17:40:40+00:00\" \/>\n<meta property=\"og:image\" content=\"https:\/\/nahuelproducciones.com.ar\/radioquijano\/wp-content\/uploads\/2025\/07\/WhatsApp-Image-2025-07-22-at-2.30.17-PM-e1753205993169.jpeg\" \/>\n\t<meta property=\"og:image:width\" content=\"700\" \/>\n\t<meta property=\"og:image:height\" content=\"370\" \/>\n\t<meta property=\"og:image:type\" content=\"image\/jpeg\" \/>\n<meta name=\"author\" content=\"Cecilia Pastrana\" \/>\n<meta name=\"twitter:card\" content=\"summary_large_image\" \/>\n<meta name=\"twitter:creator\" content=\"@nahuproduciones\" \/>\n<meta name=\"twitter:site\" content=\"@nahuproduciones\" \/>\n<meta name=\"twitter:label1\" content=\"Escrito por\" \/>\n\t<meta name=\"twitter:data1\" content=\"Cecilia Pastrana\" \/>\n\t<meta name=\"twitter:label2\" content=\"Tiempo de lectura\" \/>\n\t<meta name=\"twitter:data2\" content=\"1 minuto\" \/>\n<script type=\"application\/ld+json\" class=\"yoast-schema-graph\">{\"@context\":\"https:\/\/schema.org\",\"@graph\":[{\"@type\":\"WebPage\",\"@id\":\"https:\/\/nahuelproducciones.com.ar\/radioquijano\/alumnos-recorren-25-kilometros-para-llegar-a-la-escuela-de-el-toro\/\",\"url\":\"https:\/\/nahuelproducciones.com.ar\/radioquijano\/alumnos-recorren-25-kilometros-para-llegar-a-la-escuela-de-el-toro\/\",\"name\":\"Alumnos recorren 25 kil\u00f3metros para llegar a la escuela de El Toro - RQ 99.9\",\"isPartOf\":{\"@id\":\"https:\/\/nahuelproducciones.com.ar\/radioquijano\/#website\"},\"datePublished\":\"2025-07-22T17:40:38+00:00\",\"dateModified\":\"2025-07-22T17:40:40+00:00\",\"author\":{\"@id\":\"https:\/\/nahuelproducciones.com.ar\/radioquijano\/#\/schema\/person\/e8a4f939e2cb487fe6d0c54042c9d32c\"},\"description\":\"A 3.840 metros de altura, en la Quebrada del Toro, municipio de Campo Quijano, plena Puna salte\u00f1a, m\u00e1s de 40 alumnos y maestros enfrentan el fr\u00edo y caminos interminables para que la educaci\u00f3n sea un derecho.\",\"breadcrumb\":{\"@id\":\"https:\/\/nahuelproducciones.com.ar\/radioquijano\/alumnos-recorren-25-kilometros-para-llegar-a-la-escuela-de-el-toro\/#breadcrumb\"},\"inLanguage\":\"es\",\"potentialAction\":[{\"@type\":\"ReadAction\",\"target\":[\"https:\/\/nahuelproducciones.com.ar\/radioquijano\/alumnos-recorren-25-kilometros-para-llegar-a-la-escuela-de-el-toro\/\"]}]},{\"@type\":\"BreadcrumbList\",\"@id\":\"https:\/\/nahuelproducciones.com.ar\/radioquijano\/alumnos-recorren-25-kilometros-para-llegar-a-la-escuela-de-el-toro\/#breadcrumb\",\"itemListElement\":[{\"@type\":\"ListItem\",\"position\":1,\"name\":\"Portada\",\"item\":\"https:\/\/nahuelproducciones.com.ar\/radioquijano\/\"},{\"@type\":\"ListItem\",\"position\":2,\"name\":\"Alumnos recorren 25 kil\u00f3metros para llegar a la escuela de El Toro\"}]},{\"@type\":\"WebSite\",\"@id\":\"https:\/\/nahuelproducciones.com.ar\/radioquijano\/#website\",\"url\":\"https:\/\/nahuelproducciones.com.ar\/radioquijano\/\",\"name\":\"RQ 99.9\",\"description\":\"Radio Quijano 99.9 MHz\",\"potentialAction\":[{\"@type\":\"SearchAction\",\"target\":{\"@type\":\"EntryPoint\",\"urlTemplate\":\"https:\/\/nahuelproducciones.com.ar\/radioquijano\/?s={search_term_string}\"},\"query-input\":\"required name=search_term_string\"}],\"inLanguage\":\"es\"},{\"@type\":\"Person\",\"@id\":\"https:\/\/nahuelproducciones.com.ar\/radioquijano\/#\/schema\/person\/e8a4f939e2cb487fe6d0c54042c9d32c\",\"name\":\"Cecilia Pastrana\",\"image\":{\"@type\":\"ImageObject\",\"inLanguage\":\"es\",\"@id\":\"https:\/\/nahuelproducciones.com.ar\/radioquijano\/#\/schema\/person\/image\/\",\"url\":\"https:\/\/secure.gravatar.com\/avatar\/661a3ef63a8488d4f2794ed44af8cf71420f7e106f3072c40125114df5157749?s=96&d=mm&r=g\",\"contentUrl\":\"https:\/\/secure.gravatar.com\/avatar\/661a3ef63a8488d4f2794ed44af8cf71420f7e106f3072c40125114df5157749?s=96&d=mm&r=g\",\"caption\":\"Cecilia Pastrana\"},\"sameAs\":[\"cecy\"],\"url\":\"https:\/\/nahuelproducciones.com.ar\/radioquijano\/author\/cecy\/\"}]}<\/script>\n<!-- \/ Yoast SEO plugin. -->","yoast_head_json":{"title":"Alumnos recorren 25 kil\u00f3metros para llegar a la escuela de El Toro - RQ 99.9","description":"A 3.840 metros de altura, en la Quebrada del Toro, municipio de Campo Quijano, plena Puna salte\u00f1a, m\u00e1s de 40 alumnos y maestros enfrentan el fr\u00edo y caminos interminables para que la educaci\u00f3n sea un derecho.","robots":{"index":"index","follow":"follow","max-snippet":"max-snippet:-1","max-image-preview":"max-image-preview:large","max-video-preview":"max-video-preview:-1"},"canonical":"https:\/\/nahuelproducciones.com.ar\/radioquijano\/alumnos-recorren-25-kilometros-para-llegar-a-la-escuela-de-el-toro\/","og_locale":"es_ES","og_type":"article","og_title":"Alumnos recorren 25 kil\u00f3metros para llegar a la escuela de El Toro - RQ 99.9","og_description":"A 3.840 metros de altura, en la Quebrada del Toro, municipio de Campo Quijano, plena Puna salte\u00f1a, m\u00e1s de 40 alumnos y maestros enfrentan el fr\u00edo y caminos interminables para que la educaci\u00f3n sea un derecho.","og_url":"https:\/\/nahuelproducciones.com.ar\/radioquijano\/alumnos-recorren-25-kilometros-para-llegar-a-la-escuela-de-el-toro\/","og_site_name":"RQ 99.9","article_publisher":"https:\/\/www.facebook.com\/nahuelproducciones999\/","article_published_time":"2025-07-22T17:40:38+00:00","article_modified_time":"2025-07-22T17:40:40+00:00","og_image":[{"width":700,"height":370,"url":"https:\/\/nahuelproducciones.com.ar\/radioquijano\/wp-content\/uploads\/2025\/07\/WhatsApp-Image-2025-07-22-at-2.30.17-PM-e1753205993169.jpeg","type":"image\/jpeg"}],"author":"Cecilia Pastrana","twitter_card":"summary_large_image","twitter_creator":"@nahuproduciones","twitter_site":"@nahuproduciones","twitter_misc":{"Escrito por":"Cecilia Pastrana","Tiempo de lectura":"1 minuto"},"schema":{"@context":"https:\/\/schema.org","@graph":[{"@type":"WebPage","@id":"https:\/\/nahuelproducciones.com.ar\/radioquijano\/alumnos-recorren-25-kilometros-para-llegar-a-la-escuela-de-el-toro\/","url":"https:\/\/nahuelproducciones.com.ar\/radioquijano\/alumnos-recorren-25-kilometros-para-llegar-a-la-escuela-de-el-toro\/","name":"Alumnos recorren 25 kil\u00f3metros para llegar a la escuela de El Toro - RQ 99.9","isPartOf":{"@id":"https:\/\/nahuelproducciones.com.ar\/radioquijano\/#website"},"datePublished":"2025-07-22T17:40:38+00:00","dateModified":"2025-07-22T17:40:40+00:00","author":{"@id":"https:\/\/nahuelproducciones.com.ar\/radioquijano\/#\/schema\/person\/e8a4f939e2cb487fe6d0c54042c9d32c"},"description":"A 3.840 metros de altura, en la Quebrada del Toro, municipio de Campo Quijano, plena Puna salte\u00f1a, m\u00e1s de 40 alumnos y maestros enfrentan el fr\u00edo y caminos interminables para que la educaci\u00f3n sea un derecho.","breadcrumb":{"@id":"https:\/\/nahuelproducciones.com.ar\/radioquijano\/alumnos-recorren-25-kilometros-para-llegar-a-la-escuela-de-el-toro\/#breadcrumb"},"inLanguage":"es","potentialAction":[{"@type":"ReadAction","target":["https:\/\/nahuelproducciones.com.ar\/radioquijano\/alumnos-recorren-25-kilometros-para-llegar-a-la-escuela-de-el-toro\/"]}]},{"@type":"BreadcrumbList","@id":"https:\/\/nahuelproducciones.com.ar\/radioquijano\/alumnos-recorren-25-kilometros-para-llegar-a-la-escuela-de-el-toro\/#breadcrumb","itemListElement":[{"@type":"ListItem","position":1,"name":"Portada","item":"https:\/\/nahuelproducciones.com.ar\/radioquijano\/"},{"@type":"ListItem","position":2,"name":"Alumnos recorren 25 kil\u00f3metros para llegar a la escuela de El Toro"}]},{"@type":"WebSite","@id":"https:\/\/nahuelproducciones.com.ar\/radioquijano\/#website","url":"https:\/\/nahuelproducciones.com.ar\/radioquijano\/","name":"RQ 99.9","description":"Radio Quijano 99.9 MHz","potentialAction":[{"@type":"SearchAction","target":{"@type":"EntryPoint","urlTemplate":"https:\/\/nahuelproducciones.com.ar\/radioquijano\/?s={search_term_string}"},"query-input":"required name=search_term_string"}],"inLanguage":"es"},{"@type":"Person","@id":"https:\/\/nahuelproducciones.com.ar\/radioquijano\/#\/schema\/person\/e8a4f939e2cb487fe6d0c54042c9d32c","name":"Cecilia Pastrana","image":{"@type":"ImageObject","inLanguage":"es","@id":"https:\/\/nahuelproducciones.com.ar\/radioquijano\/#\/schema\/person\/image\/","url":"https:\/\/secure.gravatar.com\/avatar\/661a3ef63a8488d4f2794ed44af8cf71420f7e106f3072c40125114df5157749?s=96&d=mm&r=g","contentUrl":"https:\/\/secure.gravatar.com\/avatar\/661a3ef63a8488d4f2794ed44af8cf71420f7e106f3072c40125114df5157749?s=96&d=mm&r=g","caption":"Cecilia Pastrana"},"sameAs":["cecy"],"url":"https:\/\/nahuelproducciones.com.ar\/radioquijano\/author\/cecy\/"}]}},"_links":{"self":[{"href":"https:\/\/nahuelproducciones.com.ar\/radioquijano\/wp-json\/wp\/v2\/posts\/10691","targetHints":{"allow":["GET"]}}],"collection":[{"href":"https:\/\/nahuelproducciones.com.ar\/radioquijano\/wp-json\/wp\/v2\/posts"}],"about":[{"href":"https:\/\/nahuelproducciones.com.ar\/radioquijano\/wp-json\/wp\/v2\/types\/post"}],"author":[{"embeddable":true,"href":"https:\/\/nahuelproducciones.com.ar\/radioquijano\/wp-json\/wp\/v2\/users\/8"}],"replies":[{"embeddable":true,"href":"https:\/\/nahuelproducciones.com.ar\/radioquijano\/wp-json\/wp\/v2\/comments?post=10691"}],"version-history":[{"count":1,"href":"https:\/\/nahuelproducciones.com.ar\/radioquijano\/wp-json\/wp\/v2\/posts\/10691\/revisions"}],"predecessor-version":[{"id":10694,"href":"https:\/\/nahuelproducciones.com.ar\/radioquijano\/wp-json\/wp\/v2\/posts\/10691\/revisions\/10694"}],"wp:featuredmedia":[{"embeddable":true,"href":"https:\/\/nahuelproducciones.com.ar\/radioquijano\/wp-json\/wp\/v2\/media\/10693"}],"wp:attachment":[{"href":"https:\/\/nahuelproducciones.com.ar\/radioquijano\/wp-json\/wp\/v2\/media?parent=10691"}],"wp:term":[{"taxonomy":"category","embeddable":true,"href":"https:\/\/nahuelproducciones.com.ar\/radioquijano\/wp-json\/wp\/v2\/categories?post=10691"},{"taxonomy":"post_tag","embeddable":true,"href":"https:\/\/nahuelproducciones.com.ar\/radioquijano\/wp-json\/wp\/v2\/tags?post=10691"}],"curies":[{"name":"wp","href":"https:\/\/api.w.org\/{rel}","templated":true}]}}