{"id":10696,"date":"2025-07-23T00:08:19","date_gmt":"2025-07-23T03:08:19","guid":{"rendered":"https:\/\/nahuelproducciones.com.ar\/radioquijano\/?p=10696"},"modified":"2025-07-23T01:25:06","modified_gmt":"2025-07-23T04:25:06","slug":"la-insolita-resolucion-del-concejo-deliberante-de-c-quijano-para-un-receso-legislativo-julio-2025","status":"publish","type":"post","link":"https:\/\/nahuelproducciones.com.ar\/radioquijano\/la-insolita-resolucion-del-concejo-deliberante-de-c-quijano-para-un-receso-legislativo-julio-2025\/","title":{"rendered":"La ins\u00f3lita resoluci\u00f3n del Concejo Deliberante de C. Quijano para un receso legislativo (julio 2025)"},"content":{"rendered":"\n<p>El Concejo Deliberante de Campo Quijano aprob\u00f3 una resoluci\u00f3n mediante la cual dispone un <strong>receso de actividades legislativas<\/strong> desde el jueves 17 hasta el lunes 28 de julio. La medida, aunque aparentemente formal, <strong>genera preocupaci\u00f3n por la falta de previsi\u00f3n institucional, ausencia de fundamentos claros y silencios significativos en aspectos claves del funcionamiento democr\u00e1tico<\/strong>.<\/p>\n\n\n\n<h3 class=\"wp-block-heading\">El contenido de la resoluci\u00f3n<\/h3>\n\n\n\n<p>La resoluci\u00f3n establece un receso: <strong>\u00abdentro del marco de actividades que realiza esta instituci\u00f3n\u00bb,<\/strong> argumentando que esta pausa ha servido hist\u00f3ricamente para un <strong>\u00abreacomodamiento\u00bb <\/strong>de gestiones, sin detallar evidencia ni normativa concreta. Se menciona, sin citar fuentes, que <strong>\u00abtodos los legislativos comunales\u00bb<\/strong> disponen de este tipo de descansos cuando se acuerdan internamente.<\/p>\n\n\n\n<p>Sin embargo, el documento <strong>no ofrece fundamentos normativos espec\u00edficos, ni datos objetivos, ni establece mecanismos de funcionamiento m\u00ednimo durante el per\u00edodo de receso<\/strong>, dejando a la ciudadan\u00eda sin certezas institucionales durante al menos 12 d\u00edas.<\/p>\n\n\n\n<hr class=\"wp-block-separator has-alpha-channel-opacity\"\/>\n\n\n\n<h3 class=\"wp-block-heading\">Una resoluci\u00f3n con serias falencias institucionales<\/h3>\n\n\n\n<p>El an\u00e1lisis del texto aprobado revela varias debilidades preocupantes:<\/p>\n\n\n\n<ul class=\"wp-block-list\">\n<li>&#x274c; <strong>Falta de fundamentos legales<\/strong>: No se cita ninguna norma provincial ni art\u00edculo del reglamento interno que autorice formalmente este tipo de receso.<\/li>\n\n\n\n<li>&#x274c; <strong>Argumentaci\u00f3n autojustificativa<\/strong>: Las expresiones como \u201clo demuestra en el tiempo\u201d o \u201cha servido para un reacomodamiento\u201d carecen de respaldo documental y no informan objetivamente al ciudadano.<\/li>\n\n\n\n<li>&#x274c; <strong>Ausencia de previsi\u00f3n para emergencias<\/strong>: No se contempla ninguna cl\u00e1usula para garantizar que el cuerpo legislativo pueda autoconvocarse en caso de desastre, urgencia o situaci\u00f3n institucional extraordinaria.<\/li>\n\n\n\n<li>&#x274c; <strong>Silencio sobre atenci\u00f3n ciudadana<\/strong>: No se aclara si habr\u00e1 una guardia institucional ni si los vecinos podr\u00e1n presentar notas o reclamos durante esos d\u00edas, lo que podr\u00eda vulnerar el derecho constitucional de petici\u00f3n.<\/li>\n<\/ul>\n\n\n\n<hr class=\"wp-block-separator has-alpha-channel-opacity\"\/>\n\n\n\n<h3 class=\"wp-block-heading\"> \u00bfY si el intendente se toma vacaciones?<\/h3>\n\n\n\n<p>M\u00e1s all\u00e1 de la resoluci\u00f3n, se abre un interrogante adicional:<br><strong>\u00bfQu\u00e9 suceder\u00eda si el intendente decide tomarse vacaciones durante ese mismo per\u00edodo?<\/strong><br>La normativa vigente exige que el Concejo Deliberante autorice las licencias del jefe comunal. Si el Concejo est\u00e1 en receso, \u00bfqui\u00e9n controlar\u00e1 o designar\u00e1 su reemplazo interino?<br>Este vac\u00edo operativo <strong>podr\u00eda paralizar la administraci\u00f3n municipal<\/strong>, agravando una situaci\u00f3n de acefal\u00eda institucional si no hay un reglamento claro.<\/p>\n\n\n\n<hr class=\"wp-block-separator has-alpha-channel-opacity\"\/>\n\n\n\n<h3 class=\"wp-block-heading\">\u00bfY si ocurre una emergencia en la zona?<\/h3>\n\n\n\n<p>Campo Quijano se ubica en una regi\u00f3n de riesgo por <strong>aludes, crecidas, incendios forestales o movimientos s\u00edsmicos<\/strong>. El cierre del cuerpo legislativo sin previsi\u00f3n alguna plantea un riesgo serio:<br><strong>\u00bfEl Concejo podr\u00e1 autoconvocarse durante el receso si ocurre una cat\u00e1strofe natural?<\/strong><br>La resoluci\u00f3n no lo aclara, y <strong>el silencio puede costar muy caro si se necesita una intervenci\u00f3n legislativa inmediata.<\/strong><\/p>\n\n\n\n<hr class=\"wp-block-separator has-alpha-channel-opacity\"\/>\n\n\n\n<h3 class=\"wp-block-heading\">El ciudadano, otra vez excluido<\/h3>\n\n\n\n<p>Otro punto cr\u00edtico es la falta de garant\u00edas sobre el <strong>acceso de los vecinos al Concejo durante el receso<\/strong>.<br><strong>\u00bfPodr\u00e1n dejar notas, evacuar dudas o iniciar tr\u00e1mites? \u00bfSe garantizar\u00e1 la atenci\u00f3n al p\u00fablico al menos por medios digitales o guardias m\u00ednimas?<\/strong><br>La resoluci\u00f3n omite toda menci\u00f3n a este tema, lo cual <strong>refuerza la imagen de un poder legislativo desconectado de la comunidad que representa<\/strong>.<\/p>\n\n\n\n<hr class=\"wp-block-separator has-alpha-channel-opacity\"\/>\n\n\n\n<h3 class=\"wp-block-heading\">Conclusi\u00f3n: m\u00e1s que una pausa, un s\u00edntoma<\/h3>\n\n\n\n<p>Esta resoluci\u00f3n del Concejo Deliberante pone en evidencia una necesidad urgente: <strong>la redacci\u00f3n de una Carta Org\u00e1nica Municipal moderna, clara y participativa<\/strong>, que garantice la continuidad institucional, regule los reemplazos, establezca protocolos para emergencias y respete el acceso ciudadano en todo momento.<\/p>\n\n\n\n<blockquote class=\"wp-block-quote is-layout-flow wp-block-quote-is-layout-flow\">\n<p><strong>Una democracia saludable no puede permitirse cierres sin control, ni silencios que favorezcan la opacidad.<\/strong><\/p>\n\n\n\n<p><strong>Campo Quijano merece instituciones abiertas, previsibles y comprometidas con el inter\u00e9s p\u00fablico, no recesos que cierran puertas y debilitan la confianza.<\/strong><\/p>\n<\/blockquote>\n\n\n\n<figure class=\"wp-block-image size-large\"><img loading=\"lazy\" decoding=\"async\" width=\"768\" height=\"1024\" src=\"https:\/\/nahuelproducciones.com.ar\/radioquijano\/wp-content\/uploads\/2025\/07\/resolucion-concejo-deliberante-por-receso-768x1024.png\" alt=\"Resoluci\u00f3n sin respaldo legal para el receso de los concejales de Campo Quijano\" class=\"wp-image-10701\" srcset=\"https:\/\/nahuelproducciones.com.ar\/radioquijano\/wp-content\/uploads\/2025\/07\/resolucion-concejo-deliberante-por-receso-768x1024.png 768w, https:\/\/nahuelproducciones.com.ar\/radioquijano\/wp-content\/uploads\/2025\/07\/resolucion-concejo-deliberante-por-receso-225x300.png 225w, https:\/\/nahuelproducciones.com.ar\/radioquijano\/wp-content\/uploads\/2025\/07\/resolucion-concejo-deliberante-por-receso-640x853.png 640w, https:\/\/nahuelproducciones.com.ar\/radioquijano\/wp-content\/uploads\/2025\/07\/resolucion-concejo-deliberante-por-receso-150x200.png 150w, https:\/\/nahuelproducciones.com.ar\/radioquijano\/wp-content\/uploads\/2025\/07\/resolucion-concejo-deliberante-por-receso.png 960w\" sizes=\"auto, (max-width: 768px) 100vw, 768px\" \/><\/figure>\n\n\n\n<p><\/p>\n","protected":false},"excerpt":{"rendered":"<p>El Concejo Deliberante de Campo Quijano aprob\u00f3 una resoluci\u00f3n mediante la cual dispone un receso de actividades legislativas desde el jueves 17 hasta el lunes 28 de julio. La medida, aunque aparentemente formal, genera preocupaci\u00f3n por la falta de previsi\u00f3n institucional, ausencia de fundamentos claros y silencios significativos en aspectos claves del funcionamiento democr\u00e1tico. El [&hellip;]<\/p>\n","protected":false},"author":6,"featured_media":10705,"comment_status":"open","ping_status":"open","sticky":false,"template":"","format":"standard","meta":{"_monsterinsights_skip_tracking":false,"_monsterinsights_sitenote_active":false,"_monsterinsights_sitenote_note":"","_monsterinsights_sitenote_category":0,"footnotes":""},"categories":[6],"tags":[],"class_list":["post-10696","post","type-post","status-publish","format-standard","has-post-thumbnail","hentry","category-editorial"],"yoast_head":"<!-- This site is optimized with the Yoast SEO plugin v20.8 - https:\/\/yoast.com\/wordpress\/plugins\/seo\/ -->\n<title>La ins\u00f3lita resoluci\u00f3n del Concejo Deliberante de C. Quijano para un receso legislativo (julio 2025) - RQ 99.9<\/title>\n<meta name=\"robots\" content=\"index, follow, max-snippet:-1, max-image-preview:large, max-video-preview:-1\" \/>\n<link rel=\"canonical\" href=\"https:\/\/nahuelproducciones.com.ar\/radioquijano\/la-insolita-resolucion-del-concejo-deliberante-de-c-quijano-para-un-receso-legislativo-julio-2025\/\" \/>\n<meta property=\"og:locale\" content=\"es_ES\" \/>\n<meta property=\"og:type\" content=\"article\" \/>\n<meta property=\"og:title\" content=\"La ins\u00f3lita resoluci\u00f3n del Concejo Deliberante de C. Quijano para un receso legislativo (julio 2025) - RQ 99.9\" \/>\n<meta property=\"og:description\" content=\"El Concejo Deliberante de Campo Quijano aprob\u00f3 una resoluci\u00f3n mediante la cual dispone un receso de actividades legislativas desde el jueves 17 hasta el lunes 28 de julio. La medida, aunque aparentemente formal, genera preocupaci\u00f3n por la falta de previsi\u00f3n institucional, ausencia de fundamentos claros y silencios significativos en aspectos claves del funcionamiento democr\u00e1tico. El [&hellip;]\" \/>\n<meta property=\"og:url\" content=\"https:\/\/nahuelproducciones.com.ar\/radioquijano\/la-insolita-resolucion-del-concejo-deliberante-de-c-quijano-para-un-receso-legislativo-julio-2025\/\" \/>\n<meta property=\"og:site_name\" content=\"RQ 99.9\" \/>\n<meta property=\"article:publisher\" content=\"https:\/\/www.facebook.com\/nahuelproducciones999\/\" \/>\n<meta property=\"article:published_time\" content=\"2025-07-23T03:08:19+00:00\" \/>\n<meta property=\"article:modified_time\" content=\"2025-07-23T04:25:06+00:00\" \/>\n<meta property=\"og:image\" content=\"https:\/\/nahuelproducciones.com.ar\/radioquijano\/wp-content\/uploads\/2025\/07\/aprobaron-resolucion-de-vacas.jpg\" \/>\n\t<meta property=\"og:image:width\" content=\"1080\" \/>\n\t<meta property=\"og:image:height\" content=\"698\" \/>\n\t<meta property=\"og:image:type\" content=\"image\/jpeg\" \/>\n<meta name=\"author\" content=\"Ricardo Guzman\" \/>\n<meta name=\"twitter:card\" content=\"summary_large_image\" \/>\n<meta name=\"twitter:creator\" content=\"@nahuproduciones\" \/>\n<meta name=\"twitter:site\" content=\"@nahuproduciones\" \/>\n<meta name=\"twitter:label1\" content=\"Escrito por\" \/>\n\t<meta name=\"twitter:data1\" content=\"Ricardo Guzman\" \/>\n\t<meta name=\"twitter:label2\" content=\"Tiempo de lectura\" \/>\n\t<meta name=\"twitter:data2\" content=\"3 minutos\" \/>\n<script type=\"application\/ld+json\" class=\"yoast-schema-graph\">{\"@context\":\"https:\/\/schema.org\",\"@graph\":[{\"@type\":\"WebPage\",\"@id\":\"https:\/\/nahuelproducciones.com.ar\/radioquijano\/la-insolita-resolucion-del-concejo-deliberante-de-c-quijano-para-un-receso-legislativo-julio-2025\/\",\"url\":\"https:\/\/nahuelproducciones.com.ar\/radioquijano\/la-insolita-resolucion-del-concejo-deliberante-de-c-quijano-para-un-receso-legislativo-julio-2025\/\",\"name\":\"La ins\u00f3lita resoluci\u00f3n del Concejo Deliberante de C. Quijano para un receso legislativo (julio 2025) - RQ 99.9\",\"isPartOf\":{\"@id\":\"https:\/\/nahuelproducciones.com.ar\/radioquijano\/#website\"},\"datePublished\":\"2025-07-23T03:08:19+00:00\",\"dateModified\":\"2025-07-23T04:25:06+00:00\",\"author\":{\"@id\":\"https:\/\/nahuelproducciones.com.ar\/radioquijano\/#\/schema\/person\/b9b81a110cbdf07949e2cd02d478ab9d\"},\"breadcrumb\":{\"@id\":\"https:\/\/nahuelproducciones.com.ar\/radioquijano\/la-insolita-resolucion-del-concejo-deliberante-de-c-quijano-para-un-receso-legislativo-julio-2025\/#breadcrumb\"},\"inLanguage\":\"es\",\"potentialAction\":[{\"@type\":\"ReadAction\",\"target\":[\"https:\/\/nahuelproducciones.com.ar\/radioquijano\/la-insolita-resolucion-del-concejo-deliberante-de-c-quijano-para-un-receso-legislativo-julio-2025\/\"]}]},{\"@type\":\"BreadcrumbList\",\"@id\":\"https:\/\/nahuelproducciones.com.ar\/radioquijano\/la-insolita-resolucion-del-concejo-deliberante-de-c-quijano-para-un-receso-legislativo-julio-2025\/#breadcrumb\",\"itemListElement\":[{\"@type\":\"ListItem\",\"position\":1,\"name\":\"Portada\",\"item\":\"https:\/\/nahuelproducciones.com.ar\/radioquijano\/\"},{\"@type\":\"ListItem\",\"position\":2,\"name\":\"La ins\u00f3lita resoluci\u00f3n del Concejo Deliberante de C. Quijano para un receso legislativo (julio 2025)\"}]},{\"@type\":\"WebSite\",\"@id\":\"https:\/\/nahuelproducciones.com.ar\/radioquijano\/#website\",\"url\":\"https:\/\/nahuelproducciones.com.ar\/radioquijano\/\",\"name\":\"RQ 99.9\",\"description\":\"Radio Quijano 99.9 MHz\",\"potentialAction\":[{\"@type\":\"SearchAction\",\"target\":{\"@type\":\"EntryPoint\",\"urlTemplate\":\"https:\/\/nahuelproducciones.com.ar\/radioquijano\/?s={search_term_string}\"},\"query-input\":\"required name=search_term_string\"}],\"inLanguage\":\"es\"},{\"@type\":\"Person\",\"@id\":\"https:\/\/nahuelproducciones.com.ar\/radioquijano\/#\/schema\/person\/b9b81a110cbdf07949e2cd02d478ab9d\",\"name\":\"Ricardo Guzman\",\"image\":{\"@type\":\"ImageObject\",\"inLanguage\":\"es\",\"@id\":\"https:\/\/nahuelproducciones.com.ar\/radioquijano\/#\/schema\/person\/image\/\",\"url\":\"https:\/\/secure.gravatar.com\/avatar\/a5d582deda251f95dc882b72fc6e7b4854f88bb25c3154519210afffa7d706e8?s=96&d=mm&r=g\",\"contentUrl\":\"https:\/\/secure.gravatar.com\/avatar\/a5d582deda251f95dc882b72fc6e7b4854f88bb25c3154519210afffa7d706e8?s=96&d=mm&r=g\",\"caption\":\"Ricardo Guzman\"},\"url\":\"https:\/\/nahuelproducciones.com.ar\/radioquijano\/author\/cady\/\"}]}<\/script>\n<!-- \/ Yoast SEO plugin. -->","yoast_head_json":{"title":"La ins\u00f3lita resoluci\u00f3n del Concejo Deliberante de C. Quijano para un receso legislativo (julio 2025) - RQ 99.9","robots":{"index":"index","follow":"follow","max-snippet":"max-snippet:-1","max-image-preview":"max-image-preview:large","max-video-preview":"max-video-preview:-1"},"canonical":"https:\/\/nahuelproducciones.com.ar\/radioquijano\/la-insolita-resolucion-del-concejo-deliberante-de-c-quijano-para-un-receso-legislativo-julio-2025\/","og_locale":"es_ES","og_type":"article","og_title":"La ins\u00f3lita resoluci\u00f3n del Concejo Deliberante de C. Quijano para un receso legislativo (julio 2025) - RQ 99.9","og_description":"El Concejo Deliberante de Campo Quijano aprob\u00f3 una resoluci\u00f3n mediante la cual dispone un receso de actividades legislativas desde el jueves 17 hasta el lunes 28 de julio. La medida, aunque aparentemente formal, genera preocupaci\u00f3n por la falta de previsi\u00f3n institucional, ausencia de fundamentos claros y silencios significativos en aspectos claves del funcionamiento democr\u00e1tico. El [&hellip;]","og_url":"https:\/\/nahuelproducciones.com.ar\/radioquijano\/la-insolita-resolucion-del-concejo-deliberante-de-c-quijano-para-un-receso-legislativo-julio-2025\/","og_site_name":"RQ 99.9","article_publisher":"https:\/\/www.facebook.com\/nahuelproducciones999\/","article_published_time":"2025-07-23T03:08:19+00:00","article_modified_time":"2025-07-23T04:25:06+00:00","og_image":[{"width":1080,"height":698,"url":"https:\/\/nahuelproducciones.com.ar\/radioquijano\/wp-content\/uploads\/2025\/07\/aprobaron-resolucion-de-vacas.jpg","type":"image\/jpeg"}],"author":"Ricardo Guzman","twitter_card":"summary_large_image","twitter_creator":"@nahuproduciones","twitter_site":"@nahuproduciones","twitter_misc":{"Escrito por":"Ricardo Guzman","Tiempo de lectura":"3 minutos"},"schema":{"@context":"https:\/\/schema.org","@graph":[{"@type":"WebPage","@id":"https:\/\/nahuelproducciones.com.ar\/radioquijano\/la-insolita-resolucion-del-concejo-deliberante-de-c-quijano-para-un-receso-legislativo-julio-2025\/","url":"https:\/\/nahuelproducciones.com.ar\/radioquijano\/la-insolita-resolucion-del-concejo-deliberante-de-c-quijano-para-un-receso-legislativo-julio-2025\/","name":"La ins\u00f3lita resoluci\u00f3n del Concejo Deliberante de C. Quijano para un receso legislativo (julio 2025) - RQ 99.9","isPartOf":{"@id":"https:\/\/nahuelproducciones.com.ar\/radioquijano\/#website"},"datePublished":"2025-07-23T03:08:19+00:00","dateModified":"2025-07-23T04:25:06+00:00","author":{"@id":"https:\/\/nahuelproducciones.com.ar\/radioquijano\/#\/schema\/person\/b9b81a110cbdf07949e2cd02d478ab9d"},"breadcrumb":{"@id":"https:\/\/nahuelproducciones.com.ar\/radioquijano\/la-insolita-resolucion-del-concejo-deliberante-de-c-quijano-para-un-receso-legislativo-julio-2025\/#breadcrumb"},"inLanguage":"es","potentialAction":[{"@type":"ReadAction","target":["https:\/\/nahuelproducciones.com.ar\/radioquijano\/la-insolita-resolucion-del-concejo-deliberante-de-c-quijano-para-un-receso-legislativo-julio-2025\/"]}]},{"@type":"BreadcrumbList","@id":"https:\/\/nahuelproducciones.com.ar\/radioquijano\/la-insolita-resolucion-del-concejo-deliberante-de-c-quijano-para-un-receso-legislativo-julio-2025\/#breadcrumb","itemListElement":[{"@type":"ListItem","position":1,"name":"Portada","item":"https:\/\/nahuelproducciones.com.ar\/radioquijano\/"},{"@type":"ListItem","position":2,"name":"La ins\u00f3lita resoluci\u00f3n del Concejo Deliberante de C. Quijano para un receso legislativo (julio 2025)"}]},{"@type":"WebSite","@id":"https:\/\/nahuelproducciones.com.ar\/radioquijano\/#website","url":"https:\/\/nahuelproducciones.com.ar\/radioquijano\/","name":"RQ 99.9","description":"Radio Quijano 99.9 MHz","potentialAction":[{"@type":"SearchAction","target":{"@type":"EntryPoint","urlTemplate":"https:\/\/nahuelproducciones.com.ar\/radioquijano\/?s={search_term_string}"},"query-input":"required name=search_term_string"}],"inLanguage":"es"},{"@type":"Person","@id":"https:\/\/nahuelproducciones.com.ar\/radioquijano\/#\/schema\/person\/b9b81a110cbdf07949e2cd02d478ab9d","name":"Ricardo Guzman","image":{"@type":"ImageObject","inLanguage":"es","@id":"https:\/\/nahuelproducciones.com.ar\/radioquijano\/#\/schema\/person\/image\/","url":"https:\/\/secure.gravatar.com\/avatar\/a5d582deda251f95dc882b72fc6e7b4854f88bb25c3154519210afffa7d706e8?s=96&d=mm&r=g","contentUrl":"https:\/\/secure.gravatar.com\/avatar\/a5d582deda251f95dc882b72fc6e7b4854f88bb25c3154519210afffa7d706e8?s=96&d=mm&r=g","caption":"Ricardo Guzman"},"url":"https:\/\/nahuelproducciones.com.ar\/radioquijano\/author\/cady\/"}]}},"_links":{"self":[{"href":"https:\/\/nahuelproducciones.com.ar\/radioquijano\/wp-json\/wp\/v2\/posts\/10696","targetHints":{"allow":["GET"]}}],"collection":[{"href":"https:\/\/nahuelproducciones.com.ar\/radioquijano\/wp-json\/wp\/v2\/posts"}],"about":[{"href":"https:\/\/nahuelproducciones.com.ar\/radioquijano\/wp-json\/wp\/v2\/types\/post"}],"author":[{"embeddable":true,"href":"https:\/\/nahuelproducciones.com.ar\/radioquijano\/wp-json\/wp\/v2\/users\/6"}],"replies":[{"embeddable":true,"href":"https:\/\/nahuelproducciones.com.ar\/radioquijano\/wp-json\/wp\/v2\/comments?post=10696"}],"version-history":[{"count":4,"href":"https:\/\/nahuelproducciones.com.ar\/radioquijano\/wp-json\/wp\/v2\/posts\/10696\/revisions"}],"predecessor-version":[{"id":10704,"href":"https:\/\/nahuelproducciones.com.ar\/radioquijano\/wp-json\/wp\/v2\/posts\/10696\/revisions\/10704"}],"wp:featuredmedia":[{"embeddable":true,"href":"https:\/\/nahuelproducciones.com.ar\/radioquijano\/wp-json\/wp\/v2\/media\/10705"}],"wp:attachment":[{"href":"https:\/\/nahuelproducciones.com.ar\/radioquijano\/wp-json\/wp\/v2\/media?parent=10696"}],"wp:term":[{"taxonomy":"category","embeddable":true,"href":"https:\/\/nahuelproducciones.com.ar\/radioquijano\/wp-json\/wp\/v2\/categories?post=10696"},{"taxonomy":"post_tag","embeddable":true,"href":"https:\/\/nahuelproducciones.com.ar\/radioquijano\/wp-json\/wp\/v2\/tags?post=10696"}],"curies":[{"name":"wp","href":"https:\/\/api.w.org\/{rel}","templated":true}]}}