{"id":10707,"date":"2025-07-23T21:42:23","date_gmt":"2025-07-24T00:42:23","guid":{"rendered":"https:\/\/nahuelproducciones.com.ar\/radioquijano\/?p=10707"},"modified":"2025-07-23T21:45:03","modified_gmt":"2025-07-24T00:45:03","slug":"avanza-la-construccion-del-bypass-en-campo-quijano-una-obra-estrategica-para-la-seguridad-vial-y-el-desarrollo-local","status":"publish","type":"post","link":"https:\/\/nahuelproducciones.com.ar\/radioquijano\/avanza-la-construccion-del-bypass-en-campo-quijano-una-obra-estrategica-para-la-seguridad-vial-y-el-desarrollo-local\/","title":{"rendered":"Avanza la construcci\u00f3n del bypass en Campo Quijano: una obra estrat\u00e9gica para la seguridad vial y el desarrollo local"},"content":{"rendered":"\n<p>La construcci\u00f3n del esperado bypass que conectar\u00e1 la Ruta Nacional 51 con la Ruta Provincial 36 avanza  y ya genera gran expectativa entre los vecinos. Esta importante obra vial tiene como objetivo principal desviar el tr\u00e1nsito pesado \u2014especialmente el vinculado a la actividad minera\u2014 que actualmente atraviesa el centro urbano de la localidad, generando molestias y riesgos para la comunidad.<\/p>\n\n\n\n<p>El proyecto, financiado por el sector minero a trav\u00e9s de un convenio entre la Direcci\u00f3n de Vialidad de Salta y Recursos Energ\u00e9ticos y Mineros de Salta S.A. (REMSa), representa un cambio estructural en la din\u00e1mica urbana, social y productiva del pueblo. La nueva traza se desarrolla sobre la margen izquierda del r\u00edo Toro, bordeando el casco urbano y ofreciendo una alternativa segura para el transporte de cargas.<\/p>\n\n\n\n<p>Con el respaldo del Gobierno de Salta y la posibilidad de financiamiento adicional por parte del Banco de Desarrollo Fonplata, la obra cobra impulso como una infraestructura clave para el desarrollo log\u00edstico de la regi\u00f3n, en especial para el crecimiento de la actividad minera. Pero adem\u00e1s, se destaca su impacto positivo en la vida cotidiana de los habitantes de Quijano: al reducir el tr\u00e1fico de camiones en el centro, se mejorar\u00e1 la seguridad vial, se proteger\u00e1 el patrimonio urbano y se fomentar\u00e1 un entorno m\u00e1s amigable para los peatones.<\/p>\n\n\n\n<p>Los trabajos en la zona ya son visibles y generan expectativa en la comunidad, que observa con atenci\u00f3n el avance de una obra que no solo aliviar\u00e1 el tr\u00e1nsito actual, sino que abrir\u00e1 nuevas posibilidades para la inversi\u00f3n privada y el desarrollo productivo del \u00e1rea.<\/p>\n\n\n\n<figure class=\"wp-block-video\"><video controls src=\"https:\/\/nahuelproducciones.com.ar\/radioquijano\/wp-content\/uploads\/2025\/07\/WhatsApp-Video-2025-07-23-at-7.04.40-PM.mp4\"><\/video><\/figure>\n\n\n\n<figure class=\"wp-block-video\"><video controls src=\"https:\/\/nahuelproducciones.com.ar\/radioquijano\/wp-content\/uploads\/2025\/07\/WhatsApp-Video-2025-07-23-at-7.04.00-PM.mp4\"><\/video><\/figure>\n\n\n\n<figure class=\"wp-block-video\"><video controls src=\"https:\/\/nahuelproducciones.com.ar\/radioquijano\/wp-content\/uploads\/2025\/07\/WhatsApp-Video-2025-07-23-at-7.03.26-PM.mp4\"><\/video><\/figure>\n\n\n<div class=\"wp-block-image\">\n<figure class=\"aligncenter size-large is-resized\"><img loading=\"lazy\" decoding=\"async\" width=\"1024\" height=\"768\" src=\"https:\/\/nahuelproducciones.com.ar\/radioquijano\/wp-content\/uploads\/2025\/07\/WhatsApp-Image-2025-07-23-at-7.03.00-PM-1-1024x768.jpeg\" alt=\"\" class=\"wp-image-10715\" style=\"width:587px;height:auto\" srcset=\"https:\/\/nahuelproducciones.com.ar\/radioquijano\/wp-content\/uploads\/2025\/07\/WhatsApp-Image-2025-07-23-at-7.03.00-PM-1-1024x768.jpeg 1024w, https:\/\/nahuelproducciones.com.ar\/radioquijano\/wp-content\/uploads\/2025\/07\/WhatsApp-Image-2025-07-23-at-7.03.00-PM-1-300x225.jpeg 300w, https:\/\/nahuelproducciones.com.ar\/radioquijano\/wp-content\/uploads\/2025\/07\/WhatsApp-Image-2025-07-23-at-7.03.00-PM-1-768x576.jpeg 768w, https:\/\/nahuelproducciones.com.ar\/radioquijano\/wp-content\/uploads\/2025\/07\/WhatsApp-Image-2025-07-23-at-7.03.00-PM-1-1536x1152.jpeg 1536w, https:\/\/nahuelproducciones.com.ar\/radioquijano\/wp-content\/uploads\/2025\/07\/WhatsApp-Image-2025-07-23-at-7.03.00-PM-1-150x113.jpeg 150w, https:\/\/nahuelproducciones.com.ar\/radioquijano\/wp-content\/uploads\/2025\/07\/WhatsApp-Image-2025-07-23-at-7.03.00-PM-1.jpeg 1600w\" sizes=\"auto, (max-width: 1024px) 100vw, 1024px\" \/><\/figure><\/div>","protected":false},"excerpt":{"rendered":"<p>La construcci\u00f3n del esperado bypass que conectar\u00e1 la Ruta Nacional 51 con la Ruta Provincial 36 avanza y ya genera gran expectativa entre los vecinos. Esta importante obra vial tiene como objetivo principal desviar el tr\u00e1nsito pesado \u2014especialmente el vinculado a la actividad minera\u2014 que actualmente atraviesa el centro urbano de la localidad, generando molestias [&hellip;]<\/p>\n","protected":false},"author":8,"featured_media":10714,"comment_status":"open","ping_status":"open","sticky":false,"template":"","format":"standard","meta":{"_monsterinsights_skip_tracking":false,"_monsterinsights_sitenote_active":false,"_monsterinsights_sitenote_note":"","_monsterinsights_sitenote_category":0,"footnotes":""},"categories":[16],"tags":[1254,100],"class_list":["post-10707","post","type-post","status-publish","format-standard","has-post-thumbnail","hentry","category-noticias","tag-bypass-rn51","tag-municipio-de-campo-quijano"],"yoast_head":"<!-- This site is optimized with the Yoast SEO plugin v20.8 - https:\/\/yoast.com\/wordpress\/plugins\/seo\/ -->\n<title>Avanza la construcci\u00f3n del bypass en Campo Quijano: una obra estrat\u00e9gica para la seguridad vial y el desarrollo local - RQ 99.9<\/title>\n<meta name=\"description\" content=\"Los trabajos en la zona ya son visibles y generan expectativa en la comunidad.\" \/>\n<meta name=\"robots\" content=\"index, follow, max-snippet:-1, max-image-preview:large, max-video-preview:-1\" \/>\n<link rel=\"canonical\" href=\"https:\/\/nahuelproducciones.com.ar\/radioquijano\/avanza-la-construccion-del-bypass-en-campo-quijano-una-obra-estrategica-para-la-seguridad-vial-y-el-desarrollo-local\/\" \/>\n<meta property=\"og:locale\" content=\"es_ES\" \/>\n<meta property=\"og:type\" content=\"article\" \/>\n<meta property=\"og:title\" content=\"Avanza la construcci\u00f3n del bypass en Campo Quijano: una obra estrat\u00e9gica para la seguridad vial y el desarrollo local - RQ 99.9\" \/>\n<meta property=\"og:description\" content=\"Los trabajos en la zona ya son visibles y generan expectativa en la comunidad.\" \/>\n<meta property=\"og:url\" content=\"https:\/\/nahuelproducciones.com.ar\/radioquijano\/avanza-la-construccion-del-bypass-en-campo-quijano-una-obra-estrategica-para-la-seguridad-vial-y-el-desarrollo-local\/\" \/>\n<meta property=\"og:site_name\" content=\"RQ 99.9\" \/>\n<meta property=\"article:publisher\" content=\"https:\/\/www.facebook.com\/nahuelproducciones999\/\" \/>\n<meta property=\"article:published_time\" content=\"2025-07-24T00:42:23+00:00\" \/>\n<meta property=\"article:modified_time\" content=\"2025-07-24T00:45:03+00:00\" \/>\n<meta property=\"og:image\" content=\"https:\/\/nahuelproducciones.com.ar\/radioquijano\/wp-content\/uploads\/2025\/07\/WhatsApp-Image-2025-07-23-at-7.02.20-PM-e1753317875528.jpeg\" \/>\n\t<meta property=\"og:image:width\" content=\"700\" \/>\n\t<meta property=\"og:image:height\" content=\"397\" \/>\n\t<meta property=\"og:image:type\" content=\"image\/jpeg\" \/>\n<meta name=\"author\" content=\"Cecilia Pastrana\" \/>\n<meta name=\"twitter:card\" content=\"summary_large_image\" \/>\n<meta name=\"twitter:creator\" content=\"@nahuproduciones\" \/>\n<meta name=\"twitter:site\" content=\"@nahuproduciones\" \/>\n<meta name=\"twitter:label1\" content=\"Escrito por\" \/>\n\t<meta name=\"twitter:data1\" content=\"Cecilia Pastrana\" \/>\n\t<meta name=\"twitter:label2\" content=\"Tiempo de lectura\" \/>\n\t<meta name=\"twitter:data2\" content=\"2 minutos\" \/>\n<script type=\"application\/ld+json\" class=\"yoast-schema-graph\">{\"@context\":\"https:\/\/schema.org\",\"@graph\":[{\"@type\":\"WebPage\",\"@id\":\"https:\/\/nahuelproducciones.com.ar\/radioquijano\/avanza-la-construccion-del-bypass-en-campo-quijano-una-obra-estrategica-para-la-seguridad-vial-y-el-desarrollo-local\/\",\"url\":\"https:\/\/nahuelproducciones.com.ar\/radioquijano\/avanza-la-construccion-del-bypass-en-campo-quijano-una-obra-estrategica-para-la-seguridad-vial-y-el-desarrollo-local\/\",\"name\":\"Avanza la construcci\u00f3n del bypass en Campo Quijano: una obra estrat\u00e9gica para la seguridad vial y el desarrollo local - RQ 99.9\",\"isPartOf\":{\"@id\":\"https:\/\/nahuelproducciones.com.ar\/radioquijano\/#website\"},\"datePublished\":\"2025-07-24T00:42:23+00:00\",\"dateModified\":\"2025-07-24T00:45:03+00:00\",\"author\":{\"@id\":\"https:\/\/nahuelproducciones.com.ar\/radioquijano\/#\/schema\/person\/e8a4f939e2cb487fe6d0c54042c9d32c\"},\"description\":\"Los trabajos en la zona ya son visibles y generan expectativa en la comunidad.\",\"breadcrumb\":{\"@id\":\"https:\/\/nahuelproducciones.com.ar\/radioquijano\/avanza-la-construccion-del-bypass-en-campo-quijano-una-obra-estrategica-para-la-seguridad-vial-y-el-desarrollo-local\/#breadcrumb\"},\"inLanguage\":\"es\",\"potentialAction\":[{\"@type\":\"ReadAction\",\"target\":[\"https:\/\/nahuelproducciones.com.ar\/radioquijano\/avanza-la-construccion-del-bypass-en-campo-quijano-una-obra-estrategica-para-la-seguridad-vial-y-el-desarrollo-local\/\"]}]},{\"@type\":\"BreadcrumbList\",\"@id\":\"https:\/\/nahuelproducciones.com.ar\/radioquijano\/avanza-la-construccion-del-bypass-en-campo-quijano-una-obra-estrategica-para-la-seguridad-vial-y-el-desarrollo-local\/#breadcrumb\",\"itemListElement\":[{\"@type\":\"ListItem\",\"position\":1,\"name\":\"Portada\",\"item\":\"https:\/\/nahuelproducciones.com.ar\/radioquijano\/\"},{\"@type\":\"ListItem\",\"position\":2,\"name\":\"Avanza la construcci\u00f3n del bypass en Campo Quijano: una obra estrat\u00e9gica para la seguridad vial y el desarrollo local\"}]},{\"@type\":\"WebSite\",\"@id\":\"https:\/\/nahuelproducciones.com.ar\/radioquijano\/#website\",\"url\":\"https:\/\/nahuelproducciones.com.ar\/radioquijano\/\",\"name\":\"RQ 99.9\",\"description\":\"Radio Quijano 99.9 MHz\",\"potentialAction\":[{\"@type\":\"SearchAction\",\"target\":{\"@type\":\"EntryPoint\",\"urlTemplate\":\"https:\/\/nahuelproducciones.com.ar\/radioquijano\/?s={search_term_string}\"},\"query-input\":\"required name=search_term_string\"}],\"inLanguage\":\"es\"},{\"@type\":\"Person\",\"@id\":\"https:\/\/nahuelproducciones.com.ar\/radioquijano\/#\/schema\/person\/e8a4f939e2cb487fe6d0c54042c9d32c\",\"name\":\"Cecilia Pastrana\",\"image\":{\"@type\":\"ImageObject\",\"inLanguage\":\"es\",\"@id\":\"https:\/\/nahuelproducciones.com.ar\/radioquijano\/#\/schema\/person\/image\/\",\"url\":\"https:\/\/secure.gravatar.com\/avatar\/661a3ef63a8488d4f2794ed44af8cf71420f7e106f3072c40125114df5157749?s=96&d=mm&r=g\",\"contentUrl\":\"https:\/\/secure.gravatar.com\/avatar\/661a3ef63a8488d4f2794ed44af8cf71420f7e106f3072c40125114df5157749?s=96&d=mm&r=g\",\"caption\":\"Cecilia Pastrana\"},\"sameAs\":[\"cecy\"],\"url\":\"https:\/\/nahuelproducciones.com.ar\/radioquijano\/author\/cecy\/\"}]}<\/script>\n<!-- \/ Yoast SEO plugin. -->","yoast_head_json":{"title":"Avanza la construcci\u00f3n del bypass en Campo Quijano: una obra estrat\u00e9gica para la seguridad vial y el desarrollo local - RQ 99.9","description":"Los trabajos en la zona ya son visibles y generan expectativa en la comunidad.","robots":{"index":"index","follow":"follow","max-snippet":"max-snippet:-1","max-image-preview":"max-image-preview:large","max-video-preview":"max-video-preview:-1"},"canonical":"https:\/\/nahuelproducciones.com.ar\/radioquijano\/avanza-la-construccion-del-bypass-en-campo-quijano-una-obra-estrategica-para-la-seguridad-vial-y-el-desarrollo-local\/","og_locale":"es_ES","og_type":"article","og_title":"Avanza la construcci\u00f3n del bypass en Campo Quijano: una obra estrat\u00e9gica para la seguridad vial y el desarrollo local - RQ 99.9","og_description":"Los trabajos en la zona ya son visibles y generan expectativa en la comunidad.","og_url":"https:\/\/nahuelproducciones.com.ar\/radioquijano\/avanza-la-construccion-del-bypass-en-campo-quijano-una-obra-estrategica-para-la-seguridad-vial-y-el-desarrollo-local\/","og_site_name":"RQ 99.9","article_publisher":"https:\/\/www.facebook.com\/nahuelproducciones999\/","article_published_time":"2025-07-24T00:42:23+00:00","article_modified_time":"2025-07-24T00:45:03+00:00","og_image":[{"width":700,"height":397,"url":"https:\/\/nahuelproducciones.com.ar\/radioquijano\/wp-content\/uploads\/2025\/07\/WhatsApp-Image-2025-07-23-at-7.02.20-PM-e1753317875528.jpeg","type":"image\/jpeg"}],"author":"Cecilia Pastrana","twitter_card":"summary_large_image","twitter_creator":"@nahuproduciones","twitter_site":"@nahuproduciones","twitter_misc":{"Escrito por":"Cecilia Pastrana","Tiempo de lectura":"2 minutos"},"schema":{"@context":"https:\/\/schema.org","@graph":[{"@type":"WebPage","@id":"https:\/\/nahuelproducciones.com.ar\/radioquijano\/avanza-la-construccion-del-bypass-en-campo-quijano-una-obra-estrategica-para-la-seguridad-vial-y-el-desarrollo-local\/","url":"https:\/\/nahuelproducciones.com.ar\/radioquijano\/avanza-la-construccion-del-bypass-en-campo-quijano-una-obra-estrategica-para-la-seguridad-vial-y-el-desarrollo-local\/","name":"Avanza la construcci\u00f3n del bypass en Campo Quijano: una obra estrat\u00e9gica para la seguridad vial y el desarrollo local - RQ 99.9","isPartOf":{"@id":"https:\/\/nahuelproducciones.com.ar\/radioquijano\/#website"},"datePublished":"2025-07-24T00:42:23+00:00","dateModified":"2025-07-24T00:45:03+00:00","author":{"@id":"https:\/\/nahuelproducciones.com.ar\/radioquijano\/#\/schema\/person\/e8a4f939e2cb487fe6d0c54042c9d32c"},"description":"Los trabajos en la zona ya son visibles y generan expectativa en la comunidad.","breadcrumb":{"@id":"https:\/\/nahuelproducciones.com.ar\/radioquijano\/avanza-la-construccion-del-bypass-en-campo-quijano-una-obra-estrategica-para-la-seguridad-vial-y-el-desarrollo-local\/#breadcrumb"},"inLanguage":"es","potentialAction":[{"@type":"ReadAction","target":["https:\/\/nahuelproducciones.com.ar\/radioquijano\/avanza-la-construccion-del-bypass-en-campo-quijano-una-obra-estrategica-para-la-seguridad-vial-y-el-desarrollo-local\/"]}]},{"@type":"BreadcrumbList","@id":"https:\/\/nahuelproducciones.com.ar\/radioquijano\/avanza-la-construccion-del-bypass-en-campo-quijano-una-obra-estrategica-para-la-seguridad-vial-y-el-desarrollo-local\/#breadcrumb","itemListElement":[{"@type":"ListItem","position":1,"name":"Portada","item":"https:\/\/nahuelproducciones.com.ar\/radioquijano\/"},{"@type":"ListItem","position":2,"name":"Avanza la construcci\u00f3n del bypass en Campo Quijano: una obra estrat\u00e9gica para la seguridad vial y el desarrollo local"}]},{"@type":"WebSite","@id":"https:\/\/nahuelproducciones.com.ar\/radioquijano\/#website","url":"https:\/\/nahuelproducciones.com.ar\/radioquijano\/","name":"RQ 99.9","description":"Radio Quijano 99.9 MHz","potentialAction":[{"@type":"SearchAction","target":{"@type":"EntryPoint","urlTemplate":"https:\/\/nahuelproducciones.com.ar\/radioquijano\/?s={search_term_string}"},"query-input":"required name=search_term_string"}],"inLanguage":"es"},{"@type":"Person","@id":"https:\/\/nahuelproducciones.com.ar\/radioquijano\/#\/schema\/person\/e8a4f939e2cb487fe6d0c54042c9d32c","name":"Cecilia Pastrana","image":{"@type":"ImageObject","inLanguage":"es","@id":"https:\/\/nahuelproducciones.com.ar\/radioquijano\/#\/schema\/person\/image\/","url":"https:\/\/secure.gravatar.com\/avatar\/661a3ef63a8488d4f2794ed44af8cf71420f7e106f3072c40125114df5157749?s=96&d=mm&r=g","contentUrl":"https:\/\/secure.gravatar.com\/avatar\/661a3ef63a8488d4f2794ed44af8cf71420f7e106f3072c40125114df5157749?s=96&d=mm&r=g","caption":"Cecilia Pastrana"},"sameAs":["cecy"],"url":"https:\/\/nahuelproducciones.com.ar\/radioquijano\/author\/cecy\/"}]}},"_links":{"self":[{"href":"https:\/\/nahuelproducciones.com.ar\/radioquijano\/wp-json\/wp\/v2\/posts\/10707","targetHints":{"allow":["GET"]}}],"collection":[{"href":"https:\/\/nahuelproducciones.com.ar\/radioquijano\/wp-json\/wp\/v2\/posts"}],"about":[{"href":"https:\/\/nahuelproducciones.com.ar\/radioquijano\/wp-json\/wp\/v2\/types\/post"}],"author":[{"embeddable":true,"href":"https:\/\/nahuelproducciones.com.ar\/radioquijano\/wp-json\/wp\/v2\/users\/8"}],"replies":[{"embeddable":true,"href":"https:\/\/nahuelproducciones.com.ar\/radioquijano\/wp-json\/wp\/v2\/comments?post=10707"}],"version-history":[{"count":3,"href":"https:\/\/nahuelproducciones.com.ar\/radioquijano\/wp-json\/wp\/v2\/posts\/10707\/revisions"}],"predecessor-version":[{"id":10718,"href":"https:\/\/nahuelproducciones.com.ar\/radioquijano\/wp-json\/wp\/v2\/posts\/10707\/revisions\/10718"}],"wp:featuredmedia":[{"embeddable":true,"href":"https:\/\/nahuelproducciones.com.ar\/radioquijano\/wp-json\/wp\/v2\/media\/10714"}],"wp:attachment":[{"href":"https:\/\/nahuelproducciones.com.ar\/radioquijano\/wp-json\/wp\/v2\/media?parent=10707"}],"wp:term":[{"taxonomy":"category","embeddable":true,"href":"https:\/\/nahuelproducciones.com.ar\/radioquijano\/wp-json\/wp\/v2\/categories?post=10707"},{"taxonomy":"post_tag","embeddable":true,"href":"https:\/\/nahuelproducciones.com.ar\/radioquijano\/wp-json\/wp\/v2\/tags?post=10707"}],"curies":[{"name":"wp","href":"https:\/\/api.w.org\/{rel}","templated":true}]}}