{"id":10731,"date":"2025-07-23T22:35:49","date_gmt":"2025-07-24T01:35:49","guid":{"rendered":"https:\/\/nahuelproducciones.com.ar\/radioquijano\/?p=10731"},"modified":"2025-07-23T22:35:51","modified_gmt":"2025-07-24T01:35:51","slug":"derecho-animal-y-responsabilidad-social-fuerte-llamado-de-atencion-a-las-autoridades","status":"publish","type":"post","link":"https:\/\/nahuelproducciones.com.ar\/radioquijano\/derecho-animal-y-responsabilidad-social-fuerte-llamado-de-atencion-a-las-autoridades\/","title":{"rendered":"Derecho Animal y responsabilidad social: fuerte llamado de atenci\u00f3n a las autoridades ."},"content":{"rendered":"\n<p>En la jornada de hoy, <em>Radio Quijano<\/em> dialog\u00f3 con la Dra. Carmen C\u00e9spedes Cartagena, abogada especializada en Derecho Animal y miembro del Instituto de Derecho Animal del Colegio de Abogados de Salta, integrado por m\u00e1s de 15 profesionales comprometidos con la protecci\u00f3n de los animales.<\/p>\n\n\n\n<p>Durante la entrevista, se abord\u00f3 un tema urgente y muchas veces invisibilizado: las <strong>obligaciones y responsabilidades en el cuidado de los animales<\/strong> en nuestra comunidad. La letrada fue clara al se\u00f1alar que en una sociedad organizada, esta tarea es una <strong>responsabilidad compartida entre vecinos, autoridades municipales e instituciones locales<\/strong>. \u00abNo se trata solo de una obligaci\u00f3n legal, sino tambi\u00e9n de un deber \u00e9tico y social\u00bb, subray\u00f3.<\/p>\n\n\n\n<p>La Dra. C\u00e9spedes record\u00f3 que la <strong>Ley Nacional N\u00b0 14.346 de Protecci\u00f3n Animal<\/strong> proh\u00edbe expresamente el maltrato y la crueldad hacia los animales, y establece penas para quienes los da\u00f1en o abandonen. A pesar de este marco legal, en Campo Quijano \u2014afirm\u00f3\u2014 \u00abni la gesti\u00f3n anterior ni la actual del intendente  Yonar han demostrado inter\u00e9s o acciones concretas en favor de los animales. No cumplen su rol en la protecci\u00f3n animal\u00bb, denunci\u00f3.<\/p>\n\n\n\n<p>Los oyentes tambi\u00e9n se sumaron al debate, se\u00f1alando la <strong>presencia de caballos atados al costado de la ruta<\/strong>, un hecho que no solo implica un <strong>riesgo vial<\/strong>, sino tambi\u00e9n <strong>una forma de maltrato<\/strong>. Se mencion\u00f3 adem\u00e1s la preocupante situaci\u00f3n de los <strong>perros callejeros<\/strong>, sin control ni atenci\u00f3n.<\/p>\n\n\n\n<p>La abogada fue enf\u00e1tica al se\u00f1alar que <strong>los animales no son cosas<\/strong>, sino <strong>seres vivos y sintientes<\/strong> que deben ser tratados con dignidad. \u201cEl derecho animal enfrenta hoy desaf\u00edos urgentes, y es necesario que se act\u00fae con responsabilidad\u201d, expres\u00f3.<\/p>\n\n\n\n<p>Asimismo, record\u00f3 que la <strong>vacunaci\u00f3n antirr\u00e1bica es gratuita<\/strong>, ya que la <strong>Provincia de Salta entrega las dosis sin costo<\/strong>, y es deber del municipio retirarlas y llevar adelante campa\u00f1as de vacunaci\u00f3n.<\/p>\n\n\n\n<p>C\u00e9spedes explic\u00f3 que <strong>los \u201cguardadores\u201d o tenedores de animales tambi\u00e9n tienen responsabilidades<\/strong> legales, y que <strong>cualquier ciudadano que sea testigo de un caso de maltrato animal debe denunciarlo<\/strong> en la comisar\u00eda, donde <strong>la denuncia debe ser tomada obligatoriamente<\/strong>.<\/p>\n\n\n\n<p>Desde <em>Radio Quijano<\/em>, reiteramos el compromiso con la visibilizaci\u00f3n de estas problem\u00e1ticas y con el llamado a una comunidad m\u00e1s humana, que entienda que <strong>proteger a los animales tambi\u00e9n es construir un pueblo m\u00e1s justo y solidario<\/strong>.<\/p>\n\n\n\n<p>Hoy m\u00e1s que nunca, urge transformar la mirada y comprometernos con pol\u00edticas locales que garanticen su bienestar. El trato que damos a los animales refleja el tipo de comunidad que somos\u2026 y la que queremos llegar a ser.<\/p>\n\n\n\n<p>Escucha la entrevista:<\/p>\n\n\n\n<figure class=\"wp-block-audio\"><audio controls src=\"https:\/\/nahuelproducciones.com.ar\/radioquijano\/wp-content\/uploads\/2025\/07\/23-07-2025dra-carmen-cespedes-cartagena-tema-maltrato-animal.mp3\"><\/audio><\/figure>\n\n\n\n<figure class=\"wp-block-gallery has-nested-images columns-default is-cropped wp-block-gallery-1 is-layout-flex wp-block-gallery-is-layout-flex\">\n<figure class=\"wp-block-image size-large\"><img loading=\"lazy\" decoding=\"async\" width=\"1024\" height=\"450\" data-id=\"10735\" src=\"https:\/\/nahuelproducciones.com.ar\/radioquijano\/wp-content\/uploads\/2025\/07\/WhatsApp-Image-2025-07-23-at-12.46.57-PM-1-1-1024x450.jpeg\" alt=\"\" class=\"wp-image-10735\" srcset=\"https:\/\/nahuelproducciones.com.ar\/radioquijano\/wp-content\/uploads\/2025\/07\/WhatsApp-Image-2025-07-23-at-12.46.57-PM-1-1-1024x450.jpeg 1024w, https:\/\/nahuelproducciones.com.ar\/radioquijano\/wp-content\/uploads\/2025\/07\/WhatsApp-Image-2025-07-23-at-12.46.57-PM-1-1-300x132.jpeg 300w, https:\/\/nahuelproducciones.com.ar\/radioquijano\/wp-content\/uploads\/2025\/07\/WhatsApp-Image-2025-07-23-at-12.46.57-PM-1-1-768x337.jpeg 768w, https:\/\/nahuelproducciones.com.ar\/radioquijano\/wp-content\/uploads\/2025\/07\/WhatsApp-Image-2025-07-23-at-12.46.57-PM-1-1-150x66.jpeg 150w, https:\/\/nahuelproducciones.com.ar\/radioquijano\/wp-content\/uploads\/2025\/07\/WhatsApp-Image-2025-07-23-at-12.46.57-PM-1-1.jpeg 1280w\" sizes=\"auto, (max-width: 1024px) 100vw, 1024px\" \/><\/figure>\n\n\n\n<figure class=\"wp-block-image size-large\"><img loading=\"lazy\" decoding=\"async\" width=\"1024\" height=\"450\" data-id=\"10737\" src=\"https:\/\/nahuelproducciones.com.ar\/radioquijano\/wp-content\/uploads\/2025\/07\/WhatsApp-Image-2025-07-23-at-12.46.57-PM-2-1024x450.jpeg\" alt=\"\" class=\"wp-image-10737\" srcset=\"https:\/\/nahuelproducciones.com.ar\/radioquijano\/wp-content\/uploads\/2025\/07\/WhatsApp-Image-2025-07-23-at-12.46.57-PM-2-1024x450.jpeg 1024w, https:\/\/nahuelproducciones.com.ar\/radioquijano\/wp-content\/uploads\/2025\/07\/WhatsApp-Image-2025-07-23-at-12.46.57-PM-2-300x132.jpeg 300w, https:\/\/nahuelproducciones.com.ar\/radioquijano\/wp-content\/uploads\/2025\/07\/WhatsApp-Image-2025-07-23-at-12.46.57-PM-2-768x337.jpeg 768w, https:\/\/nahuelproducciones.com.ar\/radioquijano\/wp-content\/uploads\/2025\/07\/WhatsApp-Image-2025-07-23-at-12.46.57-PM-2-150x66.jpeg 150w, https:\/\/nahuelproducciones.com.ar\/radioquijano\/wp-content\/uploads\/2025\/07\/WhatsApp-Image-2025-07-23-at-12.46.57-PM-2.jpeg 1280w\" sizes=\"auto, (max-width: 1024px) 100vw, 1024px\" \/><\/figure>\n\n\n\n<figure class=\"wp-block-image size-large\"><img loading=\"lazy\" decoding=\"async\" width=\"1024\" height=\"450\" data-id=\"10734\" src=\"https:\/\/nahuelproducciones.com.ar\/radioquijano\/wp-content\/uploads\/2025\/07\/WhatsApp-Image-2025-07-23-at-12.46.57-PM-1024x450.jpeg\" alt=\"\" class=\"wp-image-10734\" srcset=\"https:\/\/nahuelproducciones.com.ar\/radioquijano\/wp-content\/uploads\/2025\/07\/WhatsApp-Image-2025-07-23-at-12.46.57-PM-1024x450.jpeg 1024w, https:\/\/nahuelproducciones.com.ar\/radioquijano\/wp-content\/uploads\/2025\/07\/WhatsApp-Image-2025-07-23-at-12.46.57-PM-300x132.jpeg 300w, https:\/\/nahuelproducciones.com.ar\/radioquijano\/wp-content\/uploads\/2025\/07\/WhatsApp-Image-2025-07-23-at-12.46.57-PM-768x337.jpeg 768w, https:\/\/nahuelproducciones.com.ar\/radioquijano\/wp-content\/uploads\/2025\/07\/WhatsApp-Image-2025-07-23-at-12.46.57-PM-150x66.jpeg 150w, https:\/\/nahuelproducciones.com.ar\/radioquijano\/wp-content\/uploads\/2025\/07\/WhatsApp-Image-2025-07-23-at-12.46.57-PM.jpeg 1280w\" sizes=\"auto, (max-width: 1024px) 100vw, 1024px\" \/><\/figure>\n\n\n\n<figure class=\"wp-block-image size-large\"><img loading=\"lazy\" decoding=\"async\" width=\"1024\" height=\"450\" data-id=\"10733\" src=\"https:\/\/nahuelproducciones.com.ar\/radioquijano\/wp-content\/uploads\/2025\/07\/WhatsApp-Image-2025-07-23-at-12.46.58-PM-1024x450.jpeg\" alt=\"\" class=\"wp-image-10733\" srcset=\"https:\/\/nahuelproducciones.com.ar\/radioquijano\/wp-content\/uploads\/2025\/07\/WhatsApp-Image-2025-07-23-at-12.46.58-PM-1024x450.jpeg 1024w, https:\/\/nahuelproducciones.com.ar\/radioquijano\/wp-content\/uploads\/2025\/07\/WhatsApp-Image-2025-07-23-at-12.46.58-PM-300x132.jpeg 300w, https:\/\/nahuelproducciones.com.ar\/radioquijano\/wp-content\/uploads\/2025\/07\/WhatsApp-Image-2025-07-23-at-12.46.58-PM-768x337.jpeg 768w, https:\/\/nahuelproducciones.com.ar\/radioquijano\/wp-content\/uploads\/2025\/07\/WhatsApp-Image-2025-07-23-at-12.46.58-PM-150x66.jpeg 150w, https:\/\/nahuelproducciones.com.ar\/radioquijano\/wp-content\/uploads\/2025\/07\/WhatsApp-Image-2025-07-23-at-12.46.58-PM.jpeg 1280w\" sizes=\"auto, (max-width: 1024px) 100vw, 1024px\" \/><\/figure>\n\n\n\n<figure class=\"wp-block-image size-large\"><img loading=\"lazy\" decoding=\"async\" width=\"1024\" height=\"576\" data-id=\"10738\" src=\"https:\/\/nahuelproducciones.com.ar\/radioquijano\/wp-content\/uploads\/2025\/07\/WhatsApp-Image-2025-07-23-at-12.54.00-PM-1024x576.jpeg\" alt=\"\" class=\"wp-image-10738\" srcset=\"https:\/\/nahuelproducciones.com.ar\/radioquijano\/wp-content\/uploads\/2025\/07\/WhatsApp-Image-2025-07-23-at-12.54.00-PM-1024x576.jpeg 1024w, https:\/\/nahuelproducciones.com.ar\/radioquijano\/wp-content\/uploads\/2025\/07\/WhatsApp-Image-2025-07-23-at-12.54.00-PM-300x169.jpeg 300w, https:\/\/nahuelproducciones.com.ar\/radioquijano\/wp-content\/uploads\/2025\/07\/WhatsApp-Image-2025-07-23-at-12.54.00-PM-768x432.jpeg 768w, https:\/\/nahuelproducciones.com.ar\/radioquijano\/wp-content\/uploads\/2025\/07\/WhatsApp-Image-2025-07-23-at-12.54.00-PM-150x84.jpeg 150w, https:\/\/nahuelproducciones.com.ar\/radioquijano\/wp-content\/uploads\/2025\/07\/WhatsApp-Image-2025-07-23-at-12.54.00-PM.jpeg 1280w\" sizes=\"auto, (max-width: 1024px) 100vw, 1024px\" \/><\/figure>\n\n\n\n<figure class=\"wp-block-image size-large\"><img loading=\"lazy\" decoding=\"async\" width=\"1024\" height=\"576\" data-id=\"10739\" src=\"https:\/\/nahuelproducciones.com.ar\/radioquijano\/wp-content\/uploads\/2025\/07\/WhatsApp-Image-2025-07-23-at-12.54.22-PM-1024x576.jpeg\" alt=\"\" class=\"wp-image-10739\" srcset=\"https:\/\/nahuelproducciones.com.ar\/radioquijano\/wp-content\/uploads\/2025\/07\/WhatsApp-Image-2025-07-23-at-12.54.22-PM-1024x576.jpeg 1024w, https:\/\/nahuelproducciones.com.ar\/radioquijano\/wp-content\/uploads\/2025\/07\/WhatsApp-Image-2025-07-23-at-12.54.22-PM-300x169.jpeg 300w, https:\/\/nahuelproducciones.com.ar\/radioquijano\/wp-content\/uploads\/2025\/07\/WhatsApp-Image-2025-07-23-at-12.54.22-PM-768x432.jpeg 768w, https:\/\/nahuelproducciones.com.ar\/radioquijano\/wp-content\/uploads\/2025\/07\/WhatsApp-Image-2025-07-23-at-12.54.22-PM-150x84.jpeg 150w, https:\/\/nahuelproducciones.com.ar\/radioquijano\/wp-content\/uploads\/2025\/07\/WhatsApp-Image-2025-07-23-at-12.54.22-PM.jpeg 1280w\" sizes=\"auto, (max-width: 1024px) 100vw, 1024px\" \/><\/figure>\n<\/figure>\n","protected":false},"excerpt":{"rendered":"<p>En la jornada de hoy, Radio Quijano dialog\u00f3 con la Dra. Carmen C\u00e9spedes Cartagena, abogada especializada en Derecho Animal y miembro del Instituto de Derecho Animal del Colegio de Abogados de Salta, integrado por m\u00e1s de 15 profesionales comprometidos con la protecci\u00f3n de los animales. Durante la entrevista, se abord\u00f3 un tema urgente y muchas [&hellip;]<\/p>\n","protected":false},"author":8,"featured_media":10732,"comment_status":"open","ping_status":"open","sticky":false,"template":"","format":"standard","meta":{"_monsterinsights_skip_tracking":false,"_monsterinsights_sitenote_active":false,"_monsterinsights_sitenote_note":"","_monsterinsights_sitenote_category":0,"footnotes":""},"categories":[16],"tags":[1861,1860,100],"class_list":["post-10731","post","type-post","status-publish","format-standard","has-post-thumbnail","hentry","category-noticias","tag-dra-carmen-cespedes-cartagena","tag-ley-nacional-n-14-346-de-proteccion-animal","tag-municipio-de-campo-quijano"],"yoast_head":"<!-- This site is optimized with the Yoast SEO plugin v20.8 - https:\/\/yoast.com\/wordpress\/plugins\/seo\/ -->\n<title>Derecho Animal y responsabilidad social: fuerte llamado de atenci\u00f3n a las autoridades . - RQ 99.9<\/title>\n<meta name=\"description\" content=\"El trato que damos a los animales refleja el tipo de comunidad que somos\u2026 y la que queremos llegar a ser.\" \/>\n<meta name=\"robots\" content=\"index, follow, max-snippet:-1, max-image-preview:large, max-video-preview:-1\" \/>\n<link rel=\"canonical\" href=\"https:\/\/nahuelproducciones.com.ar\/radioquijano\/derecho-animal-y-responsabilidad-social-fuerte-llamado-de-atencion-a-las-autoridades\/\" \/>\n<meta property=\"og:locale\" content=\"es_ES\" \/>\n<meta property=\"og:type\" content=\"article\" \/>\n<meta property=\"og:title\" content=\"Derecho Animal y responsabilidad social: fuerte llamado de atenci\u00f3n a las autoridades . - RQ 99.9\" \/>\n<meta property=\"og:description\" content=\"El trato que damos a los animales refleja el tipo de comunidad que somos\u2026 y la que queremos llegar a ser.\" \/>\n<meta property=\"og:url\" content=\"https:\/\/nahuelproducciones.com.ar\/radioquijano\/derecho-animal-y-responsabilidad-social-fuerte-llamado-de-atencion-a-las-autoridades\/\" \/>\n<meta property=\"og:site_name\" content=\"RQ 99.9\" \/>\n<meta property=\"article:publisher\" content=\"https:\/\/www.facebook.com\/nahuelproducciones999\/\" \/>\n<meta property=\"article:published_time\" content=\"2025-07-24T01:35:49+00:00\" \/>\n<meta property=\"article:modified_time\" content=\"2025-07-24T01:35:51+00:00\" \/>\n<meta property=\"og:image\" content=\"https:\/\/nahuelproducciones.com.ar\/radioquijano\/wp-content\/uploads\/2025\/07\/WhatsApp-Image-2025-07-23-at-12.46.57-PM-1-e1753320665767.jpeg\" \/>\n\t<meta property=\"og:image:width\" content=\"700\" \/>\n\t<meta property=\"og:image:height\" content=\"307\" \/>\n\t<meta property=\"og:image:type\" content=\"image\/jpeg\" \/>\n<meta name=\"author\" content=\"Cecilia Pastrana\" \/>\n<meta name=\"twitter:card\" content=\"summary_large_image\" \/>\n<meta name=\"twitter:creator\" content=\"@nahuproduciones\" \/>\n<meta name=\"twitter:site\" content=\"@nahuproduciones\" \/>\n<meta name=\"twitter:label1\" content=\"Escrito por\" \/>\n\t<meta name=\"twitter:data1\" content=\"Cecilia Pastrana\" \/>\n\t<meta name=\"twitter:label2\" content=\"Tiempo de lectura\" \/>\n\t<meta name=\"twitter:data2\" content=\"4 minutos\" \/>\n<script type=\"application\/ld+json\" class=\"yoast-schema-graph\">{\"@context\":\"https:\/\/schema.org\",\"@graph\":[{\"@type\":\"WebPage\",\"@id\":\"https:\/\/nahuelproducciones.com.ar\/radioquijano\/derecho-animal-y-responsabilidad-social-fuerte-llamado-de-atencion-a-las-autoridades\/\",\"url\":\"https:\/\/nahuelproducciones.com.ar\/radioquijano\/derecho-animal-y-responsabilidad-social-fuerte-llamado-de-atencion-a-las-autoridades\/\",\"name\":\"Derecho Animal y responsabilidad social: fuerte llamado de atenci\u00f3n a las autoridades . - RQ 99.9\",\"isPartOf\":{\"@id\":\"https:\/\/nahuelproducciones.com.ar\/radioquijano\/#website\"},\"datePublished\":\"2025-07-24T01:35:49+00:00\",\"dateModified\":\"2025-07-24T01:35:51+00:00\",\"author\":{\"@id\":\"https:\/\/nahuelproducciones.com.ar\/radioquijano\/#\/schema\/person\/e8a4f939e2cb487fe6d0c54042c9d32c\"},\"description\":\"El trato que damos a los animales refleja el tipo de comunidad que somos\u2026 y la que queremos llegar a ser.\",\"breadcrumb\":{\"@id\":\"https:\/\/nahuelproducciones.com.ar\/radioquijano\/derecho-animal-y-responsabilidad-social-fuerte-llamado-de-atencion-a-las-autoridades\/#breadcrumb\"},\"inLanguage\":\"es\",\"potentialAction\":[{\"@type\":\"ReadAction\",\"target\":[\"https:\/\/nahuelproducciones.com.ar\/radioquijano\/derecho-animal-y-responsabilidad-social-fuerte-llamado-de-atencion-a-las-autoridades\/\"]}]},{\"@type\":\"BreadcrumbList\",\"@id\":\"https:\/\/nahuelproducciones.com.ar\/radioquijano\/derecho-animal-y-responsabilidad-social-fuerte-llamado-de-atencion-a-las-autoridades\/#breadcrumb\",\"itemListElement\":[{\"@type\":\"ListItem\",\"position\":1,\"name\":\"Portada\",\"item\":\"https:\/\/nahuelproducciones.com.ar\/radioquijano\/\"},{\"@type\":\"ListItem\",\"position\":2,\"name\":\"Derecho Animal y responsabilidad social: fuerte llamado de atenci\u00f3n a las autoridades .\"}]},{\"@type\":\"WebSite\",\"@id\":\"https:\/\/nahuelproducciones.com.ar\/radioquijano\/#website\",\"url\":\"https:\/\/nahuelproducciones.com.ar\/radioquijano\/\",\"name\":\"RQ 99.9\",\"description\":\"Radio Quijano 99.9 MHz\",\"potentialAction\":[{\"@type\":\"SearchAction\",\"target\":{\"@type\":\"EntryPoint\",\"urlTemplate\":\"https:\/\/nahuelproducciones.com.ar\/radioquijano\/?s={search_term_string}\"},\"query-input\":\"required name=search_term_string\"}],\"inLanguage\":\"es\"},{\"@type\":\"Person\",\"@id\":\"https:\/\/nahuelproducciones.com.ar\/radioquijano\/#\/schema\/person\/e8a4f939e2cb487fe6d0c54042c9d32c\",\"name\":\"Cecilia Pastrana\",\"image\":{\"@type\":\"ImageObject\",\"inLanguage\":\"es\",\"@id\":\"https:\/\/nahuelproducciones.com.ar\/radioquijano\/#\/schema\/person\/image\/\",\"url\":\"https:\/\/secure.gravatar.com\/avatar\/661a3ef63a8488d4f2794ed44af8cf71420f7e106f3072c40125114df5157749?s=96&d=mm&r=g\",\"contentUrl\":\"https:\/\/secure.gravatar.com\/avatar\/661a3ef63a8488d4f2794ed44af8cf71420f7e106f3072c40125114df5157749?s=96&d=mm&r=g\",\"caption\":\"Cecilia Pastrana\"},\"sameAs\":[\"cecy\"],\"url\":\"https:\/\/nahuelproducciones.com.ar\/radioquijano\/author\/cecy\/\"}]}<\/script>\n<!-- \/ Yoast SEO plugin. -->","yoast_head_json":{"title":"Derecho Animal y responsabilidad social: fuerte llamado de atenci\u00f3n a las autoridades . - RQ 99.9","description":"El trato que damos a los animales refleja el tipo de comunidad que somos\u2026 y la que queremos llegar a ser.","robots":{"index":"index","follow":"follow","max-snippet":"max-snippet:-1","max-image-preview":"max-image-preview:large","max-video-preview":"max-video-preview:-1"},"canonical":"https:\/\/nahuelproducciones.com.ar\/radioquijano\/derecho-animal-y-responsabilidad-social-fuerte-llamado-de-atencion-a-las-autoridades\/","og_locale":"es_ES","og_type":"article","og_title":"Derecho Animal y responsabilidad social: fuerte llamado de atenci\u00f3n a las autoridades . - RQ 99.9","og_description":"El trato que damos a los animales refleja el tipo de comunidad que somos\u2026 y la que queremos llegar a ser.","og_url":"https:\/\/nahuelproducciones.com.ar\/radioquijano\/derecho-animal-y-responsabilidad-social-fuerte-llamado-de-atencion-a-las-autoridades\/","og_site_name":"RQ 99.9","article_publisher":"https:\/\/www.facebook.com\/nahuelproducciones999\/","article_published_time":"2025-07-24T01:35:49+00:00","article_modified_time":"2025-07-24T01:35:51+00:00","og_image":[{"width":700,"height":307,"url":"https:\/\/nahuelproducciones.com.ar\/radioquijano\/wp-content\/uploads\/2025\/07\/WhatsApp-Image-2025-07-23-at-12.46.57-PM-1-e1753320665767.jpeg","type":"image\/jpeg"}],"author":"Cecilia Pastrana","twitter_card":"summary_large_image","twitter_creator":"@nahuproduciones","twitter_site":"@nahuproduciones","twitter_misc":{"Escrito por":"Cecilia Pastrana","Tiempo de lectura":"4 minutos"},"schema":{"@context":"https:\/\/schema.org","@graph":[{"@type":"WebPage","@id":"https:\/\/nahuelproducciones.com.ar\/radioquijano\/derecho-animal-y-responsabilidad-social-fuerte-llamado-de-atencion-a-las-autoridades\/","url":"https:\/\/nahuelproducciones.com.ar\/radioquijano\/derecho-animal-y-responsabilidad-social-fuerte-llamado-de-atencion-a-las-autoridades\/","name":"Derecho Animal y responsabilidad social: fuerte llamado de atenci\u00f3n a las autoridades . - RQ 99.9","isPartOf":{"@id":"https:\/\/nahuelproducciones.com.ar\/radioquijano\/#website"},"datePublished":"2025-07-24T01:35:49+00:00","dateModified":"2025-07-24T01:35:51+00:00","author":{"@id":"https:\/\/nahuelproducciones.com.ar\/radioquijano\/#\/schema\/person\/e8a4f939e2cb487fe6d0c54042c9d32c"},"description":"El trato que damos a los animales refleja el tipo de comunidad que somos\u2026 y la que queremos llegar a ser.","breadcrumb":{"@id":"https:\/\/nahuelproducciones.com.ar\/radioquijano\/derecho-animal-y-responsabilidad-social-fuerte-llamado-de-atencion-a-las-autoridades\/#breadcrumb"},"inLanguage":"es","potentialAction":[{"@type":"ReadAction","target":["https:\/\/nahuelproducciones.com.ar\/radioquijano\/derecho-animal-y-responsabilidad-social-fuerte-llamado-de-atencion-a-las-autoridades\/"]}]},{"@type":"BreadcrumbList","@id":"https:\/\/nahuelproducciones.com.ar\/radioquijano\/derecho-animal-y-responsabilidad-social-fuerte-llamado-de-atencion-a-las-autoridades\/#breadcrumb","itemListElement":[{"@type":"ListItem","position":1,"name":"Portada","item":"https:\/\/nahuelproducciones.com.ar\/radioquijano\/"},{"@type":"ListItem","position":2,"name":"Derecho Animal y responsabilidad social: fuerte llamado de atenci\u00f3n a las autoridades ."}]},{"@type":"WebSite","@id":"https:\/\/nahuelproducciones.com.ar\/radioquijano\/#website","url":"https:\/\/nahuelproducciones.com.ar\/radioquijano\/","name":"RQ 99.9","description":"Radio Quijano 99.9 MHz","potentialAction":[{"@type":"SearchAction","target":{"@type":"EntryPoint","urlTemplate":"https:\/\/nahuelproducciones.com.ar\/radioquijano\/?s={search_term_string}"},"query-input":"required name=search_term_string"}],"inLanguage":"es"},{"@type":"Person","@id":"https:\/\/nahuelproducciones.com.ar\/radioquijano\/#\/schema\/person\/e8a4f939e2cb487fe6d0c54042c9d32c","name":"Cecilia Pastrana","image":{"@type":"ImageObject","inLanguage":"es","@id":"https:\/\/nahuelproducciones.com.ar\/radioquijano\/#\/schema\/person\/image\/","url":"https:\/\/secure.gravatar.com\/avatar\/661a3ef63a8488d4f2794ed44af8cf71420f7e106f3072c40125114df5157749?s=96&d=mm&r=g","contentUrl":"https:\/\/secure.gravatar.com\/avatar\/661a3ef63a8488d4f2794ed44af8cf71420f7e106f3072c40125114df5157749?s=96&d=mm&r=g","caption":"Cecilia Pastrana"},"sameAs":["cecy"],"url":"https:\/\/nahuelproducciones.com.ar\/radioquijano\/author\/cecy\/"}]}},"_links":{"self":[{"href":"https:\/\/nahuelproducciones.com.ar\/radioquijano\/wp-json\/wp\/v2\/posts\/10731","targetHints":{"allow":["GET"]}}],"collection":[{"href":"https:\/\/nahuelproducciones.com.ar\/radioquijano\/wp-json\/wp\/v2\/posts"}],"about":[{"href":"https:\/\/nahuelproducciones.com.ar\/radioquijano\/wp-json\/wp\/v2\/types\/post"}],"author":[{"embeddable":true,"href":"https:\/\/nahuelproducciones.com.ar\/radioquijano\/wp-json\/wp\/v2\/users\/8"}],"replies":[{"embeddable":true,"href":"https:\/\/nahuelproducciones.com.ar\/radioquijano\/wp-json\/wp\/v2\/comments?post=10731"}],"version-history":[{"count":1,"href":"https:\/\/nahuelproducciones.com.ar\/radioquijano\/wp-json\/wp\/v2\/posts\/10731\/revisions"}],"predecessor-version":[{"id":10741,"href":"https:\/\/nahuelproducciones.com.ar\/radioquijano\/wp-json\/wp\/v2\/posts\/10731\/revisions\/10741"}],"wp:featuredmedia":[{"embeddable":true,"href":"https:\/\/nahuelproducciones.com.ar\/radioquijano\/wp-json\/wp\/v2\/media\/10732"}],"wp:attachment":[{"href":"https:\/\/nahuelproducciones.com.ar\/radioquijano\/wp-json\/wp\/v2\/media?parent=10731"}],"wp:term":[{"taxonomy":"category","embeddable":true,"href":"https:\/\/nahuelproducciones.com.ar\/radioquijano\/wp-json\/wp\/v2\/categories?post=10731"},{"taxonomy":"post_tag","embeddable":true,"href":"https:\/\/nahuelproducciones.com.ar\/radioquijano\/wp-json\/wp\/v2\/tags?post=10731"}],"curies":[{"name":"wp","href":"https:\/\/api.w.org\/{rel}","templated":true}]}}