{"id":10756,"date":"2025-07-30T21:05:49","date_gmt":"2025-07-31T00:05:49","guid":{"rendered":"https:\/\/nahuelproducciones.com.ar\/radioquijano\/?p=10756"},"modified":"2025-07-30T21:05:50","modified_gmt":"2025-07-31T00:05:50","slug":"ciro-olarte-el-intendente-deberia-aclarar-sus-dichos-y-senalar-con-nombre-y-apellido-a-quien-acusa","status":"publish","type":"post","link":"https:\/\/nahuelproducciones.com.ar\/radioquijano\/ciro-olarte-el-intendente-deberia-aclarar-sus-dichos-y-senalar-con-nombre-y-apellido-a-quien-acusa\/","title":{"rendered":"Ciro Olarte: \u201cEl intendente deber\u00eda aclarar sus dichos y se\u00f1alar con nombre y apellido a qui\u00e9n acusa\u201d"},"content":{"rendered":"\n<p>En di\u00e1logo telef\u00f3nico con Radio Quijano, <strong>Ciro Olarte<\/strong>, recientemente electo <strong>Convencional Municipal por La Libertad Avanza<\/strong>, respondi\u00f3 con dureza a declaraciones del intendente <strong>Sergio Omar Ramos<\/strong>, quien en una entrevista habr\u00eda vinculado a la oposici\u00f3n con el uso indebido del espacio p\u00fablico y con hechos vand\u00e1licos en la ciudad.<\/p>\n\n\n\n<p>\u201cCreemos que se refer\u00eda a nosotros porque instalamos un stand en una plaza para afiliar a vecinos, pero nosotros s\u00ed pedimos permiso. El se\u00f1or intendente deber\u00eda <strong>aclarar sus dichos<\/strong> y decir con nombre y apellido a qui\u00e9n acusa. \u00bfQui\u00e9n es la oposici\u00f3n? \u00bfQui\u00e9n ejerce violencia verbal? \u00bfO hay que hacerlo legal para que hable con claridad?\u201d, expres\u00f3 Olarte.<\/p>\n\n\n\n<p>Adem\u00e1s, fue m\u00e1s all\u00e1 al se\u00f1alar que si el intendente habla de legalidad, primero deber\u00eda <strong>presentarse ante la Justicia<\/strong> y rendir cuentas: \u201c<strong>Tiene muchas causas abiertas<\/strong>, y ahora que <strong>ya no tiene fueros<\/strong>, debe actuar como cualquier ciudadano y <strong>demostrar su inocencia<\/strong>\u201d, afirm\u00f3 el dirigente.<\/p>\n\n\n\n<p>La entrevista tambi\u00e9n abord\u00f3 el nuevo escenario pol\u00edtico local, destacando que <strong>La Libertad Avanza logr\u00f3 dos bancas en el Concejo Deliberante<\/strong>, lo que podr\u00eda estar generando cierta tensi\u00f3n en el oficialismo. \u201cEso tal vez pone nervioso al intendente\u201d, desliz\u00f3 Olarte.<\/p>\n\n\n\n<p>En relaci\u00f3n a su funci\u00f3n como convencional municipal, remarc\u00f3 la <strong>necesidad urgente de actualizar la Carta Org\u00e1nica<\/strong> de Rosario de Lerma es muy antigua. Reconoci\u00f3 que no contempla sanciones por mal desempe\u00f1o, ni para el intendente ni para los concejales. Por ejemplo, no obliga a que el Ejecutivo municipal presente la Cuenta General del Ejercicio ante el Concejo Deliberante. Solo lo exige la Ley Provincial 7103, que regula a la Auditor\u00eda General. Esto debe cambiar\u201d, se\u00f1al\u00f3.<\/p>\n\n\n\n<p>Por \u00faltimo, confirm\u00f3 que <strong>los concejales y convencionales electos<\/strong> deber\u00e1n presentarse el pr\u00f3ximo <strong>s\u00e1bado 2 de agosto a las 10:00 horas en el Centro de Convenciones de Limache, en Salta Capital<\/strong>, para recibir los diplomas correspondientes.<\/p>\n\n\n\n<p>Escucha la entrevista:<\/p>\n\n\n\n<figure class=\"wp-block-audio\"><audio controls src=\"https:\/\/nahuelproducciones.com.ar\/radioquijano\/wp-content\/uploads\/2025\/07\/30-07-2025-CIRO-OLARTE-TEMA-DICHOS-DEL-TOPO-RAMOS-Y-LIB-AVANZA.mp3\"><\/audio><\/figure>\n","protected":false},"excerpt":{"rendered":"<p>En di\u00e1logo telef\u00f3nico con Radio Quijano, Ciro Olarte, recientemente electo Convencional Municipal por La Libertad Avanza, respondi\u00f3 con dureza a declaraciones del intendente Sergio Omar Ramos, quien en una entrevista habr\u00eda vinculado a la oposici\u00f3n con el uso indebido del espacio p\u00fablico y con hechos vand\u00e1licos en la ciudad. \u201cCreemos que se refer\u00eda a nosotros [&hellip;]<\/p>\n","protected":false},"author":8,"featured_media":10759,"comment_status":"open","ping_status":"open","sticky":false,"template":"","format":"standard","meta":{"_monsterinsights_skip_tracking":false,"_monsterinsights_sitenote_active":false,"_monsterinsights_sitenote_note":"","_monsterinsights_sitenote_category":0,"footnotes":""},"categories":[16],"tags":[1866,100,47],"class_list":["post-10756","post","type-post","status-publish","format-standard","has-post-thumbnail","hentry","category-noticias","tag-ciro-olarte","tag-municipio-de-campo-quijano","tag-rosario-de-lerma"],"yoast_head":"<!-- This site is optimized with the Yoast SEO plugin v20.8 - https:\/\/yoast.com\/wordpress\/plugins\/seo\/ -->\n<title>Ciro Olarte: \u201cEl intendente deber\u00eda aclarar sus dichos y se\u00f1alar con nombre y apellido a qui\u00e9n acusa\u201d - RQ 99.9<\/title>\n<meta name=\"description\" content=\"Remarc\u00f3 la necesidad urgente de actualizar la Carta Org\u00e1nica de Rosario de Lerma es muy antigua.\" \/>\n<meta name=\"robots\" content=\"index, follow, max-snippet:-1, max-image-preview:large, max-video-preview:-1\" \/>\n<link rel=\"canonical\" href=\"https:\/\/nahuelproducciones.com.ar\/radioquijano\/ciro-olarte-el-intendente-deberia-aclarar-sus-dichos-y-senalar-con-nombre-y-apellido-a-quien-acusa\/\" \/>\n<meta property=\"og:locale\" content=\"es_ES\" \/>\n<meta property=\"og:type\" content=\"article\" \/>\n<meta property=\"og:title\" content=\"Ciro Olarte: \u201cEl intendente deber\u00eda aclarar sus dichos y se\u00f1alar con nombre y apellido a qui\u00e9n acusa\u201d - RQ 99.9\" \/>\n<meta property=\"og:description\" content=\"Remarc\u00f3 la necesidad urgente de actualizar la Carta Org\u00e1nica de Rosario de Lerma es muy antigua.\" \/>\n<meta property=\"og:url\" content=\"https:\/\/nahuelproducciones.com.ar\/radioquijano\/ciro-olarte-el-intendente-deberia-aclarar-sus-dichos-y-senalar-con-nombre-y-apellido-a-quien-acusa\/\" \/>\n<meta property=\"og:site_name\" content=\"RQ 99.9\" \/>\n<meta property=\"article:publisher\" content=\"https:\/\/www.facebook.com\/nahuelproducciones999\/\" \/>\n<meta property=\"article:published_time\" content=\"2025-07-31T00:05:49+00:00\" \/>\n<meta property=\"article:modified_time\" content=\"2025-07-31T00:05:50+00:00\" \/>\n<meta property=\"og:image\" content=\"https:\/\/nahuelproducciones.com.ar\/radioquijano\/wp-content\/uploads\/2025\/07\/513827385_1270035654729746_7717178400955309162_n-e1753920298438.jpg\" \/>\n\t<meta property=\"og:image:width\" content=\"700\" \/>\n\t<meta property=\"og:image:height\" content=\"525\" \/>\n\t<meta property=\"og:image:type\" content=\"image\/jpeg\" \/>\n<meta name=\"author\" content=\"Cecilia Pastrana\" \/>\n<meta name=\"twitter:card\" content=\"summary_large_image\" \/>\n<meta name=\"twitter:creator\" content=\"@nahuproduciones\" \/>\n<meta name=\"twitter:site\" content=\"@nahuproduciones\" \/>\n<meta name=\"twitter:label1\" content=\"Escrito por\" \/>\n\t<meta name=\"twitter:data1\" content=\"Cecilia Pastrana\" \/>\n\t<meta name=\"twitter:label2\" content=\"Tiempo de lectura\" \/>\n\t<meta name=\"twitter:data2\" content=\"2 minutos\" \/>\n<script type=\"application\/ld+json\" class=\"yoast-schema-graph\">{\"@context\":\"https:\/\/schema.org\",\"@graph\":[{\"@type\":\"WebPage\",\"@id\":\"https:\/\/nahuelproducciones.com.ar\/radioquijano\/ciro-olarte-el-intendente-deberia-aclarar-sus-dichos-y-senalar-con-nombre-y-apellido-a-quien-acusa\/\",\"url\":\"https:\/\/nahuelproducciones.com.ar\/radioquijano\/ciro-olarte-el-intendente-deberia-aclarar-sus-dichos-y-senalar-con-nombre-y-apellido-a-quien-acusa\/\",\"name\":\"Ciro Olarte: \u201cEl intendente deber\u00eda aclarar sus dichos y se\u00f1alar con nombre y apellido a qui\u00e9n acusa\u201d - RQ 99.9\",\"isPartOf\":{\"@id\":\"https:\/\/nahuelproducciones.com.ar\/radioquijano\/#website\"},\"datePublished\":\"2025-07-31T00:05:49+00:00\",\"dateModified\":\"2025-07-31T00:05:50+00:00\",\"author\":{\"@id\":\"https:\/\/nahuelproducciones.com.ar\/radioquijano\/#\/schema\/person\/e8a4f939e2cb487fe6d0c54042c9d32c\"},\"description\":\"Remarc\u00f3 la necesidad urgente de actualizar la Carta Org\u00e1nica de Rosario de Lerma es muy antigua.\",\"breadcrumb\":{\"@id\":\"https:\/\/nahuelproducciones.com.ar\/radioquijano\/ciro-olarte-el-intendente-deberia-aclarar-sus-dichos-y-senalar-con-nombre-y-apellido-a-quien-acusa\/#breadcrumb\"},\"inLanguage\":\"es\",\"potentialAction\":[{\"@type\":\"ReadAction\",\"target\":[\"https:\/\/nahuelproducciones.com.ar\/radioquijano\/ciro-olarte-el-intendente-deberia-aclarar-sus-dichos-y-senalar-con-nombre-y-apellido-a-quien-acusa\/\"]}]},{\"@type\":\"BreadcrumbList\",\"@id\":\"https:\/\/nahuelproducciones.com.ar\/radioquijano\/ciro-olarte-el-intendente-deberia-aclarar-sus-dichos-y-senalar-con-nombre-y-apellido-a-quien-acusa\/#breadcrumb\",\"itemListElement\":[{\"@type\":\"ListItem\",\"position\":1,\"name\":\"Portada\",\"item\":\"https:\/\/nahuelproducciones.com.ar\/radioquijano\/\"},{\"@type\":\"ListItem\",\"position\":2,\"name\":\"Ciro Olarte: \u201cEl intendente deber\u00eda aclarar sus dichos y se\u00f1alar con nombre y apellido a qui\u00e9n acusa\u201d\"}]},{\"@type\":\"WebSite\",\"@id\":\"https:\/\/nahuelproducciones.com.ar\/radioquijano\/#website\",\"url\":\"https:\/\/nahuelproducciones.com.ar\/radioquijano\/\",\"name\":\"RQ 99.9\",\"description\":\"Radio Quijano 99.9 MHz\",\"potentialAction\":[{\"@type\":\"SearchAction\",\"target\":{\"@type\":\"EntryPoint\",\"urlTemplate\":\"https:\/\/nahuelproducciones.com.ar\/radioquijano\/?s={search_term_string}\"},\"query-input\":\"required name=search_term_string\"}],\"inLanguage\":\"es\"},{\"@type\":\"Person\",\"@id\":\"https:\/\/nahuelproducciones.com.ar\/radioquijano\/#\/schema\/person\/e8a4f939e2cb487fe6d0c54042c9d32c\",\"name\":\"Cecilia Pastrana\",\"image\":{\"@type\":\"ImageObject\",\"inLanguage\":\"es\",\"@id\":\"https:\/\/nahuelproducciones.com.ar\/radioquijano\/#\/schema\/person\/image\/\",\"url\":\"https:\/\/secure.gravatar.com\/avatar\/661a3ef63a8488d4f2794ed44af8cf71420f7e106f3072c40125114df5157749?s=96&d=mm&r=g\",\"contentUrl\":\"https:\/\/secure.gravatar.com\/avatar\/661a3ef63a8488d4f2794ed44af8cf71420f7e106f3072c40125114df5157749?s=96&d=mm&r=g\",\"caption\":\"Cecilia Pastrana\"},\"sameAs\":[\"cecy\"],\"url\":\"https:\/\/nahuelproducciones.com.ar\/radioquijano\/author\/cecy\/\"}]}<\/script>\n<!-- \/ Yoast SEO plugin. -->","yoast_head_json":{"title":"Ciro Olarte: \u201cEl intendente deber\u00eda aclarar sus dichos y se\u00f1alar con nombre y apellido a qui\u00e9n acusa\u201d - RQ 99.9","description":"Remarc\u00f3 la necesidad urgente de actualizar la Carta Org\u00e1nica de Rosario de Lerma es muy antigua.","robots":{"index":"index","follow":"follow","max-snippet":"max-snippet:-1","max-image-preview":"max-image-preview:large","max-video-preview":"max-video-preview:-1"},"canonical":"https:\/\/nahuelproducciones.com.ar\/radioquijano\/ciro-olarte-el-intendente-deberia-aclarar-sus-dichos-y-senalar-con-nombre-y-apellido-a-quien-acusa\/","og_locale":"es_ES","og_type":"article","og_title":"Ciro Olarte: \u201cEl intendente deber\u00eda aclarar sus dichos y se\u00f1alar con nombre y apellido a qui\u00e9n acusa\u201d - RQ 99.9","og_description":"Remarc\u00f3 la necesidad urgente de actualizar la Carta Org\u00e1nica de Rosario de Lerma es muy antigua.","og_url":"https:\/\/nahuelproducciones.com.ar\/radioquijano\/ciro-olarte-el-intendente-deberia-aclarar-sus-dichos-y-senalar-con-nombre-y-apellido-a-quien-acusa\/","og_site_name":"RQ 99.9","article_publisher":"https:\/\/www.facebook.com\/nahuelproducciones999\/","article_published_time":"2025-07-31T00:05:49+00:00","article_modified_time":"2025-07-31T00:05:50+00:00","og_image":[{"width":700,"height":525,"url":"https:\/\/nahuelproducciones.com.ar\/radioquijano\/wp-content\/uploads\/2025\/07\/513827385_1270035654729746_7717178400955309162_n-e1753920298438.jpg","type":"image\/jpeg"}],"author":"Cecilia Pastrana","twitter_card":"summary_large_image","twitter_creator":"@nahuproduciones","twitter_site":"@nahuproduciones","twitter_misc":{"Escrito por":"Cecilia Pastrana","Tiempo de lectura":"2 minutos"},"schema":{"@context":"https:\/\/schema.org","@graph":[{"@type":"WebPage","@id":"https:\/\/nahuelproducciones.com.ar\/radioquijano\/ciro-olarte-el-intendente-deberia-aclarar-sus-dichos-y-senalar-con-nombre-y-apellido-a-quien-acusa\/","url":"https:\/\/nahuelproducciones.com.ar\/radioquijano\/ciro-olarte-el-intendente-deberia-aclarar-sus-dichos-y-senalar-con-nombre-y-apellido-a-quien-acusa\/","name":"Ciro Olarte: \u201cEl intendente deber\u00eda aclarar sus dichos y se\u00f1alar con nombre y apellido a qui\u00e9n acusa\u201d - RQ 99.9","isPartOf":{"@id":"https:\/\/nahuelproducciones.com.ar\/radioquijano\/#website"},"datePublished":"2025-07-31T00:05:49+00:00","dateModified":"2025-07-31T00:05:50+00:00","author":{"@id":"https:\/\/nahuelproducciones.com.ar\/radioquijano\/#\/schema\/person\/e8a4f939e2cb487fe6d0c54042c9d32c"},"description":"Remarc\u00f3 la necesidad urgente de actualizar la Carta Org\u00e1nica de Rosario de Lerma es muy antigua.","breadcrumb":{"@id":"https:\/\/nahuelproducciones.com.ar\/radioquijano\/ciro-olarte-el-intendente-deberia-aclarar-sus-dichos-y-senalar-con-nombre-y-apellido-a-quien-acusa\/#breadcrumb"},"inLanguage":"es","potentialAction":[{"@type":"ReadAction","target":["https:\/\/nahuelproducciones.com.ar\/radioquijano\/ciro-olarte-el-intendente-deberia-aclarar-sus-dichos-y-senalar-con-nombre-y-apellido-a-quien-acusa\/"]}]},{"@type":"BreadcrumbList","@id":"https:\/\/nahuelproducciones.com.ar\/radioquijano\/ciro-olarte-el-intendente-deberia-aclarar-sus-dichos-y-senalar-con-nombre-y-apellido-a-quien-acusa\/#breadcrumb","itemListElement":[{"@type":"ListItem","position":1,"name":"Portada","item":"https:\/\/nahuelproducciones.com.ar\/radioquijano\/"},{"@type":"ListItem","position":2,"name":"Ciro Olarte: \u201cEl intendente deber\u00eda aclarar sus dichos y se\u00f1alar con nombre y apellido a qui\u00e9n acusa\u201d"}]},{"@type":"WebSite","@id":"https:\/\/nahuelproducciones.com.ar\/radioquijano\/#website","url":"https:\/\/nahuelproducciones.com.ar\/radioquijano\/","name":"RQ 99.9","description":"Radio Quijano 99.9 MHz","potentialAction":[{"@type":"SearchAction","target":{"@type":"EntryPoint","urlTemplate":"https:\/\/nahuelproducciones.com.ar\/radioquijano\/?s={search_term_string}"},"query-input":"required name=search_term_string"}],"inLanguage":"es"},{"@type":"Person","@id":"https:\/\/nahuelproducciones.com.ar\/radioquijano\/#\/schema\/person\/e8a4f939e2cb487fe6d0c54042c9d32c","name":"Cecilia Pastrana","image":{"@type":"ImageObject","inLanguage":"es","@id":"https:\/\/nahuelproducciones.com.ar\/radioquijano\/#\/schema\/person\/image\/","url":"https:\/\/secure.gravatar.com\/avatar\/661a3ef63a8488d4f2794ed44af8cf71420f7e106f3072c40125114df5157749?s=96&d=mm&r=g","contentUrl":"https:\/\/secure.gravatar.com\/avatar\/661a3ef63a8488d4f2794ed44af8cf71420f7e106f3072c40125114df5157749?s=96&d=mm&r=g","caption":"Cecilia Pastrana"},"sameAs":["cecy"],"url":"https:\/\/nahuelproducciones.com.ar\/radioquijano\/author\/cecy\/"}]}},"_links":{"self":[{"href":"https:\/\/nahuelproducciones.com.ar\/radioquijano\/wp-json\/wp\/v2\/posts\/10756","targetHints":{"allow":["GET"]}}],"collection":[{"href":"https:\/\/nahuelproducciones.com.ar\/radioquijano\/wp-json\/wp\/v2\/posts"}],"about":[{"href":"https:\/\/nahuelproducciones.com.ar\/radioquijano\/wp-json\/wp\/v2\/types\/post"}],"author":[{"embeddable":true,"href":"https:\/\/nahuelproducciones.com.ar\/radioquijano\/wp-json\/wp\/v2\/users\/8"}],"replies":[{"embeddable":true,"href":"https:\/\/nahuelproducciones.com.ar\/radioquijano\/wp-json\/wp\/v2\/comments?post=10756"}],"version-history":[{"count":1,"href":"https:\/\/nahuelproducciones.com.ar\/radioquijano\/wp-json\/wp\/v2\/posts\/10756\/revisions"}],"predecessor-version":[{"id":10760,"href":"https:\/\/nahuelproducciones.com.ar\/radioquijano\/wp-json\/wp\/v2\/posts\/10756\/revisions\/10760"}],"wp:featuredmedia":[{"embeddable":true,"href":"https:\/\/nahuelproducciones.com.ar\/radioquijano\/wp-json\/wp\/v2\/media\/10759"}],"wp:attachment":[{"href":"https:\/\/nahuelproducciones.com.ar\/radioquijano\/wp-json\/wp\/v2\/media?parent=10756"}],"wp:term":[{"taxonomy":"category","embeddable":true,"href":"https:\/\/nahuelproducciones.com.ar\/radioquijano\/wp-json\/wp\/v2\/categories?post=10756"},{"taxonomy":"post_tag","embeddable":true,"href":"https:\/\/nahuelproducciones.com.ar\/radioquijano\/wp-json\/wp\/v2\/tags?post=10756"}],"curies":[{"name":"wp","href":"https:\/\/api.w.org\/{rel}","templated":true}]}}