{"id":10761,"date":"2025-07-30T21:14:14","date_gmt":"2025-07-31T00:14:14","guid":{"rendered":"https:\/\/nahuelproducciones.com.ar\/radioquijano\/?p=10761"},"modified":"2025-07-30T21:14:15","modified_gmt":"2025-07-31T00:14:15","slug":"ordenan-la-prision-domiciliaria-de-manuel-cornejo-luego-de-constatarse-el-riesgo-actual-de-salud","status":"publish","type":"post","link":"https:\/\/nahuelproducciones.com.ar\/radioquijano\/ordenan-la-prision-domiciliaria-de-manuel-cornejo-luego-de-constatarse-el-riesgo-actual-de-salud\/","title":{"rendered":"Ordenan la prisi\u00f3n domiciliaria de Manuel Cornejo, luego de constatarse el riesgo actual de salud."},"content":{"rendered":"\n<p>Luego de una junta m\u00e9dica que arroj\u00f3 la conclusi\u00f3n un\u00e1nime del riesgo de salud, la vocal 2 de la sala II del tribunal de Impugnaci\u00f3n,&nbsp;<strong>Mar\u00eda Edith Rodriguez&nbsp;<\/strong>hizo lugar al recurso de apelaci\u00f3n interpuesto por la defensa t\u00e9cnica de Manuel Cornejo y orden\u00f3 la prisi\u00f3n domiciliaria del interno penado.<\/p>\n\n\n\n<p>La \u00faltima junta m\u00e9dica se hizo el pasado martes 8 de julio con la participaci\u00f3n de profesionales del Servicio M\u00e9dico del Poder Judicial, profesionales representantes del Servicio Penitenciario de la UCI un perito de parte de la defensa y una facultativa de parte de la Municipalidad de Campo Quijano.&nbsp;<\/p>\n\n\n\n<p>Los profesionales, de manera un\u00e1nime, corroboraron el riesgo actual de la permanencia del condenado en el penal debido a su delicado estado de salud, poniendo de relevancia su elevada presi\u00f3n arterial y el riesgo cierto de infarto.<\/p>\n\n\n\n<p>Cabe recordar que el interno tiene un cuadro cl\u00ednico cr\u00edtico, obesidad m\u00f3rbida, diabetes y presi\u00f3n arterial elevada, resaltando los profesionales la persistencia de riesgo del paciente a pesar de todas las \u00f3rdenes que se impartieron desde el Juzgado de Ejecuci\u00f3n oportunamente, luego de corroborarse en un largo periodo de estudios, inspecciones f\u00edsicas, medicas, edilicias y terap\u00e9uticas por parte de los m\u00e9dicos oficiales y de partes.&nbsp;<\/p>\n\n\n\n<p>Frente a tales consideraciones la jueza orden\u00f3 la prisi\u00f3n domiciliaria, previa presentaci\u00f3n de tratamiento m\u00e9dico conforme lo ordenado por la junta m\u00e9dica, y previa recepci\u00f3n de cauci\u00f3n personal para el cumplimiento de estas medidas, a cumplirse en el domicilio con monitoreo electr\u00f3nico de la Unidad de Arresto Domiciliario por Monitoreo Electr\u00f3nico (UADME) de Salta.<\/p>\n\n\n\n<p>Fuente: Poder Judicial de Salta<\/p>\n","protected":false},"excerpt":{"rendered":"<p>Luego de una junta m\u00e9dica que arroj\u00f3 la conclusi\u00f3n un\u00e1nime del riesgo de salud, la vocal 2 de la sala II del tribunal de Impugnaci\u00f3n,&nbsp;Mar\u00eda Edith Rodriguez&nbsp;hizo lugar al recurso de apelaci\u00f3n interpuesto por la defensa t\u00e9cnica de Manuel Cornejo y orden\u00f3 la prisi\u00f3n domiciliaria del interno penado. La \u00faltima junta m\u00e9dica se hizo el [&hellip;]<\/p>\n","protected":false},"author":8,"featured_media":10762,"comment_status":"open","ping_status":"open","sticky":false,"template":"","format":"standard","meta":{"_monsterinsights_skip_tracking":false,"_monsterinsights_sitenote_active":false,"_monsterinsights_sitenote_note":"","_monsterinsights_sitenote_category":0,"footnotes":""},"categories":[16],"tags":[84,100,1867],"class_list":["post-10761","post","type-post","status-publish","format-standard","has-post-thumbnail","hentry","category-noticias","tag-manuel-cornejo","tag-municipio-de-campo-quijano","tag-prision-domiciliaria"],"yoast_head":"<!-- This site is optimized with the Yoast SEO plugin v20.8 - https:\/\/yoast.com\/wordpress\/plugins\/seo\/ -->\n<title>Ordenan la prisi\u00f3n domiciliaria de Manuel Cornejo, luego de constatarse el riesgo actual de salud. - RQ 99.9<\/title>\n<meta name=\"description\" content=\"Deber\u00e1 cumplir la prisi\u00f3n domiciliaria con monitoreo electr\u00f3nico de la UADME.\" \/>\n<meta name=\"robots\" content=\"index, follow, max-snippet:-1, max-image-preview:large, max-video-preview:-1\" \/>\n<link rel=\"canonical\" href=\"https:\/\/nahuelproducciones.com.ar\/radioquijano\/ordenan-la-prision-domiciliaria-de-manuel-cornejo-luego-de-constatarse-el-riesgo-actual-de-salud\/\" \/>\n<meta property=\"og:locale\" content=\"es_ES\" \/>\n<meta property=\"og:type\" content=\"article\" \/>\n<meta property=\"og:title\" content=\"Ordenan la prisi\u00f3n domiciliaria de Manuel Cornejo, luego de constatarse el riesgo actual de salud. - RQ 99.9\" \/>\n<meta property=\"og:description\" content=\"Deber\u00e1 cumplir la prisi\u00f3n domiciliaria con monitoreo electr\u00f3nico de la UADME.\" \/>\n<meta property=\"og:url\" content=\"https:\/\/nahuelproducciones.com.ar\/radioquijano\/ordenan-la-prision-domiciliaria-de-manuel-cornejo-luego-de-constatarse-el-riesgo-actual-de-salud\/\" \/>\n<meta property=\"og:site_name\" content=\"RQ 99.9\" \/>\n<meta property=\"article:publisher\" content=\"https:\/\/www.facebook.com\/nahuelproducciones999\/\" \/>\n<meta property=\"article:published_time\" content=\"2025-07-31T00:14:14+00:00\" \/>\n<meta property=\"article:modified_time\" content=\"2025-07-31T00:14:15+00:00\" \/>\n<meta property=\"og:image\" content=\"https:\/\/nahuelproducciones.com.ar\/radioquijano\/wp-content\/uploads\/2025\/07\/482263814_653922607086039_3113209208112783945_n-e1753920540428.jpg\" \/>\n\t<meta property=\"og:image:width\" content=\"700\" \/>\n\t<meta property=\"og:image:height\" content=\"625\" \/>\n\t<meta property=\"og:image:type\" content=\"image\/jpeg\" \/>\n<meta name=\"author\" content=\"Cecilia Pastrana\" \/>\n<meta name=\"twitter:card\" content=\"summary_large_image\" \/>\n<meta name=\"twitter:creator\" content=\"@nahuproduciones\" \/>\n<meta name=\"twitter:site\" content=\"@nahuproduciones\" \/>\n<meta name=\"twitter:label1\" content=\"Escrito por\" \/>\n\t<meta name=\"twitter:data1\" content=\"Cecilia Pastrana\" \/>\n\t<meta name=\"twitter:label2\" content=\"Tiempo de lectura\" \/>\n\t<meta name=\"twitter:data2\" content=\"2 minutos\" \/>\n<script type=\"application\/ld+json\" class=\"yoast-schema-graph\">{\"@context\":\"https:\/\/schema.org\",\"@graph\":[{\"@type\":\"WebPage\",\"@id\":\"https:\/\/nahuelproducciones.com.ar\/radioquijano\/ordenan-la-prision-domiciliaria-de-manuel-cornejo-luego-de-constatarse-el-riesgo-actual-de-salud\/\",\"url\":\"https:\/\/nahuelproducciones.com.ar\/radioquijano\/ordenan-la-prision-domiciliaria-de-manuel-cornejo-luego-de-constatarse-el-riesgo-actual-de-salud\/\",\"name\":\"Ordenan la prisi\u00f3n domiciliaria de Manuel Cornejo, luego de constatarse el riesgo actual de salud. - RQ 99.9\",\"isPartOf\":{\"@id\":\"https:\/\/nahuelproducciones.com.ar\/radioquijano\/#website\"},\"datePublished\":\"2025-07-31T00:14:14+00:00\",\"dateModified\":\"2025-07-31T00:14:15+00:00\",\"author\":{\"@id\":\"https:\/\/nahuelproducciones.com.ar\/radioquijano\/#\/schema\/person\/e8a4f939e2cb487fe6d0c54042c9d32c\"},\"description\":\"Deber\u00e1 cumplir la prisi\u00f3n domiciliaria con monitoreo electr\u00f3nico de la UADME.\",\"breadcrumb\":{\"@id\":\"https:\/\/nahuelproducciones.com.ar\/radioquijano\/ordenan-la-prision-domiciliaria-de-manuel-cornejo-luego-de-constatarse-el-riesgo-actual-de-salud\/#breadcrumb\"},\"inLanguage\":\"es\",\"potentialAction\":[{\"@type\":\"ReadAction\",\"target\":[\"https:\/\/nahuelproducciones.com.ar\/radioquijano\/ordenan-la-prision-domiciliaria-de-manuel-cornejo-luego-de-constatarse-el-riesgo-actual-de-salud\/\"]}]},{\"@type\":\"BreadcrumbList\",\"@id\":\"https:\/\/nahuelproducciones.com.ar\/radioquijano\/ordenan-la-prision-domiciliaria-de-manuel-cornejo-luego-de-constatarse-el-riesgo-actual-de-salud\/#breadcrumb\",\"itemListElement\":[{\"@type\":\"ListItem\",\"position\":1,\"name\":\"Portada\",\"item\":\"https:\/\/nahuelproducciones.com.ar\/radioquijano\/\"},{\"@type\":\"ListItem\",\"position\":2,\"name\":\"Ordenan la prisi\u00f3n domiciliaria de Manuel Cornejo, luego de constatarse el riesgo actual de salud.\"}]},{\"@type\":\"WebSite\",\"@id\":\"https:\/\/nahuelproducciones.com.ar\/radioquijano\/#website\",\"url\":\"https:\/\/nahuelproducciones.com.ar\/radioquijano\/\",\"name\":\"RQ 99.9\",\"description\":\"Radio Quijano 99.9 MHz\",\"potentialAction\":[{\"@type\":\"SearchAction\",\"target\":{\"@type\":\"EntryPoint\",\"urlTemplate\":\"https:\/\/nahuelproducciones.com.ar\/radioquijano\/?s={search_term_string}\"},\"query-input\":\"required name=search_term_string\"}],\"inLanguage\":\"es\"},{\"@type\":\"Person\",\"@id\":\"https:\/\/nahuelproducciones.com.ar\/radioquijano\/#\/schema\/person\/e8a4f939e2cb487fe6d0c54042c9d32c\",\"name\":\"Cecilia Pastrana\",\"image\":{\"@type\":\"ImageObject\",\"inLanguage\":\"es\",\"@id\":\"https:\/\/nahuelproducciones.com.ar\/radioquijano\/#\/schema\/person\/image\/\",\"url\":\"https:\/\/secure.gravatar.com\/avatar\/661a3ef63a8488d4f2794ed44af8cf71420f7e106f3072c40125114df5157749?s=96&d=mm&r=g\",\"contentUrl\":\"https:\/\/secure.gravatar.com\/avatar\/661a3ef63a8488d4f2794ed44af8cf71420f7e106f3072c40125114df5157749?s=96&d=mm&r=g\",\"caption\":\"Cecilia Pastrana\"},\"sameAs\":[\"cecy\"],\"url\":\"https:\/\/nahuelproducciones.com.ar\/radioquijano\/author\/cecy\/\"}]}<\/script>\n<!-- \/ Yoast SEO plugin. -->","yoast_head_json":{"title":"Ordenan la prisi\u00f3n domiciliaria de Manuel Cornejo, luego de constatarse el riesgo actual de salud. - RQ 99.9","description":"Deber\u00e1 cumplir la prisi\u00f3n domiciliaria con monitoreo electr\u00f3nico de la UADME.","robots":{"index":"index","follow":"follow","max-snippet":"max-snippet:-1","max-image-preview":"max-image-preview:large","max-video-preview":"max-video-preview:-1"},"canonical":"https:\/\/nahuelproducciones.com.ar\/radioquijano\/ordenan-la-prision-domiciliaria-de-manuel-cornejo-luego-de-constatarse-el-riesgo-actual-de-salud\/","og_locale":"es_ES","og_type":"article","og_title":"Ordenan la prisi\u00f3n domiciliaria de Manuel Cornejo, luego de constatarse el riesgo actual de salud. - RQ 99.9","og_description":"Deber\u00e1 cumplir la prisi\u00f3n domiciliaria con monitoreo electr\u00f3nico de la UADME.","og_url":"https:\/\/nahuelproducciones.com.ar\/radioquijano\/ordenan-la-prision-domiciliaria-de-manuel-cornejo-luego-de-constatarse-el-riesgo-actual-de-salud\/","og_site_name":"RQ 99.9","article_publisher":"https:\/\/www.facebook.com\/nahuelproducciones999\/","article_published_time":"2025-07-31T00:14:14+00:00","article_modified_time":"2025-07-31T00:14:15+00:00","og_image":[{"width":700,"height":625,"url":"https:\/\/nahuelproducciones.com.ar\/radioquijano\/wp-content\/uploads\/2025\/07\/482263814_653922607086039_3113209208112783945_n-e1753920540428.jpg","type":"image\/jpeg"}],"author":"Cecilia Pastrana","twitter_card":"summary_large_image","twitter_creator":"@nahuproduciones","twitter_site":"@nahuproduciones","twitter_misc":{"Escrito por":"Cecilia Pastrana","Tiempo de lectura":"2 minutos"},"schema":{"@context":"https:\/\/schema.org","@graph":[{"@type":"WebPage","@id":"https:\/\/nahuelproducciones.com.ar\/radioquijano\/ordenan-la-prision-domiciliaria-de-manuel-cornejo-luego-de-constatarse-el-riesgo-actual-de-salud\/","url":"https:\/\/nahuelproducciones.com.ar\/radioquijano\/ordenan-la-prision-domiciliaria-de-manuel-cornejo-luego-de-constatarse-el-riesgo-actual-de-salud\/","name":"Ordenan la prisi\u00f3n domiciliaria de Manuel Cornejo, luego de constatarse el riesgo actual de salud. - RQ 99.9","isPartOf":{"@id":"https:\/\/nahuelproducciones.com.ar\/radioquijano\/#website"},"datePublished":"2025-07-31T00:14:14+00:00","dateModified":"2025-07-31T00:14:15+00:00","author":{"@id":"https:\/\/nahuelproducciones.com.ar\/radioquijano\/#\/schema\/person\/e8a4f939e2cb487fe6d0c54042c9d32c"},"description":"Deber\u00e1 cumplir la prisi\u00f3n domiciliaria con monitoreo electr\u00f3nico de la UADME.","breadcrumb":{"@id":"https:\/\/nahuelproducciones.com.ar\/radioquijano\/ordenan-la-prision-domiciliaria-de-manuel-cornejo-luego-de-constatarse-el-riesgo-actual-de-salud\/#breadcrumb"},"inLanguage":"es","potentialAction":[{"@type":"ReadAction","target":["https:\/\/nahuelproducciones.com.ar\/radioquijano\/ordenan-la-prision-domiciliaria-de-manuel-cornejo-luego-de-constatarse-el-riesgo-actual-de-salud\/"]}]},{"@type":"BreadcrumbList","@id":"https:\/\/nahuelproducciones.com.ar\/radioquijano\/ordenan-la-prision-domiciliaria-de-manuel-cornejo-luego-de-constatarse-el-riesgo-actual-de-salud\/#breadcrumb","itemListElement":[{"@type":"ListItem","position":1,"name":"Portada","item":"https:\/\/nahuelproducciones.com.ar\/radioquijano\/"},{"@type":"ListItem","position":2,"name":"Ordenan la prisi\u00f3n domiciliaria de Manuel Cornejo, luego de constatarse el riesgo actual de salud."}]},{"@type":"WebSite","@id":"https:\/\/nahuelproducciones.com.ar\/radioquijano\/#website","url":"https:\/\/nahuelproducciones.com.ar\/radioquijano\/","name":"RQ 99.9","description":"Radio Quijano 99.9 MHz","potentialAction":[{"@type":"SearchAction","target":{"@type":"EntryPoint","urlTemplate":"https:\/\/nahuelproducciones.com.ar\/radioquijano\/?s={search_term_string}"},"query-input":"required name=search_term_string"}],"inLanguage":"es"},{"@type":"Person","@id":"https:\/\/nahuelproducciones.com.ar\/radioquijano\/#\/schema\/person\/e8a4f939e2cb487fe6d0c54042c9d32c","name":"Cecilia Pastrana","image":{"@type":"ImageObject","inLanguage":"es","@id":"https:\/\/nahuelproducciones.com.ar\/radioquijano\/#\/schema\/person\/image\/","url":"https:\/\/secure.gravatar.com\/avatar\/661a3ef63a8488d4f2794ed44af8cf71420f7e106f3072c40125114df5157749?s=96&d=mm&r=g","contentUrl":"https:\/\/secure.gravatar.com\/avatar\/661a3ef63a8488d4f2794ed44af8cf71420f7e106f3072c40125114df5157749?s=96&d=mm&r=g","caption":"Cecilia Pastrana"},"sameAs":["cecy"],"url":"https:\/\/nahuelproducciones.com.ar\/radioquijano\/author\/cecy\/"}]}},"_links":{"self":[{"href":"https:\/\/nahuelproducciones.com.ar\/radioquijano\/wp-json\/wp\/v2\/posts\/10761","targetHints":{"allow":["GET"]}}],"collection":[{"href":"https:\/\/nahuelproducciones.com.ar\/radioquijano\/wp-json\/wp\/v2\/posts"}],"about":[{"href":"https:\/\/nahuelproducciones.com.ar\/radioquijano\/wp-json\/wp\/v2\/types\/post"}],"author":[{"embeddable":true,"href":"https:\/\/nahuelproducciones.com.ar\/radioquijano\/wp-json\/wp\/v2\/users\/8"}],"replies":[{"embeddable":true,"href":"https:\/\/nahuelproducciones.com.ar\/radioquijano\/wp-json\/wp\/v2\/comments?post=10761"}],"version-history":[{"count":1,"href":"https:\/\/nahuelproducciones.com.ar\/radioquijano\/wp-json\/wp\/v2\/posts\/10761\/revisions"}],"predecessor-version":[{"id":10763,"href":"https:\/\/nahuelproducciones.com.ar\/radioquijano\/wp-json\/wp\/v2\/posts\/10761\/revisions\/10763"}],"wp:featuredmedia":[{"embeddable":true,"href":"https:\/\/nahuelproducciones.com.ar\/radioquijano\/wp-json\/wp\/v2\/media\/10762"}],"wp:attachment":[{"href":"https:\/\/nahuelproducciones.com.ar\/radioquijano\/wp-json\/wp\/v2\/media?parent=10761"}],"wp:term":[{"taxonomy":"category","embeddable":true,"href":"https:\/\/nahuelproducciones.com.ar\/radioquijano\/wp-json\/wp\/v2\/categories?post=10761"},{"taxonomy":"post_tag","embeddable":true,"href":"https:\/\/nahuelproducciones.com.ar\/radioquijano\/wp-json\/wp\/v2\/tags?post=10761"}],"curies":[{"name":"wp","href":"https:\/\/api.w.org\/{rel}","templated":true}]}}