{"id":10773,"date":"2025-07-31T01:17:34","date_gmt":"2025-07-31T04:17:34","guid":{"rendered":"https:\/\/nahuelproducciones.com.ar\/radioquijano\/?p=10773"},"modified":"2025-07-31T01:17:35","modified_gmt":"2025-07-31T04:17:35","slug":"campo-quijano-desde-agosto-solo-tendra-un-tren-por-dia","status":"publish","type":"post","link":"https:\/\/nahuelproducciones.com.ar\/radioquijano\/campo-quijano-desde-agosto-solo-tendra-un-tren-por-dia\/","title":{"rendered":"Campo Quijano: desde agosto, s\u00f3lo tendr\u00e1 un tren por d\u00eda ."},"content":{"rendered":"\n<p>Trenes Argentinos Operaciones (SOFSA) inform\u00f3 que&nbsp;<strong>desde el pr\u00f3ximo lunes 4 de agosto entrar\u00e1 en vigencia de un nuevo diagrama de horarios en el servicio regional G\u00fcemes \u2013 Salta \u2013 Campo Quijano.<\/strong><\/p>\n\n\n\n<p><strong>Las modificaciones<\/strong>&nbsp;<strong>incluyen un recorte de la mitad de la oferta desde y hacia Campo Quijano<\/strong>. Hasta el momento, dos trenes por d\u00eda llegaban y part\u00edan de la ciudad durante los d\u00edas h\u00e1biles. Ahora, solamente habr\u00e1 un servicio.<\/p>\n\n\n\n<p>Por otra parte,<strong>&nbsp;tampoco se prestar\u00e1n m\u00e1s servicios completos<\/strong>. En el diagrama anterior, un tren diario por sentido realizaba el recorrido G\u00fcemes \u2013 Salta \u2013 Campo Quijano.&nbsp;<strong>Con los nuevos horarios, solamente se realizar\u00e1n recorridos fraccionados&nbsp;<\/strong>entre G\u00fcemes \u2013 Salta y Campo Quijano \u2013 Salta.<\/p>\n\n\n\n<p>Por su parte,&nbsp;<strong>los s\u00e1bados se mantendr\u00e1 una frecuencia por sentido entre G\u00fcemes y Salta, con un ligero aumento de tiempos de viaje.<\/strong><\/p>\n\n\n\n<p>Cabe recordar que,\u00a0<strong>desde el inicio de la actual gesti\u00f3n fueron eliminados un total de ocho servicios de pasajeros, dos de los cuales eran regionales<\/strong>:\u00a0el tren La Banda \u2013 Fern\u00e1ndez\u00a0y\u00a0Rosario \u2013 Ca\u00f1ada de G\u00f3mez\u00a0dejaron de circular a fines del a\u00f1o pasado.<\/p>\n\n\n\n<p>Los servicios que contin\u00faan funcionando se ven afectados por los recortes presupuestarios y\u00a0<strong>la intenci\u00f3n de las autoridades es transferirlos a las provincias<\/strong>, para lo cual\u00a0ya se han iniciado negociaciones con algunas de ellas.<\/p>\n\n\n<div class=\"wp-block-image\">\n<figure class=\"aligncenter size-large is-resized\"><img loading=\"lazy\" decoding=\"async\" width=\"1024\" height=\"381\" src=\"https:\/\/nahuelproducciones.com.ar\/radioquijano\/wp-content\/uploads\/2025\/07\/WhatsApp-Image-2025-07-31-at-1.03.25-AM-1-1024x381.jpeg\" alt=\"\" class=\"wp-image-10780\" style=\"width:655px;height:auto\" srcset=\"https:\/\/nahuelproducciones.com.ar\/radioquijano\/wp-content\/uploads\/2025\/07\/WhatsApp-Image-2025-07-31-at-1.03.25-AM-1-1024x381.jpeg 1024w, https:\/\/nahuelproducciones.com.ar\/radioquijano\/wp-content\/uploads\/2025\/07\/WhatsApp-Image-2025-07-31-at-1.03.25-AM-1-300x112.jpeg 300w, https:\/\/nahuelproducciones.com.ar\/radioquijano\/wp-content\/uploads\/2025\/07\/WhatsApp-Image-2025-07-31-at-1.03.25-AM-1-768x286.jpeg 768w, https:\/\/nahuelproducciones.com.ar\/radioquijano\/wp-content\/uploads\/2025\/07\/WhatsApp-Image-2025-07-31-at-1.03.25-AM-1-150x56.jpeg 150w, https:\/\/nahuelproducciones.com.ar\/radioquijano\/wp-content\/uploads\/2025\/07\/WhatsApp-Image-2025-07-31-at-1.03.25-AM-1.jpeg 1110w\" sizes=\"auto, (max-width: 1024px) 100vw, 1024px\" \/><\/figure><\/div>\n\n<div class=\"wp-block-image\">\n<figure class=\"aligncenter size-large is-resized\"><img loading=\"lazy\" decoding=\"async\" width=\"1024\" height=\"229\" src=\"https:\/\/nahuelproducciones.com.ar\/radioquijano\/wp-content\/uploads\/2025\/07\/WhatsApp-Image-2025-07-31-at-1.04.16-AM-1-1024x229.jpeg\" alt=\"\" class=\"wp-image-10781\" style=\"width:659px;height:auto\" srcset=\"https:\/\/nahuelproducciones.com.ar\/radioquijano\/wp-content\/uploads\/2025\/07\/WhatsApp-Image-2025-07-31-at-1.04.16-AM-1-1024x229.jpeg 1024w, https:\/\/nahuelproducciones.com.ar\/radioquijano\/wp-content\/uploads\/2025\/07\/WhatsApp-Image-2025-07-31-at-1.04.16-AM-1-300x67.jpeg 300w, https:\/\/nahuelproducciones.com.ar\/radioquijano\/wp-content\/uploads\/2025\/07\/WhatsApp-Image-2025-07-31-at-1.04.16-AM-1-768x172.jpeg 768w, https:\/\/nahuelproducciones.com.ar\/radioquijano\/wp-content\/uploads\/2025\/07\/WhatsApp-Image-2025-07-31-at-1.04.16-AM-1-150x33.jpeg 150w, https:\/\/nahuelproducciones.com.ar\/radioquijano\/wp-content\/uploads\/2025\/07\/WhatsApp-Image-2025-07-31-at-1.04.16-AM-1.jpeg 1106w\" sizes=\"auto, (max-width: 1024px) 100vw, 1024px\" \/><\/figure><\/div>\n\n<div class=\"wp-block-image\">\n<figure class=\"aligncenter size-full is-resized\"><img loading=\"lazy\" decoding=\"async\" width=\"1023\" height=\"464\" src=\"https:\/\/nahuelproducciones.com.ar\/radioquijano\/wp-content\/uploads\/2025\/07\/WhatsApp-Image-2025-07-31-at-1.01.42-AM-2.jpeg\" alt=\"\" class=\"wp-image-10782\" style=\"width:709px;height:auto\" srcset=\"https:\/\/nahuelproducciones.com.ar\/radioquijano\/wp-content\/uploads\/2025\/07\/WhatsApp-Image-2025-07-31-at-1.01.42-AM-2.jpeg 1023w, https:\/\/nahuelproducciones.com.ar\/radioquijano\/wp-content\/uploads\/2025\/07\/WhatsApp-Image-2025-07-31-at-1.01.42-AM-2-300x136.jpeg 300w, https:\/\/nahuelproducciones.com.ar\/radioquijano\/wp-content\/uploads\/2025\/07\/WhatsApp-Image-2025-07-31-at-1.01.42-AM-2-768x348.jpeg 768w, https:\/\/nahuelproducciones.com.ar\/radioquijano\/wp-content\/uploads\/2025\/07\/WhatsApp-Image-2025-07-31-at-1.01.42-AM-2-150x68.jpeg 150w\" sizes=\"auto, (max-width: 1023px) 100vw, 1023px\" \/><\/figure><\/div>\n\n\n<p>Fuente: en el Subte<\/p>\n\n\n\n<p><\/p>\n","protected":false},"excerpt":{"rendered":"<p>Trenes Argentinos Operaciones (SOFSA) inform\u00f3 que&nbsp;desde el pr\u00f3ximo lunes 4 de agosto entrar\u00e1 en vigencia de un nuevo diagrama de horarios en el servicio regional G\u00fcemes \u2013 Salta \u2013 Campo Quijano. Las modificaciones&nbsp;incluyen un recorte de la mitad de la oferta desde y hacia Campo Quijano. Hasta el momento, dos trenes por d\u00eda llegaban y [&hellip;]<\/p>\n","protected":false},"author":8,"featured_media":10774,"comment_status":"open","ping_status":"open","sticky":false,"template":"","format":"standard","meta":{"_monsterinsights_skip_tracking":false,"_monsterinsights_sitenote_active":false,"_monsterinsights_sitenote_note":"","_monsterinsights_sitenote_category":0,"footnotes":""},"categories":[16],"tags":[100,259],"class_list":["post-10773","post","type-post","status-publish","format-standard","has-post-thumbnail","hentry","category-noticias","tag-municipio-de-campo-quijano","tag-tren-a-campo-quijano"],"yoast_head":"<!-- This site is optimized with the Yoast SEO plugin v20.8 - https:\/\/yoast.com\/wordpress\/plugins\/seo\/ -->\n<title>Campo Quijano: desde agosto, s\u00f3lo tendr\u00e1 un tren por d\u00eda . - RQ 99.9<\/title>\n<meta name=\"description\" content=\"Ya no habr\u00e1 trenes realizando el recorrido completo y se recortar\u00e1 la mitad de la oferta a esta \u00faltima ciudad.\" \/>\n<meta name=\"robots\" content=\"index, follow, max-snippet:-1, max-image-preview:large, max-video-preview:-1\" \/>\n<link rel=\"canonical\" href=\"https:\/\/nahuelproducciones.com.ar\/radioquijano\/campo-quijano-desde-agosto-solo-tendra-un-tren-por-dia\/\" \/>\n<meta property=\"og:locale\" content=\"es_ES\" \/>\n<meta property=\"og:type\" content=\"article\" \/>\n<meta property=\"og:title\" content=\"Campo Quijano: desde agosto, s\u00f3lo tendr\u00e1 un tren por d\u00eda . - RQ 99.9\" \/>\n<meta property=\"og:description\" content=\"Ya no habr\u00e1 trenes realizando el recorrido completo y se recortar\u00e1 la mitad de la oferta a esta \u00faltima ciudad.\" \/>\n<meta property=\"og:url\" content=\"https:\/\/nahuelproducciones.com.ar\/radioquijano\/campo-quijano-desde-agosto-solo-tendra-un-tren-por-dia\/\" \/>\n<meta property=\"og:site_name\" content=\"RQ 99.9\" \/>\n<meta property=\"article:publisher\" content=\"https:\/\/www.facebook.com\/nahuelproducciones999\/\" \/>\n<meta property=\"article:published_time\" content=\"2025-07-31T04:17:34+00:00\" \/>\n<meta property=\"article:modified_time\" content=\"2025-07-31T04:17:35+00:00\" \/>\n<meta property=\"og:image\" content=\"https:\/\/nahuelproducciones.com.ar\/radioquijano\/wp-content\/uploads\/2025\/07\/tren-regional-salta-campo-quijano-2-e1753934932430.jpg\" \/>\n\t<meta property=\"og:image:width\" content=\"700\" \/>\n\t<meta property=\"og:image:height\" content=\"466\" \/>\n\t<meta property=\"og:image:type\" content=\"image\/jpeg\" \/>\n<meta name=\"author\" content=\"Cecilia Pastrana\" \/>\n<meta name=\"twitter:card\" content=\"summary_large_image\" \/>\n<meta name=\"twitter:creator\" content=\"@nahuproduciones\" \/>\n<meta name=\"twitter:site\" content=\"@nahuproduciones\" \/>\n<meta name=\"twitter:label1\" content=\"Escrito por\" \/>\n\t<meta name=\"twitter:data1\" content=\"Cecilia Pastrana\" \/>\n\t<meta name=\"twitter:label2\" content=\"Tiempo de lectura\" \/>\n\t<meta name=\"twitter:data2\" content=\"2 minutos\" \/>\n<script type=\"application\/ld+json\" class=\"yoast-schema-graph\">{\"@context\":\"https:\/\/schema.org\",\"@graph\":[{\"@type\":\"WebPage\",\"@id\":\"https:\/\/nahuelproducciones.com.ar\/radioquijano\/campo-quijano-desde-agosto-solo-tendra-un-tren-por-dia\/\",\"url\":\"https:\/\/nahuelproducciones.com.ar\/radioquijano\/campo-quijano-desde-agosto-solo-tendra-un-tren-por-dia\/\",\"name\":\"Campo Quijano: desde agosto, s\u00f3lo tendr\u00e1 un tren por d\u00eda . - RQ 99.9\",\"isPartOf\":{\"@id\":\"https:\/\/nahuelproducciones.com.ar\/radioquijano\/#website\"},\"datePublished\":\"2025-07-31T04:17:34+00:00\",\"dateModified\":\"2025-07-31T04:17:35+00:00\",\"author\":{\"@id\":\"https:\/\/nahuelproducciones.com.ar\/radioquijano\/#\/schema\/person\/e8a4f939e2cb487fe6d0c54042c9d32c\"},\"description\":\"Ya no habr\u00e1 trenes realizando el recorrido completo y se recortar\u00e1 la mitad de la oferta a esta \u00faltima ciudad.\",\"breadcrumb\":{\"@id\":\"https:\/\/nahuelproducciones.com.ar\/radioquijano\/campo-quijano-desde-agosto-solo-tendra-un-tren-por-dia\/#breadcrumb\"},\"inLanguage\":\"es\",\"potentialAction\":[{\"@type\":\"ReadAction\",\"target\":[\"https:\/\/nahuelproducciones.com.ar\/radioquijano\/campo-quijano-desde-agosto-solo-tendra-un-tren-por-dia\/\"]}]},{\"@type\":\"BreadcrumbList\",\"@id\":\"https:\/\/nahuelproducciones.com.ar\/radioquijano\/campo-quijano-desde-agosto-solo-tendra-un-tren-por-dia\/#breadcrumb\",\"itemListElement\":[{\"@type\":\"ListItem\",\"position\":1,\"name\":\"Portada\",\"item\":\"https:\/\/nahuelproducciones.com.ar\/radioquijano\/\"},{\"@type\":\"ListItem\",\"position\":2,\"name\":\"Campo Quijano: desde agosto, s\u00f3lo tendr\u00e1 un tren por d\u00eda .\"}]},{\"@type\":\"WebSite\",\"@id\":\"https:\/\/nahuelproducciones.com.ar\/radioquijano\/#website\",\"url\":\"https:\/\/nahuelproducciones.com.ar\/radioquijano\/\",\"name\":\"RQ 99.9\",\"description\":\"Radio Quijano 99.9 MHz\",\"potentialAction\":[{\"@type\":\"SearchAction\",\"target\":{\"@type\":\"EntryPoint\",\"urlTemplate\":\"https:\/\/nahuelproducciones.com.ar\/radioquijano\/?s={search_term_string}\"},\"query-input\":\"required name=search_term_string\"}],\"inLanguage\":\"es\"},{\"@type\":\"Person\",\"@id\":\"https:\/\/nahuelproducciones.com.ar\/radioquijano\/#\/schema\/person\/e8a4f939e2cb487fe6d0c54042c9d32c\",\"name\":\"Cecilia Pastrana\",\"image\":{\"@type\":\"ImageObject\",\"inLanguage\":\"es\",\"@id\":\"https:\/\/nahuelproducciones.com.ar\/radioquijano\/#\/schema\/person\/image\/\",\"url\":\"https:\/\/secure.gravatar.com\/avatar\/661a3ef63a8488d4f2794ed44af8cf71420f7e106f3072c40125114df5157749?s=96&d=mm&r=g\",\"contentUrl\":\"https:\/\/secure.gravatar.com\/avatar\/661a3ef63a8488d4f2794ed44af8cf71420f7e106f3072c40125114df5157749?s=96&d=mm&r=g\",\"caption\":\"Cecilia Pastrana\"},\"sameAs\":[\"cecy\"],\"url\":\"https:\/\/nahuelproducciones.com.ar\/radioquijano\/author\/cecy\/\"}]}<\/script>\n<!-- \/ Yoast SEO plugin. -->","yoast_head_json":{"title":"Campo Quijano: desde agosto, s\u00f3lo tendr\u00e1 un tren por d\u00eda . - RQ 99.9","description":"Ya no habr\u00e1 trenes realizando el recorrido completo y se recortar\u00e1 la mitad de la oferta a esta \u00faltima ciudad.","robots":{"index":"index","follow":"follow","max-snippet":"max-snippet:-1","max-image-preview":"max-image-preview:large","max-video-preview":"max-video-preview:-1"},"canonical":"https:\/\/nahuelproducciones.com.ar\/radioquijano\/campo-quijano-desde-agosto-solo-tendra-un-tren-por-dia\/","og_locale":"es_ES","og_type":"article","og_title":"Campo Quijano: desde agosto, s\u00f3lo tendr\u00e1 un tren por d\u00eda . - RQ 99.9","og_description":"Ya no habr\u00e1 trenes realizando el recorrido completo y se recortar\u00e1 la mitad de la oferta a esta \u00faltima ciudad.","og_url":"https:\/\/nahuelproducciones.com.ar\/radioquijano\/campo-quijano-desde-agosto-solo-tendra-un-tren-por-dia\/","og_site_name":"RQ 99.9","article_publisher":"https:\/\/www.facebook.com\/nahuelproducciones999\/","article_published_time":"2025-07-31T04:17:34+00:00","article_modified_time":"2025-07-31T04:17:35+00:00","og_image":[{"width":700,"height":466,"url":"https:\/\/nahuelproducciones.com.ar\/radioquijano\/wp-content\/uploads\/2025\/07\/tren-regional-salta-campo-quijano-2-e1753934932430.jpg","type":"image\/jpeg"}],"author":"Cecilia Pastrana","twitter_card":"summary_large_image","twitter_creator":"@nahuproduciones","twitter_site":"@nahuproduciones","twitter_misc":{"Escrito por":"Cecilia Pastrana","Tiempo de lectura":"2 minutos"},"schema":{"@context":"https:\/\/schema.org","@graph":[{"@type":"WebPage","@id":"https:\/\/nahuelproducciones.com.ar\/radioquijano\/campo-quijano-desde-agosto-solo-tendra-un-tren-por-dia\/","url":"https:\/\/nahuelproducciones.com.ar\/radioquijano\/campo-quijano-desde-agosto-solo-tendra-un-tren-por-dia\/","name":"Campo Quijano: desde agosto, s\u00f3lo tendr\u00e1 un tren por d\u00eda . - RQ 99.9","isPartOf":{"@id":"https:\/\/nahuelproducciones.com.ar\/radioquijano\/#website"},"datePublished":"2025-07-31T04:17:34+00:00","dateModified":"2025-07-31T04:17:35+00:00","author":{"@id":"https:\/\/nahuelproducciones.com.ar\/radioquijano\/#\/schema\/person\/e8a4f939e2cb487fe6d0c54042c9d32c"},"description":"Ya no habr\u00e1 trenes realizando el recorrido completo y se recortar\u00e1 la mitad de la oferta a esta \u00faltima ciudad.","breadcrumb":{"@id":"https:\/\/nahuelproducciones.com.ar\/radioquijano\/campo-quijano-desde-agosto-solo-tendra-un-tren-por-dia\/#breadcrumb"},"inLanguage":"es","potentialAction":[{"@type":"ReadAction","target":["https:\/\/nahuelproducciones.com.ar\/radioquijano\/campo-quijano-desde-agosto-solo-tendra-un-tren-por-dia\/"]}]},{"@type":"BreadcrumbList","@id":"https:\/\/nahuelproducciones.com.ar\/radioquijano\/campo-quijano-desde-agosto-solo-tendra-un-tren-por-dia\/#breadcrumb","itemListElement":[{"@type":"ListItem","position":1,"name":"Portada","item":"https:\/\/nahuelproducciones.com.ar\/radioquijano\/"},{"@type":"ListItem","position":2,"name":"Campo Quijano: desde agosto, s\u00f3lo tendr\u00e1 un tren por d\u00eda ."}]},{"@type":"WebSite","@id":"https:\/\/nahuelproducciones.com.ar\/radioquijano\/#website","url":"https:\/\/nahuelproducciones.com.ar\/radioquijano\/","name":"RQ 99.9","description":"Radio Quijano 99.9 MHz","potentialAction":[{"@type":"SearchAction","target":{"@type":"EntryPoint","urlTemplate":"https:\/\/nahuelproducciones.com.ar\/radioquijano\/?s={search_term_string}"},"query-input":"required name=search_term_string"}],"inLanguage":"es"},{"@type":"Person","@id":"https:\/\/nahuelproducciones.com.ar\/radioquijano\/#\/schema\/person\/e8a4f939e2cb487fe6d0c54042c9d32c","name":"Cecilia Pastrana","image":{"@type":"ImageObject","inLanguage":"es","@id":"https:\/\/nahuelproducciones.com.ar\/radioquijano\/#\/schema\/person\/image\/","url":"https:\/\/secure.gravatar.com\/avatar\/661a3ef63a8488d4f2794ed44af8cf71420f7e106f3072c40125114df5157749?s=96&d=mm&r=g","contentUrl":"https:\/\/secure.gravatar.com\/avatar\/661a3ef63a8488d4f2794ed44af8cf71420f7e106f3072c40125114df5157749?s=96&d=mm&r=g","caption":"Cecilia Pastrana"},"sameAs":["cecy"],"url":"https:\/\/nahuelproducciones.com.ar\/radioquijano\/author\/cecy\/"}]}},"_links":{"self":[{"href":"https:\/\/nahuelproducciones.com.ar\/radioquijano\/wp-json\/wp\/v2\/posts\/10773","targetHints":{"allow":["GET"]}}],"collection":[{"href":"https:\/\/nahuelproducciones.com.ar\/radioquijano\/wp-json\/wp\/v2\/posts"}],"about":[{"href":"https:\/\/nahuelproducciones.com.ar\/radioquijano\/wp-json\/wp\/v2\/types\/post"}],"author":[{"embeddable":true,"href":"https:\/\/nahuelproducciones.com.ar\/radioquijano\/wp-json\/wp\/v2\/users\/8"}],"replies":[{"embeddable":true,"href":"https:\/\/nahuelproducciones.com.ar\/radioquijano\/wp-json\/wp\/v2\/comments?post=10773"}],"version-history":[{"count":1,"href":"https:\/\/nahuelproducciones.com.ar\/radioquijano\/wp-json\/wp\/v2\/posts\/10773\/revisions"}],"predecessor-version":[{"id":10783,"href":"https:\/\/nahuelproducciones.com.ar\/radioquijano\/wp-json\/wp\/v2\/posts\/10773\/revisions\/10783"}],"wp:featuredmedia":[{"embeddable":true,"href":"https:\/\/nahuelproducciones.com.ar\/radioquijano\/wp-json\/wp\/v2\/media\/10774"}],"wp:attachment":[{"href":"https:\/\/nahuelproducciones.com.ar\/radioquijano\/wp-json\/wp\/v2\/media?parent=10773"}],"wp:term":[{"taxonomy":"category","embeddable":true,"href":"https:\/\/nahuelproducciones.com.ar\/radioquijano\/wp-json\/wp\/v2\/categories?post=10773"},{"taxonomy":"post_tag","embeddable":true,"href":"https:\/\/nahuelproducciones.com.ar\/radioquijano\/wp-json\/wp\/v2\/tags?post=10773"}],"curies":[{"name":"wp","href":"https:\/\/api.w.org\/{rel}","templated":true}]}}