{"id":10784,"date":"2025-07-31T01:28:05","date_gmt":"2025-07-31T04:28:05","guid":{"rendered":"https:\/\/nahuelproducciones.com.ar\/radioquijano\/?p=10784"},"modified":"2025-07-31T01:28:07","modified_gmt":"2025-07-31T04:28:07","slug":"reconocimiento-historico-el-quijaneno-aldo-parada-durval-homenajeado-en-el-senado-por-su-valentia-en-el-combate-de-manchala","status":"publish","type":"post","link":"https:\/\/nahuelproducciones.com.ar\/radioquijano\/reconocimiento-historico-el-quijaneno-aldo-parada-durval-homenajeado-en-el-senado-por-su-valentia-en-el-combate-de-manchala\/","title":{"rendered":"\u00abReconocimiento hist\u00f3rico: el quijane\u00f1o Aldo Parada Durval homenajeado en el Senado por su valent\u00eda en el Combate de Manchal\u00e1\u00bb"},"content":{"rendered":"\n<p>Victoria Villarruel presidi\u00f3 un acto en reconocimiento a los soldados que resistieron un ataque del ERP en 1975. Durante la ceremonia se entregaron diplomas a los protagonistas de aquel combate y se destac\u00f3 la importancia de reparar el olvido institucional hacia sus protagonistas.<\/p>\n\n\n\n<p>La vicepresidente de la Naci\u00f3n y presidente del Senado, Victoria Villarruel, encabez\u00f3 este martes en el Sal\u00f3n General San Mart\u00edn del Honorable Senado de la Naci\u00f3n un homenaje a los veteranos del Combate de Manchal\u00e1, al cumplirse 50 a\u00f1os de aquel enfrentamiento ocurrido en Tucum\u00e1n. El evento, titulado \u00abManchal\u00e1: La Rep\u00fablica bajo fuego\u00bb, fue organizado por la Direcci\u00f3n de Cultura del Senado, a cargo de Daniel Abate.<\/p>\n\n\n\n<p>El combate de Manchal\u00e1 ocurri\u00f3 el 28 de mayo de 1975, cuando un grupo reducido de soldados resisti\u00f3 heroicamente el ataque de una columna del&nbsp;Ej\u00e9rcito Revolucionario del Pueblo&nbsp;(ERP) en plena democracia, defendiendo el orden constitucional frente a la violencia armada que buscaba suplantarlo.<\/p>\n\n\n\n<p>En su discurso, Villarruel agradeci\u00f3 \u00aba los soldados de Manchal\u00e1 que han esperado 50 a\u00f1os para recibir un reconocimiento en la Casa de las Provincias, en el Congreso de la Naci\u00f3n. Un reconocimiento que merecieron desde el minuto uno, cuando realizaron esta proeza \u00fanica\u00bb.<\/p>\n\n\n\n<p>Adem\u00e1s remarc\u00f3 la dimensi\u00f3n hist\u00f3rica del combate, se\u00f1alando que \u00abevit\u00f3 una tragedia a\u00fan mayor por parte del Ej\u00e9rcito Revolucionario del Pueblo, que afrent\u00f3 a la democracia, a las instituciones y al estilo de vida de nuestra Naci\u00f3n. No eran j\u00f3venes idealistas, como se quiso instalar con una campa\u00f1a nefasta e intensa que todav\u00eda confunde a un sector de la sociedad, y este combate lo demuestra\u00bb.<\/p>\n\n\n\n<p>\u00abEl ERP hab\u00eda planificado un asalto militar con mapas, maquetas, \u00f3rdenes de operaci\u00f3n y una compa\u00f1\u00eda de monte armada con fusiles, granadas y ametralladoras. Pero no contaron con que su plan se encontrar\u00eda con un pu\u00f1ado de soldados argentinos dispuestos a cumplir el juramento de defender la bandera hasta perder la vida\u00bb, agreg\u00f3 Villarruel. Y concluy\u00f3: \u00abEl honor y la gloria les corresponde, y toda la Naci\u00f3n argentina los abraza y les agradece por habernos defendido tan valientemente\u00bb.<\/p>\n\n\n\n<p>En reconocimiento a su compromiso con la visibilizaci\u00f3n de estos veteranos, los propios soldados entregaron a la vicepresidente un cuadro con una fotograf\u00eda de la antigua escuela rural de Manchal\u00e1, hoy inexistente, de la que s\u00f3lo se conservan tres copias originales.<\/p>\n\n\n\n<p>Por su parte, Jos\u00e9 Adolfo Romero, Soldado Clase 1954 y protagonista del combate, tom\u00f3 la palabra en representaci\u00f3n de todos sus camaradas y brind\u00f3 un emotivo testimonio: \u00ab\u00bfC\u00f3mo puede ser que los soldados de Manchal\u00e1, donde cinco de ellos se fueron a otro mundo y dos optaron por el suicidio, no hayamos recibido absolutamente nada por parte de las instituciones y el gobierno? Ni una atenci\u00f3n m\u00e9dica, ni una contenci\u00f3n psicol\u00f3gica. Mucho menos el ingreso a un trabajo o una retribuci\u00f3n monetaria. Pas\u00f3 el combate y lo \u00fanico que nos queda es la satisfacci\u00f3n de que la se\u00f1ora Vicepresidente haya recordado aquel hecho. \u00bfQu\u00e9 recibimos? Nada. Solamente la satisfacci\u00f3n del deber cumplido. Y pasaron 50 a\u00f1os\u00bb, expres\u00f3, con la emoci\u00f3n intacta, medio siglo despu\u00e9s de aquel enfrentamiento.<\/p>\n\n\n\n<p>Durante el acto el director de Cultura del Senado, Daniel Abate, se\u00f1al\u00f3: \u00abVenimos a recordar, pero tambi\u00e9n a reparar. La historia nos exige mirar de frente uno de los episodios m\u00e1s significativos y m\u00e1s silenciados. En aquel momento reg\u00eda un Gobierno constitucional y democr\u00e1tico. No se trataba de un r\u00e9gimen de facto. Era la Rep\u00fablica, en su legitimidad institucional, la que enfrentaba una amenaza armada que pretend\u00eda tomar el poder por la fuerza\u00bb.<\/p>\n\n\n\n<p>Abate cerr\u00f3 su intervenci\u00f3n con la lectura de una carta de la hija del soldado Luis Alberto Pe\u00f1aranda, destacando el impacto intergeneracional del testimonio y la memoria de aquellos que participaron del combate.<\/p>\n\n\n\n<p>Los diplomas fueron bendecidos por el Obispo Castrense, Santiago Olivera y entregados por la Vicepresidente de la Naci\u00f3n a : Suboficial (R) Gerardo Lafuente Soliz y a los soldados clase 1954, Osvaldo Jes\u00fas Alcal\u00e1 Navarro, Jos\u00e9 Adolfo Romero, Rodolfo Demayo, Dardo Roberto Rojas, Roberto C\u00e9sar Maman\u00ed (herido en combate), Hugo Eduardo Ontiveros, Aldo Parada Durval, Ricardo Antonio Garc\u00eda Gonz\u00e1lez (herido en combate), Luis Alberto Pe\u00f1aranda, Luis Antonio Arce, Jes\u00fas Roque Puca Puca (post mortem).<\/p>\n\n\n\n<figure class=\"wp-block-gallery has-nested-images columns-default is-cropped wp-block-gallery-1 is-layout-flex wp-block-gallery-is-layout-flex\">\n<figure class=\"wp-block-image size-large\"><img loading=\"lazy\" decoding=\"async\" width=\"1024\" height=\"683\" data-id=\"10785\" src=\"https:\/\/nahuelproducciones.com.ar\/radioquijano\/wp-content\/uploads\/2025\/07\/54714-1024x683.jpg\" alt=\"\" class=\"wp-image-10785\" srcset=\"https:\/\/nahuelproducciones.com.ar\/radioquijano\/wp-content\/uploads\/2025\/07\/54714-1024x683.jpg 1024w, https:\/\/nahuelproducciones.com.ar\/radioquijano\/wp-content\/uploads\/2025\/07\/54714-300x200.jpg 300w, https:\/\/nahuelproducciones.com.ar\/radioquijano\/wp-content\/uploads\/2025\/07\/54714-768x512.jpg 768w, https:\/\/nahuelproducciones.com.ar\/radioquijano\/wp-content\/uploads\/2025\/07\/54714-1536x1024.jpg 1536w, https:\/\/nahuelproducciones.com.ar\/radioquijano\/wp-content\/uploads\/2025\/07\/54714-2048x1365.jpg 2048w, https:\/\/nahuelproducciones.com.ar\/radioquijano\/wp-content\/uploads\/2025\/07\/54714-150x100.jpg 150w\" sizes=\"auto, (max-width: 1024px) 100vw, 1024px\" \/><\/figure>\n\n\n\n<figure class=\"wp-block-image size-large\"><img loading=\"lazy\" decoding=\"async\" width=\"1024\" height=\"683\" data-id=\"10786\" src=\"https:\/\/nahuelproducciones.com.ar\/radioquijano\/wp-content\/uploads\/2025\/07\/54715-1024x683.jpg\" alt=\"\" class=\"wp-image-10786\" srcset=\"https:\/\/nahuelproducciones.com.ar\/radioquijano\/wp-content\/uploads\/2025\/07\/54715-1024x683.jpg 1024w, https:\/\/nahuelproducciones.com.ar\/radioquijano\/wp-content\/uploads\/2025\/07\/54715-300x200.jpg 300w, https:\/\/nahuelproducciones.com.ar\/radioquijano\/wp-content\/uploads\/2025\/07\/54715-768x512.jpg 768w, https:\/\/nahuelproducciones.com.ar\/radioquijano\/wp-content\/uploads\/2025\/07\/54715-1536x1024.jpg 1536w, https:\/\/nahuelproducciones.com.ar\/radioquijano\/wp-content\/uploads\/2025\/07\/54715-2048x1365.jpg 2048w, https:\/\/nahuelproducciones.com.ar\/radioquijano\/wp-content\/uploads\/2025\/07\/54715-150x100.jpg 150w\" sizes=\"auto, (max-width: 1024px) 100vw, 1024px\" \/><\/figure>\n\n\n\n<figure class=\"wp-block-image size-large\"><img loading=\"lazy\" decoding=\"async\" width=\"1024\" height=\"683\" data-id=\"10787\" src=\"https:\/\/nahuelproducciones.com.ar\/radioquijano\/wp-content\/uploads\/2025\/07\/54717-1024x683.jpg\" alt=\"\" class=\"wp-image-10787\"\/><\/figure>\n<\/figure>\n\n\n\n<p>Fotos: Comunicaci\u00f3n Senado<\/p>\n\n\n\n<p>Fuente: Honorable Senado de la Naci\u00f3n Argentina | Congreso de la Naci\u00f3n Argentina<\/p>\n","protected":false},"excerpt":{"rendered":"<p>Victoria Villarruel presidi\u00f3 un acto en reconocimiento a los soldados que resistieron un ataque del ERP en 1975. Durante la ceremonia se entregaron diplomas a los protagonistas de aquel combate y se destac\u00f3 la importancia de reparar el olvido institucional hacia sus protagonistas. La vicepresidente de la Naci\u00f3n y presidente del Senado, Victoria Villarruel, encabez\u00f3 [&hellip;]<\/p>\n","protected":false},"author":8,"featured_media":10787,"comment_status":"open","ping_status":"open","sticky":false,"template":"","format":"standard","meta":{"_monsterinsights_skip_tracking":false,"_monsterinsights_sitenote_active":false,"_monsterinsights_sitenote_note":"","_monsterinsights_sitenote_category":0,"footnotes":""},"categories":[16],"tags":[],"class_list":["post-10784","post","type-post","status-publish","format-standard","has-post-thumbnail","hentry","category-noticias"],"yoast_head":"<!-- This site is optimized with the Yoast SEO plugin v20.8 - https:\/\/yoast.com\/wordpress\/plugins\/seo\/ -->\n<title>&quot;Reconocimiento hist\u00f3rico: el quijane\u00f1o Aldo Parada Durval homenajeado en el Senado por su valent\u00eda en el Combate de Manchal\u00e1&quot; - RQ 99.9<\/title>\n<meta name=\"description\" content=\"Al cumplirse 50 a\u00f1os del enfrentamiento contra el ERP en Tucum\u00e1n, el Senado de la Naci\u00f3n distingui\u00f3 a los soldados que defendieron el orden constitucional. Entre ellos, Aldo Parada Durval, oriundo de Campo Quijano, recibi\u00f3 un diploma por su heroica participaci\u00f3n.\" \/>\n<meta name=\"robots\" content=\"index, follow, max-snippet:-1, max-image-preview:large, max-video-preview:-1\" \/>\n<link rel=\"canonical\" href=\"https:\/\/nahuelproducciones.com.ar\/radioquijano\/reconocimiento-historico-el-quijaneno-aldo-parada-durval-homenajeado-en-el-senado-por-su-valentia-en-el-combate-de-manchala\/\" \/>\n<meta property=\"og:locale\" content=\"es_ES\" \/>\n<meta property=\"og:type\" content=\"article\" \/>\n<meta property=\"og:title\" content=\"&quot;Reconocimiento hist\u00f3rico: el quijane\u00f1o Aldo Parada Durval homenajeado en el Senado por su valent\u00eda en el Combate de Manchal\u00e1&quot; - RQ 99.9\" \/>\n<meta property=\"og:description\" content=\"Al cumplirse 50 a\u00f1os del enfrentamiento contra el ERP en Tucum\u00e1n, el Senado de la Naci\u00f3n distingui\u00f3 a los soldados que defendieron el orden constitucional. Entre ellos, Aldo Parada Durval, oriundo de Campo Quijano, recibi\u00f3 un diploma por su heroica participaci\u00f3n.\" \/>\n<meta property=\"og:url\" content=\"https:\/\/nahuelproducciones.com.ar\/radioquijano\/reconocimiento-historico-el-quijaneno-aldo-parada-durval-homenajeado-en-el-senado-por-su-valentia-en-el-combate-de-manchala\/\" \/>\n<meta property=\"og:site_name\" content=\"RQ 99.9\" \/>\n<meta property=\"article:publisher\" content=\"https:\/\/www.facebook.com\/nahuelproducciones999\/\" \/>\n<meta property=\"article:published_time\" content=\"2025-07-31T04:28:05+00:00\" \/>\n<meta property=\"article:modified_time\" content=\"2025-07-31T04:28:07+00:00\" \/>\n<meta property=\"og:image\" content=\"https:\/\/nahuelproducciones.com.ar\/radioquijano\/wp-content\/uploads\/2025\/07\/54717-scaled-e1753935989290.jpg\" \/>\n\t<meta property=\"og:image:width\" content=\"700\" \/>\n\t<meta property=\"og:image:height\" content=\"467\" \/>\n\t<meta property=\"og:image:type\" content=\"image\/jpeg\" \/>\n<meta name=\"author\" content=\"Cecilia Pastrana\" \/>\n<meta name=\"twitter:card\" content=\"summary_large_image\" \/>\n<meta name=\"twitter:creator\" content=\"@nahuproduciones\" \/>\n<meta name=\"twitter:site\" content=\"@nahuproduciones\" \/>\n<meta name=\"twitter:label1\" content=\"Escrito por\" \/>\n\t<meta name=\"twitter:data1\" content=\"Cecilia Pastrana\" \/>\n\t<meta name=\"twitter:label2\" content=\"Tiempo de lectura\" \/>\n\t<meta name=\"twitter:data2\" content=\"4 minutos\" \/>\n<script type=\"application\/ld+json\" class=\"yoast-schema-graph\">{\"@context\":\"https:\/\/schema.org\",\"@graph\":[{\"@type\":\"WebPage\",\"@id\":\"https:\/\/nahuelproducciones.com.ar\/radioquijano\/reconocimiento-historico-el-quijaneno-aldo-parada-durval-homenajeado-en-el-senado-por-su-valentia-en-el-combate-de-manchala\/\",\"url\":\"https:\/\/nahuelproducciones.com.ar\/radioquijano\/reconocimiento-historico-el-quijaneno-aldo-parada-durval-homenajeado-en-el-senado-por-su-valentia-en-el-combate-de-manchala\/\",\"name\":\"\\\"Reconocimiento hist\u00f3rico: el quijane\u00f1o Aldo Parada Durval homenajeado en el Senado por su valent\u00eda en el Combate de Manchal\u00e1\\\" - RQ 99.9\",\"isPartOf\":{\"@id\":\"https:\/\/nahuelproducciones.com.ar\/radioquijano\/#website\"},\"datePublished\":\"2025-07-31T04:28:05+00:00\",\"dateModified\":\"2025-07-31T04:28:07+00:00\",\"author\":{\"@id\":\"https:\/\/nahuelproducciones.com.ar\/radioquijano\/#\/schema\/person\/e8a4f939e2cb487fe6d0c54042c9d32c\"},\"description\":\"Al cumplirse 50 a\u00f1os del enfrentamiento contra el ERP en Tucum\u00e1n, el Senado de la Naci\u00f3n distingui\u00f3 a los soldados que defendieron el orden constitucional. Entre ellos, Aldo Parada Durval, oriundo de Campo Quijano, recibi\u00f3 un diploma por su heroica participaci\u00f3n.\",\"breadcrumb\":{\"@id\":\"https:\/\/nahuelproducciones.com.ar\/radioquijano\/reconocimiento-historico-el-quijaneno-aldo-parada-durval-homenajeado-en-el-senado-por-su-valentia-en-el-combate-de-manchala\/#breadcrumb\"},\"inLanguage\":\"es\",\"potentialAction\":[{\"@type\":\"ReadAction\",\"target\":[\"https:\/\/nahuelproducciones.com.ar\/radioquijano\/reconocimiento-historico-el-quijaneno-aldo-parada-durval-homenajeado-en-el-senado-por-su-valentia-en-el-combate-de-manchala\/\"]}]},{\"@type\":\"BreadcrumbList\",\"@id\":\"https:\/\/nahuelproducciones.com.ar\/radioquijano\/reconocimiento-historico-el-quijaneno-aldo-parada-durval-homenajeado-en-el-senado-por-su-valentia-en-el-combate-de-manchala\/#breadcrumb\",\"itemListElement\":[{\"@type\":\"ListItem\",\"position\":1,\"name\":\"Portada\",\"item\":\"https:\/\/nahuelproducciones.com.ar\/radioquijano\/\"},{\"@type\":\"ListItem\",\"position\":2,\"name\":\"\u00abReconocimiento hist\u00f3rico: el quijane\u00f1o Aldo Parada Durval homenajeado en el Senado por su valent\u00eda en el Combate de Manchal\u00e1\u00bb\"}]},{\"@type\":\"WebSite\",\"@id\":\"https:\/\/nahuelproducciones.com.ar\/radioquijano\/#website\",\"url\":\"https:\/\/nahuelproducciones.com.ar\/radioquijano\/\",\"name\":\"RQ 99.9\",\"description\":\"Radio Quijano 99.9 MHz\",\"potentialAction\":[{\"@type\":\"SearchAction\",\"target\":{\"@type\":\"EntryPoint\",\"urlTemplate\":\"https:\/\/nahuelproducciones.com.ar\/radioquijano\/?s={search_term_string}\"},\"query-input\":\"required name=search_term_string\"}],\"inLanguage\":\"es\"},{\"@type\":\"Person\",\"@id\":\"https:\/\/nahuelproducciones.com.ar\/radioquijano\/#\/schema\/person\/e8a4f939e2cb487fe6d0c54042c9d32c\",\"name\":\"Cecilia Pastrana\",\"image\":{\"@type\":\"ImageObject\",\"inLanguage\":\"es\",\"@id\":\"https:\/\/nahuelproducciones.com.ar\/radioquijano\/#\/schema\/person\/image\/\",\"url\":\"https:\/\/secure.gravatar.com\/avatar\/661a3ef63a8488d4f2794ed44af8cf71420f7e106f3072c40125114df5157749?s=96&d=mm&r=g\",\"contentUrl\":\"https:\/\/secure.gravatar.com\/avatar\/661a3ef63a8488d4f2794ed44af8cf71420f7e106f3072c40125114df5157749?s=96&d=mm&r=g\",\"caption\":\"Cecilia Pastrana\"},\"sameAs\":[\"cecy\"],\"url\":\"https:\/\/nahuelproducciones.com.ar\/radioquijano\/author\/cecy\/\"}]}<\/script>\n<!-- \/ Yoast SEO plugin. -->","yoast_head_json":{"title":"\"Reconocimiento hist\u00f3rico: el quijane\u00f1o Aldo Parada Durval homenajeado en el Senado por su valent\u00eda en el Combate de Manchal\u00e1\" - RQ 99.9","description":"Al cumplirse 50 a\u00f1os del enfrentamiento contra el ERP en Tucum\u00e1n, el Senado de la Naci\u00f3n distingui\u00f3 a los soldados que defendieron el orden constitucional. Entre ellos, Aldo Parada Durval, oriundo de Campo Quijano, recibi\u00f3 un diploma por su heroica participaci\u00f3n.","robots":{"index":"index","follow":"follow","max-snippet":"max-snippet:-1","max-image-preview":"max-image-preview:large","max-video-preview":"max-video-preview:-1"},"canonical":"https:\/\/nahuelproducciones.com.ar\/radioquijano\/reconocimiento-historico-el-quijaneno-aldo-parada-durval-homenajeado-en-el-senado-por-su-valentia-en-el-combate-de-manchala\/","og_locale":"es_ES","og_type":"article","og_title":"\"Reconocimiento hist\u00f3rico: el quijane\u00f1o Aldo Parada Durval homenajeado en el Senado por su valent\u00eda en el Combate de Manchal\u00e1\" - RQ 99.9","og_description":"Al cumplirse 50 a\u00f1os del enfrentamiento contra el ERP en Tucum\u00e1n, el Senado de la Naci\u00f3n distingui\u00f3 a los soldados que defendieron el orden constitucional. Entre ellos, Aldo Parada Durval, oriundo de Campo Quijano, recibi\u00f3 un diploma por su heroica participaci\u00f3n.","og_url":"https:\/\/nahuelproducciones.com.ar\/radioquijano\/reconocimiento-historico-el-quijaneno-aldo-parada-durval-homenajeado-en-el-senado-por-su-valentia-en-el-combate-de-manchala\/","og_site_name":"RQ 99.9","article_publisher":"https:\/\/www.facebook.com\/nahuelproducciones999\/","article_published_time":"2025-07-31T04:28:05+00:00","article_modified_time":"2025-07-31T04:28:07+00:00","og_image":[{"width":700,"height":467,"url":"https:\/\/nahuelproducciones.com.ar\/radioquijano\/wp-content\/uploads\/2025\/07\/54717-scaled-e1753935989290.jpg","type":"image\/jpeg"}],"author":"Cecilia Pastrana","twitter_card":"summary_large_image","twitter_creator":"@nahuproduciones","twitter_site":"@nahuproduciones","twitter_misc":{"Escrito por":"Cecilia Pastrana","Tiempo de lectura":"4 minutos"},"schema":{"@context":"https:\/\/schema.org","@graph":[{"@type":"WebPage","@id":"https:\/\/nahuelproducciones.com.ar\/radioquijano\/reconocimiento-historico-el-quijaneno-aldo-parada-durval-homenajeado-en-el-senado-por-su-valentia-en-el-combate-de-manchala\/","url":"https:\/\/nahuelproducciones.com.ar\/radioquijano\/reconocimiento-historico-el-quijaneno-aldo-parada-durval-homenajeado-en-el-senado-por-su-valentia-en-el-combate-de-manchala\/","name":"\"Reconocimiento hist\u00f3rico: el quijane\u00f1o Aldo Parada Durval homenajeado en el Senado por su valent\u00eda en el Combate de Manchal\u00e1\" - RQ 99.9","isPartOf":{"@id":"https:\/\/nahuelproducciones.com.ar\/radioquijano\/#website"},"datePublished":"2025-07-31T04:28:05+00:00","dateModified":"2025-07-31T04:28:07+00:00","author":{"@id":"https:\/\/nahuelproducciones.com.ar\/radioquijano\/#\/schema\/person\/e8a4f939e2cb487fe6d0c54042c9d32c"},"description":"Al cumplirse 50 a\u00f1os del enfrentamiento contra el ERP en Tucum\u00e1n, el Senado de la Naci\u00f3n distingui\u00f3 a los soldados que defendieron el orden constitucional. Entre ellos, Aldo Parada Durval, oriundo de Campo Quijano, recibi\u00f3 un diploma por su heroica participaci\u00f3n.","breadcrumb":{"@id":"https:\/\/nahuelproducciones.com.ar\/radioquijano\/reconocimiento-historico-el-quijaneno-aldo-parada-durval-homenajeado-en-el-senado-por-su-valentia-en-el-combate-de-manchala\/#breadcrumb"},"inLanguage":"es","potentialAction":[{"@type":"ReadAction","target":["https:\/\/nahuelproducciones.com.ar\/radioquijano\/reconocimiento-historico-el-quijaneno-aldo-parada-durval-homenajeado-en-el-senado-por-su-valentia-en-el-combate-de-manchala\/"]}]},{"@type":"BreadcrumbList","@id":"https:\/\/nahuelproducciones.com.ar\/radioquijano\/reconocimiento-historico-el-quijaneno-aldo-parada-durval-homenajeado-en-el-senado-por-su-valentia-en-el-combate-de-manchala\/#breadcrumb","itemListElement":[{"@type":"ListItem","position":1,"name":"Portada","item":"https:\/\/nahuelproducciones.com.ar\/radioquijano\/"},{"@type":"ListItem","position":2,"name":"\u00abReconocimiento hist\u00f3rico: el quijane\u00f1o Aldo Parada Durval homenajeado en el Senado por su valent\u00eda en el Combate de Manchal\u00e1\u00bb"}]},{"@type":"WebSite","@id":"https:\/\/nahuelproducciones.com.ar\/radioquijano\/#website","url":"https:\/\/nahuelproducciones.com.ar\/radioquijano\/","name":"RQ 99.9","description":"Radio Quijano 99.9 MHz","potentialAction":[{"@type":"SearchAction","target":{"@type":"EntryPoint","urlTemplate":"https:\/\/nahuelproducciones.com.ar\/radioquijano\/?s={search_term_string}"},"query-input":"required name=search_term_string"}],"inLanguage":"es"},{"@type":"Person","@id":"https:\/\/nahuelproducciones.com.ar\/radioquijano\/#\/schema\/person\/e8a4f939e2cb487fe6d0c54042c9d32c","name":"Cecilia Pastrana","image":{"@type":"ImageObject","inLanguage":"es","@id":"https:\/\/nahuelproducciones.com.ar\/radioquijano\/#\/schema\/person\/image\/","url":"https:\/\/secure.gravatar.com\/avatar\/661a3ef63a8488d4f2794ed44af8cf71420f7e106f3072c40125114df5157749?s=96&d=mm&r=g","contentUrl":"https:\/\/secure.gravatar.com\/avatar\/661a3ef63a8488d4f2794ed44af8cf71420f7e106f3072c40125114df5157749?s=96&d=mm&r=g","caption":"Cecilia Pastrana"},"sameAs":["cecy"],"url":"https:\/\/nahuelproducciones.com.ar\/radioquijano\/author\/cecy\/"}]}},"_links":{"self":[{"href":"https:\/\/nahuelproducciones.com.ar\/radioquijano\/wp-json\/wp\/v2\/posts\/10784","targetHints":{"allow":["GET"]}}],"collection":[{"href":"https:\/\/nahuelproducciones.com.ar\/radioquijano\/wp-json\/wp\/v2\/posts"}],"about":[{"href":"https:\/\/nahuelproducciones.com.ar\/radioquijano\/wp-json\/wp\/v2\/types\/post"}],"author":[{"embeddable":true,"href":"https:\/\/nahuelproducciones.com.ar\/radioquijano\/wp-json\/wp\/v2\/users\/8"}],"replies":[{"embeddable":true,"href":"https:\/\/nahuelproducciones.com.ar\/radioquijano\/wp-json\/wp\/v2\/comments?post=10784"}],"version-history":[{"count":1,"href":"https:\/\/nahuelproducciones.com.ar\/radioquijano\/wp-json\/wp\/v2\/posts\/10784\/revisions"}],"predecessor-version":[{"id":10788,"href":"https:\/\/nahuelproducciones.com.ar\/radioquijano\/wp-json\/wp\/v2\/posts\/10784\/revisions\/10788"}],"wp:featuredmedia":[{"embeddable":true,"href":"https:\/\/nahuelproducciones.com.ar\/radioquijano\/wp-json\/wp\/v2\/media\/10787"}],"wp:attachment":[{"href":"https:\/\/nahuelproducciones.com.ar\/radioquijano\/wp-json\/wp\/v2\/media?parent=10784"}],"wp:term":[{"taxonomy":"category","embeddable":true,"href":"https:\/\/nahuelproducciones.com.ar\/radioquijano\/wp-json\/wp\/v2\/categories?post=10784"},{"taxonomy":"post_tag","embeddable":true,"href":"https:\/\/nahuelproducciones.com.ar\/radioquijano\/wp-json\/wp\/v2\/tags?post=10784"}],"curies":[{"name":"wp","href":"https:\/\/api.w.org\/{rel}","templated":true}]}}