{"id":10789,"date":"2025-07-31T12:07:01","date_gmt":"2025-07-31T15:07:01","guid":{"rendered":"https:\/\/nahuelproducciones.com.ar\/radioquijano\/?p=10789"},"modified":"2025-07-31T20:25:43","modified_gmt":"2025-07-31T23:25:43","slug":"a-75-anos-de-su-partida-recordamos-al-hombre-que-hizo-posible-el-ramal-c-14","status":"publish","type":"post","link":"https:\/\/nahuelproducciones.com.ar\/radioquijano\/a-75-anos-de-su-partida-recordamos-al-hombre-que-hizo-posible-el-ramal-c-14\/","title":{"rendered":"A 75 A\u00f1os de su Partida, Recordamos al Hombre que Hizo Posible el Ramal C-14"},"content":{"rendered":"\n<p>Este <strong>31 de julio se cumple el 75\u00b0 aniversario del fallecimiento del Ingeniero Richard Fontaine Maury<\/strong>, el visionario detr\u00e1s del Ramal C-14, m\u00e1s conocido como el <strong>Tren a las Nubes<\/strong>, una de las obras m\u00e1s emblem\u00e1ticas de la ingenier\u00eda ferroviaria argentina.<\/p>\n\n\n\n<p>Nacido el 18 de diciembre de 1882 en Filadelfia (EE.UU.), Maury lleg\u00f3 a la Argentina en 1906. Solo ten\u00eda 40 a\u00f1os cuando fue designado para liderar la construcci\u00f3n del desafiante trazado ferroviario que une Salta con la puna salte\u00f1a, superando los 4.000 metros de altura sobre el nivel del mar.<\/p>\n\n\n\n<p>Su talento y precisi\u00f3n para proyectar en zonas monta\u00f1osas lo convirtieron en una figura clave del desarrollo de la infraestructura nacional. A pesar de haber sido desplazado injustamente en 1930, fue reincorporado m\u00e1s tarde y continu\u00f3 dejando huella en obras de Tucum\u00e1n, Mendoza, San Luis y el norte del pa\u00eds.<\/p>\n\n\n\n<p>Muri\u00f3 en 1950, en la pobreza, pero con el respeto de sus colegas y el legado de una obra monumental. \u00abFue uno de esos genios humildes, capaces de entregarlo todo sin pedir nada\u00bb, lo defini\u00f3 el Ing. Anacleto Tobar.<\/p>\n\n\n\n<p><strong>Desde 1957, sus restos descansan al pie del monolito que se levant\u00f3 en Campo Quijano, junto a las v\u00edas del Tren Trasandino del Norte.<\/strong><\/p>\n\n\n\n<p>Hoy, su memoria revive con fuerza en cada silbido del tren que surca los Andes, como s\u00edmbolo de esfuerzo, visi\u00f3n y entrega.<\/p>\n\n\n<div class=\"wp-block-image\">\n<figure class=\"aligncenter size-full\"><img loading=\"lazy\" decoding=\"async\" width=\"266\" height=\"400\" src=\"https:\/\/nahuelproducciones.com.ar\/radioquijano\/wp-content\/uploads\/2025\/07\/image-2.png\" alt=\"\" class=\"wp-image-10790\" srcset=\"https:\/\/nahuelproducciones.com.ar\/radioquijano\/wp-content\/uploads\/2025\/07\/image-2.png 266w, https:\/\/nahuelproducciones.com.ar\/radioquijano\/wp-content\/uploads\/2025\/07\/image-2-200x300.png 200w, https:\/\/nahuelproducciones.com.ar\/radioquijano\/wp-content\/uploads\/2025\/07\/image-2-150x226.png 150w\" sizes=\"auto, (max-width: 266px) 100vw, 266px\" \/><\/figure><\/div>\n\n<div class=\"wp-block-image\">\n<figure class=\"aligncenter size-full\"><img loading=\"lazy\" decoding=\"async\" width=\"542\" height=\"330\" src=\"https:\/\/nahuelproducciones.com.ar\/radioquijano\/wp-content\/uploads\/2025\/07\/image-3.png\" alt=\"\" class=\"wp-image-10791\" srcset=\"https:\/\/nahuelproducciones.com.ar\/radioquijano\/wp-content\/uploads\/2025\/07\/image-3.png 542w, https:\/\/nahuelproducciones.com.ar\/radioquijano\/wp-content\/uploads\/2025\/07\/image-3-300x183.png 300w, https:\/\/nahuelproducciones.com.ar\/radioquijano\/wp-content\/uploads\/2025\/07\/image-3-150x91.png 150w\" sizes=\"auto, (max-width: 542px) 100vw, 542px\" \/><\/figure><\/div>\n\n<div class=\"wp-block-image\">\n<figure class=\"aligncenter size-full is-resized\"><img loading=\"lazy\" decoding=\"async\" width=\"583\" height=\"351\" src=\"https:\/\/nahuelproducciones.com.ar\/radioquijano\/wp-content\/uploads\/2025\/07\/image-4.png\" alt=\"\" class=\"wp-image-10792\" style=\"width:541px;height:auto\" srcset=\"https:\/\/nahuelproducciones.com.ar\/radioquijano\/wp-content\/uploads\/2025\/07\/image-4.png 583w, https:\/\/nahuelproducciones.com.ar\/radioquijano\/wp-content\/uploads\/2025\/07\/image-4-300x181.png 300w, https:\/\/nahuelproducciones.com.ar\/radioquijano\/wp-content\/uploads\/2025\/07\/image-4-150x90.png 150w\" sizes=\"auto, (max-width: 583px) 100vw, 583px\" \/><\/figure><\/div>\n\n<div class=\"wp-block-image\">\n<figure class=\"aligncenter size-full is-resized\"><img loading=\"lazy\" decoding=\"async\" width=\"600\" height=\"416\" src=\"https:\/\/nahuelproducciones.com.ar\/radioquijano\/wp-content\/uploads\/2025\/07\/image-5.png\" alt=\"\" class=\"wp-image-10793\" style=\"width:544px;height:auto\" srcset=\"https:\/\/nahuelproducciones.com.ar\/radioquijano\/wp-content\/uploads\/2025\/07\/image-5.png 600w, https:\/\/nahuelproducciones.com.ar\/radioquijano\/wp-content\/uploads\/2025\/07\/image-5-300x208.png 300w, https:\/\/nahuelproducciones.com.ar\/radioquijano\/wp-content\/uploads\/2025\/07\/image-5-150x104.png 150w\" sizes=\"auto, (max-width: 600px) 100vw, 600px\" \/><\/figure><\/div>\n\n<div class=\"wp-block-image\">\n<figure class=\"aligncenter size-full is-resized\"><img loading=\"lazy\" decoding=\"async\" width=\"570\" height=\"357\" src=\"https:\/\/nahuelproducciones.com.ar\/radioquijano\/wp-content\/uploads\/2025\/07\/image-6.png\" alt=\"\" class=\"wp-image-10794\" style=\"width:542px;height:auto\" srcset=\"https:\/\/nahuelproducciones.com.ar\/radioquijano\/wp-content\/uploads\/2025\/07\/image-6.png 570w, https:\/\/nahuelproducciones.com.ar\/radioquijano\/wp-content\/uploads\/2025\/07\/image-6-300x188.png 300w, https:\/\/nahuelproducciones.com.ar\/radioquijano\/wp-content\/uploads\/2025\/07\/image-6-150x94.png 150w\" sizes=\"auto, (max-width: 570px) 100vw, 570px\" \/><\/figure><\/div>\n\n<div class=\"wp-block-image\">\n<figure class=\"aligncenter size-full is-resized\"><img loading=\"lazy\" decoding=\"async\" width=\"493\" height=\"294\" src=\"https:\/\/nahuelproducciones.com.ar\/radioquijano\/wp-content\/uploads\/2025\/07\/image-7.png\" alt=\"\" class=\"wp-image-10795\" style=\"width:545px;height:auto\" srcset=\"https:\/\/nahuelproducciones.com.ar\/radioquijano\/wp-content\/uploads\/2025\/07\/image-7.png 493w, https:\/\/nahuelproducciones.com.ar\/radioquijano\/wp-content\/uploads\/2025\/07\/image-7-300x179.png 300w, https:\/\/nahuelproducciones.com.ar\/radioquijano\/wp-content\/uploads\/2025\/07\/image-7-150x89.png 150w\" sizes=\"auto, (max-width: 493px) 100vw, 493px\" \/><\/figure><\/div>\n\n\n<p><strong>Fuente:<\/strong> APDFA L\u00ednea Roca, con aportes de Alberto Di\u00e9guez (Seccional Rosario de APDFA).<\/p>\n","protected":false},"excerpt":{"rendered":"<p>Este 31 de julio se cumple el 75\u00b0 aniversario del fallecimiento del Ingeniero Richard Fontaine Maury, el visionario detr\u00e1s del Ramal C-14, m\u00e1s conocido como el Tren a las Nubes, una de las obras m\u00e1s emblem\u00e1ticas de la ingenier\u00eda ferroviaria argentina. Nacido el 18 de diciembre de 1882 en Filadelfia (EE.UU.), Maury lleg\u00f3 a la [&hellip;]<\/p>\n","protected":false},"author":8,"featured_media":10793,"comment_status":"open","ping_status":"open","sticky":false,"template":"","format":"standard","meta":{"_monsterinsights_skip_tracking":false,"_monsterinsights_sitenote_active":false,"_monsterinsights_sitenote_note":"","_monsterinsights_sitenote_category":0,"footnotes":""},"categories":[16],"tags":[1870,100,1869],"class_list":["post-10789","post","type-post","status-publish","format-standard","has-post-thumbnail","hentry","category-noticias","tag-ingeniero-richard-fontaine-maury","tag-municipio-de-campo-quijano","tag-ramal-c-14"],"yoast_head":"<!-- This site is optimized with the Yoast SEO plugin v20.8 - https:\/\/yoast.com\/wordpress\/plugins\/seo\/ -->\n<title>A 75 A\u00f1os de su Partida, Recordamos al Hombre que Hizo Posible el Ramal C-14 - RQ 99.9<\/title>\n<meta name=\"description\" content=\"&quot;El quiso ser un pionero y lo fue. Podr\u00eda haber sido rico, pero hizo lo que su conciencia le dict\u00f3&quot;, dice el Ingeniero Anacleto Tobar.\" \/>\n<meta name=\"robots\" content=\"index, follow, max-snippet:-1, max-image-preview:large, max-video-preview:-1\" \/>\n<link rel=\"canonical\" href=\"https:\/\/nahuelproducciones.com.ar\/radioquijano\/a-75-anos-de-su-partida-recordamos-al-hombre-que-hizo-posible-el-ramal-c-14\/\" \/>\n<meta property=\"og:locale\" content=\"es_ES\" \/>\n<meta property=\"og:type\" content=\"article\" \/>\n<meta property=\"og:title\" content=\"A 75 A\u00f1os de su Partida, Recordamos al Hombre que Hizo Posible el Ramal C-14 - RQ 99.9\" \/>\n<meta property=\"og:description\" content=\"&quot;El quiso ser un pionero y lo fue. Podr\u00eda haber sido rico, pero hizo lo que su conciencia le dict\u00f3&quot;, dice el Ingeniero Anacleto Tobar.\" \/>\n<meta property=\"og:url\" content=\"https:\/\/nahuelproducciones.com.ar\/radioquijano\/a-75-anos-de-su-partida-recordamos-al-hombre-que-hizo-posible-el-ramal-c-14\/\" \/>\n<meta property=\"og:site_name\" content=\"RQ 99.9\" \/>\n<meta property=\"article:publisher\" content=\"https:\/\/www.facebook.com\/nahuelproducciones999\/\" \/>\n<meta property=\"article:published_time\" content=\"2025-07-31T15:07:01+00:00\" \/>\n<meta property=\"article:modified_time\" content=\"2025-07-31T23:25:43+00:00\" \/>\n<meta property=\"og:image\" content=\"https:\/\/nahuelproducciones.com.ar\/radioquijano\/wp-content\/uploads\/2025\/07\/image-5.png\" \/>\n\t<meta property=\"og:image:width\" content=\"600\" \/>\n\t<meta property=\"og:image:height\" content=\"416\" \/>\n\t<meta property=\"og:image:type\" content=\"image\/png\" \/>\n<meta name=\"author\" content=\"Cecilia Pastrana\" \/>\n<meta name=\"twitter:card\" content=\"summary_large_image\" \/>\n<meta name=\"twitter:creator\" content=\"@nahuproduciones\" \/>\n<meta name=\"twitter:site\" content=\"@nahuproduciones\" \/>\n<meta name=\"twitter:label1\" content=\"Escrito por\" \/>\n\t<meta name=\"twitter:data1\" content=\"Cecilia Pastrana\" \/>\n\t<meta name=\"twitter:label2\" content=\"Tiempo de lectura\" \/>\n\t<meta name=\"twitter:data2\" content=\"3 minutos\" \/>\n<script type=\"application\/ld+json\" class=\"yoast-schema-graph\">{\"@context\":\"https:\/\/schema.org\",\"@graph\":[{\"@type\":\"WebPage\",\"@id\":\"https:\/\/nahuelproducciones.com.ar\/radioquijano\/a-75-anos-de-su-partida-recordamos-al-hombre-que-hizo-posible-el-ramal-c-14\/\",\"url\":\"https:\/\/nahuelproducciones.com.ar\/radioquijano\/a-75-anos-de-su-partida-recordamos-al-hombre-que-hizo-posible-el-ramal-c-14\/\",\"name\":\"A 75 A\u00f1os de su Partida, Recordamos al Hombre que Hizo Posible el Ramal C-14 - RQ 99.9\",\"isPartOf\":{\"@id\":\"https:\/\/nahuelproducciones.com.ar\/radioquijano\/#website\"},\"datePublished\":\"2025-07-31T15:07:01+00:00\",\"dateModified\":\"2025-07-31T23:25:43+00:00\",\"author\":{\"@id\":\"https:\/\/nahuelproducciones.com.ar\/radioquijano\/#\/schema\/person\/e8a4f939e2cb487fe6d0c54042c9d32c\"},\"description\":\"\\\"El quiso ser un pionero y lo fue. Podr\u00eda haber sido rico, pero hizo lo que su conciencia le dict\u00f3\\\", dice el Ingeniero Anacleto Tobar.\",\"breadcrumb\":{\"@id\":\"https:\/\/nahuelproducciones.com.ar\/radioquijano\/a-75-anos-de-su-partida-recordamos-al-hombre-que-hizo-posible-el-ramal-c-14\/#breadcrumb\"},\"inLanguage\":\"es\",\"potentialAction\":[{\"@type\":\"ReadAction\",\"target\":[\"https:\/\/nahuelproducciones.com.ar\/radioquijano\/a-75-anos-de-su-partida-recordamos-al-hombre-que-hizo-posible-el-ramal-c-14\/\"]}]},{\"@type\":\"BreadcrumbList\",\"@id\":\"https:\/\/nahuelproducciones.com.ar\/radioquijano\/a-75-anos-de-su-partida-recordamos-al-hombre-que-hizo-posible-el-ramal-c-14\/#breadcrumb\",\"itemListElement\":[{\"@type\":\"ListItem\",\"position\":1,\"name\":\"Portada\",\"item\":\"https:\/\/nahuelproducciones.com.ar\/radioquijano\/\"},{\"@type\":\"ListItem\",\"position\":2,\"name\":\"A 75 A\u00f1os de su Partida, Recordamos al Hombre que Hizo Posible el Ramal C-14\"}]},{\"@type\":\"WebSite\",\"@id\":\"https:\/\/nahuelproducciones.com.ar\/radioquijano\/#website\",\"url\":\"https:\/\/nahuelproducciones.com.ar\/radioquijano\/\",\"name\":\"RQ 99.9\",\"description\":\"Radio Quijano 99.9 MHz\",\"potentialAction\":[{\"@type\":\"SearchAction\",\"target\":{\"@type\":\"EntryPoint\",\"urlTemplate\":\"https:\/\/nahuelproducciones.com.ar\/radioquijano\/?s={search_term_string}\"},\"query-input\":\"required name=search_term_string\"}],\"inLanguage\":\"es\"},{\"@type\":\"Person\",\"@id\":\"https:\/\/nahuelproducciones.com.ar\/radioquijano\/#\/schema\/person\/e8a4f939e2cb487fe6d0c54042c9d32c\",\"name\":\"Cecilia Pastrana\",\"image\":{\"@type\":\"ImageObject\",\"inLanguage\":\"es\",\"@id\":\"https:\/\/nahuelproducciones.com.ar\/radioquijano\/#\/schema\/person\/image\/\",\"url\":\"https:\/\/secure.gravatar.com\/avatar\/661a3ef63a8488d4f2794ed44af8cf71420f7e106f3072c40125114df5157749?s=96&d=mm&r=g\",\"contentUrl\":\"https:\/\/secure.gravatar.com\/avatar\/661a3ef63a8488d4f2794ed44af8cf71420f7e106f3072c40125114df5157749?s=96&d=mm&r=g\",\"caption\":\"Cecilia Pastrana\"},\"sameAs\":[\"cecy\"],\"url\":\"https:\/\/nahuelproducciones.com.ar\/radioquijano\/author\/cecy\/\"}]}<\/script>\n<!-- \/ Yoast SEO plugin. -->","yoast_head_json":{"title":"A 75 A\u00f1os de su Partida, Recordamos al Hombre que Hizo Posible el Ramal C-14 - RQ 99.9","description":"\"El quiso ser un pionero y lo fue. Podr\u00eda haber sido rico, pero hizo lo que su conciencia le dict\u00f3\", dice el Ingeniero Anacleto Tobar.","robots":{"index":"index","follow":"follow","max-snippet":"max-snippet:-1","max-image-preview":"max-image-preview:large","max-video-preview":"max-video-preview:-1"},"canonical":"https:\/\/nahuelproducciones.com.ar\/radioquijano\/a-75-anos-de-su-partida-recordamos-al-hombre-que-hizo-posible-el-ramal-c-14\/","og_locale":"es_ES","og_type":"article","og_title":"A 75 A\u00f1os de su Partida, Recordamos al Hombre que Hizo Posible el Ramal C-14 - RQ 99.9","og_description":"\"El quiso ser un pionero y lo fue. Podr\u00eda haber sido rico, pero hizo lo que su conciencia le dict\u00f3\", dice el Ingeniero Anacleto Tobar.","og_url":"https:\/\/nahuelproducciones.com.ar\/radioquijano\/a-75-anos-de-su-partida-recordamos-al-hombre-que-hizo-posible-el-ramal-c-14\/","og_site_name":"RQ 99.9","article_publisher":"https:\/\/www.facebook.com\/nahuelproducciones999\/","article_published_time":"2025-07-31T15:07:01+00:00","article_modified_time":"2025-07-31T23:25:43+00:00","og_image":[{"width":600,"height":416,"url":"https:\/\/nahuelproducciones.com.ar\/radioquijano\/wp-content\/uploads\/2025\/07\/image-5.png","type":"image\/png"}],"author":"Cecilia Pastrana","twitter_card":"summary_large_image","twitter_creator":"@nahuproduciones","twitter_site":"@nahuproduciones","twitter_misc":{"Escrito por":"Cecilia Pastrana","Tiempo de lectura":"3 minutos"},"schema":{"@context":"https:\/\/schema.org","@graph":[{"@type":"WebPage","@id":"https:\/\/nahuelproducciones.com.ar\/radioquijano\/a-75-anos-de-su-partida-recordamos-al-hombre-que-hizo-posible-el-ramal-c-14\/","url":"https:\/\/nahuelproducciones.com.ar\/radioquijano\/a-75-anos-de-su-partida-recordamos-al-hombre-que-hizo-posible-el-ramal-c-14\/","name":"A 75 A\u00f1os de su Partida, Recordamos al Hombre que Hizo Posible el Ramal C-14 - RQ 99.9","isPartOf":{"@id":"https:\/\/nahuelproducciones.com.ar\/radioquijano\/#website"},"datePublished":"2025-07-31T15:07:01+00:00","dateModified":"2025-07-31T23:25:43+00:00","author":{"@id":"https:\/\/nahuelproducciones.com.ar\/radioquijano\/#\/schema\/person\/e8a4f939e2cb487fe6d0c54042c9d32c"},"description":"\"El quiso ser un pionero y lo fue. Podr\u00eda haber sido rico, pero hizo lo que su conciencia le dict\u00f3\", dice el Ingeniero Anacleto Tobar.","breadcrumb":{"@id":"https:\/\/nahuelproducciones.com.ar\/radioquijano\/a-75-anos-de-su-partida-recordamos-al-hombre-que-hizo-posible-el-ramal-c-14\/#breadcrumb"},"inLanguage":"es","potentialAction":[{"@type":"ReadAction","target":["https:\/\/nahuelproducciones.com.ar\/radioquijano\/a-75-anos-de-su-partida-recordamos-al-hombre-que-hizo-posible-el-ramal-c-14\/"]}]},{"@type":"BreadcrumbList","@id":"https:\/\/nahuelproducciones.com.ar\/radioquijano\/a-75-anos-de-su-partida-recordamos-al-hombre-que-hizo-posible-el-ramal-c-14\/#breadcrumb","itemListElement":[{"@type":"ListItem","position":1,"name":"Portada","item":"https:\/\/nahuelproducciones.com.ar\/radioquijano\/"},{"@type":"ListItem","position":2,"name":"A 75 A\u00f1os de su Partida, Recordamos al Hombre que Hizo Posible el Ramal C-14"}]},{"@type":"WebSite","@id":"https:\/\/nahuelproducciones.com.ar\/radioquijano\/#website","url":"https:\/\/nahuelproducciones.com.ar\/radioquijano\/","name":"RQ 99.9","description":"Radio Quijano 99.9 MHz","potentialAction":[{"@type":"SearchAction","target":{"@type":"EntryPoint","urlTemplate":"https:\/\/nahuelproducciones.com.ar\/radioquijano\/?s={search_term_string}"},"query-input":"required name=search_term_string"}],"inLanguage":"es"},{"@type":"Person","@id":"https:\/\/nahuelproducciones.com.ar\/radioquijano\/#\/schema\/person\/e8a4f939e2cb487fe6d0c54042c9d32c","name":"Cecilia Pastrana","image":{"@type":"ImageObject","inLanguage":"es","@id":"https:\/\/nahuelproducciones.com.ar\/radioquijano\/#\/schema\/person\/image\/","url":"https:\/\/secure.gravatar.com\/avatar\/661a3ef63a8488d4f2794ed44af8cf71420f7e106f3072c40125114df5157749?s=96&d=mm&r=g","contentUrl":"https:\/\/secure.gravatar.com\/avatar\/661a3ef63a8488d4f2794ed44af8cf71420f7e106f3072c40125114df5157749?s=96&d=mm&r=g","caption":"Cecilia Pastrana"},"sameAs":["cecy"],"url":"https:\/\/nahuelproducciones.com.ar\/radioquijano\/author\/cecy\/"}]}},"_links":{"self":[{"href":"https:\/\/nahuelproducciones.com.ar\/radioquijano\/wp-json\/wp\/v2\/posts\/10789","targetHints":{"allow":["GET"]}}],"collection":[{"href":"https:\/\/nahuelproducciones.com.ar\/radioquijano\/wp-json\/wp\/v2\/posts"}],"about":[{"href":"https:\/\/nahuelproducciones.com.ar\/radioquijano\/wp-json\/wp\/v2\/types\/post"}],"author":[{"embeddable":true,"href":"https:\/\/nahuelproducciones.com.ar\/radioquijano\/wp-json\/wp\/v2\/users\/8"}],"replies":[{"embeddable":true,"href":"https:\/\/nahuelproducciones.com.ar\/radioquijano\/wp-json\/wp\/v2\/comments?post=10789"}],"version-history":[{"count":3,"href":"https:\/\/nahuelproducciones.com.ar\/radioquijano\/wp-json\/wp\/v2\/posts\/10789\/revisions"}],"predecessor-version":[{"id":10801,"href":"https:\/\/nahuelproducciones.com.ar\/radioquijano\/wp-json\/wp\/v2\/posts\/10789\/revisions\/10801"}],"wp:featuredmedia":[{"embeddable":true,"href":"https:\/\/nahuelproducciones.com.ar\/radioquijano\/wp-json\/wp\/v2\/media\/10793"}],"wp:attachment":[{"href":"https:\/\/nahuelproducciones.com.ar\/radioquijano\/wp-json\/wp\/v2\/media?parent=10789"}],"wp:term":[{"taxonomy":"category","embeddable":true,"href":"https:\/\/nahuelproducciones.com.ar\/radioquijano\/wp-json\/wp\/v2\/categories?post=10789"},{"taxonomy":"post_tag","embeddable":true,"href":"https:\/\/nahuelproducciones.com.ar\/radioquijano\/wp-json\/wp\/v2\/tags?post=10789"}],"curies":[{"name":"wp","href":"https:\/\/api.w.org\/{rel}","templated":true}]}}