{"id":10797,"date":"2025-07-31T14:33:14","date_gmt":"2025-07-31T17:33:14","guid":{"rendered":"https:\/\/nahuelproducciones.com.ar\/radioquijano\/?p=10797"},"modified":"2025-07-31T14:33:15","modified_gmt":"2025-07-31T17:33:15","slug":"zoe-una-ia-que-dara-una-clase-en-santa-fe","status":"publish","type":"post","link":"https:\/\/nahuelproducciones.com.ar\/radioquijano\/zoe-una-ia-que-dara-una-clase-en-santa-fe\/","title":{"rendered":"Zoe, una IA que dar\u00e1 una clase en Santa Fe"},"content":{"rendered":"\n<p>Su creador es el argentino&nbsp;<strong>Chris Meniw<\/strong>, que advirti\u00f3 que el proyecto comenz\u00f3 hace un a\u00f1o y que se propone&nbsp;<strong>una educaci\u00f3n \u00abque no est\u00e9 pensada desde la memorizaci\u00f3n\u00bb<\/strong>,&nbsp;<strong>sino que fomente el pensamiento<\/strong>&nbsp;y colabore en reflexionar sobre la educaci\u00f3n y la importancia de las herramientas digitales en ella.<\/p>\n\n\n\n<p>Meniw es uno de los&nbsp;<em>Top 10 Speaker<\/em>&nbsp;en tecnolog\u00eda de Latinoam\u00e9rica, es&nbsp;<strong>embajador de la ONU y es parlamentario mundial de la Educaci\u00f3n<\/strong>&nbsp;y tiene un largo recorrido de participaciones en conferencias de creatividad alrededor de la tecnolog\u00eda. En comunicaci\u00f3n con P\u00e1gina\/12, el creador de Zoe asegur\u00f3 que&nbsp;<strong>quiere \u00abhacer cosas por los dem\u00e1s\u00bb y apuesta a que \u00abla gente tenga un mejor futuro\u00bb gracias a la innovaci\u00f3n tecnol\u00f3gica<\/strong>. Meniw no est\u00e1 solo, ya que trabaj\u00f3 con un desarrollador colombiano, Alejandro Medina, quien se encarg\u00f3 de hacer que la profesora Zoe conteste por Whatsapp.<\/p>\n\n\n\n<p>Para Meniw el kil\u00f3metro 0 de este proyecto comienza \u00abcuando yo estaba como director de la C\u00e1mara de Comercio Indo-Argentina en la India. Me toc\u00f3 hacer un viaje a Dubai, en el a\u00f1o 2013\u00bb.&nbsp;<strong>\u00abMi cerebro explot\u00f3\u00bb<\/strong>, recuerda quien tom\u00f3 ese momento como impulso para estudiar la industria 4.0 y en inteligencia artificial. All\u00ed el actual&nbsp;<strong>experto en IA empez\u00f3 \u00aba ver&nbsp;que el lugar donde m\u00e1s me sent\u00eda c\u00f3modo era la educaci\u00f3n, porque mi enfoque era el futuro\u00bb<\/strong>.<\/p>\n\n\n\n<p>El creador de Zoe tambi\u00e9n confes\u00f3 haber sido v\u00edctima de bullying durante su educaci\u00f3n.&nbsp;<strong>\u00abMe dec\u00edan que no me daba la cabeza\u00bb<\/strong>, lamenta hoy en d\u00eda, aunque tambi\u00e9n rememor\u00f3 que lo molestaban por su aspecto f\u00edsico. \u00abTuve que dar todo el secundario libre\u00bb ,asever\u00f3 Meniw, por culpa del maltrato.&nbsp;Durante la carrera universitaria, utilizaba graffitis para que la informaci\u00f3n le quedara. El desarrollador reconoce que&nbsp;<strong>Zoe lo hubiese ayudado en diferentes momentos de su educaci\u00f3n \u00abporque no ten\u00eda un acompa\u00f1amiento que me ayudara con la hiperactividad y con el d\u00e9ficit de atenci\u00f3n. Yo hubiese necesitado un asistente que est\u00e9 conmigo las 24 horas para que me gu\u00eden en lo que a m\u00ed me apasionaba\u00bb<\/strong>.<\/p>\n\n\n\n<h2 class=\"wp-block-heading\">Otra forma de aprendizaje<\/h2>\n\n\n\n<p>Chris Meniw tambi\u00e9n es explosivo a la hora de hablar, lo que le ha conseguido cr\u00edticas en redes sociales. \u00abCuando yo digo que&nbsp;<strong>el conocimiento no sirve<\/strong>, no es porque tengamos que ser tontos o porque no hay que estudiar, no. Es porque&nbsp;<strong>hoy el aprendizaje es diferente, el aprendizaje es sobre aprender a pensar<\/strong>\u00ab, explica su punto de vista el creador de Zoe.&nbsp;<\/p>\n\n\n\n<p>Entre sus objetivos no est\u00e1 que se repita el conocimiento, sino que la IA ayude a generar otro tipo de instancia educativa. Lo importante para Meniw no es conocer algo, sino&nbsp;<strong>\u00abaprender a pensar, aprender a resolver conflictos, aprender a trabajar en equipo, hibridar al profesor humano con con la profesora IA y que de esta forma los chicos se capaciten en adquirir nuevas habilidades\u00bb<\/strong>. En definitiva, el prop\u00f3sito de Meniw es que la IA lleve \u00aba que piense sobre ese conocimiento nuevo, que va a ser m\u00ednimo\u00bb.<\/p>\n\n\n\n<p>As\u00ed pens\u00f3 a Zoe, que trabaja por&nbsp;<strong>microsesiones generando m\u00e1s est\u00edmulos para pensar y as\u00ed desear avanzar con otro m\u00f3dulo<\/strong>, como si fueran cap\u00edtulos de una serie de Netflix. Meniw ve en crisis la era del conocimiento, pero \u00aben pleno apogeo\u00bb la era de la innovaci\u00f3n. \u00abSi sab\u00e9s preguntarle a la gu\u00eda,&nbsp;<strong>si sab\u00e9s capacitarte en habilidades y no en conocimiento, vas a aumentar tu capacidad mental<\/strong>, vas a utilizar recursos que no est\u00e1s utilizando\u00bb, se entusiasma sobre las posibilidades de la IA en la educaci\u00f3n.<\/p>\n\n\n\n<p>Y describe a este avance como&nbsp;<strong>un complemento para la educaci\u00f3n, sin reemplazar al profesor humano \u00abporque ah\u00ed se pierde lo m\u00e1s importante que hoy la educaci\u00f3n tiene que tener, que es la interacci\u00f3n social<\/strong>. Si dejamos de comunicarnos, vamos a dejar de pensar\u00bb. Por \u00faltimo, Meniw reconoce sobre la elecci\u00f3n de la escuela que&nbsp;<strong>\u00abempezamos por Santa Fe porque es una tambi\u00e9n una buena idea de empezar en el interior del pa\u00eds\u00bb<\/strong>. \u00ab\u00bfPor qu\u00e9 tenemos que empezar siempre por CABA? \u00bfD\u00f3nde queda el el famoso federalismo?\u00bb, cuestion\u00f3 sobre la centralidad de nuestro pa\u00eds en el AMBA.<\/p>\n\n\n\n<h2 class=\"wp-block-heading\">Diferentes miradas<\/h2>\n\n\n\n<p>En di\u00e1logo con este medio, la ex ministra de Educaci\u00f3n&nbsp;<strong>Adriana Puiggr\u00f3s<\/strong>&nbsp;reflexion\u00f3: \u00abPara m\u00ed una cosa es la tecnolog\u00eda y el desarrollo de la inteligencia artificial y&nbsp;<strong>otra completamente distinta es el uso que el tecnoneoliberalismo le est\u00e1 dando<\/strong>\u00ab.<\/p>\n\n\n\n<p><strong>\u00abEl objetivo es que no haya escuelas y terminar yendo hacia el&nbsp;<em>homeschooling<\/em>, la educaci\u00f3n en casa\u00bb<\/strong>, cuestion\u00f3 Puiggr\u00f3s a una medida que entiende \u00absolo alcanzable para los muy ricos\u00bb y poniendo en peligro a la clase media baja y baja \u00abque ir\u00e1n a la ignorancia\u00bb.&nbsp;<\/p>\n\n\n\n<p>Sin embargo, la pedagoga reconoci\u00f3 que&nbsp;<strong>\u00abel avance de la inteligencia artificial, como fue en su momento el de la imprenta, es muy importante, da un resultado muy interesante en el progreso de la humanidad\u00bb<\/strong>, aunque afirm\u00f3 que&nbsp;<strong>\u00abel problema es qui\u00e9n se apropia de eso\u00bb<\/strong>. Adem\u00e1s asever\u00f3 que \u00abtiene que haber una legislaci\u00f3n sobre hasta d\u00f3nde puede intervenir la inteligencia artificial\u00bb y que la \u00fanica forma en que la IA debe estar en contacto con los chicos es por intermedio de un docente humano.<\/p>\n\n\n\n<p><strong>Bel\u00e9n Ortega, especialista en Inteligencia Artificial<\/strong>, tambi\u00e9n habl\u00f3 con este diario y reconoci\u00f3 que est\u00e1 \u00aba favor\u00bb y entiende&nbsp;<strong>\u00abnecesaria la incorporaci\u00f3n\u00bb de esta tecnolog\u00eda a las aulas<\/strong>. Adem\u00e1s coment\u00f3 que medidas similares a esta prueba piloto en Santa Fe ser\u00e1n realidad en potencias globales como Estados Unidos y China, donde comenzar\u00e1 a suceder desde el pr\u00f3ximo a\u00f1o y desde el pr\u00f3ximo mes de septiembre respectivamente, siempre como herramienta de apoyo para los docentes y no en exclusividad frente a la clase.<\/p>\n\n\n\n<p>En este plano,&nbsp;<strong>Ortega ve \u00abdos desaf\u00edos, uno en los docentes para poder&nbsp;<em>aggiornarlos<\/em>&nbsp;a las herramientas de inteligencia artificial\u00bb, y otro sobre los ni\u00f1os, de \u00abc\u00f3mo acompa\u00f1arlos en este nuevo mundo\u00bb<\/strong>. Tambi\u00e9n advierte que si el gobierno nacional argentino no emprende acciones en este sentido \u00abel ciudadano es quien empieza a impulsar esto, y es lo que est\u00e1 pasando\u00bb. \u00abSon decisiones que llevan tiempo y&nbsp;<strong>la tecnolog\u00eda no espera<\/strong>\u00ab, sostiene la especialista.<\/p>\n\n\n\n<p>Ortega tambi\u00e9n se enfoc\u00f3 en el uso de los ni\u00f1os sobre la IA. \u00abNo hay que tenerle miedo\u00bb, advierte porque&nbsp;<strong>\u00abmuchas veces los ni\u00f1os tienen miedo a demostrar que est\u00e1n usando inteligencia artificial porque no quieren que les digan que est\u00e1 mal\u00bb<\/strong>. De esta forma, la experta aboga por \u00abimpulsar este tipo de actividades, que permite que los ni\u00f1os puedan empezar a investigar m\u00e1s\u00bb al respecto.<\/p>\n\n\n\n<p>\u00abCuando hablamos de educaci\u00f3n, el ser humano se tiene que empezar a educar en pensamiento cr\u00edtico, pensamiento estrat\u00e9gico, inteligencia emocional y dejar dentro de la IA todo el resto\u00bb asegura Ortega, ya que recuerda que esta&nbsp;<strong>\u00abno tiene emoci\u00f3n, no tiene criterio, no tiene \u00e9tica y no tiene lo que tiene que ver con la empat\u00eda, la emoci\u00f3n\u00bb<\/strong>, pero s\u00ed tiene otras caracter\u00edsticas y aptitudes.<\/p>\n\n\n\n<p>De todas formas, advierte que es importante la&nbsp;<strong>carga de informaci\u00f3n sobre la IA<\/strong>&nbsp;previa al comienzo de sus funciones, dado que&nbsp;<strong>podr\u00eda contar con sesgos que perjudiquen la educaci\u00f3n<\/strong>. Consultada al respecto, Ortega cont\u00f3 que \u00aben Europa se cre\u00f3 la Comisi\u00f3n de Inteligencia Artificial, y en Estados Unidos lo regula el gobierno, al igual que en China, donde tambi\u00e9n coopera una comisi\u00f3n de cient\u00edficos\u00bb.&nbsp;<strong>\u00abDeber\u00eda pasar por el Ministerio de Educaci\u00f3n junto a una comisi\u00f3n exclusiva de inteligencia artificial\u00bb<\/strong>, concluy\u00f3 Ortega para el caso argentino.<\/p>\n\n\n\n<p><em>Informe: Juan Mart\u00edn Bravo.<\/em> <\/p>\n\n\n\n<p>Fuente: P\u00e1gina|12<\/p>\n\n\n\n<p>Zoe estar\u00e1 disponible tanto para alumnos como para capacitar docentes (Foto: Humanversum Academy).<\/p>\n","protected":false},"excerpt":{"rendered":"<p>Su creador es el argentino&nbsp;Chris Meniw, que advirti\u00f3 que el proyecto comenz\u00f3 hace un a\u00f1o y que se propone&nbsp;una educaci\u00f3n \u00abque no est\u00e9 pensada desde la memorizaci\u00f3n\u00bb,&nbsp;sino que fomente el pensamiento&nbsp;y colabore en reflexionar sobre la educaci\u00f3n y la importancia de las herramientas digitales en ella. Meniw es uno de los&nbsp;Top 10 Speaker&nbsp;en tecnolog\u00eda de [&hellip;]<\/p>\n","protected":false},"author":8,"featured_media":10798,"comment_status":"open","ping_status":"open","sticky":false,"template":"","format":"standard","meta":{"_monsterinsights_skip_tracking":false,"_monsterinsights_sitenote_active":false,"_monsterinsights_sitenote_note":"","_monsterinsights_sitenote_category":0,"footnotes":""},"categories":[16],"tags":[1830,100,1871],"class_list":["post-10797","post","type-post","status-publish","format-standard","has-post-thumbnail","hentry","category-noticias","tag-ia","tag-municipio-de-campo-quijano","tag-zoe"],"yoast_head":"<!-- This site is optimized with the Yoast SEO plugin v20.8 - https:\/\/yoast.com\/wordpress\/plugins\/seo\/ -->\n<title>Zoe, una IA que dar\u00e1 una clase en Santa Fe - RQ 99.9<\/title>\n<meta name=\"description\" content=\"Su creador es el argentino\u00a0Chris Meniw.\" \/>\n<meta name=\"robots\" content=\"index, follow, max-snippet:-1, max-image-preview:large, max-video-preview:-1\" \/>\n<link rel=\"canonical\" href=\"https:\/\/nahuelproducciones.com.ar\/radioquijano\/zoe-una-ia-que-dara-una-clase-en-santa-fe\/\" \/>\n<meta property=\"og:locale\" content=\"es_ES\" \/>\n<meta property=\"og:type\" content=\"article\" \/>\n<meta property=\"og:title\" content=\"Zoe, una IA que dar\u00e1 una clase en Santa Fe - RQ 99.9\" \/>\n<meta property=\"og:description\" content=\"Su creador es el argentino\u00a0Chris Meniw.\" \/>\n<meta property=\"og:url\" content=\"https:\/\/nahuelproducciones.com.ar\/radioquijano\/zoe-una-ia-que-dara-una-clase-en-santa-fe\/\" \/>\n<meta property=\"og:site_name\" content=\"RQ 99.9\" \/>\n<meta property=\"article:publisher\" content=\"https:\/\/www.facebook.com\/nahuelproducciones999\/\" \/>\n<meta property=\"article:published_time\" content=\"2025-07-31T17:33:14+00:00\" \/>\n<meta property=\"article:modified_time\" content=\"2025-07-31T17:33:15+00:00\" \/>\n<meta property=\"og:image\" content=\"https:\/\/nahuelproducciones.com.ar\/radioquijano\/wp-content\/uploads\/2025\/07\/zoe-estara-disponible-tanto-para-alumnos-como-para-capacitar-docentes-foto-humanversum-academy-3J62CYMKIFBRNO3N2XVP6PJ4RU-e1753983146288.jpeg\" \/>\n\t<meta property=\"og:image:width\" content=\"700\" \/>\n\t<meta property=\"og:image:height\" content=\"393\" \/>\n\t<meta property=\"og:image:type\" content=\"image\/jpeg\" \/>\n<meta name=\"author\" content=\"Cecilia Pastrana\" \/>\n<meta name=\"twitter:card\" content=\"summary_large_image\" \/>\n<meta name=\"twitter:creator\" content=\"@nahuproduciones\" \/>\n<meta name=\"twitter:site\" content=\"@nahuproduciones\" \/>\n<meta name=\"twitter:label1\" content=\"Escrito por\" \/>\n\t<meta name=\"twitter:data1\" content=\"Cecilia Pastrana\" \/>\n\t<meta name=\"twitter:label2\" content=\"Tiempo de lectura\" \/>\n\t<meta name=\"twitter:data2\" content=\"6 minutos\" \/>\n<script type=\"application\/ld+json\" class=\"yoast-schema-graph\">{\"@context\":\"https:\/\/schema.org\",\"@graph\":[{\"@type\":\"WebPage\",\"@id\":\"https:\/\/nahuelproducciones.com.ar\/radioquijano\/zoe-una-ia-que-dara-una-clase-en-santa-fe\/\",\"url\":\"https:\/\/nahuelproducciones.com.ar\/radioquijano\/zoe-una-ia-que-dara-una-clase-en-santa-fe\/\",\"name\":\"Zoe, una IA que dar\u00e1 una clase en Santa Fe - RQ 99.9\",\"isPartOf\":{\"@id\":\"https:\/\/nahuelproducciones.com.ar\/radioquijano\/#website\"},\"datePublished\":\"2025-07-31T17:33:14+00:00\",\"dateModified\":\"2025-07-31T17:33:15+00:00\",\"author\":{\"@id\":\"https:\/\/nahuelproducciones.com.ar\/radioquijano\/#\/schema\/person\/e8a4f939e2cb487fe6d0c54042c9d32c\"},\"description\":\"Su creador es el argentino\u00a0Chris Meniw.\",\"breadcrumb\":{\"@id\":\"https:\/\/nahuelproducciones.com.ar\/radioquijano\/zoe-una-ia-que-dara-una-clase-en-santa-fe\/#breadcrumb\"},\"inLanguage\":\"es\",\"potentialAction\":[{\"@type\":\"ReadAction\",\"target\":[\"https:\/\/nahuelproducciones.com.ar\/radioquijano\/zoe-una-ia-que-dara-una-clase-en-santa-fe\/\"]}]},{\"@type\":\"BreadcrumbList\",\"@id\":\"https:\/\/nahuelproducciones.com.ar\/radioquijano\/zoe-una-ia-que-dara-una-clase-en-santa-fe\/#breadcrumb\",\"itemListElement\":[{\"@type\":\"ListItem\",\"position\":1,\"name\":\"Portada\",\"item\":\"https:\/\/nahuelproducciones.com.ar\/radioquijano\/\"},{\"@type\":\"ListItem\",\"position\":2,\"name\":\"Zoe, una IA que dar\u00e1 una clase en Santa Fe\"}]},{\"@type\":\"WebSite\",\"@id\":\"https:\/\/nahuelproducciones.com.ar\/radioquijano\/#website\",\"url\":\"https:\/\/nahuelproducciones.com.ar\/radioquijano\/\",\"name\":\"RQ 99.9\",\"description\":\"Radio Quijano 99.9 MHz\",\"potentialAction\":[{\"@type\":\"SearchAction\",\"target\":{\"@type\":\"EntryPoint\",\"urlTemplate\":\"https:\/\/nahuelproducciones.com.ar\/radioquijano\/?s={search_term_string}\"},\"query-input\":\"required name=search_term_string\"}],\"inLanguage\":\"es\"},{\"@type\":\"Person\",\"@id\":\"https:\/\/nahuelproducciones.com.ar\/radioquijano\/#\/schema\/person\/e8a4f939e2cb487fe6d0c54042c9d32c\",\"name\":\"Cecilia Pastrana\",\"image\":{\"@type\":\"ImageObject\",\"inLanguage\":\"es\",\"@id\":\"https:\/\/nahuelproducciones.com.ar\/radioquijano\/#\/schema\/person\/image\/\",\"url\":\"https:\/\/secure.gravatar.com\/avatar\/661a3ef63a8488d4f2794ed44af8cf71420f7e106f3072c40125114df5157749?s=96&d=mm&r=g\",\"contentUrl\":\"https:\/\/secure.gravatar.com\/avatar\/661a3ef63a8488d4f2794ed44af8cf71420f7e106f3072c40125114df5157749?s=96&d=mm&r=g\",\"caption\":\"Cecilia Pastrana\"},\"sameAs\":[\"cecy\"],\"url\":\"https:\/\/nahuelproducciones.com.ar\/radioquijano\/author\/cecy\/\"}]}<\/script>\n<!-- \/ Yoast SEO plugin. -->","yoast_head_json":{"title":"Zoe, una IA que dar\u00e1 una clase en Santa Fe - RQ 99.9","description":"Su creador es el argentino\u00a0Chris Meniw.","robots":{"index":"index","follow":"follow","max-snippet":"max-snippet:-1","max-image-preview":"max-image-preview:large","max-video-preview":"max-video-preview:-1"},"canonical":"https:\/\/nahuelproducciones.com.ar\/radioquijano\/zoe-una-ia-que-dara-una-clase-en-santa-fe\/","og_locale":"es_ES","og_type":"article","og_title":"Zoe, una IA que dar\u00e1 una clase en Santa Fe - RQ 99.9","og_description":"Su creador es el argentino\u00a0Chris Meniw.","og_url":"https:\/\/nahuelproducciones.com.ar\/radioquijano\/zoe-una-ia-que-dara-una-clase-en-santa-fe\/","og_site_name":"RQ 99.9","article_publisher":"https:\/\/www.facebook.com\/nahuelproducciones999\/","article_published_time":"2025-07-31T17:33:14+00:00","article_modified_time":"2025-07-31T17:33:15+00:00","og_image":[{"width":700,"height":393,"url":"https:\/\/nahuelproducciones.com.ar\/radioquijano\/wp-content\/uploads\/2025\/07\/zoe-estara-disponible-tanto-para-alumnos-como-para-capacitar-docentes-foto-humanversum-academy-3J62CYMKIFBRNO3N2XVP6PJ4RU-e1753983146288.jpeg","type":"image\/jpeg"}],"author":"Cecilia Pastrana","twitter_card":"summary_large_image","twitter_creator":"@nahuproduciones","twitter_site":"@nahuproduciones","twitter_misc":{"Escrito por":"Cecilia Pastrana","Tiempo de lectura":"6 minutos"},"schema":{"@context":"https:\/\/schema.org","@graph":[{"@type":"WebPage","@id":"https:\/\/nahuelproducciones.com.ar\/radioquijano\/zoe-una-ia-que-dara-una-clase-en-santa-fe\/","url":"https:\/\/nahuelproducciones.com.ar\/radioquijano\/zoe-una-ia-que-dara-una-clase-en-santa-fe\/","name":"Zoe, una IA que dar\u00e1 una clase en Santa Fe - RQ 99.9","isPartOf":{"@id":"https:\/\/nahuelproducciones.com.ar\/radioquijano\/#website"},"datePublished":"2025-07-31T17:33:14+00:00","dateModified":"2025-07-31T17:33:15+00:00","author":{"@id":"https:\/\/nahuelproducciones.com.ar\/radioquijano\/#\/schema\/person\/e8a4f939e2cb487fe6d0c54042c9d32c"},"description":"Su creador es el argentino\u00a0Chris Meniw.","breadcrumb":{"@id":"https:\/\/nahuelproducciones.com.ar\/radioquijano\/zoe-una-ia-que-dara-una-clase-en-santa-fe\/#breadcrumb"},"inLanguage":"es","potentialAction":[{"@type":"ReadAction","target":["https:\/\/nahuelproducciones.com.ar\/radioquijano\/zoe-una-ia-que-dara-una-clase-en-santa-fe\/"]}]},{"@type":"BreadcrumbList","@id":"https:\/\/nahuelproducciones.com.ar\/radioquijano\/zoe-una-ia-que-dara-una-clase-en-santa-fe\/#breadcrumb","itemListElement":[{"@type":"ListItem","position":1,"name":"Portada","item":"https:\/\/nahuelproducciones.com.ar\/radioquijano\/"},{"@type":"ListItem","position":2,"name":"Zoe, una IA que dar\u00e1 una clase en Santa Fe"}]},{"@type":"WebSite","@id":"https:\/\/nahuelproducciones.com.ar\/radioquijano\/#website","url":"https:\/\/nahuelproducciones.com.ar\/radioquijano\/","name":"RQ 99.9","description":"Radio Quijano 99.9 MHz","potentialAction":[{"@type":"SearchAction","target":{"@type":"EntryPoint","urlTemplate":"https:\/\/nahuelproducciones.com.ar\/radioquijano\/?s={search_term_string}"},"query-input":"required name=search_term_string"}],"inLanguage":"es"},{"@type":"Person","@id":"https:\/\/nahuelproducciones.com.ar\/radioquijano\/#\/schema\/person\/e8a4f939e2cb487fe6d0c54042c9d32c","name":"Cecilia Pastrana","image":{"@type":"ImageObject","inLanguage":"es","@id":"https:\/\/nahuelproducciones.com.ar\/radioquijano\/#\/schema\/person\/image\/","url":"https:\/\/secure.gravatar.com\/avatar\/661a3ef63a8488d4f2794ed44af8cf71420f7e106f3072c40125114df5157749?s=96&d=mm&r=g","contentUrl":"https:\/\/secure.gravatar.com\/avatar\/661a3ef63a8488d4f2794ed44af8cf71420f7e106f3072c40125114df5157749?s=96&d=mm&r=g","caption":"Cecilia Pastrana"},"sameAs":["cecy"],"url":"https:\/\/nahuelproducciones.com.ar\/radioquijano\/author\/cecy\/"}]}},"_links":{"self":[{"href":"https:\/\/nahuelproducciones.com.ar\/radioquijano\/wp-json\/wp\/v2\/posts\/10797","targetHints":{"allow":["GET"]}}],"collection":[{"href":"https:\/\/nahuelproducciones.com.ar\/radioquijano\/wp-json\/wp\/v2\/posts"}],"about":[{"href":"https:\/\/nahuelproducciones.com.ar\/radioquijano\/wp-json\/wp\/v2\/types\/post"}],"author":[{"embeddable":true,"href":"https:\/\/nahuelproducciones.com.ar\/radioquijano\/wp-json\/wp\/v2\/users\/8"}],"replies":[{"embeddable":true,"href":"https:\/\/nahuelproducciones.com.ar\/radioquijano\/wp-json\/wp\/v2\/comments?post=10797"}],"version-history":[{"count":1,"href":"https:\/\/nahuelproducciones.com.ar\/radioquijano\/wp-json\/wp\/v2\/posts\/10797\/revisions"}],"predecessor-version":[{"id":10799,"href":"https:\/\/nahuelproducciones.com.ar\/radioquijano\/wp-json\/wp\/v2\/posts\/10797\/revisions\/10799"}],"wp:featuredmedia":[{"embeddable":true,"href":"https:\/\/nahuelproducciones.com.ar\/radioquijano\/wp-json\/wp\/v2\/media\/10798"}],"wp:attachment":[{"href":"https:\/\/nahuelproducciones.com.ar\/radioquijano\/wp-json\/wp\/v2\/media?parent=10797"}],"wp:term":[{"taxonomy":"category","embeddable":true,"href":"https:\/\/nahuelproducciones.com.ar\/radioquijano\/wp-json\/wp\/v2\/categories?post=10797"},{"taxonomy":"post_tag","embeddable":true,"href":"https:\/\/nahuelproducciones.com.ar\/radioquijano\/wp-json\/wp\/v2\/tags?post=10797"}],"curies":[{"name":"wp","href":"https:\/\/api.w.org\/{rel}","templated":true}]}}