{"id":10803,"date":"2025-08-04T11:48:00","date_gmt":"2025-08-04T14:48:00","guid":{"rendered":"https:\/\/nahuelproducciones.com.ar\/radioquijano\/?p=10803"},"modified":"2025-08-04T11:51:55","modified_gmt":"2025-08-04T14:51:55","slug":"malestar-en-familiares-de-los-pioneros-del-ramal-c-14-por-el-acto-conmemorativo-por-el-fallecimiento-del-ing-maury","status":"publish","type":"post","link":"https:\/\/nahuelproducciones.com.ar\/radioquijano\/malestar-en-familiares-de-los-pioneros-del-ramal-c-14-por-el-acto-conmemorativo-por-el-fallecimiento-del-ing-maury\/","title":{"rendered":"Malestar en familiares de los pioneros del ramal C-14 por el acto conmemorativo por el fallecimiento del Ing. Maury"},"content":{"rendered":"\n<p>Lo que deb\u00eda ser una jornada de reconocimiento y orgullo, termin\u00f3 en una profunda decepci\u00f3n. Durante el acto oficial en homenaje al Ing. Maury, en Campo Quijano, se vivieron momentos de confusi\u00f3n, falta de solemnidad y dolor para las familias de los pioneros del ramal C-14, debido a errores inadmisibles de organizaci\u00f3n y desconocimiento total del protocolo.<\/p>\n\n\n\n<p>La directora de Protocolo del municipio, Ana Puca, fue responsable directa de m\u00faltiples fallas en el desarrollo del acto. Desde el comienzo, se evidenci\u00f3 falta de preparaci\u00f3n y coordinaci\u00f3n: en pleno izamiento de la bandera, los abanderados escolares fueron apurados a cruzar entre el p\u00fablico para ubicarse improvisadamente junto al m\u00e1stil, afectando la solemnidad de uno de los momentos m\u00e1s significativos de cualquier ceremonia oficial.<\/p>\n\n\n\n<p>Adem\u00e1s, en el tramo m\u00e1s esperado \u2014el reconocimiento a los familiares de los pioneros ferroviarios\u2014, la desorganizaci\u00f3n alcanz\u00f3 un nivel inadmisible: se confundieron nombres, se invent\u00f3 un v\u00ednculo familiar inexistente y, lo m\u00e1s doloroso, se omiti\u00f3 por completo el homenaje a Don Francisco Calpanchay, uno de los trabajadores hist\u00f3ricos del ramal, cuya hija, Jorgelina Calpanchay, estaba presente. La se\u00f1ora, conmovida hasta las l\u00e1grimas, reclam\u00f3 p\u00fablicamente la falta de respeto, generando un momento tenso y profundamente humano frente a autoridades, estudiantes, medios y vecinos. Hasta que despu\u00e9s los nombraron.<\/p>\n\n\n\n<p>La situaci\u00f3n fue tan ca\u00f3tica y dolorosa que el propio intendente tuvo que pedir disculpas p\u00fablicamente a la familia R\u00edos y a Jorgelina Calpanchay por los errores cometidos tanto en el discurso como en el protocolo del acto.<\/p>\n\n\n\n<p>Las im\u00e1genes y videos fueron transmitidos en vivo por distintos medios locales, dejando en evidencia lo que muchas personas presentes calificaron como una verg\u00fcenza institucional.<\/p>\n\n\n\n<p>Adem\u00e1s, se observaron faltas de decoro inaceptables del acto como la disposici\u00f3n de las banderas escolares sin jerarqu\u00eda ni orden ceremonial, el respeto por el izamiento y la adecuada presentaci\u00f3n de abanderados.<\/p>\n\n\n\n<p>Como familiares de quienes dejaron su vida y su esfuerzo en la construcci\u00f3n del ramal C-14 \u2014s\u00edmbolo de desarrollo, trabajo y uni\u00f3n para nuestra regi\u00f3n\u2014, no pedimos m\u00e1s que respeto. Pero ayer no lo recibimos.<\/p>\n\n\n\n<p>Reclamamos que este hecho no quede en el olvido, y exigimos a las autoridades municipales que se capacite de forma urgente al personal de ceremonial y protocolo, o se designe a personas con conocimientos reales en la materia, que est\u00e9n a la altura de los valores que representan estos actos: la historia, la memoria y la gratitud.<\/p>\n\n\n\n<p>Por respeto a los pioneros, por respeto a sus familias y por respeto a nuestra comunidad, este tipo de fallas no pueden repetirse.<\/p>\n\n\n\n<p>Somos los familiares de los Pioneros de Huaytiquina. No pedimos privilegios. Solo pedimos respeto.<\/p>\n\n\n\n<p><a href=\"https:\/\/www.facebook.com\/LAVOZDEMITIERRA1\/videos\/1315432940174023\">https:\/\/www.facebook.com\/LAVOZDEMITIERRA1\/videos\/1315432940174023<\/a><\/p>\n\n\n\n<p>Fuente: Video en vivo. CampoQuijano &#x1f539;&#xfe0f;ACTO 75\u00b0 ANIVERSARIO DEL FALLECIMIENTO DEL ING. MAURY \uff5c La Voz de mi Tierra<\/p>\n\n\n\n<p><\/p>\n","protected":false},"excerpt":{"rendered":"<p>Lo que deb\u00eda ser una jornada de reconocimiento y orgullo, termin\u00f3 en una profunda decepci\u00f3n. Durante el acto oficial en homenaje al Ing. Maury, en Campo Quijano, se vivieron momentos de confusi\u00f3n, falta de solemnidad y dolor para las familias de los pioneros del ramal C-14, debido a errores inadmisibles de organizaci\u00f3n y desconocimiento total [&hellip;]<\/p>\n","protected":false},"author":8,"featured_media":10804,"comment_status":"open","ping_status":"open","sticky":false,"template":"","format":"standard","meta":{"_monsterinsights_skip_tracking":false,"_monsterinsights_sitenote_active":false,"_monsterinsights_sitenote_note":"","_monsterinsights_sitenote_category":0,"footnotes":""},"categories":[16],"tags":[1874,1872,1873,100],"class_list":["post-10803","post","type-post","status-publish","format-standard","has-post-thumbnail","hentry","category-noticias","tag-familia-de-pioneros-de-huaytiquina","tag-ing-maury","tag-malestar","tag-municipio-de-campo-quijano"],"yoast_head":"<!-- This site is optimized with the Yoast SEO plugin v20.8 - https:\/\/yoast.com\/wordpress\/plugins\/seo\/ -->\n<title>Malestar en familiares de los pioneros del ramal C-14 por el acto conmemorativo por el fallecimiento del Ing. Maury - RQ 99.9<\/title>\n<meta name=\"description\" content=\"Somos los familiares de los Pioneros de Huaytiquina. No pedimos privilegios. Solo pedimos respeto\" \/>\n<meta name=\"robots\" content=\"index, follow, max-snippet:-1, max-image-preview:large, max-video-preview:-1\" \/>\n<link rel=\"canonical\" href=\"https:\/\/nahuelproducciones.com.ar\/radioquijano\/malestar-en-familiares-de-los-pioneros-del-ramal-c-14-por-el-acto-conmemorativo-por-el-fallecimiento-del-ing-maury\/\" \/>\n<meta property=\"og:locale\" content=\"es_ES\" \/>\n<meta property=\"og:type\" content=\"article\" \/>\n<meta property=\"og:title\" content=\"Malestar en familiares de los pioneros del ramal C-14 por el acto conmemorativo por el fallecimiento del Ing. Maury - RQ 99.9\" \/>\n<meta property=\"og:description\" content=\"Somos los familiares de los Pioneros de Huaytiquina. No pedimos privilegios. Solo pedimos respeto\" \/>\n<meta property=\"og:url\" content=\"https:\/\/nahuelproducciones.com.ar\/radioquijano\/malestar-en-familiares-de-los-pioneros-del-ramal-c-14-por-el-acto-conmemorativo-por-el-fallecimiento-del-ing-maury\/\" \/>\n<meta property=\"og:site_name\" content=\"RQ 99.9\" \/>\n<meta property=\"article:publisher\" content=\"https:\/\/www.facebook.com\/nahuelproducciones999\/\" \/>\n<meta property=\"article:published_time\" content=\"2025-08-04T14:48:00+00:00\" \/>\n<meta property=\"article:modified_time\" content=\"2025-08-04T14:51:55+00:00\" \/>\n<meta property=\"og:image\" content=\"https:\/\/nahuelproducciones.com.ar\/radioquijano\/wp-content\/uploads\/2025\/08\/WhatsApp-Image-2025-08-04-at-11.36.29-AM-1-e1754318834257.jpeg\" \/>\n\t<meta property=\"og:image:width\" content=\"700\" \/>\n\t<meta property=\"og:image:height\" content=\"394\" \/>\n\t<meta property=\"og:image:type\" content=\"image\/jpeg\" \/>\n<meta name=\"author\" content=\"Cecilia Pastrana\" \/>\n<meta name=\"twitter:card\" content=\"summary_large_image\" \/>\n<meta name=\"twitter:creator\" content=\"@nahuproduciones\" \/>\n<meta name=\"twitter:site\" content=\"@nahuproduciones\" \/>\n<meta name=\"twitter:label1\" content=\"Escrito por\" \/>\n\t<meta name=\"twitter:data1\" content=\"Cecilia Pastrana\" \/>\n\t<meta name=\"twitter:label2\" content=\"Tiempo de lectura\" \/>\n\t<meta name=\"twitter:data2\" content=\"3 minutos\" \/>\n<script type=\"application\/ld+json\" class=\"yoast-schema-graph\">{\"@context\":\"https:\/\/schema.org\",\"@graph\":[{\"@type\":\"WebPage\",\"@id\":\"https:\/\/nahuelproducciones.com.ar\/radioquijano\/malestar-en-familiares-de-los-pioneros-del-ramal-c-14-por-el-acto-conmemorativo-por-el-fallecimiento-del-ing-maury\/\",\"url\":\"https:\/\/nahuelproducciones.com.ar\/radioquijano\/malestar-en-familiares-de-los-pioneros-del-ramal-c-14-por-el-acto-conmemorativo-por-el-fallecimiento-del-ing-maury\/\",\"name\":\"Malestar en familiares de los pioneros del ramal C-14 por el acto conmemorativo por el fallecimiento del Ing. Maury - RQ 99.9\",\"isPartOf\":{\"@id\":\"https:\/\/nahuelproducciones.com.ar\/radioquijano\/#website\"},\"datePublished\":\"2025-08-04T14:48:00+00:00\",\"dateModified\":\"2025-08-04T14:51:55+00:00\",\"author\":{\"@id\":\"https:\/\/nahuelproducciones.com.ar\/radioquijano\/#\/schema\/person\/e8a4f939e2cb487fe6d0c54042c9d32c\"},\"description\":\"Somos los familiares de los Pioneros de Huaytiquina. No pedimos privilegios. Solo pedimos respeto\",\"breadcrumb\":{\"@id\":\"https:\/\/nahuelproducciones.com.ar\/radioquijano\/malestar-en-familiares-de-los-pioneros-del-ramal-c-14-por-el-acto-conmemorativo-por-el-fallecimiento-del-ing-maury\/#breadcrumb\"},\"inLanguage\":\"es\",\"potentialAction\":[{\"@type\":\"ReadAction\",\"target\":[\"https:\/\/nahuelproducciones.com.ar\/radioquijano\/malestar-en-familiares-de-los-pioneros-del-ramal-c-14-por-el-acto-conmemorativo-por-el-fallecimiento-del-ing-maury\/\"]}]},{\"@type\":\"BreadcrumbList\",\"@id\":\"https:\/\/nahuelproducciones.com.ar\/radioquijano\/malestar-en-familiares-de-los-pioneros-del-ramal-c-14-por-el-acto-conmemorativo-por-el-fallecimiento-del-ing-maury\/#breadcrumb\",\"itemListElement\":[{\"@type\":\"ListItem\",\"position\":1,\"name\":\"Portada\",\"item\":\"https:\/\/nahuelproducciones.com.ar\/radioquijano\/\"},{\"@type\":\"ListItem\",\"position\":2,\"name\":\"Malestar en familiares de los pioneros del ramal C-14 por el acto conmemorativo por el fallecimiento del Ing. Maury\"}]},{\"@type\":\"WebSite\",\"@id\":\"https:\/\/nahuelproducciones.com.ar\/radioquijano\/#website\",\"url\":\"https:\/\/nahuelproducciones.com.ar\/radioquijano\/\",\"name\":\"RQ 99.9\",\"description\":\"Radio Quijano 99.9 MHz\",\"potentialAction\":[{\"@type\":\"SearchAction\",\"target\":{\"@type\":\"EntryPoint\",\"urlTemplate\":\"https:\/\/nahuelproducciones.com.ar\/radioquijano\/?s={search_term_string}\"},\"query-input\":\"required name=search_term_string\"}],\"inLanguage\":\"es\"},{\"@type\":\"Person\",\"@id\":\"https:\/\/nahuelproducciones.com.ar\/radioquijano\/#\/schema\/person\/e8a4f939e2cb487fe6d0c54042c9d32c\",\"name\":\"Cecilia Pastrana\",\"image\":{\"@type\":\"ImageObject\",\"inLanguage\":\"es\",\"@id\":\"https:\/\/nahuelproducciones.com.ar\/radioquijano\/#\/schema\/person\/image\/\",\"url\":\"https:\/\/secure.gravatar.com\/avatar\/661a3ef63a8488d4f2794ed44af8cf71420f7e106f3072c40125114df5157749?s=96&d=mm&r=g\",\"contentUrl\":\"https:\/\/secure.gravatar.com\/avatar\/661a3ef63a8488d4f2794ed44af8cf71420f7e106f3072c40125114df5157749?s=96&d=mm&r=g\",\"caption\":\"Cecilia Pastrana\"},\"sameAs\":[\"cecy\"],\"url\":\"https:\/\/nahuelproducciones.com.ar\/radioquijano\/author\/cecy\/\"}]}<\/script>\n<!-- \/ Yoast SEO plugin. -->","yoast_head_json":{"title":"Malestar en familiares de los pioneros del ramal C-14 por el acto conmemorativo por el fallecimiento del Ing. Maury - RQ 99.9","description":"Somos los familiares de los Pioneros de Huaytiquina. No pedimos privilegios. Solo pedimos respeto","robots":{"index":"index","follow":"follow","max-snippet":"max-snippet:-1","max-image-preview":"max-image-preview:large","max-video-preview":"max-video-preview:-1"},"canonical":"https:\/\/nahuelproducciones.com.ar\/radioquijano\/malestar-en-familiares-de-los-pioneros-del-ramal-c-14-por-el-acto-conmemorativo-por-el-fallecimiento-del-ing-maury\/","og_locale":"es_ES","og_type":"article","og_title":"Malestar en familiares de los pioneros del ramal C-14 por el acto conmemorativo por el fallecimiento del Ing. Maury - RQ 99.9","og_description":"Somos los familiares de los Pioneros de Huaytiquina. No pedimos privilegios. Solo pedimos respeto","og_url":"https:\/\/nahuelproducciones.com.ar\/radioquijano\/malestar-en-familiares-de-los-pioneros-del-ramal-c-14-por-el-acto-conmemorativo-por-el-fallecimiento-del-ing-maury\/","og_site_name":"RQ 99.9","article_publisher":"https:\/\/www.facebook.com\/nahuelproducciones999\/","article_published_time":"2025-08-04T14:48:00+00:00","article_modified_time":"2025-08-04T14:51:55+00:00","og_image":[{"width":700,"height":394,"url":"https:\/\/nahuelproducciones.com.ar\/radioquijano\/wp-content\/uploads\/2025\/08\/WhatsApp-Image-2025-08-04-at-11.36.29-AM-1-e1754318834257.jpeg","type":"image\/jpeg"}],"author":"Cecilia Pastrana","twitter_card":"summary_large_image","twitter_creator":"@nahuproduciones","twitter_site":"@nahuproduciones","twitter_misc":{"Escrito por":"Cecilia Pastrana","Tiempo de lectura":"3 minutos"},"schema":{"@context":"https:\/\/schema.org","@graph":[{"@type":"WebPage","@id":"https:\/\/nahuelproducciones.com.ar\/radioquijano\/malestar-en-familiares-de-los-pioneros-del-ramal-c-14-por-el-acto-conmemorativo-por-el-fallecimiento-del-ing-maury\/","url":"https:\/\/nahuelproducciones.com.ar\/radioquijano\/malestar-en-familiares-de-los-pioneros-del-ramal-c-14-por-el-acto-conmemorativo-por-el-fallecimiento-del-ing-maury\/","name":"Malestar en familiares de los pioneros del ramal C-14 por el acto conmemorativo por el fallecimiento del Ing. Maury - RQ 99.9","isPartOf":{"@id":"https:\/\/nahuelproducciones.com.ar\/radioquijano\/#website"},"datePublished":"2025-08-04T14:48:00+00:00","dateModified":"2025-08-04T14:51:55+00:00","author":{"@id":"https:\/\/nahuelproducciones.com.ar\/radioquijano\/#\/schema\/person\/e8a4f939e2cb487fe6d0c54042c9d32c"},"description":"Somos los familiares de los Pioneros de Huaytiquina. No pedimos privilegios. Solo pedimos respeto","breadcrumb":{"@id":"https:\/\/nahuelproducciones.com.ar\/radioquijano\/malestar-en-familiares-de-los-pioneros-del-ramal-c-14-por-el-acto-conmemorativo-por-el-fallecimiento-del-ing-maury\/#breadcrumb"},"inLanguage":"es","potentialAction":[{"@type":"ReadAction","target":["https:\/\/nahuelproducciones.com.ar\/radioquijano\/malestar-en-familiares-de-los-pioneros-del-ramal-c-14-por-el-acto-conmemorativo-por-el-fallecimiento-del-ing-maury\/"]}]},{"@type":"BreadcrumbList","@id":"https:\/\/nahuelproducciones.com.ar\/radioquijano\/malestar-en-familiares-de-los-pioneros-del-ramal-c-14-por-el-acto-conmemorativo-por-el-fallecimiento-del-ing-maury\/#breadcrumb","itemListElement":[{"@type":"ListItem","position":1,"name":"Portada","item":"https:\/\/nahuelproducciones.com.ar\/radioquijano\/"},{"@type":"ListItem","position":2,"name":"Malestar en familiares de los pioneros del ramal C-14 por el acto conmemorativo por el fallecimiento del Ing. Maury"}]},{"@type":"WebSite","@id":"https:\/\/nahuelproducciones.com.ar\/radioquijano\/#website","url":"https:\/\/nahuelproducciones.com.ar\/radioquijano\/","name":"RQ 99.9","description":"Radio Quijano 99.9 MHz","potentialAction":[{"@type":"SearchAction","target":{"@type":"EntryPoint","urlTemplate":"https:\/\/nahuelproducciones.com.ar\/radioquijano\/?s={search_term_string}"},"query-input":"required name=search_term_string"}],"inLanguage":"es"},{"@type":"Person","@id":"https:\/\/nahuelproducciones.com.ar\/radioquijano\/#\/schema\/person\/e8a4f939e2cb487fe6d0c54042c9d32c","name":"Cecilia Pastrana","image":{"@type":"ImageObject","inLanguage":"es","@id":"https:\/\/nahuelproducciones.com.ar\/radioquijano\/#\/schema\/person\/image\/","url":"https:\/\/secure.gravatar.com\/avatar\/661a3ef63a8488d4f2794ed44af8cf71420f7e106f3072c40125114df5157749?s=96&d=mm&r=g","contentUrl":"https:\/\/secure.gravatar.com\/avatar\/661a3ef63a8488d4f2794ed44af8cf71420f7e106f3072c40125114df5157749?s=96&d=mm&r=g","caption":"Cecilia Pastrana"},"sameAs":["cecy"],"url":"https:\/\/nahuelproducciones.com.ar\/radioquijano\/author\/cecy\/"}]}},"_links":{"self":[{"href":"https:\/\/nahuelproducciones.com.ar\/radioquijano\/wp-json\/wp\/v2\/posts\/10803","targetHints":{"allow":["GET"]}}],"collection":[{"href":"https:\/\/nahuelproducciones.com.ar\/radioquijano\/wp-json\/wp\/v2\/posts"}],"about":[{"href":"https:\/\/nahuelproducciones.com.ar\/radioquijano\/wp-json\/wp\/v2\/types\/post"}],"author":[{"embeddable":true,"href":"https:\/\/nahuelproducciones.com.ar\/radioquijano\/wp-json\/wp\/v2\/users\/8"}],"replies":[{"embeddable":true,"href":"https:\/\/nahuelproducciones.com.ar\/radioquijano\/wp-json\/wp\/v2\/comments?post=10803"}],"version-history":[{"count":3,"href":"https:\/\/nahuelproducciones.com.ar\/radioquijano\/wp-json\/wp\/v2\/posts\/10803\/revisions"}],"predecessor-version":[{"id":10807,"href":"https:\/\/nahuelproducciones.com.ar\/radioquijano\/wp-json\/wp\/v2\/posts\/10803\/revisions\/10807"}],"wp:featuredmedia":[{"embeddable":true,"href":"https:\/\/nahuelproducciones.com.ar\/radioquijano\/wp-json\/wp\/v2\/media\/10804"}],"wp:attachment":[{"href":"https:\/\/nahuelproducciones.com.ar\/radioquijano\/wp-json\/wp\/v2\/media?parent=10803"}],"wp:term":[{"taxonomy":"category","embeddable":true,"href":"https:\/\/nahuelproducciones.com.ar\/radioquijano\/wp-json\/wp\/v2\/categories?post=10803"},{"taxonomy":"post_tag","embeddable":true,"href":"https:\/\/nahuelproducciones.com.ar\/radioquijano\/wp-json\/wp\/v2\/tags?post=10803"}],"curies":[{"name":"wp","href":"https:\/\/api.w.org\/{rel}","templated":true}]}}