{"id":10808,"date":"2025-08-04T15:26:07","date_gmt":"2025-08-04T18:26:07","guid":{"rendered":"https:\/\/nahuelproducciones.com.ar\/radioquijano\/?p=10808"},"modified":"2025-08-04T15:26:08","modified_gmt":"2025-08-04T18:26:08","slug":"fue-condenada-la-mujer-acusada-de-hurtar-y-estafar-a-adultos-mayores","status":"publish","type":"post","link":"https:\/\/nahuelproducciones.com.ar\/radioquijano\/fue-condenada-la-mujer-acusada-de-hurtar-y-estafar-a-adultos-mayores\/","title":{"rendered":"Fue condenada la mujer acusada de hurtar y estafar a adultos mayores."},"content":{"rendered":"\n<p>El<strong>&nbsp;fiscal penal de Rosario de Lerma, Daniel Alejandro Escalante<\/strong>, represent\u00f3 al&nbsp;<strong>Ministerio P\u00fablico Fiscal<\/strong>&nbsp;en la audiencia de juicio abreviado, en la que una mujer fue condenada por la comisi\u00f3n de los delitos de&nbsp;<em>estafa, hurto y estafa mediante el uso de tarjeta de d\u00e9bito,<\/em>&nbsp;todo en concurso real.<\/p>\n\n\n\n<p>Tras reconocer su responsabilidad, y con el consentimiento de las partes, el juez de Garant\u00edas 7 del distrito Centro, Pablo Zerd\u00e1n, dict\u00f3 una pena de 2 a\u00f1os de prisi\u00f3n de cumplimiento efectivo, al verificarse que la imputada ya contaba con una condena condicional anterior.<\/p>\n\n\n\n<p>La acusada, de 50 a\u00f1os y residente en el barrio San Jorge, fue detenida el pasado 12 de julio. Los hechos ocurrieron en dos ocasiones durante el primer semestre del a\u00f1o.<\/p>\n\n\n\n<p>En marzo, ingres\u00f3 al domicilio de un adulto mayor en barrio Villa Mercedes, simulando necesitar usar el ba\u00f1o, y aprovech\u00f3 esa situaci\u00f3n para sustraer un tel\u00e9fono celular y dinero en efectivo.<\/p>\n\n\n\n<p>En mayo, utiliz\u00f3 un m\u00e9todo similar para acceder a una finca en El Tr\u00e1nsito, donde, tras fingir una urgencia, se apoder\u00f3 de la tarjeta bancaria de otro adulto mayor que all\u00ed reside. Con la tarjeta, realiz\u00f3 varias extracciones de dinero en una sucursal del Banco Naci\u00f3n en un lapso de apenas veinte minutos, hechos que quedaron registrados por las c\u00e1maras de seguridad.<\/p>\n\n\n\n<p>Durante el allanamiento a su vivienda, se secuestraron elementos y prendas de vestir que coincid\u00edan con los utilizados en el momento de los hechos.<\/p>\n\n\n\n<p>Fuente: Ministerio P\u00fablico Fiscal de la Provincia de Salta<\/p>\n\n\n\n<p><\/p>\n","protected":false},"excerpt":{"rendered":"<p>El&nbsp;fiscal penal de Rosario de Lerma, Daniel Alejandro Escalante, represent\u00f3 al&nbsp;Ministerio P\u00fablico Fiscal&nbsp;en la audiencia de juicio abreviado, en la que una mujer fue condenada por la comisi\u00f3n de los delitos de&nbsp;estafa, hurto y estafa mediante el uso de tarjeta de d\u00e9bito,&nbsp;todo en concurso real. Tras reconocer su responsabilidad, y con el consentimiento de las [&hellip;]<\/p>\n","protected":false},"author":8,"featured_media":10809,"comment_status":"open","ping_status":"open","sticky":false,"template":"","format":"standard","meta":{"_monsterinsights_skip_tracking":false,"_monsterinsights_sitenote_active":false,"_monsterinsights_sitenote_note":"","_monsterinsights_sitenote_category":0,"footnotes":""},"categories":[16],"tags":[100,47],"class_list":["post-10808","post","type-post","status-publish","format-standard","has-post-thumbnail","hentry","category-noticias","tag-municipio-de-campo-quijano","tag-rosario-de-lerma"],"yoast_head":"<!-- This site is optimized with the Yoast SEO plugin v20.8 - https:\/\/yoast.com\/wordpress\/plugins\/seo\/ -->\n<title>Fue condenada la mujer acusada de hurtar y estafar a adultos mayores. - RQ 99.9<\/title>\n<meta name=\"description\" content=\"Fue detenida el 12 de julio, acusada de dos hechos ocurridos entre marzo y mayo. Adem\u00e1s de haber sido registrada por c\u00e1maras de seguridad en un banco, en un allanamiento se le secuestraron elementos incriminatorios relacionados con los delitos.\" \/>\n<meta name=\"robots\" content=\"index, follow, max-snippet:-1, max-image-preview:large, max-video-preview:-1\" \/>\n<link rel=\"canonical\" href=\"https:\/\/nahuelproducciones.com.ar\/radioquijano\/fue-condenada-la-mujer-acusada-de-hurtar-y-estafar-a-adultos-mayores\/\" \/>\n<meta property=\"og:locale\" content=\"es_ES\" \/>\n<meta property=\"og:type\" content=\"article\" \/>\n<meta property=\"og:title\" content=\"Fue condenada la mujer acusada de hurtar y estafar a adultos mayores. - RQ 99.9\" \/>\n<meta property=\"og:description\" content=\"Fue detenida el 12 de julio, acusada de dos hechos ocurridos entre marzo y mayo. Adem\u00e1s de haber sido registrada por c\u00e1maras de seguridad en un banco, en un allanamiento se le secuestraron elementos incriminatorios relacionados con los delitos.\" \/>\n<meta property=\"og:url\" content=\"https:\/\/nahuelproducciones.com.ar\/radioquijano\/fue-condenada-la-mujer-acusada-de-hurtar-y-estafar-a-adultos-mayores\/\" \/>\n<meta property=\"og:site_name\" content=\"RQ 99.9\" \/>\n<meta property=\"article:publisher\" content=\"https:\/\/www.facebook.com\/nahuelproducciones999\/\" \/>\n<meta property=\"article:published_time\" content=\"2025-08-04T18:26:07+00:00\" \/>\n<meta property=\"article:modified_time\" content=\"2025-08-04T18:26:08+00:00\" \/>\n<meta property=\"og:image\" content=\"https:\/\/nahuelproducciones.com.ar\/radioquijano\/wp-content\/uploads\/2025\/08\/Mujer-detenida-e1754331917168.jpg\" \/>\n\t<meta property=\"og:image:width\" content=\"700\" \/>\n\t<meta property=\"og:image:height\" content=\"466\" \/>\n\t<meta property=\"og:image:type\" content=\"image\/jpeg\" \/>\n<meta name=\"author\" content=\"Cecilia Pastrana\" \/>\n<meta name=\"twitter:card\" content=\"summary_large_image\" \/>\n<meta name=\"twitter:creator\" content=\"@nahuproduciones\" \/>\n<meta name=\"twitter:site\" content=\"@nahuproduciones\" \/>\n<meta name=\"twitter:label1\" content=\"Escrito por\" \/>\n\t<meta name=\"twitter:data1\" content=\"Cecilia Pastrana\" \/>\n\t<meta name=\"twitter:label2\" content=\"Tiempo de lectura\" \/>\n\t<meta name=\"twitter:data2\" content=\"2 minutos\" \/>\n<script type=\"application\/ld+json\" class=\"yoast-schema-graph\">{\"@context\":\"https:\/\/schema.org\",\"@graph\":[{\"@type\":\"WebPage\",\"@id\":\"https:\/\/nahuelproducciones.com.ar\/radioquijano\/fue-condenada-la-mujer-acusada-de-hurtar-y-estafar-a-adultos-mayores\/\",\"url\":\"https:\/\/nahuelproducciones.com.ar\/radioquijano\/fue-condenada-la-mujer-acusada-de-hurtar-y-estafar-a-adultos-mayores\/\",\"name\":\"Fue condenada la mujer acusada de hurtar y estafar a adultos mayores. - RQ 99.9\",\"isPartOf\":{\"@id\":\"https:\/\/nahuelproducciones.com.ar\/radioquijano\/#website\"},\"datePublished\":\"2025-08-04T18:26:07+00:00\",\"dateModified\":\"2025-08-04T18:26:08+00:00\",\"author\":{\"@id\":\"https:\/\/nahuelproducciones.com.ar\/radioquijano\/#\/schema\/person\/e8a4f939e2cb487fe6d0c54042c9d32c\"},\"description\":\"Fue detenida el 12 de julio, acusada de dos hechos ocurridos entre marzo y mayo. Adem\u00e1s de haber sido registrada por c\u00e1maras de seguridad en un banco, en un allanamiento se le secuestraron elementos incriminatorios relacionados con los delitos.\",\"breadcrumb\":{\"@id\":\"https:\/\/nahuelproducciones.com.ar\/radioquijano\/fue-condenada-la-mujer-acusada-de-hurtar-y-estafar-a-adultos-mayores\/#breadcrumb\"},\"inLanguage\":\"es\",\"potentialAction\":[{\"@type\":\"ReadAction\",\"target\":[\"https:\/\/nahuelproducciones.com.ar\/radioquijano\/fue-condenada-la-mujer-acusada-de-hurtar-y-estafar-a-adultos-mayores\/\"]}]},{\"@type\":\"BreadcrumbList\",\"@id\":\"https:\/\/nahuelproducciones.com.ar\/radioquijano\/fue-condenada-la-mujer-acusada-de-hurtar-y-estafar-a-adultos-mayores\/#breadcrumb\",\"itemListElement\":[{\"@type\":\"ListItem\",\"position\":1,\"name\":\"Portada\",\"item\":\"https:\/\/nahuelproducciones.com.ar\/radioquijano\/\"},{\"@type\":\"ListItem\",\"position\":2,\"name\":\"Fue condenada la mujer acusada de hurtar y estafar a adultos mayores.\"}]},{\"@type\":\"WebSite\",\"@id\":\"https:\/\/nahuelproducciones.com.ar\/radioquijano\/#website\",\"url\":\"https:\/\/nahuelproducciones.com.ar\/radioquijano\/\",\"name\":\"RQ 99.9\",\"description\":\"Radio Quijano 99.9 MHz\",\"potentialAction\":[{\"@type\":\"SearchAction\",\"target\":{\"@type\":\"EntryPoint\",\"urlTemplate\":\"https:\/\/nahuelproducciones.com.ar\/radioquijano\/?s={search_term_string}\"},\"query-input\":\"required name=search_term_string\"}],\"inLanguage\":\"es\"},{\"@type\":\"Person\",\"@id\":\"https:\/\/nahuelproducciones.com.ar\/radioquijano\/#\/schema\/person\/e8a4f939e2cb487fe6d0c54042c9d32c\",\"name\":\"Cecilia Pastrana\",\"image\":{\"@type\":\"ImageObject\",\"inLanguage\":\"es\",\"@id\":\"https:\/\/nahuelproducciones.com.ar\/radioquijano\/#\/schema\/person\/image\/\",\"url\":\"https:\/\/secure.gravatar.com\/avatar\/661a3ef63a8488d4f2794ed44af8cf71420f7e106f3072c40125114df5157749?s=96&d=mm&r=g\",\"contentUrl\":\"https:\/\/secure.gravatar.com\/avatar\/661a3ef63a8488d4f2794ed44af8cf71420f7e106f3072c40125114df5157749?s=96&d=mm&r=g\",\"caption\":\"Cecilia Pastrana\"},\"sameAs\":[\"cecy\"],\"url\":\"https:\/\/nahuelproducciones.com.ar\/radioquijano\/author\/cecy\/\"}]}<\/script>\n<!-- \/ Yoast SEO plugin. -->","yoast_head_json":{"title":"Fue condenada la mujer acusada de hurtar y estafar a adultos mayores. - RQ 99.9","description":"Fue detenida el 12 de julio, acusada de dos hechos ocurridos entre marzo y mayo. Adem\u00e1s de haber sido registrada por c\u00e1maras de seguridad en un banco, en un allanamiento se le secuestraron elementos incriminatorios relacionados con los delitos.","robots":{"index":"index","follow":"follow","max-snippet":"max-snippet:-1","max-image-preview":"max-image-preview:large","max-video-preview":"max-video-preview:-1"},"canonical":"https:\/\/nahuelproducciones.com.ar\/radioquijano\/fue-condenada-la-mujer-acusada-de-hurtar-y-estafar-a-adultos-mayores\/","og_locale":"es_ES","og_type":"article","og_title":"Fue condenada la mujer acusada de hurtar y estafar a adultos mayores. - RQ 99.9","og_description":"Fue detenida el 12 de julio, acusada de dos hechos ocurridos entre marzo y mayo. Adem\u00e1s de haber sido registrada por c\u00e1maras de seguridad en un banco, en un allanamiento se le secuestraron elementos incriminatorios relacionados con los delitos.","og_url":"https:\/\/nahuelproducciones.com.ar\/radioquijano\/fue-condenada-la-mujer-acusada-de-hurtar-y-estafar-a-adultos-mayores\/","og_site_name":"RQ 99.9","article_publisher":"https:\/\/www.facebook.com\/nahuelproducciones999\/","article_published_time":"2025-08-04T18:26:07+00:00","article_modified_time":"2025-08-04T18:26:08+00:00","og_image":[{"width":700,"height":466,"url":"https:\/\/nahuelproducciones.com.ar\/radioquijano\/wp-content\/uploads\/2025\/08\/Mujer-detenida-e1754331917168.jpg","type":"image\/jpeg"}],"author":"Cecilia Pastrana","twitter_card":"summary_large_image","twitter_creator":"@nahuproduciones","twitter_site":"@nahuproduciones","twitter_misc":{"Escrito por":"Cecilia Pastrana","Tiempo de lectura":"2 minutos"},"schema":{"@context":"https:\/\/schema.org","@graph":[{"@type":"WebPage","@id":"https:\/\/nahuelproducciones.com.ar\/radioquijano\/fue-condenada-la-mujer-acusada-de-hurtar-y-estafar-a-adultos-mayores\/","url":"https:\/\/nahuelproducciones.com.ar\/radioquijano\/fue-condenada-la-mujer-acusada-de-hurtar-y-estafar-a-adultos-mayores\/","name":"Fue condenada la mujer acusada de hurtar y estafar a adultos mayores. - RQ 99.9","isPartOf":{"@id":"https:\/\/nahuelproducciones.com.ar\/radioquijano\/#website"},"datePublished":"2025-08-04T18:26:07+00:00","dateModified":"2025-08-04T18:26:08+00:00","author":{"@id":"https:\/\/nahuelproducciones.com.ar\/radioquijano\/#\/schema\/person\/e8a4f939e2cb487fe6d0c54042c9d32c"},"description":"Fue detenida el 12 de julio, acusada de dos hechos ocurridos entre marzo y mayo. Adem\u00e1s de haber sido registrada por c\u00e1maras de seguridad en un banco, en un allanamiento se le secuestraron elementos incriminatorios relacionados con los delitos.","breadcrumb":{"@id":"https:\/\/nahuelproducciones.com.ar\/radioquijano\/fue-condenada-la-mujer-acusada-de-hurtar-y-estafar-a-adultos-mayores\/#breadcrumb"},"inLanguage":"es","potentialAction":[{"@type":"ReadAction","target":["https:\/\/nahuelproducciones.com.ar\/radioquijano\/fue-condenada-la-mujer-acusada-de-hurtar-y-estafar-a-adultos-mayores\/"]}]},{"@type":"BreadcrumbList","@id":"https:\/\/nahuelproducciones.com.ar\/radioquijano\/fue-condenada-la-mujer-acusada-de-hurtar-y-estafar-a-adultos-mayores\/#breadcrumb","itemListElement":[{"@type":"ListItem","position":1,"name":"Portada","item":"https:\/\/nahuelproducciones.com.ar\/radioquijano\/"},{"@type":"ListItem","position":2,"name":"Fue condenada la mujer acusada de hurtar y estafar a adultos mayores."}]},{"@type":"WebSite","@id":"https:\/\/nahuelproducciones.com.ar\/radioquijano\/#website","url":"https:\/\/nahuelproducciones.com.ar\/radioquijano\/","name":"RQ 99.9","description":"Radio Quijano 99.9 MHz","potentialAction":[{"@type":"SearchAction","target":{"@type":"EntryPoint","urlTemplate":"https:\/\/nahuelproducciones.com.ar\/radioquijano\/?s={search_term_string}"},"query-input":"required name=search_term_string"}],"inLanguage":"es"},{"@type":"Person","@id":"https:\/\/nahuelproducciones.com.ar\/radioquijano\/#\/schema\/person\/e8a4f939e2cb487fe6d0c54042c9d32c","name":"Cecilia Pastrana","image":{"@type":"ImageObject","inLanguage":"es","@id":"https:\/\/nahuelproducciones.com.ar\/radioquijano\/#\/schema\/person\/image\/","url":"https:\/\/secure.gravatar.com\/avatar\/661a3ef63a8488d4f2794ed44af8cf71420f7e106f3072c40125114df5157749?s=96&d=mm&r=g","contentUrl":"https:\/\/secure.gravatar.com\/avatar\/661a3ef63a8488d4f2794ed44af8cf71420f7e106f3072c40125114df5157749?s=96&d=mm&r=g","caption":"Cecilia Pastrana"},"sameAs":["cecy"],"url":"https:\/\/nahuelproducciones.com.ar\/radioquijano\/author\/cecy\/"}]}},"_links":{"self":[{"href":"https:\/\/nahuelproducciones.com.ar\/radioquijano\/wp-json\/wp\/v2\/posts\/10808","targetHints":{"allow":["GET"]}}],"collection":[{"href":"https:\/\/nahuelproducciones.com.ar\/radioquijano\/wp-json\/wp\/v2\/posts"}],"about":[{"href":"https:\/\/nahuelproducciones.com.ar\/radioquijano\/wp-json\/wp\/v2\/types\/post"}],"author":[{"embeddable":true,"href":"https:\/\/nahuelproducciones.com.ar\/radioquijano\/wp-json\/wp\/v2\/users\/8"}],"replies":[{"embeddable":true,"href":"https:\/\/nahuelproducciones.com.ar\/radioquijano\/wp-json\/wp\/v2\/comments?post=10808"}],"version-history":[{"count":1,"href":"https:\/\/nahuelproducciones.com.ar\/radioquijano\/wp-json\/wp\/v2\/posts\/10808\/revisions"}],"predecessor-version":[{"id":10810,"href":"https:\/\/nahuelproducciones.com.ar\/radioquijano\/wp-json\/wp\/v2\/posts\/10808\/revisions\/10810"}],"wp:featuredmedia":[{"embeddable":true,"href":"https:\/\/nahuelproducciones.com.ar\/radioquijano\/wp-json\/wp\/v2\/media\/10809"}],"wp:attachment":[{"href":"https:\/\/nahuelproducciones.com.ar\/radioquijano\/wp-json\/wp\/v2\/media?parent=10808"}],"wp:term":[{"taxonomy":"category","embeddable":true,"href":"https:\/\/nahuelproducciones.com.ar\/radioquijano\/wp-json\/wp\/v2\/categories?post=10808"},{"taxonomy":"post_tag","embeddable":true,"href":"https:\/\/nahuelproducciones.com.ar\/radioquijano\/wp-json\/wp\/v2\/tags?post=10808"}],"curies":[{"name":"wp","href":"https:\/\/api.w.org\/{rel}","templated":true}]}}