{"id":10811,"date":"2025-08-04T19:31:48","date_gmt":"2025-08-04T22:31:48","guid":{"rendered":"https:\/\/nahuelproducciones.com.ar\/radioquijano\/?p=10811"},"modified":"2025-08-04T19:34:12","modified_gmt":"2025-08-04T22:34:12","slug":"somos-4-musica-saltena-que-cruzara-fronteras-rumbo-a-bolivia","status":"publish","type":"post","link":"https:\/\/nahuelproducciones.com.ar\/radioquijano\/somos-4-musica-saltena-que-cruzara-fronteras-rumbo-a-bolivia\/","title":{"rendered":"Somos 4&#8243;: M\u00fasica salte\u00f1a que cruzar\u00e1 fronteras rumbo a Bolivia."},"content":{"rendered":"\n<p>El grupo folcl\u00f3rico salte\u00f1o <strong>\u201cSomos 4\u201d<\/strong> inicia una nueva etapa art\u00edstica con un sue\u00f1o que ya comienza a hacerse realidad: esta noche emprenden viaje rumbo a <strong>Bolivia<\/strong>, donde representar\u00e1n a la provincia en el prestigioso <strong>Festival del Cordero, Lech\u00f3n a la Cruz<\/strong>, en el marco de las celebraciones del <strong>Bicentenario de Bolivia<\/strong>. El evento se desarrollar\u00e1 el pr\u00f3ximo <strong>mi\u00e9rcoles en el campo ferial de Villa Remedios, en la ciudad de Tupiza<\/strong>, con dos presentaciones en la jornada: una por la ma\u00f1ana y otra en horario vespertino.<\/p>\n\n\n\n<p>Integrado por <strong>Josy \u00c1lvarez, Charly Virautis, Gonza Guaym\u00e1s y C\u00e9sar Alcoba<\/strong>, \u201cSomos 4\u201d nace del reencuentro entre m\u00fasicos con destacada trayectoria en el folclore del norte argentino. Para muchos de ellos, este regreso a los escenarios es tambi\u00e9n un regreso al alma.<\/p>\n\n\n\n<p>Josy conto que estuvo en la conformaci\u00f3n de Los Sauzales y hoy el camino lo volvi\u00f3 a juntar con C\u00e9sar Alcoba con el que va a aprovechar al m\u00e1ximo esta nueva ocasi\u00f3n musical.<\/p>\n\n\n\n<p>El grupo ya trabaja en su primer <strong>lanzamiento oficial en plataformas digitales<\/strong>: el videoclip de la canci\u00f3n <strong>\u201cSi Pudieras\u201d<\/strong>, una historia cargada de emoci\u00f3n, que adem\u00e1s incluye <strong>im\u00e1genes filmadas en Campo Quijano<\/strong>.<\/p>\n\n\n\n<p><em>Desde que me vine a vivir a Quijano lo llevo como un estandarte. Siempre digo que soy de Campo Quijano, hablo de su gente, de su paisaje, de su identidad. Este videoclip tambi\u00e9n es una forma de rendirle homenaje<\/em>,  agreg\u00f3 Josy.<\/p>\n\n\n\n<p>Son artistas con distintos recorridos, pero con un mismo sentir por la m\u00fasica salte\u00f1a. La m\u00fasica sigue siendo un puente que une culturas, y \u00abSomos 4\u00bb es el ejemplo vivo de que los sue\u00f1os, cuando se hacen con pasi\u00f3n, no tienen fronteras.<\/p>\n\n\n\n<p>\u201cSomos 4\u201d combina tradici\u00f3n y renovaci\u00f3n, y promete ser una propuesta potente dentro del panorama del folclore regional. A su regreso de Bolivia, compartir\u00e1n con su comunidad las an\u00e9cdotas y vivencias de esta experiencia internacional que marca el primer gran paso del grupo en su camino art\u00edstico.<\/p>\n\n\n\n<p>Escucha la entrevista:<\/p>\n\n\n\n<figure class=\"wp-block-audio\"><audio controls src=\"https:\/\/nahuelproducciones.com.ar\/radioquijano\/wp-content\/uploads\/2025\/08\/04-08-2025-JOSY-ALVAREZ-DE-SOMOS-4-SALTA-VIAJAN-A-BOLIVIA-A-POCO-TIEMPO-DE-SU-CONFORMACION-SIENDO-EMBAJADORES-CULTURALES.mp3\"><\/audio><\/figure>\n\n\n\n<figure class=\"wp-block-video\"><video controls src=\"https:\/\/nahuelproducciones.com.ar\/radioquijano\/wp-content\/uploads\/2025\/08\/WhatsApp-Video-2025-08-04-at-10.32.03-AM.mp4\"><\/video><\/figure>\n\n\n\n<figure class=\"wp-block-video\"><video controls src=\"https:\/\/nahuelproducciones.com.ar\/radioquijano\/wp-content\/uploads\/2025\/08\/WhatsApp-Video-2025-08-04-at-10.31.34-AM.mp4\"><\/video><\/figure>\n","protected":false},"excerpt":{"rendered":"<p>El grupo folcl\u00f3rico salte\u00f1o \u201cSomos 4\u201d inicia una nueva etapa art\u00edstica con un sue\u00f1o que ya comienza a hacerse realidad: esta noche emprenden viaje rumbo a Bolivia, donde representar\u00e1n a la provincia en el prestigioso Festival del Cordero, Lech\u00f3n a la Cruz, en el marco de las celebraciones del Bicentenario de Bolivia. El evento se [&hellip;]<\/p>\n","protected":false},"author":8,"featured_media":10815,"comment_status":"open","ping_status":"open","sticky":false,"template":"","format":"standard","meta":{"_monsterinsights_skip_tracking":false,"_monsterinsights_sitenote_active":false,"_monsterinsights_sitenote_note":"","_monsterinsights_sitenote_category":0,"footnotes":""},"categories":[16],"tags":[100,1875],"class_list":["post-10811","post","type-post","status-publish","format-standard","has-post-thumbnail","hentry","category-noticias","tag-municipio-de-campo-quijano","tag-somos-4"],"yoast_head":"<!-- This site is optimized with the Yoast SEO plugin v20.8 - https:\/\/yoast.com\/wordpress\/plugins\/seo\/ -->\n<title>Somos 4&quot;: M\u00fasica salte\u00f1a que cruzar\u00e1 fronteras rumbo a Bolivia. - RQ 99.9<\/title>\n<meta name=\"description\" content=\"&quot;Somos 4&quot; es el ejemplo vivo de que los sue\u00f1os, cuando se hacen con pasi\u00f3n, no tienen fronteras. %\" \/>\n<meta name=\"robots\" content=\"index, follow, max-snippet:-1, max-image-preview:large, max-video-preview:-1\" \/>\n<link rel=\"canonical\" href=\"https:\/\/nahuelproducciones.com.ar\/radioquijano\/somos-4-musica-saltena-que-cruzara-fronteras-rumbo-a-bolivia\/\" \/>\n<meta property=\"og:locale\" content=\"es_ES\" \/>\n<meta property=\"og:type\" content=\"article\" \/>\n<meta property=\"og:title\" content=\"Somos 4&quot;: M\u00fasica salte\u00f1a que cruzar\u00e1 fronteras rumbo a Bolivia. - RQ 99.9\" \/>\n<meta property=\"og:description\" content=\"&quot;Somos 4&quot; es el ejemplo vivo de que los sue\u00f1os, cuando se hacen con pasi\u00f3n, no tienen fronteras. %\" \/>\n<meta property=\"og:url\" content=\"https:\/\/nahuelproducciones.com.ar\/radioquijano\/somos-4-musica-saltena-que-cruzara-fronteras-rumbo-a-bolivia\/\" \/>\n<meta property=\"og:site_name\" content=\"RQ 99.9\" \/>\n<meta property=\"article:publisher\" content=\"https:\/\/www.facebook.com\/nahuelproducciones999\/\" \/>\n<meta property=\"article:published_time\" content=\"2025-08-04T22:31:48+00:00\" \/>\n<meta property=\"article:modified_time\" content=\"2025-08-04T22:34:12+00:00\" \/>\n<meta property=\"og:image\" content=\"https:\/\/nahuelproducciones.com.ar\/radioquijano\/wp-content\/uploads\/2025\/08\/WhatsApp-Image-2025-08-04-at-10.32.02-AM-e1754346672120.jpeg\" \/>\n\t<meta property=\"og:image:width\" content=\"700\" \/>\n\t<meta property=\"og:image:height\" content=\"708\" \/>\n\t<meta property=\"og:image:type\" content=\"image\/jpeg\" \/>\n<meta name=\"author\" content=\"Cecilia Pastrana\" \/>\n<meta name=\"twitter:card\" content=\"summary_large_image\" \/>\n<meta name=\"twitter:creator\" content=\"@nahuproduciones\" \/>\n<meta name=\"twitter:site\" content=\"@nahuproduciones\" \/>\n<meta name=\"twitter:label1\" content=\"Escrito por\" \/>\n\t<meta name=\"twitter:data1\" content=\"Cecilia Pastrana\" \/>\n\t<meta name=\"twitter:label2\" content=\"Tiempo de lectura\" \/>\n\t<meta name=\"twitter:data2\" content=\"2 minutos\" \/>\n<script type=\"application\/ld+json\" class=\"yoast-schema-graph\">{\"@context\":\"https:\/\/schema.org\",\"@graph\":[{\"@type\":\"WebPage\",\"@id\":\"https:\/\/nahuelproducciones.com.ar\/radioquijano\/somos-4-musica-saltena-que-cruzara-fronteras-rumbo-a-bolivia\/\",\"url\":\"https:\/\/nahuelproducciones.com.ar\/radioquijano\/somos-4-musica-saltena-que-cruzara-fronteras-rumbo-a-bolivia\/\",\"name\":\"Somos 4\\\": M\u00fasica salte\u00f1a que cruzar\u00e1 fronteras rumbo a Bolivia. - RQ 99.9\",\"isPartOf\":{\"@id\":\"https:\/\/nahuelproducciones.com.ar\/radioquijano\/#website\"},\"datePublished\":\"2025-08-04T22:31:48+00:00\",\"dateModified\":\"2025-08-04T22:34:12+00:00\",\"author\":{\"@id\":\"https:\/\/nahuelproducciones.com.ar\/radioquijano\/#\/schema\/person\/e8a4f939e2cb487fe6d0c54042c9d32c\"},\"description\":\"\\\"Somos 4\\\" es el ejemplo vivo de que los sue\u00f1os, cuando se hacen con pasi\u00f3n, no tienen fronteras. %\",\"breadcrumb\":{\"@id\":\"https:\/\/nahuelproducciones.com.ar\/radioquijano\/somos-4-musica-saltena-que-cruzara-fronteras-rumbo-a-bolivia\/#breadcrumb\"},\"inLanguage\":\"es\",\"potentialAction\":[{\"@type\":\"ReadAction\",\"target\":[\"https:\/\/nahuelproducciones.com.ar\/radioquijano\/somos-4-musica-saltena-que-cruzara-fronteras-rumbo-a-bolivia\/\"]}]},{\"@type\":\"BreadcrumbList\",\"@id\":\"https:\/\/nahuelproducciones.com.ar\/radioquijano\/somos-4-musica-saltena-que-cruzara-fronteras-rumbo-a-bolivia\/#breadcrumb\",\"itemListElement\":[{\"@type\":\"ListItem\",\"position\":1,\"name\":\"Portada\",\"item\":\"https:\/\/nahuelproducciones.com.ar\/radioquijano\/\"},{\"@type\":\"ListItem\",\"position\":2,\"name\":\"Somos 4&#8243;: M\u00fasica salte\u00f1a que cruzar\u00e1 fronteras rumbo a Bolivia.\"}]},{\"@type\":\"WebSite\",\"@id\":\"https:\/\/nahuelproducciones.com.ar\/radioquijano\/#website\",\"url\":\"https:\/\/nahuelproducciones.com.ar\/radioquijano\/\",\"name\":\"RQ 99.9\",\"description\":\"Radio Quijano 99.9 MHz\",\"potentialAction\":[{\"@type\":\"SearchAction\",\"target\":{\"@type\":\"EntryPoint\",\"urlTemplate\":\"https:\/\/nahuelproducciones.com.ar\/radioquijano\/?s={search_term_string}\"},\"query-input\":\"required name=search_term_string\"}],\"inLanguage\":\"es\"},{\"@type\":\"Person\",\"@id\":\"https:\/\/nahuelproducciones.com.ar\/radioquijano\/#\/schema\/person\/e8a4f939e2cb487fe6d0c54042c9d32c\",\"name\":\"Cecilia Pastrana\",\"image\":{\"@type\":\"ImageObject\",\"inLanguage\":\"es\",\"@id\":\"https:\/\/nahuelproducciones.com.ar\/radioquijano\/#\/schema\/person\/image\/\",\"url\":\"https:\/\/secure.gravatar.com\/avatar\/661a3ef63a8488d4f2794ed44af8cf71420f7e106f3072c40125114df5157749?s=96&d=mm&r=g\",\"contentUrl\":\"https:\/\/secure.gravatar.com\/avatar\/661a3ef63a8488d4f2794ed44af8cf71420f7e106f3072c40125114df5157749?s=96&d=mm&r=g\",\"caption\":\"Cecilia Pastrana\"},\"sameAs\":[\"cecy\"],\"url\":\"https:\/\/nahuelproducciones.com.ar\/radioquijano\/author\/cecy\/\"}]}<\/script>\n<!-- \/ Yoast SEO plugin. -->","yoast_head_json":{"title":"Somos 4\": M\u00fasica salte\u00f1a que cruzar\u00e1 fronteras rumbo a Bolivia. - RQ 99.9","description":"\"Somos 4\" es el ejemplo vivo de que los sue\u00f1os, cuando se hacen con pasi\u00f3n, no tienen fronteras. %","robots":{"index":"index","follow":"follow","max-snippet":"max-snippet:-1","max-image-preview":"max-image-preview:large","max-video-preview":"max-video-preview:-1"},"canonical":"https:\/\/nahuelproducciones.com.ar\/radioquijano\/somos-4-musica-saltena-que-cruzara-fronteras-rumbo-a-bolivia\/","og_locale":"es_ES","og_type":"article","og_title":"Somos 4\": M\u00fasica salte\u00f1a que cruzar\u00e1 fronteras rumbo a Bolivia. - RQ 99.9","og_description":"\"Somos 4\" es el ejemplo vivo de que los sue\u00f1os, cuando se hacen con pasi\u00f3n, no tienen fronteras. %","og_url":"https:\/\/nahuelproducciones.com.ar\/radioquijano\/somos-4-musica-saltena-que-cruzara-fronteras-rumbo-a-bolivia\/","og_site_name":"RQ 99.9","article_publisher":"https:\/\/www.facebook.com\/nahuelproducciones999\/","article_published_time":"2025-08-04T22:31:48+00:00","article_modified_time":"2025-08-04T22:34:12+00:00","og_image":[{"width":700,"height":708,"url":"https:\/\/nahuelproducciones.com.ar\/radioquijano\/wp-content\/uploads\/2025\/08\/WhatsApp-Image-2025-08-04-at-10.32.02-AM-e1754346672120.jpeg","type":"image\/jpeg"}],"author":"Cecilia Pastrana","twitter_card":"summary_large_image","twitter_creator":"@nahuproduciones","twitter_site":"@nahuproduciones","twitter_misc":{"Escrito por":"Cecilia Pastrana","Tiempo de lectura":"2 minutos"},"schema":{"@context":"https:\/\/schema.org","@graph":[{"@type":"WebPage","@id":"https:\/\/nahuelproducciones.com.ar\/radioquijano\/somos-4-musica-saltena-que-cruzara-fronteras-rumbo-a-bolivia\/","url":"https:\/\/nahuelproducciones.com.ar\/radioquijano\/somos-4-musica-saltena-que-cruzara-fronteras-rumbo-a-bolivia\/","name":"Somos 4\": M\u00fasica salte\u00f1a que cruzar\u00e1 fronteras rumbo a Bolivia. - RQ 99.9","isPartOf":{"@id":"https:\/\/nahuelproducciones.com.ar\/radioquijano\/#website"},"datePublished":"2025-08-04T22:31:48+00:00","dateModified":"2025-08-04T22:34:12+00:00","author":{"@id":"https:\/\/nahuelproducciones.com.ar\/radioquijano\/#\/schema\/person\/e8a4f939e2cb487fe6d0c54042c9d32c"},"description":"\"Somos 4\" es el ejemplo vivo de que los sue\u00f1os, cuando se hacen con pasi\u00f3n, no tienen fronteras. %","breadcrumb":{"@id":"https:\/\/nahuelproducciones.com.ar\/radioquijano\/somos-4-musica-saltena-que-cruzara-fronteras-rumbo-a-bolivia\/#breadcrumb"},"inLanguage":"es","potentialAction":[{"@type":"ReadAction","target":["https:\/\/nahuelproducciones.com.ar\/radioquijano\/somos-4-musica-saltena-que-cruzara-fronteras-rumbo-a-bolivia\/"]}]},{"@type":"BreadcrumbList","@id":"https:\/\/nahuelproducciones.com.ar\/radioquijano\/somos-4-musica-saltena-que-cruzara-fronteras-rumbo-a-bolivia\/#breadcrumb","itemListElement":[{"@type":"ListItem","position":1,"name":"Portada","item":"https:\/\/nahuelproducciones.com.ar\/radioquijano\/"},{"@type":"ListItem","position":2,"name":"Somos 4&#8243;: M\u00fasica salte\u00f1a que cruzar\u00e1 fronteras rumbo a Bolivia."}]},{"@type":"WebSite","@id":"https:\/\/nahuelproducciones.com.ar\/radioquijano\/#website","url":"https:\/\/nahuelproducciones.com.ar\/radioquijano\/","name":"RQ 99.9","description":"Radio Quijano 99.9 MHz","potentialAction":[{"@type":"SearchAction","target":{"@type":"EntryPoint","urlTemplate":"https:\/\/nahuelproducciones.com.ar\/radioquijano\/?s={search_term_string}"},"query-input":"required name=search_term_string"}],"inLanguage":"es"},{"@type":"Person","@id":"https:\/\/nahuelproducciones.com.ar\/radioquijano\/#\/schema\/person\/e8a4f939e2cb487fe6d0c54042c9d32c","name":"Cecilia Pastrana","image":{"@type":"ImageObject","inLanguage":"es","@id":"https:\/\/nahuelproducciones.com.ar\/radioquijano\/#\/schema\/person\/image\/","url":"https:\/\/secure.gravatar.com\/avatar\/661a3ef63a8488d4f2794ed44af8cf71420f7e106f3072c40125114df5157749?s=96&d=mm&r=g","contentUrl":"https:\/\/secure.gravatar.com\/avatar\/661a3ef63a8488d4f2794ed44af8cf71420f7e106f3072c40125114df5157749?s=96&d=mm&r=g","caption":"Cecilia Pastrana"},"sameAs":["cecy"],"url":"https:\/\/nahuelproducciones.com.ar\/radioquijano\/author\/cecy\/"}]}},"_links":{"self":[{"href":"https:\/\/nahuelproducciones.com.ar\/radioquijano\/wp-json\/wp\/v2\/posts\/10811","targetHints":{"allow":["GET"]}}],"collection":[{"href":"https:\/\/nahuelproducciones.com.ar\/radioquijano\/wp-json\/wp\/v2\/posts"}],"about":[{"href":"https:\/\/nahuelproducciones.com.ar\/radioquijano\/wp-json\/wp\/v2\/types\/post"}],"author":[{"embeddable":true,"href":"https:\/\/nahuelproducciones.com.ar\/radioquijano\/wp-json\/wp\/v2\/users\/8"}],"replies":[{"embeddable":true,"href":"https:\/\/nahuelproducciones.com.ar\/radioquijano\/wp-json\/wp\/v2\/comments?post=10811"}],"version-history":[{"count":2,"href":"https:\/\/nahuelproducciones.com.ar\/radioquijano\/wp-json\/wp\/v2\/posts\/10811\/revisions"}],"predecessor-version":[{"id":10817,"href":"https:\/\/nahuelproducciones.com.ar\/radioquijano\/wp-json\/wp\/v2\/posts\/10811\/revisions\/10817"}],"wp:featuredmedia":[{"embeddable":true,"href":"https:\/\/nahuelproducciones.com.ar\/radioquijano\/wp-json\/wp\/v2\/media\/10815"}],"wp:attachment":[{"href":"https:\/\/nahuelproducciones.com.ar\/radioquijano\/wp-json\/wp\/v2\/media?parent=10811"}],"wp:term":[{"taxonomy":"category","embeddable":true,"href":"https:\/\/nahuelproducciones.com.ar\/radioquijano\/wp-json\/wp\/v2\/categories?post=10811"},{"taxonomy":"post_tag","embeddable":true,"href":"https:\/\/nahuelproducciones.com.ar\/radioquijano\/wp-json\/wp\/v2\/tags?post=10811"}],"curies":[{"name":"wp","href":"https:\/\/api.w.org\/{rel}","templated":true}]}}