{"id":10818,"date":"2025-08-04T23:08:34","date_gmt":"2025-08-05T02:08:34","guid":{"rendered":"https:\/\/nahuelproducciones.com.ar\/radioquijano\/?p=10818"},"modified":"2025-08-04T23:54:13","modified_gmt":"2025-08-05T02:54:13","slug":"%f0%9f%93%bb-editorial-de-ricardo-cady-guzman-radio-quijano-99-9%f0%9f%97%93%ef%b8%8f-campo-quijano-agosto-de-2025","status":"publish","type":"post","link":"https:\/\/nahuelproducciones.com.ar\/radioquijano\/%f0%9f%93%bb-editorial-de-ricardo-cady-guzman-radio-quijano-99-9%f0%9f%97%93%ef%b8%8f-campo-quijano-agosto-de-2025\/","title":{"rendered":"&#x1f4fb; Editorial: Ricardo Cady Guzm\u00e1n \u2013 Radio Quijano 99.9Ciclo: \u00abAIRE DE LIBERTAD\u00bb Campo Quijano, agosto de 2025"},"content":{"rendered":"\n<p><\/p>\n\n\n\n<p><\/p>\n\n\n\n<hr class=\"wp-block-separator has-alpha-channel-opacity\"\/>\n\n\n\n<h1 class=\"wp-block-heading\"><em>Cuando la hipocres\u00eda se imprime en papel reciclado<\/em><\/h1>\n\n\n\n<h2 class=\"wp-block-heading\">El Concejo Deliberante pretende reglamentar lo que no existe, mientras el municipio sigue sin presupuesto y sin reglas claras<\/h2>\n\n\n\n<hr class=\"wp-block-separator has-alpha-channel-opacity\"\/>\n\n\n\n<p>Vecinos de Campo Quijano, buenas noches.<br>Esto que voy a decir no es una exageraci\u00f3n, ni una provocaci\u00f3n: es una denuncia pol\u00edtica con todas las letras.<\/p>\n\n\n\n<p>En estos d\u00edas, el Concejo Deliberante de nuestro querido municipio debate un proyecto de resoluci\u00f3n para \u201creducir el uso del formato papel\u201d. S\u00ed, escucharon bien. En medio de una crisis de institucionalidad, sin presupuesto aprobado, sin Carta Org\u00e1nica y <strong>sin siquiera un Reglamento Interno que organice su funcionamiento<\/strong>, los concejales ahora quieren imponer normas sobre el gramaje del papel y el tipo de tinta que usan.<\/p>\n\n\n\n<p>\u00bfY saben qu\u00e9? No es que est\u00e9 mal cuidar el medio ambiente. Est\u00e1 perfecto. Pero lo que <strong>s\u00ed es grave<\/strong>, y no podemos dejar pasar, es el <strong>nivel de simulaci\u00f3n institucional que se est\u00e1 montando<\/strong> desde una banca que se niega a asumir lo que realmente importa.<\/p>\n\n\n\n<hr class=\"wp-block-separator has-alpha-channel-opacity\"\/>\n\n\n\n<h3 class=\"wp-block-heading\">No hay reglas, pero quieren reglamentar<\/h3>\n\n\n\n<p>El expediente N.\u00ba 168\/25 habla de establecer una \u201cpol\u00edtica p\u00fablica interna\u201d para reducir el papel en las tareas del Concejo. Pero resulta que <strong>no existe un Reglamento Interno que habilite siquiera ese tipo de resoluciones<\/strong>.<br>Es como si un equipo de f\u00fatbol decidiera cambiar la camiseta sin tener t\u00e9cnico, sin cancha y sin saber contra qui\u00e9n juega.<\/p>\n\n\n\n<p>La <strong>Ley 8126 de la Provincia de Salta<\/strong>, que rige a los municipios, obliga a los Concejos a dictar su reglamento interno (art. 48). Sin eso, cualquier normativa que se apruebe sobre su funcionamiento <strong>es ilegal, ileg\u00edtima e irresponsable<\/strong>.<\/p>\n\n\n\n<hr class=\"wp-block-separator has-alpha-channel-opacity\"\/>\n\n\n\n<h3 class=\"wp-block-heading\">No hay presupuesto, pero se habla de eficiencia<\/h3>\n\n\n\n<p>Este mismo Concejo <strong>nunca exigi\u00f3 que el Ejecutivo Municipal enviara el presupuesto del a\u00f1o 2024<\/strong>, ni tampoco el del 2025. \u00bfC\u00f3mo se puede hablar de uso racional de recursos, si <strong>no se sabe cu\u00e1ntos recursos hay ni c\u00f3mo se gastan<\/strong>?<\/p>\n\n\n\n<p>El presupuesto no es un tr\u00e1mite. Es la <strong>ley m\u00e1s importante del a\u00f1o<\/strong>. Es el plan financiero, institucional y pol\u00edtico de toda gesti\u00f3n. Y en Campo Quijano, ni se present\u00f3 ni se discuti\u00f3. Es una falta grav\u00edsima. Pero parece que para algunos, <strong>es m\u00e1s urgente cambiar la resma de papel que exigir al intendente que cumpla con la ley<\/strong>.<\/p>\n\n\n\n<hr class=\"wp-block-separator has-alpha-channel-opacity\"\/>\n\n\n\n<h3 class=\"wp-block-heading\">Una resoluci\u00f3n vac\u00eda, sin control ni fundamento<\/h3>\n\n\n\n<p>El proyecto dice que se fomentar\u00e1 el uso digital, que se imprimir\u00e1 solo lo necesario y que se usar\u00e1 papel reciclado. Pero no dice:<\/p>\n\n\n\n<ul class=\"wp-block-list\">\n<li>Qu\u00e9 sistema digital se usar\u00e1.<\/li>\n\n\n\n<li>Qu\u00e9 recursos necesita el Concejo.<\/li>\n\n\n\n<li>Qu\u00e9 presupuesto se afectar\u00e1.<\/li>\n\n\n\n<li>Qu\u00e9 control se implementar\u00e1.<\/li>\n\n\n\n<li>Ni siquiera qu\u00e9 normativa ambiental lo respalda.<\/li>\n<\/ul>\n\n\n\n<p>Una resoluci\u00f3n sin cuerpo, sin m\u00e9todo y sin destino. Puro humo verde.<\/p>\n\n\n\n<hr class=\"wp-block-separator has-alpha-channel-opacity\"\/>\n\n\n\n<h3 class=\"wp-block-heading\"> Simulaci\u00f3n institucional: la forma sin contenido<\/h3>\n\n\n\n<p>Lo m\u00e1s preocupante es lo que revela esta maniobra: <strong>un intento de aparentar eficiencia, cuando lo que hay es desorden, desinter\u00e9s y falta de compromiso institucional<\/strong>.<\/p>\n\n\n\n<p>Nos quieren vender una imagen de modernidad, de compromiso ambiental, cuando en realidad <strong>ni siquiera se cumple lo m\u00e1s b\u00e1sico: las reglas del juego democr\u00e1tico, el control al Ejecutivo y la transparencia del gasto<\/strong>.<\/p>\n\n\n\n<hr class=\"wp-block-separator has-alpha-channel-opacity\"\/>\n\n\n\n<h3 class=\"wp-block-heading\">Lo urgente no es el papel. Es la dignidad institucional.<\/h3>\n\n\n\n<p>Desde este micr\u00f3fono, desde esta Radio Quijano 99.9, y desde este espacio de libertad que nos hemos ganado con esfuerzo, <strong>exigimos lo que corresponde<\/strong>:<\/p>\n\n\n\n<ol class=\"wp-block-list\">\n<li><strong>Que el Concejo apruebe su Reglamento Interno ya mismo.<\/strong><\/li>\n\n\n\n<li><strong>Que se exija al Ejecutivo Municipal la inmediata remisi\u00f3n del Presupuesto 2024 y 2025.<\/strong><\/li>\n\n\n\n<li><strong>Que se empiece a discutir con seriedad una Carta Org\u00e1nica Municipal.<\/strong><\/li>\n\n\n\n<li>Y reci\u00e9n entonces, con reglas claras, con control, con presupuesto y con participaci\u00f3n, pensemos en pol\u00edticas ambientales, tecnol\u00f3gicas y de modernizaci\u00f3n.<\/li>\n<\/ol>\n\n\n\n<hr class=\"wp-block-separator has-alpha-channel-opacity\"\/>\n\n\n\n<p>Porque lo que hace falta en Campo Quijano <strong>no es menos papel: es m\u00e1s institucionalidad, m\u00e1s coraje pol\u00edtico y m\u00e1s respeto por el pueblo que representamos<\/strong>.<\/p>\n\n\n\n<p><strong>Ricardo \u00abCady\u00bb Guzm\u00e1n<\/strong><br>Radio Quijano 99.9<br>&#x1f4fb; <em>Aire de Libertad<\/em><\/p>\n","protected":false},"excerpt":{"rendered":"<p>Cuando la hipocres\u00eda se imprime en papel reciclado El Concejo Deliberante pretende reglamentar lo que no existe, mientras el municipio sigue sin presupuesto y sin reglas claras Vecinos de Campo Quijano, buenas noches.Esto que voy a decir no es una exageraci\u00f3n, ni una provocaci\u00f3n: es una denuncia pol\u00edtica con todas las letras. En estos d\u00edas, [&hellip;]<\/p>\n","protected":false},"author":6,"featured_media":9756,"comment_status":"open","ping_status":"open","sticky":false,"template":"","format":"standard","meta":{"_monsterinsights_skip_tracking":false,"_monsterinsights_sitenote_active":false,"_monsterinsights_sitenote_note":"","_monsterinsights_sitenote_category":0,"footnotes":""},"categories":[6,16],"tags":[],"class_list":["post-10818","post","type-post","status-publish","format-standard","has-post-thumbnail","hentry","category-editorial","category-noticias"],"yoast_head":"<!-- This site is optimized with the Yoast SEO plugin v20.8 - https:\/\/yoast.com\/wordpress\/plugins\/seo\/ -->\n<title>&#x1f4fb; Editorial: Ricardo Cady Guzm\u00e1n \u2013 Radio Quijano 99.9Ciclo: &quot;AIRE DE LIBERTAD&quot; Campo Quijano, agosto de 2025 - RQ 99.9<\/title>\n<meta name=\"robots\" content=\"index, follow, max-snippet:-1, max-image-preview:large, max-video-preview:-1\" \/>\n<link rel=\"canonical\" href=\"https:\/\/nahuelproducciones.com.ar\/radioquijano\/\ud83d\udcfb-editorial-de-ricardo-cady-guzman-radio-quijano-99-9\ud83d\uddd3\ufe0f-campo-quijano-agosto-de-2025\/\" \/>\n<meta property=\"og:locale\" content=\"es_ES\" \/>\n<meta property=\"og:type\" content=\"article\" \/>\n<meta property=\"og:title\" content=\"&#x1f4fb; Editorial: Ricardo Cady Guzm\u00e1n \u2013 Radio Quijano 99.9Ciclo: &quot;AIRE DE LIBERTAD&quot; Campo Quijano, agosto de 2025 - RQ 99.9\" \/>\n<meta property=\"og:description\" content=\"Cuando la hipocres\u00eda se imprime en papel reciclado El Concejo Deliberante pretende reglamentar lo que no existe, mientras el municipio sigue sin presupuesto y sin reglas claras Vecinos de Campo Quijano, buenas noches.Esto que voy a decir no es una exageraci\u00f3n, ni una provocaci\u00f3n: es una denuncia pol\u00edtica con todas las letras. En estos d\u00edas, [&hellip;]\" \/>\n<meta property=\"og:url\" content=\"https:\/\/nahuelproducciones.com.ar\/radioquijano\/\ud83d\udcfb-editorial-de-ricardo-cady-guzman-radio-quijano-99-9\ud83d\uddd3\ufe0f-campo-quijano-agosto-de-2025\/\" \/>\n<meta property=\"og:site_name\" content=\"RQ 99.9\" \/>\n<meta property=\"article:publisher\" content=\"https:\/\/www.facebook.com\/nahuelproducciones999\/\" \/>\n<meta property=\"article:published_time\" content=\"2025-08-05T02:08:34+00:00\" \/>\n<meta property=\"article:modified_time\" content=\"2025-08-05T02:54:13+00:00\" \/>\n<meta property=\"og:image\" content=\"https:\/\/nahuelproducciones.com.ar\/radioquijano\/wp-content\/uploads\/2025\/03\/409692745_7109146162441428_5947129086985140626_n-e1741189589681.jpg\" \/>\n\t<meta property=\"og:image:width\" content=\"700\" \/>\n\t<meta property=\"og:image:height\" content=\"700\" \/>\n\t<meta property=\"og:image:type\" content=\"image\/jpeg\" \/>\n<meta name=\"author\" content=\"Ricardo Guzman\" \/>\n<meta name=\"twitter:card\" content=\"summary_large_image\" \/>\n<meta name=\"twitter:creator\" content=\"@nahuproduciones\" \/>\n<meta name=\"twitter:site\" content=\"@nahuproduciones\" \/>\n<meta name=\"twitter:label1\" content=\"Escrito por\" \/>\n\t<meta name=\"twitter:data1\" content=\"Ricardo Guzman\" \/>\n\t<meta name=\"twitter:label2\" content=\"Tiempo de lectura\" \/>\n\t<meta name=\"twitter:data2\" content=\"3 minutos\" \/>\n<script type=\"application\/ld+json\" class=\"yoast-schema-graph\">{\"@context\":\"https:\/\/schema.org\",\"@graph\":[{\"@type\":\"WebPage\",\"@id\":\"https:\/\/nahuelproducciones.com.ar\/radioquijano\/%f0%9f%93%bb-editorial-de-ricardo-cady-guzman-radio-quijano-99-9%f0%9f%97%93%ef%b8%8f-campo-quijano-agosto-de-2025\/\",\"url\":\"https:\/\/nahuelproducciones.com.ar\/radioquijano\/%f0%9f%93%bb-editorial-de-ricardo-cady-guzman-radio-quijano-99-9%f0%9f%97%93%ef%b8%8f-campo-quijano-agosto-de-2025\/\",\"name\":\"&#x1f4fb; Editorial: Ricardo Cady Guzm\u00e1n \u2013 Radio Quijano 99.9Ciclo: \\\"AIRE DE LIBERTAD\\\" Campo Quijano, agosto de 2025 - RQ 99.9\",\"isPartOf\":{\"@id\":\"https:\/\/nahuelproducciones.com.ar\/radioquijano\/#website\"},\"datePublished\":\"2025-08-05T02:08:34+00:00\",\"dateModified\":\"2025-08-05T02:54:13+00:00\",\"author\":{\"@id\":\"https:\/\/nahuelproducciones.com.ar\/radioquijano\/#\/schema\/person\/b9b81a110cbdf07949e2cd02d478ab9d\"},\"breadcrumb\":{\"@id\":\"https:\/\/nahuelproducciones.com.ar\/radioquijano\/%f0%9f%93%bb-editorial-de-ricardo-cady-guzman-radio-quijano-99-9%f0%9f%97%93%ef%b8%8f-campo-quijano-agosto-de-2025\/#breadcrumb\"},\"inLanguage\":\"es\",\"potentialAction\":[{\"@type\":\"ReadAction\",\"target\":[\"https:\/\/nahuelproducciones.com.ar\/radioquijano\/%f0%9f%93%bb-editorial-de-ricardo-cady-guzman-radio-quijano-99-9%f0%9f%97%93%ef%b8%8f-campo-quijano-agosto-de-2025\/\"]}]},{\"@type\":\"BreadcrumbList\",\"@id\":\"https:\/\/nahuelproducciones.com.ar\/radioquijano\/%f0%9f%93%bb-editorial-de-ricardo-cady-guzman-radio-quijano-99-9%f0%9f%97%93%ef%b8%8f-campo-quijano-agosto-de-2025\/#breadcrumb\",\"itemListElement\":[{\"@type\":\"ListItem\",\"position\":1,\"name\":\"Portada\",\"item\":\"https:\/\/nahuelproducciones.com.ar\/radioquijano\/\"},{\"@type\":\"ListItem\",\"position\":2,\"name\":\"&#x1f4fb; Editorial: Ricardo Cady Guzm\u00e1n \u2013 Radio Quijano 99.9Ciclo: \u00abAIRE DE LIBERTAD\u00bb Campo Quijano, agosto de 2025\"}]},{\"@type\":\"WebSite\",\"@id\":\"https:\/\/nahuelproducciones.com.ar\/radioquijano\/#website\",\"url\":\"https:\/\/nahuelproducciones.com.ar\/radioquijano\/\",\"name\":\"RQ 99.9\",\"description\":\"Radio Quijano 99.9 MHz\",\"potentialAction\":[{\"@type\":\"SearchAction\",\"target\":{\"@type\":\"EntryPoint\",\"urlTemplate\":\"https:\/\/nahuelproducciones.com.ar\/radioquijano\/?s={search_term_string}\"},\"query-input\":\"required name=search_term_string\"}],\"inLanguage\":\"es\"},{\"@type\":\"Person\",\"@id\":\"https:\/\/nahuelproducciones.com.ar\/radioquijano\/#\/schema\/person\/b9b81a110cbdf07949e2cd02d478ab9d\",\"name\":\"Ricardo Guzman\",\"image\":{\"@type\":\"ImageObject\",\"inLanguage\":\"es\",\"@id\":\"https:\/\/nahuelproducciones.com.ar\/radioquijano\/#\/schema\/person\/image\/\",\"url\":\"https:\/\/secure.gravatar.com\/avatar\/a5d582deda251f95dc882b72fc6e7b4854f88bb25c3154519210afffa7d706e8?s=96&d=mm&r=g\",\"contentUrl\":\"https:\/\/secure.gravatar.com\/avatar\/a5d582deda251f95dc882b72fc6e7b4854f88bb25c3154519210afffa7d706e8?s=96&d=mm&r=g\",\"caption\":\"Ricardo Guzman\"},\"url\":\"https:\/\/nahuelproducciones.com.ar\/radioquijano\/author\/cady\/\"}]}<\/script>\n<!-- \/ Yoast SEO plugin. -->","yoast_head_json":{"title":"&#x1f4fb; Editorial: Ricardo Cady Guzm\u00e1n \u2013 Radio Quijano 99.9Ciclo: \"AIRE DE LIBERTAD\" Campo Quijano, agosto de 2025 - RQ 99.9","robots":{"index":"index","follow":"follow","max-snippet":"max-snippet:-1","max-image-preview":"max-image-preview:large","max-video-preview":"max-video-preview:-1"},"canonical":"https:\/\/nahuelproducciones.com.ar\/radioquijano\/\ud83d\udcfb-editorial-de-ricardo-cady-guzman-radio-quijano-99-9\ud83d\uddd3\ufe0f-campo-quijano-agosto-de-2025\/","og_locale":"es_ES","og_type":"article","og_title":"&#x1f4fb; Editorial: Ricardo Cady Guzm\u00e1n \u2013 Radio Quijano 99.9Ciclo: \"AIRE DE LIBERTAD\" Campo Quijano, agosto de 2025 - RQ 99.9","og_description":"Cuando la hipocres\u00eda se imprime en papel reciclado El Concejo Deliberante pretende reglamentar lo que no existe, mientras el municipio sigue sin presupuesto y sin reglas claras Vecinos de Campo Quijano, buenas noches.Esto que voy a decir no es una exageraci\u00f3n, ni una provocaci\u00f3n: es una denuncia pol\u00edtica con todas las letras. En estos d\u00edas, [&hellip;]","og_url":"https:\/\/nahuelproducciones.com.ar\/radioquijano\/\ud83d\udcfb-editorial-de-ricardo-cady-guzman-radio-quijano-99-9\ud83d\uddd3\ufe0f-campo-quijano-agosto-de-2025\/","og_site_name":"RQ 99.9","article_publisher":"https:\/\/www.facebook.com\/nahuelproducciones999\/","article_published_time":"2025-08-05T02:08:34+00:00","article_modified_time":"2025-08-05T02:54:13+00:00","og_image":[{"width":700,"height":700,"url":"https:\/\/nahuelproducciones.com.ar\/radioquijano\/wp-content\/uploads\/2025\/03\/409692745_7109146162441428_5947129086985140626_n-e1741189589681.jpg","type":"image\/jpeg"}],"author":"Ricardo Guzman","twitter_card":"summary_large_image","twitter_creator":"@nahuproduciones","twitter_site":"@nahuproduciones","twitter_misc":{"Escrito por":"Ricardo Guzman","Tiempo de lectura":"3 minutos"},"schema":{"@context":"https:\/\/schema.org","@graph":[{"@type":"WebPage","@id":"https:\/\/nahuelproducciones.com.ar\/radioquijano\/%f0%9f%93%bb-editorial-de-ricardo-cady-guzman-radio-quijano-99-9%f0%9f%97%93%ef%b8%8f-campo-quijano-agosto-de-2025\/","url":"https:\/\/nahuelproducciones.com.ar\/radioquijano\/%f0%9f%93%bb-editorial-de-ricardo-cady-guzman-radio-quijano-99-9%f0%9f%97%93%ef%b8%8f-campo-quijano-agosto-de-2025\/","name":"&#x1f4fb; Editorial: Ricardo Cady Guzm\u00e1n \u2013 Radio Quijano 99.9Ciclo: \"AIRE DE LIBERTAD\" Campo Quijano, agosto de 2025 - RQ 99.9","isPartOf":{"@id":"https:\/\/nahuelproducciones.com.ar\/radioquijano\/#website"},"datePublished":"2025-08-05T02:08:34+00:00","dateModified":"2025-08-05T02:54:13+00:00","author":{"@id":"https:\/\/nahuelproducciones.com.ar\/radioquijano\/#\/schema\/person\/b9b81a110cbdf07949e2cd02d478ab9d"},"breadcrumb":{"@id":"https:\/\/nahuelproducciones.com.ar\/radioquijano\/%f0%9f%93%bb-editorial-de-ricardo-cady-guzman-radio-quijano-99-9%f0%9f%97%93%ef%b8%8f-campo-quijano-agosto-de-2025\/#breadcrumb"},"inLanguage":"es","potentialAction":[{"@type":"ReadAction","target":["https:\/\/nahuelproducciones.com.ar\/radioquijano\/%f0%9f%93%bb-editorial-de-ricardo-cady-guzman-radio-quijano-99-9%f0%9f%97%93%ef%b8%8f-campo-quijano-agosto-de-2025\/"]}]},{"@type":"BreadcrumbList","@id":"https:\/\/nahuelproducciones.com.ar\/radioquijano\/%f0%9f%93%bb-editorial-de-ricardo-cady-guzman-radio-quijano-99-9%f0%9f%97%93%ef%b8%8f-campo-quijano-agosto-de-2025\/#breadcrumb","itemListElement":[{"@type":"ListItem","position":1,"name":"Portada","item":"https:\/\/nahuelproducciones.com.ar\/radioquijano\/"},{"@type":"ListItem","position":2,"name":"&#x1f4fb; Editorial: Ricardo Cady Guzm\u00e1n \u2013 Radio Quijano 99.9Ciclo: \u00abAIRE DE LIBERTAD\u00bb Campo Quijano, agosto de 2025"}]},{"@type":"WebSite","@id":"https:\/\/nahuelproducciones.com.ar\/radioquijano\/#website","url":"https:\/\/nahuelproducciones.com.ar\/radioquijano\/","name":"RQ 99.9","description":"Radio Quijano 99.9 MHz","potentialAction":[{"@type":"SearchAction","target":{"@type":"EntryPoint","urlTemplate":"https:\/\/nahuelproducciones.com.ar\/radioquijano\/?s={search_term_string}"},"query-input":"required name=search_term_string"}],"inLanguage":"es"},{"@type":"Person","@id":"https:\/\/nahuelproducciones.com.ar\/radioquijano\/#\/schema\/person\/b9b81a110cbdf07949e2cd02d478ab9d","name":"Ricardo Guzman","image":{"@type":"ImageObject","inLanguage":"es","@id":"https:\/\/nahuelproducciones.com.ar\/radioquijano\/#\/schema\/person\/image\/","url":"https:\/\/secure.gravatar.com\/avatar\/a5d582deda251f95dc882b72fc6e7b4854f88bb25c3154519210afffa7d706e8?s=96&d=mm&r=g","contentUrl":"https:\/\/secure.gravatar.com\/avatar\/a5d582deda251f95dc882b72fc6e7b4854f88bb25c3154519210afffa7d706e8?s=96&d=mm&r=g","caption":"Ricardo Guzman"},"url":"https:\/\/nahuelproducciones.com.ar\/radioquijano\/author\/cady\/"}]}},"_links":{"self":[{"href":"https:\/\/nahuelproducciones.com.ar\/radioquijano\/wp-json\/wp\/v2\/posts\/10818","targetHints":{"allow":["GET"]}}],"collection":[{"href":"https:\/\/nahuelproducciones.com.ar\/radioquijano\/wp-json\/wp\/v2\/posts"}],"about":[{"href":"https:\/\/nahuelproducciones.com.ar\/radioquijano\/wp-json\/wp\/v2\/types\/post"}],"author":[{"embeddable":true,"href":"https:\/\/nahuelproducciones.com.ar\/radioquijano\/wp-json\/wp\/v2\/users\/6"}],"replies":[{"embeddable":true,"href":"https:\/\/nahuelproducciones.com.ar\/radioquijano\/wp-json\/wp\/v2\/comments?post=10818"}],"version-history":[{"count":7,"href":"https:\/\/nahuelproducciones.com.ar\/radioquijano\/wp-json\/wp\/v2\/posts\/10818\/revisions"}],"predecessor-version":[{"id":10828,"href":"https:\/\/nahuelproducciones.com.ar\/radioquijano\/wp-json\/wp\/v2\/posts\/10818\/revisions\/10828"}],"wp:featuredmedia":[{"embeddable":true,"href":"https:\/\/nahuelproducciones.com.ar\/radioquijano\/wp-json\/wp\/v2\/media\/9756"}],"wp:attachment":[{"href":"https:\/\/nahuelproducciones.com.ar\/radioquijano\/wp-json\/wp\/v2\/media?parent=10818"}],"wp:term":[{"taxonomy":"category","embeddable":true,"href":"https:\/\/nahuelproducciones.com.ar\/radioquijano\/wp-json\/wp\/v2\/categories?post=10818"},{"taxonomy":"post_tag","embeddable":true,"href":"https:\/\/nahuelproducciones.com.ar\/radioquijano\/wp-json\/wp\/v2\/tags?post=10818"}],"curies":[{"name":"wp","href":"https:\/\/api.w.org\/{rel}","templated":true}]}}