{"id":1082,"date":"2021-06-22T09:39:52","date_gmt":"2021-06-22T12:39:52","guid":{"rendered":"https:\/\/nahuelproducciones.com.ar\/radioquijano\/?p=1082"},"modified":"2021-06-22T10:42:08","modified_gmt":"2021-06-22T13:42:08","slug":"la-obra-publica-o-quien-la-hace-que-importa-mas","status":"publish","type":"post","link":"https:\/\/nahuelproducciones.com.ar\/radioquijano\/la-obra-publica-o-quien-la-hace-que-importa-mas\/","title":{"rendered":"\u00bfLa obra p\u00fablica o quien la hace? Que importa m\u00e1s?"},"content":{"rendered":"\n<p>Qu\u00e9 es lo importante? La obra p\u00fablica en s\u00ed o la puesta en valor de la imagen del director de obras p\u00fablicas?En la mayor\u00eda de los municipios del Valle de Lerma la misi\u00f3n es publicar las obras que se concretan. En cambio, para la p\u00e1gina oficial de la Municipalidad de Campo Quijano, el objetivo es poner en escena al director de obras y servicios p\u00fablicos Quintana Taibo en cuanto acto se celebre. Quintana entrega los premios de los concursos, inaugura la salida del tren, recibe al secretario de seguridad, inaugura el edificio escolar de La Silleta, recibe al director del IPV, entrega los kits escolares, sube a revisar los tanques de las escuelas, entrega los certificados de discapacidad, corta el pasto, arregla el techo del cementerio, participa de los actos escolares (a pesar de las directivas del Ministerio de Educaci\u00f3n, respecto al ingreso de personas ajenas a la instituciones escolares), nivela las calles, usa la maquinaria del municipio para seguir con las obras los fines de semana, se traslada en comitiva a la Quebrada del Toro para colocar una luminaria solar, &#8230;<\/p>\n\n\n\n<p>En resumen, lejos de dar un paso al costado para competir electoralmente en igualdad de condiciones, el \u00abfuncionario-candidato\u00bb predilecto del intendente, utiliza el tiempo pago y los bienes y servicios del estado municipal para imponerse deslealmente frente a los dem\u00e1s candidatos. Si la gesti\u00f3n Folloni financia la campa\u00f1a electoral de Quintana Taibo, \u00bfqu\u00e9 tipo de control y transparencia podr\u00eda ejercer y exigir al ejecutivo municipal, llegado el caso de que sea concejal?<\/p>\n\n\n\n<figure class=\"wp-block-audio\"><audio controls src=\"https:\/\/nahuelproducciones.com.ar\/radioquijano\/wp-content\/uploads\/2021\/06\/22-06-2021-la-obra-publica-Lorena-Torres-1.mp3\"><\/audio><\/figure>\n\n\n\n<iframe loading=\"lazy\" src=\"https:\/\/www.facebook.com\/plugins\/post.php?href=https%3A%2F%2Fwww.facebook.com%2FCaditoGuzman%2Fposts%2F2803242636655143&#038;show_text=true&#038;width=500\" width=\"500\" height=\"968\" style=\"border:none;overflow:hidden\" scrolling=\"no\" frameborder=\"0\" allowfullscreen=\"true\" allow=\"autoplay; clipboard-write; encrypted-media; picture-in-picture; web-share\"><\/iframe>\n","protected":false},"excerpt":{"rendered":"<p>Qu\u00e9 es lo importante? La obra p\u00fablica en s\u00ed o la puesta en valor de la imagen del director de obras p\u00fablicas?En la mayor\u00eda de los municipios del Valle de Lerma la misi\u00f3n es publicar las obras que se concretan. En cambio, para la p\u00e1gina oficial de la Municipalidad de Campo Quijano, el objetivo es [&hellip;]<\/p>\n","protected":false},"author":6,"featured_media":1083,"comment_status":"open","ping_status":"open","sticky":false,"template":"","format":"standard","meta":{"_monsterinsights_skip_tracking":false,"_monsterinsights_sitenote_active":false,"_monsterinsights_sitenote_note":"","_monsterinsights_sitenote_category":0,"footnotes":""},"categories":[16],"tags":[36,58,109,71,100,108],"class_list":["post-1082","post","type-post","status-publish","format-standard","has-post-thumbnail","hentry","category-noticias","tag-campo-quijano","tag-carlos-folloni","tag-federico-schenzle","tag-municipalidad-de-campo-quijano","tag-municipio-de-campo-quijano","tag-obra-publica"],"yoast_head":"<!-- This site is optimized with the Yoast SEO plugin v20.8 - https:\/\/yoast.com\/wordpress\/plugins\/seo\/ -->\n<title>\u00bfLa obra p\u00fablica o quien la hace? Que importa m\u00e1s? - RQ 99.9<\/title>\n<meta name=\"description\" content=\"Qu\u00e9 es lo importante? La obra p\u00fablica en s\u00ed o la puesta en valor de la imagen del director de obras p\u00fablicas?En la mayor\u00eda de los municipios del Valle de Lerma la misi\u00f3n es publicar las obras que se concretan\" \/>\n<meta name=\"robots\" content=\"index, follow, max-snippet:-1, max-image-preview:large, max-video-preview:-1\" \/>\n<link rel=\"canonical\" href=\"https:\/\/nahuelproducciones.com.ar\/radioquijano\/la-obra-publica-o-quien-la-hace-que-importa-mas\/\" \/>\n<meta property=\"og:locale\" content=\"es_ES\" \/>\n<meta property=\"og:type\" content=\"article\" \/>\n<meta property=\"og:title\" content=\"\u00bfLa obra p\u00fablica o quien la hace? Que importa m\u00e1s? - RQ 99.9\" \/>\n<meta property=\"og:description\" content=\"Qu\u00e9 es lo importante? La obra p\u00fablica en s\u00ed o la puesta en valor de la imagen del director de obras p\u00fablicas?En la mayor\u00eda de los municipios del Valle de Lerma la misi\u00f3n es publicar las obras que se concretan\" \/>\n<meta property=\"og:url\" content=\"https:\/\/nahuelproducciones.com.ar\/radioquijano\/la-obra-publica-o-quien-la-hace-que-importa-mas\/\" \/>\n<meta property=\"og:site_name\" content=\"RQ 99.9\" \/>\n<meta property=\"article:publisher\" content=\"https:\/\/www.facebook.com\/nahuelproducciones999\/\" \/>\n<meta property=\"article:published_time\" content=\"2021-06-22T12:39:52+00:00\" \/>\n<meta property=\"article:modified_time\" content=\"2021-06-22T13:42:08+00:00\" \/>\n<meta property=\"og:image\" content=\"https:\/\/nahuelproducciones.com.ar\/radioquijano\/wp-content\/uploads\/2021\/06\/191540646_333443488158337_6449465043784651673_n.jpg\" \/>\n\t<meta property=\"og:image:width\" content=\"700\" \/>\n\t<meta property=\"og:image:height\" content=\"350\" \/>\n\t<meta property=\"og:image:type\" content=\"image\/jpeg\" \/>\n<meta name=\"author\" content=\"Ricardo Guzman\" \/>\n<meta name=\"twitter:card\" content=\"summary_large_image\" \/>\n<meta name=\"twitter:creator\" content=\"@nahuproduciones\" \/>\n<meta name=\"twitter:site\" content=\"@nahuproduciones\" \/>\n<meta name=\"twitter:label1\" content=\"Escrito por\" \/>\n\t<meta name=\"twitter:data1\" content=\"Ricardo Guzman\" \/>\n\t<meta name=\"twitter:label2\" content=\"Tiempo de lectura\" \/>\n\t<meta name=\"twitter:data2\" content=\"2 minutos\" \/>\n<script type=\"application\/ld+json\" class=\"yoast-schema-graph\">{\"@context\":\"https:\/\/schema.org\",\"@graph\":[{\"@type\":\"WebPage\",\"@id\":\"https:\/\/nahuelproducciones.com.ar\/radioquijano\/la-obra-publica-o-quien-la-hace-que-importa-mas\/\",\"url\":\"https:\/\/nahuelproducciones.com.ar\/radioquijano\/la-obra-publica-o-quien-la-hace-que-importa-mas\/\",\"name\":\"\u00bfLa obra p\u00fablica o quien la hace? Que importa m\u00e1s? - RQ 99.9\",\"isPartOf\":{\"@id\":\"https:\/\/nahuelproducciones.com.ar\/radioquijano\/#website\"},\"datePublished\":\"2021-06-22T12:39:52+00:00\",\"dateModified\":\"2021-06-22T13:42:08+00:00\",\"author\":{\"@id\":\"https:\/\/nahuelproducciones.com.ar\/radioquijano\/#\/schema\/person\/b9b81a110cbdf07949e2cd02d478ab9d\"},\"description\":\"Qu\u00e9 es lo importante? La obra p\u00fablica en s\u00ed o la puesta en valor de la imagen del director de obras p\u00fablicas?En la mayor\u00eda de los municipios del Valle de Lerma la misi\u00f3n es publicar las obras que se concretan\",\"breadcrumb\":{\"@id\":\"https:\/\/nahuelproducciones.com.ar\/radioquijano\/la-obra-publica-o-quien-la-hace-que-importa-mas\/#breadcrumb\"},\"inLanguage\":\"es\",\"potentialAction\":[{\"@type\":\"ReadAction\",\"target\":[\"https:\/\/nahuelproducciones.com.ar\/radioquijano\/la-obra-publica-o-quien-la-hace-que-importa-mas\/\"]}]},{\"@type\":\"BreadcrumbList\",\"@id\":\"https:\/\/nahuelproducciones.com.ar\/radioquijano\/la-obra-publica-o-quien-la-hace-que-importa-mas\/#breadcrumb\",\"itemListElement\":[{\"@type\":\"ListItem\",\"position\":1,\"name\":\"Portada\",\"item\":\"https:\/\/nahuelproducciones.com.ar\/radioquijano\/\"},{\"@type\":\"ListItem\",\"position\":2,\"name\":\"\u00bfLa obra p\u00fablica o quien la hace? Que importa m\u00e1s?\"}]},{\"@type\":\"WebSite\",\"@id\":\"https:\/\/nahuelproducciones.com.ar\/radioquijano\/#website\",\"url\":\"https:\/\/nahuelproducciones.com.ar\/radioquijano\/\",\"name\":\"RQ 99.9\",\"description\":\"Radio Quijano 99.9 MHz\",\"potentialAction\":[{\"@type\":\"SearchAction\",\"target\":{\"@type\":\"EntryPoint\",\"urlTemplate\":\"https:\/\/nahuelproducciones.com.ar\/radioquijano\/?s={search_term_string}\"},\"query-input\":\"required name=search_term_string\"}],\"inLanguage\":\"es\"},{\"@type\":\"Person\",\"@id\":\"https:\/\/nahuelproducciones.com.ar\/radioquijano\/#\/schema\/person\/b9b81a110cbdf07949e2cd02d478ab9d\",\"name\":\"Ricardo Guzman\",\"image\":{\"@type\":\"ImageObject\",\"inLanguage\":\"es\",\"@id\":\"https:\/\/nahuelproducciones.com.ar\/radioquijano\/#\/schema\/person\/image\/\",\"url\":\"https:\/\/secure.gravatar.com\/avatar\/a5d582deda251f95dc882b72fc6e7b4854f88bb25c3154519210afffa7d706e8?s=96&d=mm&r=g\",\"contentUrl\":\"https:\/\/secure.gravatar.com\/avatar\/a5d582deda251f95dc882b72fc6e7b4854f88bb25c3154519210afffa7d706e8?s=96&d=mm&r=g\",\"caption\":\"Ricardo Guzman\"},\"url\":\"https:\/\/nahuelproducciones.com.ar\/radioquijano\/author\/cady\/\"}]}<\/script>\n<!-- \/ Yoast SEO plugin. -->","yoast_head_json":{"title":"\u00bfLa obra p\u00fablica o quien la hace? Que importa m\u00e1s? - RQ 99.9","description":"Qu\u00e9 es lo importante? La obra p\u00fablica en s\u00ed o la puesta en valor de la imagen del director de obras p\u00fablicas?En la mayor\u00eda de los municipios del Valle de Lerma la misi\u00f3n es publicar las obras que se concretan","robots":{"index":"index","follow":"follow","max-snippet":"max-snippet:-1","max-image-preview":"max-image-preview:large","max-video-preview":"max-video-preview:-1"},"canonical":"https:\/\/nahuelproducciones.com.ar\/radioquijano\/la-obra-publica-o-quien-la-hace-que-importa-mas\/","og_locale":"es_ES","og_type":"article","og_title":"\u00bfLa obra p\u00fablica o quien la hace? Que importa m\u00e1s? - RQ 99.9","og_description":"Qu\u00e9 es lo importante? La obra p\u00fablica en s\u00ed o la puesta en valor de la imagen del director de obras p\u00fablicas?En la mayor\u00eda de los municipios del Valle de Lerma la misi\u00f3n es publicar las obras que se concretan","og_url":"https:\/\/nahuelproducciones.com.ar\/radioquijano\/la-obra-publica-o-quien-la-hace-que-importa-mas\/","og_site_name":"RQ 99.9","article_publisher":"https:\/\/www.facebook.com\/nahuelproducciones999\/","article_published_time":"2021-06-22T12:39:52+00:00","article_modified_time":"2021-06-22T13:42:08+00:00","og_image":[{"width":700,"height":350,"url":"https:\/\/nahuelproducciones.com.ar\/radioquijano\/wp-content\/uploads\/2021\/06\/191540646_333443488158337_6449465043784651673_n.jpg","type":"image\/jpeg"}],"author":"Ricardo Guzman","twitter_card":"summary_large_image","twitter_creator":"@nahuproduciones","twitter_site":"@nahuproduciones","twitter_misc":{"Escrito por":"Ricardo Guzman","Tiempo de lectura":"2 minutos"},"schema":{"@context":"https:\/\/schema.org","@graph":[{"@type":"WebPage","@id":"https:\/\/nahuelproducciones.com.ar\/radioquijano\/la-obra-publica-o-quien-la-hace-que-importa-mas\/","url":"https:\/\/nahuelproducciones.com.ar\/radioquijano\/la-obra-publica-o-quien-la-hace-que-importa-mas\/","name":"\u00bfLa obra p\u00fablica o quien la hace? Que importa m\u00e1s? - RQ 99.9","isPartOf":{"@id":"https:\/\/nahuelproducciones.com.ar\/radioquijano\/#website"},"datePublished":"2021-06-22T12:39:52+00:00","dateModified":"2021-06-22T13:42:08+00:00","author":{"@id":"https:\/\/nahuelproducciones.com.ar\/radioquijano\/#\/schema\/person\/b9b81a110cbdf07949e2cd02d478ab9d"},"description":"Qu\u00e9 es lo importante? La obra p\u00fablica en s\u00ed o la puesta en valor de la imagen del director de obras p\u00fablicas?En la mayor\u00eda de los municipios del Valle de Lerma la misi\u00f3n es publicar las obras que se concretan","breadcrumb":{"@id":"https:\/\/nahuelproducciones.com.ar\/radioquijano\/la-obra-publica-o-quien-la-hace-que-importa-mas\/#breadcrumb"},"inLanguage":"es","potentialAction":[{"@type":"ReadAction","target":["https:\/\/nahuelproducciones.com.ar\/radioquijano\/la-obra-publica-o-quien-la-hace-que-importa-mas\/"]}]},{"@type":"BreadcrumbList","@id":"https:\/\/nahuelproducciones.com.ar\/radioquijano\/la-obra-publica-o-quien-la-hace-que-importa-mas\/#breadcrumb","itemListElement":[{"@type":"ListItem","position":1,"name":"Portada","item":"https:\/\/nahuelproducciones.com.ar\/radioquijano\/"},{"@type":"ListItem","position":2,"name":"\u00bfLa obra p\u00fablica o quien la hace? Que importa m\u00e1s?"}]},{"@type":"WebSite","@id":"https:\/\/nahuelproducciones.com.ar\/radioquijano\/#website","url":"https:\/\/nahuelproducciones.com.ar\/radioquijano\/","name":"RQ 99.9","description":"Radio Quijano 99.9 MHz","potentialAction":[{"@type":"SearchAction","target":{"@type":"EntryPoint","urlTemplate":"https:\/\/nahuelproducciones.com.ar\/radioquijano\/?s={search_term_string}"},"query-input":"required name=search_term_string"}],"inLanguage":"es"},{"@type":"Person","@id":"https:\/\/nahuelproducciones.com.ar\/radioquijano\/#\/schema\/person\/b9b81a110cbdf07949e2cd02d478ab9d","name":"Ricardo Guzman","image":{"@type":"ImageObject","inLanguage":"es","@id":"https:\/\/nahuelproducciones.com.ar\/radioquijano\/#\/schema\/person\/image\/","url":"https:\/\/secure.gravatar.com\/avatar\/a5d582deda251f95dc882b72fc6e7b4854f88bb25c3154519210afffa7d706e8?s=96&d=mm&r=g","contentUrl":"https:\/\/secure.gravatar.com\/avatar\/a5d582deda251f95dc882b72fc6e7b4854f88bb25c3154519210afffa7d706e8?s=96&d=mm&r=g","caption":"Ricardo Guzman"},"url":"https:\/\/nahuelproducciones.com.ar\/radioquijano\/author\/cady\/"}]}},"_links":{"self":[{"href":"https:\/\/nahuelproducciones.com.ar\/radioquijano\/wp-json\/wp\/v2\/posts\/1082","targetHints":{"allow":["GET"]}}],"collection":[{"href":"https:\/\/nahuelproducciones.com.ar\/radioquijano\/wp-json\/wp\/v2\/posts"}],"about":[{"href":"https:\/\/nahuelproducciones.com.ar\/radioquijano\/wp-json\/wp\/v2\/types\/post"}],"author":[{"embeddable":true,"href":"https:\/\/nahuelproducciones.com.ar\/radioquijano\/wp-json\/wp\/v2\/users\/6"}],"replies":[{"embeddable":true,"href":"https:\/\/nahuelproducciones.com.ar\/radioquijano\/wp-json\/wp\/v2\/comments?post=1082"}],"version-history":[{"count":3,"href":"https:\/\/nahuelproducciones.com.ar\/radioquijano\/wp-json\/wp\/v2\/posts\/1082\/revisions"}],"predecessor-version":[{"id":1090,"href":"https:\/\/nahuelproducciones.com.ar\/radioquijano\/wp-json\/wp\/v2\/posts\/1082\/revisions\/1090"}],"wp:featuredmedia":[{"embeddable":true,"href":"https:\/\/nahuelproducciones.com.ar\/radioquijano\/wp-json\/wp\/v2\/media\/1083"}],"wp:attachment":[{"href":"https:\/\/nahuelproducciones.com.ar\/radioquijano\/wp-json\/wp\/v2\/media?parent=1082"}],"wp:term":[{"taxonomy":"category","embeddable":true,"href":"https:\/\/nahuelproducciones.com.ar\/radioquijano\/wp-json\/wp\/v2\/categories?post=1082"},{"taxonomy":"post_tag","embeddable":true,"href":"https:\/\/nahuelproducciones.com.ar\/radioquijano\/wp-json\/wp\/v2\/tags?post=1082"}],"curies":[{"name":"wp","href":"https:\/\/api.w.org\/{rel}","templated":true}]}}