{"id":10831,"date":"2025-08-07T07:49:34","date_gmt":"2025-08-07T10:49:34","guid":{"rendered":"https:\/\/nahuelproducciones.com.ar\/radioquijano\/?p=10831"},"modified":"2025-08-07T10:50:12","modified_gmt":"2025-08-07T13:50:12","slug":"remueven-a-la-concejal-lorena-torres-de-la-presidencia-de-comision-en-medio-de-acusaciones-cruzadas-y-un-clima-institucional-tenso","status":"publish","type":"post","link":"https:\/\/nahuelproducciones.com.ar\/radioquijano\/remueven-a-la-concejal-lorena-torres-de-la-presidencia-de-comision-en-medio-de-acusaciones-cruzadas-y-un-clima-institucional-tenso\/","title":{"rendered":"Remueven a la Concejal Lorena Torres de la Presidencia de Comisi\u00f3n en medio de acusaciones cruzadas y un clima institucional tenso."},"content":{"rendered":"\n<p><br>En un contexto de creciente tensi\u00f3n pol\u00edtica dentro del Concejo Deliberante de Campo Quijano, en la sesi\u00f3n ordinaria del 5 de agosto se resolvi\u00f3, por mayor\u00eda de votos, <strong>remover a la concejal Lorena Torres como presidenta de las reuniones de comisi\u00f3n<\/strong>, a ra\u00edz de una serie de notas presentadas por la secretaria parlamentaria y por el personal administrativo del cuerpo legislativo.<\/p>\n\n\n\n<p>Las misivas, firmadas por Vilma Sangueso, Andrea Cruz, Natalia \u00c1vila y Alanjay Eduardo, <strong>acusaban a la edil de destrato, gestos inapropiados y un tono elevado<\/strong> en el trato con los secretarios, especialmente durante un intercambio ocurrido el 31 de julio previo a una reuni\u00f3n de comisi\u00f3n. Asimismo, sostuvieron que su actitud genera \u00abun ambiente laboral conflictivo y estresante\u00bb.<\/p>\n\n\n\n<p>Entre los puntos m\u00e1s delicados, los secretarios reconocen en su nota que <strong>hubo un error administrativo en el manejo de un expediente<\/strong>, correspondiente a una ordenanza tarifaria que deb\u00eda ser enviada al Ejecutivo Municipal, pero aseguran que \u00abno existi\u00f3 intenci\u00f3n de ocultar ni entorpecer el trabajo\u00bb. Sin embargo, atribuyen a la concejal Torres un modo de dirigirse que habr\u00eda impactado negativamente en la tarea administrativa.<\/p>\n\n\n\n<p>En respuesta a esta situaci\u00f3n, la concejal Lorena Torres hizo p\u00fablica su posici\u00f3n en redes sociales, bajo el t\u00edtulo: <strong>\u00abUna falsa acusaci\u00f3n organizada\u00bb<\/strong>. En su publicaci\u00f3n, la edil asegura que grab\u00f3 los momentos clave de la discusi\u00f3n para dejar constancia de lo sucedido y afirma:<\/p>\n\n\n\n<blockquote class=\"wp-block-quote is-layout-flow wp-block-quote-is-layout-flow\">\n<p>\u201cEl pedido de la documentaci\u00f3n lo realic\u00e9 el jueves 31 de julio a la Presidente del Concejo, en un marco de respeto. No hubo di\u00e1logo con los secretarios, salvo con la parlamentaria que se acerc\u00f3 a explicar el expediente.\u201d<\/p>\n<\/blockquote>\n\n\n\n<p>Torres adem\u00e1s denunci\u00f3 que fue v\u00edctima de una operaci\u00f3n pol\u00edtica coordinada, respaldada por perfiles falsos en redes sociales que intentaron desacreditarla y atacar a vecinos que la apoyan.<\/p>\n\n\n\n<p>Como resultado de este conflicto, el concejal <strong>Lupy Cruz fue designado como nuevo presidente de las reuniones de comisi\u00f3n<\/strong>, siendo adem\u00e1s quien impuls\u00f3 el cambio de autoridades.<\/p>\n\n\n\n<p>El caso deja al descubierto <strong>la fragilidad institucional del cuerpo deliberativo local<\/strong>, que contin\u00faa sesionando sin reglamento interno  y en medio de <strong>acusaciones cruzadas, fallas administrativas y tensiones pol\u00edticas constantes<\/strong>.<\/p>\n\n\n\n<p>Mientras tanto, la comunidad sigue exigiendo transparencia, respeto y compromiso real con la democracia local.<\/p>\n\n\n\n<p><a href=\"https:\/\/www.facebook.com\/share\/v\/16o6eF8HpE\">https:\/\/www.facebook.com\/share\/v\/16o6eF8HpE<\/a><\/p>\n\n\n\n<figure class=\"wp-block-video\"><video controls src=\"https:\/\/nahuelproducciones.com.ar\/radioquijano\/wp-content\/uploads\/2025\/08\/AQOad5d7-lzv2EXeEg8AsI6vbyHs6Dfz15l23_-OfdDAN9vVfZ9O5tn5Vhh62Z5trW5tChSBexhUmkz3sgY9R1lqvShEGGtGINEIsXugyRMg1A.mp4\"><\/video><\/figure>\n\n\n\n<figure class=\"wp-block-video\"><video controls src=\"https:\/\/nahuelproducciones.com.ar\/radioquijano\/wp-content\/uploads\/2025\/08\/AQMl9wodpLoVQLkG2Ties2AuuyYgYv-_rVbrV8AFk35XLpQuQq6vWb998MuJeC6Ry8YYWEWuAzgYZiRB4_mv80MB8h7u5QILJxBDHhrQCekiuw.mp4\"><\/video><\/figure>\n\n\n\n<p>La concejal Lorena Torres habl\u00f3 con Radio Quijano y explic\u00f3 su versi\u00f3n.<\/p>\n\n\n\n<p>Escuch\u00e1 la entrevista completa:<\/p>\n\n\n\n<figure class=\"wp-block-audio\"><audio controls src=\"https:\/\/nahuelproducciones.com.ar\/radioquijano\/wp-content\/uploads\/2025\/08\/06-08-2028-CONCEJ-LORENA-TORRES-TEMA-POSIBLESANCION-Y-LE-SACARON-LA-PRESIDENCIA-DE-COMISION.mp3\"><\/audio><\/figure>\n\n\n\n<p>Martes 5 de agosto. Nota de los secretarios<\/p>\n\n\n\n<figure class=\"wp-block-gallery has-nested-images columns-default is-cropped wp-block-gallery-1 is-layout-flex wp-block-gallery-is-layout-flex\">\n<figure class=\"wp-block-image size-large\"><img loading=\"lazy\" decoding=\"async\" width=\"576\" height=\"1024\" data-id=\"10838\" src=\"https:\/\/nahuelproducciones.com.ar\/radioquijano\/wp-content\/uploads\/2025\/08\/WhatsApp-Image-2025-08-07-at-7.52.02-AM-1-576x1024.jpeg\" alt=\"\" class=\"wp-image-10838\" srcset=\"https:\/\/nahuelproducciones.com.ar\/radioquijano\/wp-content\/uploads\/2025\/08\/WhatsApp-Image-2025-08-07-at-7.52.02-AM-1-576x1024.jpeg 576w, https:\/\/nahuelproducciones.com.ar\/radioquijano\/wp-content\/uploads\/2025\/08\/WhatsApp-Image-2025-08-07-at-7.52.02-AM-1-169x300.jpeg 169w, https:\/\/nahuelproducciones.com.ar\/radioquijano\/wp-content\/uploads\/2025\/08\/WhatsApp-Image-2025-08-07-at-7.52.02-AM-1-150x266.jpeg 150w, https:\/\/nahuelproducciones.com.ar\/radioquijano\/wp-content\/uploads\/2025\/08\/WhatsApp-Image-2025-08-07-at-7.52.02-AM-1.jpeg 720w\" sizes=\"auto, (max-width: 576px) 100vw, 576px\" \/><\/figure>\n\n\n\n<figure class=\"wp-block-image size-large\"><img loading=\"lazy\" decoding=\"async\" width=\"676\" height=\"1024\" data-id=\"10839\" src=\"https:\/\/nahuelproducciones.com.ar\/radioquijano\/wp-content\/uploads\/2025\/08\/WhatsApp-Image-2025-08-07-at-7.52.02-AM-676x1024.jpeg\" alt=\"\" class=\"wp-image-10839\" srcset=\"https:\/\/nahuelproducciones.com.ar\/radioquijano\/wp-content\/uploads\/2025\/08\/WhatsApp-Image-2025-08-07-at-7.52.02-AM-676x1024.jpeg 676w, https:\/\/nahuelproducciones.com.ar\/radioquijano\/wp-content\/uploads\/2025\/08\/WhatsApp-Image-2025-08-07-at-7.52.02-AM-198x300.jpeg 198w, https:\/\/nahuelproducciones.com.ar\/radioquijano\/wp-content\/uploads\/2025\/08\/WhatsApp-Image-2025-08-07-at-7.52.02-AM-150x227.jpeg 150w, https:\/\/nahuelproducciones.com.ar\/radioquijano\/wp-content\/uploads\/2025\/08\/WhatsApp-Image-2025-08-07-at-7.52.02-AM.jpeg 720w\" sizes=\"auto, (max-width: 676px) 100vw, 676px\" \/><\/figure>\n<\/figure>\n\n\n\n<p><\/p>\n","protected":false},"excerpt":{"rendered":"<p>En un contexto de creciente tensi\u00f3n pol\u00edtica dentro del Concejo Deliberante de Campo Quijano, en la sesi\u00f3n ordinaria del 5 de agosto se resolvi\u00f3, por mayor\u00eda de votos, remover a la concejal Lorena Torres como presidenta de las reuniones de comisi\u00f3n, a ra\u00edz de una serie de notas presentadas por la secretaria parlamentaria y por [&hellip;]<\/p>\n","protected":false},"author":8,"featured_media":10833,"comment_status":"open","ping_status":"open","sticky":false,"template":"","format":"standard","meta":{"_monsterinsights_skip_tracking":false,"_monsterinsights_sitenote_active":false,"_monsterinsights_sitenote_note":"","_monsterinsights_sitenote_category":0,"footnotes":""},"categories":[16],"tags":[1584,75,100],"class_list":["post-10831","post","type-post","status-publish","format-standard","has-post-thumbnail","hentry","category-noticias","tag-concejal-lorena-tores","tag-concejo-deliberante-de-campo-quijano","tag-municipio-de-campo-quijano"],"yoast_head":"<!-- This site is optimized with the Yoast SEO plugin v20.8 - https:\/\/yoast.com\/wordpress\/plugins\/seo\/ -->\n<title>Remueven a la Concejal Lorena Torres de la Presidencia de Comisi\u00f3n en medio de acusaciones cruzadas y un clima institucional tenso. - RQ 99.9<\/title>\n<meta name=\"description\" content=\"En la vida institucional, donde las palabras pueden ser usadas como herramientas de construcci\u00f3n o como armas para destruir, registrar una conversaci\u00f3n no siempre es desconfianza: muchas veces es defensa.\" \/>\n<meta name=\"robots\" content=\"index, follow, max-snippet:-1, max-image-preview:large, max-video-preview:-1\" \/>\n<link rel=\"canonical\" href=\"https:\/\/nahuelproducciones.com.ar\/radioquijano\/remueven-a-la-concejal-lorena-torres-de-la-presidencia-de-comision-en-medio-de-acusaciones-cruzadas-y-un-clima-institucional-tenso\/\" \/>\n<meta property=\"og:locale\" content=\"es_ES\" \/>\n<meta property=\"og:type\" content=\"article\" \/>\n<meta property=\"og:title\" content=\"Remueven a la Concejal Lorena Torres de la Presidencia de Comisi\u00f3n en medio de acusaciones cruzadas y un clima institucional tenso. - RQ 99.9\" \/>\n<meta property=\"og:description\" content=\"En la vida institucional, donde las palabras pueden ser usadas como herramientas de construcci\u00f3n o como armas para destruir, registrar una conversaci\u00f3n no siempre es desconfianza: muchas veces es defensa.\" \/>\n<meta property=\"og:url\" content=\"https:\/\/nahuelproducciones.com.ar\/radioquijano\/remueven-a-la-concejal-lorena-torres-de-la-presidencia-de-comision-en-medio-de-acusaciones-cruzadas-y-un-clima-institucional-tenso\/\" \/>\n<meta property=\"og:site_name\" content=\"RQ 99.9\" \/>\n<meta property=\"article:publisher\" content=\"https:\/\/www.facebook.com\/nahuelproducciones999\/\" \/>\n<meta property=\"article:published_time\" content=\"2025-08-07T10:49:34+00:00\" \/>\n<meta property=\"article:modified_time\" content=\"2025-08-07T13:50:12+00:00\" \/>\n<meta property=\"og:image\" content=\"https:\/\/nahuelproducciones.com.ar\/radioquijano\/wp-content\/uploads\/2025\/08\/WhatsApp-Image-2025-08-07-at-7.29.45-AM-1-e1754563304234.jpeg\" \/>\n\t<meta property=\"og:image:width\" content=\"700\" \/>\n\t<meta property=\"og:image:height\" content=\"360\" \/>\n\t<meta property=\"og:image:type\" content=\"image\/jpeg\" \/>\n<meta name=\"author\" content=\"Cecilia Pastrana\" \/>\n<meta name=\"twitter:card\" content=\"summary_large_image\" \/>\n<meta name=\"twitter:creator\" content=\"@nahuproduciones\" \/>\n<meta name=\"twitter:site\" content=\"@nahuproduciones\" \/>\n<meta name=\"twitter:label1\" content=\"Escrito por\" \/>\n\t<meta name=\"twitter:data1\" content=\"Cecilia Pastrana\" \/>\n\t<meta name=\"twitter:label2\" content=\"Tiempo de lectura\" \/>\n\t<meta name=\"twitter:data2\" content=\"3 minutos\" \/>\n<script type=\"application\/ld+json\" class=\"yoast-schema-graph\">{\"@context\":\"https:\/\/schema.org\",\"@graph\":[{\"@type\":\"WebPage\",\"@id\":\"https:\/\/nahuelproducciones.com.ar\/radioquijano\/remueven-a-la-concejal-lorena-torres-de-la-presidencia-de-comision-en-medio-de-acusaciones-cruzadas-y-un-clima-institucional-tenso\/\",\"url\":\"https:\/\/nahuelproducciones.com.ar\/radioquijano\/remueven-a-la-concejal-lorena-torres-de-la-presidencia-de-comision-en-medio-de-acusaciones-cruzadas-y-un-clima-institucional-tenso\/\",\"name\":\"Remueven a la Concejal Lorena Torres de la Presidencia de Comisi\u00f3n en medio de acusaciones cruzadas y un clima institucional tenso. - RQ 99.9\",\"isPartOf\":{\"@id\":\"https:\/\/nahuelproducciones.com.ar\/radioquijano\/#website\"},\"datePublished\":\"2025-08-07T10:49:34+00:00\",\"dateModified\":\"2025-08-07T13:50:12+00:00\",\"author\":{\"@id\":\"https:\/\/nahuelproducciones.com.ar\/radioquijano\/#\/schema\/person\/e8a4f939e2cb487fe6d0c54042c9d32c\"},\"description\":\"En la vida institucional, donde las palabras pueden ser usadas como herramientas de construcci\u00f3n o como armas para destruir, registrar una conversaci\u00f3n no siempre es desconfianza: muchas veces es defensa.\",\"breadcrumb\":{\"@id\":\"https:\/\/nahuelproducciones.com.ar\/radioquijano\/remueven-a-la-concejal-lorena-torres-de-la-presidencia-de-comision-en-medio-de-acusaciones-cruzadas-y-un-clima-institucional-tenso\/#breadcrumb\"},\"inLanguage\":\"es\",\"potentialAction\":[{\"@type\":\"ReadAction\",\"target\":[\"https:\/\/nahuelproducciones.com.ar\/radioquijano\/remueven-a-la-concejal-lorena-torres-de-la-presidencia-de-comision-en-medio-de-acusaciones-cruzadas-y-un-clima-institucional-tenso\/\"]}]},{\"@type\":\"BreadcrumbList\",\"@id\":\"https:\/\/nahuelproducciones.com.ar\/radioquijano\/remueven-a-la-concejal-lorena-torres-de-la-presidencia-de-comision-en-medio-de-acusaciones-cruzadas-y-un-clima-institucional-tenso\/#breadcrumb\",\"itemListElement\":[{\"@type\":\"ListItem\",\"position\":1,\"name\":\"Portada\",\"item\":\"https:\/\/nahuelproducciones.com.ar\/radioquijano\/\"},{\"@type\":\"ListItem\",\"position\":2,\"name\":\"Remueven a la Concejal Lorena Torres de la Presidencia de Comisi\u00f3n en medio de acusaciones cruzadas y un clima institucional tenso.\"}]},{\"@type\":\"WebSite\",\"@id\":\"https:\/\/nahuelproducciones.com.ar\/radioquijano\/#website\",\"url\":\"https:\/\/nahuelproducciones.com.ar\/radioquijano\/\",\"name\":\"RQ 99.9\",\"description\":\"Radio Quijano 99.9 MHz\",\"potentialAction\":[{\"@type\":\"SearchAction\",\"target\":{\"@type\":\"EntryPoint\",\"urlTemplate\":\"https:\/\/nahuelproducciones.com.ar\/radioquijano\/?s={search_term_string}\"},\"query-input\":\"required name=search_term_string\"}],\"inLanguage\":\"es\"},{\"@type\":\"Person\",\"@id\":\"https:\/\/nahuelproducciones.com.ar\/radioquijano\/#\/schema\/person\/e8a4f939e2cb487fe6d0c54042c9d32c\",\"name\":\"Cecilia Pastrana\",\"image\":{\"@type\":\"ImageObject\",\"inLanguage\":\"es\",\"@id\":\"https:\/\/nahuelproducciones.com.ar\/radioquijano\/#\/schema\/person\/image\/\",\"url\":\"https:\/\/secure.gravatar.com\/avatar\/661a3ef63a8488d4f2794ed44af8cf71420f7e106f3072c40125114df5157749?s=96&d=mm&r=g\",\"contentUrl\":\"https:\/\/secure.gravatar.com\/avatar\/661a3ef63a8488d4f2794ed44af8cf71420f7e106f3072c40125114df5157749?s=96&d=mm&r=g\",\"caption\":\"Cecilia Pastrana\"},\"sameAs\":[\"cecy\"],\"url\":\"https:\/\/nahuelproducciones.com.ar\/radioquijano\/author\/cecy\/\"}]}<\/script>\n<!-- \/ Yoast SEO plugin. -->","yoast_head_json":{"title":"Remueven a la Concejal Lorena Torres de la Presidencia de Comisi\u00f3n en medio de acusaciones cruzadas y un clima institucional tenso. - RQ 99.9","description":"En la vida institucional, donde las palabras pueden ser usadas como herramientas de construcci\u00f3n o como armas para destruir, registrar una conversaci\u00f3n no siempre es desconfianza: muchas veces es defensa.","robots":{"index":"index","follow":"follow","max-snippet":"max-snippet:-1","max-image-preview":"max-image-preview:large","max-video-preview":"max-video-preview:-1"},"canonical":"https:\/\/nahuelproducciones.com.ar\/radioquijano\/remueven-a-la-concejal-lorena-torres-de-la-presidencia-de-comision-en-medio-de-acusaciones-cruzadas-y-un-clima-institucional-tenso\/","og_locale":"es_ES","og_type":"article","og_title":"Remueven a la Concejal Lorena Torres de la Presidencia de Comisi\u00f3n en medio de acusaciones cruzadas y un clima institucional tenso. - RQ 99.9","og_description":"En la vida institucional, donde las palabras pueden ser usadas como herramientas de construcci\u00f3n o como armas para destruir, registrar una conversaci\u00f3n no siempre es desconfianza: muchas veces es defensa.","og_url":"https:\/\/nahuelproducciones.com.ar\/radioquijano\/remueven-a-la-concejal-lorena-torres-de-la-presidencia-de-comision-en-medio-de-acusaciones-cruzadas-y-un-clima-institucional-tenso\/","og_site_name":"RQ 99.9","article_publisher":"https:\/\/www.facebook.com\/nahuelproducciones999\/","article_published_time":"2025-08-07T10:49:34+00:00","article_modified_time":"2025-08-07T13:50:12+00:00","og_image":[{"width":700,"height":360,"url":"https:\/\/nahuelproducciones.com.ar\/radioquijano\/wp-content\/uploads\/2025\/08\/WhatsApp-Image-2025-08-07-at-7.29.45-AM-1-e1754563304234.jpeg","type":"image\/jpeg"}],"author":"Cecilia Pastrana","twitter_card":"summary_large_image","twitter_creator":"@nahuproduciones","twitter_site":"@nahuproduciones","twitter_misc":{"Escrito por":"Cecilia Pastrana","Tiempo de lectura":"3 minutos"},"schema":{"@context":"https:\/\/schema.org","@graph":[{"@type":"WebPage","@id":"https:\/\/nahuelproducciones.com.ar\/radioquijano\/remueven-a-la-concejal-lorena-torres-de-la-presidencia-de-comision-en-medio-de-acusaciones-cruzadas-y-un-clima-institucional-tenso\/","url":"https:\/\/nahuelproducciones.com.ar\/radioquijano\/remueven-a-la-concejal-lorena-torres-de-la-presidencia-de-comision-en-medio-de-acusaciones-cruzadas-y-un-clima-institucional-tenso\/","name":"Remueven a la Concejal Lorena Torres de la Presidencia de Comisi\u00f3n en medio de acusaciones cruzadas y un clima institucional tenso. - RQ 99.9","isPartOf":{"@id":"https:\/\/nahuelproducciones.com.ar\/radioquijano\/#website"},"datePublished":"2025-08-07T10:49:34+00:00","dateModified":"2025-08-07T13:50:12+00:00","author":{"@id":"https:\/\/nahuelproducciones.com.ar\/radioquijano\/#\/schema\/person\/e8a4f939e2cb487fe6d0c54042c9d32c"},"description":"En la vida institucional, donde las palabras pueden ser usadas como herramientas de construcci\u00f3n o como armas para destruir, registrar una conversaci\u00f3n no siempre es desconfianza: muchas veces es defensa.","breadcrumb":{"@id":"https:\/\/nahuelproducciones.com.ar\/radioquijano\/remueven-a-la-concejal-lorena-torres-de-la-presidencia-de-comision-en-medio-de-acusaciones-cruzadas-y-un-clima-institucional-tenso\/#breadcrumb"},"inLanguage":"es","potentialAction":[{"@type":"ReadAction","target":["https:\/\/nahuelproducciones.com.ar\/radioquijano\/remueven-a-la-concejal-lorena-torres-de-la-presidencia-de-comision-en-medio-de-acusaciones-cruzadas-y-un-clima-institucional-tenso\/"]}]},{"@type":"BreadcrumbList","@id":"https:\/\/nahuelproducciones.com.ar\/radioquijano\/remueven-a-la-concejal-lorena-torres-de-la-presidencia-de-comision-en-medio-de-acusaciones-cruzadas-y-un-clima-institucional-tenso\/#breadcrumb","itemListElement":[{"@type":"ListItem","position":1,"name":"Portada","item":"https:\/\/nahuelproducciones.com.ar\/radioquijano\/"},{"@type":"ListItem","position":2,"name":"Remueven a la Concejal Lorena Torres de la Presidencia de Comisi\u00f3n en medio de acusaciones cruzadas y un clima institucional tenso."}]},{"@type":"WebSite","@id":"https:\/\/nahuelproducciones.com.ar\/radioquijano\/#website","url":"https:\/\/nahuelproducciones.com.ar\/radioquijano\/","name":"RQ 99.9","description":"Radio Quijano 99.9 MHz","potentialAction":[{"@type":"SearchAction","target":{"@type":"EntryPoint","urlTemplate":"https:\/\/nahuelproducciones.com.ar\/radioquijano\/?s={search_term_string}"},"query-input":"required name=search_term_string"}],"inLanguage":"es"},{"@type":"Person","@id":"https:\/\/nahuelproducciones.com.ar\/radioquijano\/#\/schema\/person\/e8a4f939e2cb487fe6d0c54042c9d32c","name":"Cecilia Pastrana","image":{"@type":"ImageObject","inLanguage":"es","@id":"https:\/\/nahuelproducciones.com.ar\/radioquijano\/#\/schema\/person\/image\/","url":"https:\/\/secure.gravatar.com\/avatar\/661a3ef63a8488d4f2794ed44af8cf71420f7e106f3072c40125114df5157749?s=96&d=mm&r=g","contentUrl":"https:\/\/secure.gravatar.com\/avatar\/661a3ef63a8488d4f2794ed44af8cf71420f7e106f3072c40125114df5157749?s=96&d=mm&r=g","caption":"Cecilia Pastrana"},"sameAs":["cecy"],"url":"https:\/\/nahuelproducciones.com.ar\/radioquijano\/author\/cecy\/"}]}},"_links":{"self":[{"href":"https:\/\/nahuelproducciones.com.ar\/radioquijano\/wp-json\/wp\/v2\/posts\/10831","targetHints":{"allow":["GET"]}}],"collection":[{"href":"https:\/\/nahuelproducciones.com.ar\/radioquijano\/wp-json\/wp\/v2\/posts"}],"about":[{"href":"https:\/\/nahuelproducciones.com.ar\/radioquijano\/wp-json\/wp\/v2\/types\/post"}],"author":[{"embeddable":true,"href":"https:\/\/nahuelproducciones.com.ar\/radioquijano\/wp-json\/wp\/v2\/users\/8"}],"replies":[{"embeddable":true,"href":"https:\/\/nahuelproducciones.com.ar\/radioquijano\/wp-json\/wp\/v2\/comments?post=10831"}],"version-history":[{"count":10,"href":"https:\/\/nahuelproducciones.com.ar\/radioquijano\/wp-json\/wp\/v2\/posts\/10831\/revisions"}],"predecessor-version":[{"id":10854,"href":"https:\/\/nahuelproducciones.com.ar\/radioquijano\/wp-json\/wp\/v2\/posts\/10831\/revisions\/10854"}],"wp:featuredmedia":[{"embeddable":true,"href":"https:\/\/nahuelproducciones.com.ar\/radioquijano\/wp-json\/wp\/v2\/media\/10833"}],"wp:attachment":[{"href":"https:\/\/nahuelproducciones.com.ar\/radioquijano\/wp-json\/wp\/v2\/media?parent=10831"}],"wp:term":[{"taxonomy":"category","embeddable":true,"href":"https:\/\/nahuelproducciones.com.ar\/radioquijano\/wp-json\/wp\/v2\/categories?post=10831"},{"taxonomy":"post_tag","embeddable":true,"href":"https:\/\/nahuelproducciones.com.ar\/radioquijano\/wp-json\/wp\/v2\/tags?post=10831"}],"curies":[{"name":"wp","href":"https:\/\/api.w.org\/{rel}","templated":true}]}}