{"id":10867,"date":"2025-08-10T22:55:46","date_gmt":"2025-08-11T01:55:46","guid":{"rendered":"https:\/\/nahuelproducciones.com.ar\/radioquijano\/?p=10867"},"modified":"2025-08-10T23:43:27","modified_gmt":"2025-08-11T02:43:27","slug":"ex-concejal-ariel-gallardo-cuestiona-la-cuenta-general-del-ejercicio-2024-son-muchos-numeros-pero-sin-respaldo-documental","status":"publish","type":"post","link":"https:\/\/nahuelproducciones.com.ar\/radioquijano\/ex-concejal-ariel-gallardo-cuestiona-la-cuenta-general-del-ejercicio-2024-son-muchos-numeros-pero-sin-respaldo-documental\/","title":{"rendered":"Ex concejal Ariel Gallardo cuestiona la Cuenta General del ejercicio 2024: \u201cSon muchos n\u00fameros, pero sin respaldo documental\u201d"},"content":{"rendered":"\n<p>Radio Quijano dialog\u00f3 con el ex concejal Ariel Gallardo, quien se refiri\u00f3 a la Cuenta General del Ejercicio 2024 enviada por el intendente al Concejo Deliberante. Seg\u00fan Gallardo, el documento presenta cifras \u201cdif\u00edciles de contrastar\u201d debido a la falta de documentaci\u00f3n que avale los n\u00fameros expuestos.<\/p>\n\n\n\n<p>Uno de los puntos que genera mayor inquietud es el gasto informado para el Concejo Deliberante en 2024, que asciende a <strong>$123.025.908<\/strong>. Gallardo se\u00f1al\u00f3 que \u201cese n\u00famero no cierra\u201d al compararlo con el total de sueldos, dietas y caja chica correspondientes a ese per\u00edodo, ya que la informaci\u00f3n refleja otras cifras.<\/p>\n\n\n\n<p>La rendici\u00f3n incluye <strong>planillas de inventarios<\/strong> que superan las 200 p\u00e1ginas \u2014triplicando la informaci\u00f3n respecto a a\u00f1os anteriores\u2014 mientras que de los <strong>368 folios<\/strong> presentados, apenas <strong>50 corresponden a la cuenta general<\/strong> propiamente dicha.<\/p>\n\n\n\n<p>En contraste, el intendente Lino Yonar calific\u00f3 la rendici\u00f3n como \u201cmagn\u00edfica y transparente\u201d. Sin embargo, Gallardo remarc\u00f3 que no se adjuntaron documentos respaldatorios que permitan verificar los montos de recursos y gastos, y que ser\u00e1 necesario que los concejales soliciten esa informaci\u00f3n.<\/p>\n\n\n\n<p>El ex edil tambi\u00e9n record\u00f3 que cuando se recibe dinero para un fin espec\u00edfico, \u201cdebe utilizarse para ese objetivo, en beneficio de toda la comunidad\u201d. En estos momentos, Gallardo se encuentra trabajando en un an\u00e1lisis detallado de la cuenta para exponer las observaciones correspondientes.<\/p>\n\n\n\n<p>Escucha la entrevista:<\/p>\n\n\n\n<figure class=\"wp-block-audio\"><audio controls src=\"https:\/\/nahuelproducciones.com.ar\/radioquijano\/wp-content\/uploads\/2025\/08\/08-08-2025-ARIEL-GALLARDO-ANALISIS-PRIMERO-DE-LAM-CUENTA-GRAL-DEL-EJERCIIO-2024.mp3\"><\/audio><\/figure>\n\n\n\n<p><\/p>\n","protected":false},"excerpt":{"rendered":"<p>Radio Quijano dialog\u00f3 con el ex concejal Ariel Gallardo, quien se refiri\u00f3 a la Cuenta General del Ejercicio 2024 enviada por el intendente al Concejo Deliberante. Seg\u00fan Gallardo, el documento presenta cifras \u201cdif\u00edciles de contrastar\u201d debido a la falta de documentaci\u00f3n que avale los n\u00fameros expuestos. Uno de los puntos que genera mayor inquietud es [&hellip;]<\/p>\n","protected":false},"author":8,"featured_media":10871,"comment_status":"open","ping_status":"open","sticky":false,"template":"","format":"standard","meta":{"_monsterinsights_skip_tracking":false,"_monsterinsights_sitenote_active":false,"_monsterinsights_sitenote_note":"","_monsterinsights_sitenote_category":0,"footnotes":""},"categories":[16],"tags":[1845,1877,100],"class_list":["post-10867","post","type-post","status-publish","format-standard","has-post-thumbnail","hentry","category-noticias","tag-cuenta-general-del-ejercicio","tag-ex-concejal-ariel-gallardo","tag-municipio-de-campo-quijano"],"yoast_head":"<!-- This site is optimized with the Yoast SEO plugin v20.8 - https:\/\/yoast.com\/wordpress\/plugins\/seo\/ -->\n<title>Ex concejal Ariel Gallardo cuestiona la Cuenta General del ejercicio 2024: \u201cSon muchos n\u00fameros, pero sin respaldo documental\u201d - RQ 99.9<\/title>\n<meta name=\"description\" content=\"En estos momentos, Gallardo se encuentra trabajando en un an\u00e1lisis detallado de la cuenta para exponer las observaciones correspondientes.\" \/>\n<meta name=\"robots\" content=\"index, follow, max-snippet:-1, max-image-preview:large, max-video-preview:-1\" \/>\n<link rel=\"canonical\" href=\"https:\/\/nahuelproducciones.com.ar\/radioquijano\/ex-concejal-ariel-gallardo-cuestiona-la-cuenta-general-del-ejercicio-2024-son-muchos-numeros-pero-sin-respaldo-documental\/\" \/>\n<meta property=\"og:locale\" content=\"es_ES\" \/>\n<meta property=\"og:type\" content=\"article\" \/>\n<meta property=\"og:title\" content=\"Ex concejal Ariel Gallardo cuestiona la Cuenta General del ejercicio 2024: \u201cSon muchos n\u00fameros, pero sin respaldo documental\u201d - RQ 99.9\" \/>\n<meta property=\"og:description\" content=\"En estos momentos, Gallardo se encuentra trabajando en un an\u00e1lisis detallado de la cuenta para exponer las observaciones correspondientes.\" \/>\n<meta property=\"og:url\" content=\"https:\/\/nahuelproducciones.com.ar\/radioquijano\/ex-concejal-ariel-gallardo-cuestiona-la-cuenta-general-del-ejercicio-2024-son-muchos-numeros-pero-sin-respaldo-documental\/\" \/>\n<meta property=\"og:site_name\" content=\"RQ 99.9\" \/>\n<meta property=\"article:publisher\" content=\"https:\/\/www.facebook.com\/nahuelproducciones999\/\" \/>\n<meta property=\"article:published_time\" content=\"2025-08-11T01:55:46+00:00\" \/>\n<meta property=\"article:modified_time\" content=\"2025-08-11T02:43:27+00:00\" \/>\n<meta property=\"og:image\" content=\"https:\/\/nahuelproducciones.com.ar\/radioquijano\/wp-content\/uploads\/2025\/08\/WhatsApp-Image-2025-08-10-at-10.49.36-PM-e1754877630307.jpeg\" \/>\n\t<meta property=\"og:image:width\" content=\"700\" \/>\n\t<meta property=\"og:image:height\" content=\"416\" \/>\n\t<meta property=\"og:image:type\" content=\"image\/jpeg\" \/>\n<meta name=\"author\" content=\"Cecilia Pastrana\" \/>\n<meta name=\"twitter:card\" content=\"summary_large_image\" \/>\n<meta name=\"twitter:creator\" content=\"@nahuproduciones\" \/>\n<meta name=\"twitter:site\" content=\"@nahuproduciones\" \/>\n<meta name=\"twitter:label1\" content=\"Escrito por\" \/>\n\t<meta name=\"twitter:data1\" content=\"Cecilia Pastrana\" \/>\n\t<meta name=\"twitter:label2\" content=\"Tiempo de lectura\" \/>\n\t<meta name=\"twitter:data2\" content=\"2 minutos\" \/>\n<script type=\"application\/ld+json\" class=\"yoast-schema-graph\">{\"@context\":\"https:\/\/schema.org\",\"@graph\":[{\"@type\":\"WebPage\",\"@id\":\"https:\/\/nahuelproducciones.com.ar\/radioquijano\/ex-concejal-ariel-gallardo-cuestiona-la-cuenta-general-del-ejercicio-2024-son-muchos-numeros-pero-sin-respaldo-documental\/\",\"url\":\"https:\/\/nahuelproducciones.com.ar\/radioquijano\/ex-concejal-ariel-gallardo-cuestiona-la-cuenta-general-del-ejercicio-2024-son-muchos-numeros-pero-sin-respaldo-documental\/\",\"name\":\"Ex concejal Ariel Gallardo cuestiona la Cuenta General del ejercicio 2024: \u201cSon muchos n\u00fameros, pero sin respaldo documental\u201d - RQ 99.9\",\"isPartOf\":{\"@id\":\"https:\/\/nahuelproducciones.com.ar\/radioquijano\/#website\"},\"datePublished\":\"2025-08-11T01:55:46+00:00\",\"dateModified\":\"2025-08-11T02:43:27+00:00\",\"author\":{\"@id\":\"https:\/\/nahuelproducciones.com.ar\/radioquijano\/#\/schema\/person\/e8a4f939e2cb487fe6d0c54042c9d32c\"},\"description\":\"En estos momentos, Gallardo se encuentra trabajando en un an\u00e1lisis detallado de la cuenta para exponer las observaciones correspondientes.\",\"breadcrumb\":{\"@id\":\"https:\/\/nahuelproducciones.com.ar\/radioquijano\/ex-concejal-ariel-gallardo-cuestiona-la-cuenta-general-del-ejercicio-2024-son-muchos-numeros-pero-sin-respaldo-documental\/#breadcrumb\"},\"inLanguage\":\"es\",\"potentialAction\":[{\"@type\":\"ReadAction\",\"target\":[\"https:\/\/nahuelproducciones.com.ar\/radioquijano\/ex-concejal-ariel-gallardo-cuestiona-la-cuenta-general-del-ejercicio-2024-son-muchos-numeros-pero-sin-respaldo-documental\/\"]}]},{\"@type\":\"BreadcrumbList\",\"@id\":\"https:\/\/nahuelproducciones.com.ar\/radioquijano\/ex-concejal-ariel-gallardo-cuestiona-la-cuenta-general-del-ejercicio-2024-son-muchos-numeros-pero-sin-respaldo-documental\/#breadcrumb\",\"itemListElement\":[{\"@type\":\"ListItem\",\"position\":1,\"name\":\"Portada\",\"item\":\"https:\/\/nahuelproducciones.com.ar\/radioquijano\/\"},{\"@type\":\"ListItem\",\"position\":2,\"name\":\"Ex concejal Ariel Gallardo cuestiona la Cuenta General del ejercicio 2024: \u201cSon muchos n\u00fameros, pero sin respaldo documental\u201d\"}]},{\"@type\":\"WebSite\",\"@id\":\"https:\/\/nahuelproducciones.com.ar\/radioquijano\/#website\",\"url\":\"https:\/\/nahuelproducciones.com.ar\/radioquijano\/\",\"name\":\"RQ 99.9\",\"description\":\"Radio Quijano 99.9 MHz\",\"potentialAction\":[{\"@type\":\"SearchAction\",\"target\":{\"@type\":\"EntryPoint\",\"urlTemplate\":\"https:\/\/nahuelproducciones.com.ar\/radioquijano\/?s={search_term_string}\"},\"query-input\":\"required name=search_term_string\"}],\"inLanguage\":\"es\"},{\"@type\":\"Person\",\"@id\":\"https:\/\/nahuelproducciones.com.ar\/radioquijano\/#\/schema\/person\/e8a4f939e2cb487fe6d0c54042c9d32c\",\"name\":\"Cecilia Pastrana\",\"image\":{\"@type\":\"ImageObject\",\"inLanguage\":\"es\",\"@id\":\"https:\/\/nahuelproducciones.com.ar\/radioquijano\/#\/schema\/person\/image\/\",\"url\":\"https:\/\/secure.gravatar.com\/avatar\/661a3ef63a8488d4f2794ed44af8cf71420f7e106f3072c40125114df5157749?s=96&d=mm&r=g\",\"contentUrl\":\"https:\/\/secure.gravatar.com\/avatar\/661a3ef63a8488d4f2794ed44af8cf71420f7e106f3072c40125114df5157749?s=96&d=mm&r=g\",\"caption\":\"Cecilia Pastrana\"},\"sameAs\":[\"cecy\"],\"url\":\"https:\/\/nahuelproducciones.com.ar\/radioquijano\/author\/cecy\/\"}]}<\/script>\n<!-- \/ Yoast SEO plugin. -->","yoast_head_json":{"title":"Ex concejal Ariel Gallardo cuestiona la Cuenta General del ejercicio 2024: \u201cSon muchos n\u00fameros, pero sin respaldo documental\u201d - RQ 99.9","description":"En estos momentos, Gallardo se encuentra trabajando en un an\u00e1lisis detallado de la cuenta para exponer las observaciones correspondientes.","robots":{"index":"index","follow":"follow","max-snippet":"max-snippet:-1","max-image-preview":"max-image-preview:large","max-video-preview":"max-video-preview:-1"},"canonical":"https:\/\/nahuelproducciones.com.ar\/radioquijano\/ex-concejal-ariel-gallardo-cuestiona-la-cuenta-general-del-ejercicio-2024-son-muchos-numeros-pero-sin-respaldo-documental\/","og_locale":"es_ES","og_type":"article","og_title":"Ex concejal Ariel Gallardo cuestiona la Cuenta General del ejercicio 2024: \u201cSon muchos n\u00fameros, pero sin respaldo documental\u201d - RQ 99.9","og_description":"En estos momentos, Gallardo se encuentra trabajando en un an\u00e1lisis detallado de la cuenta para exponer las observaciones correspondientes.","og_url":"https:\/\/nahuelproducciones.com.ar\/radioquijano\/ex-concejal-ariel-gallardo-cuestiona-la-cuenta-general-del-ejercicio-2024-son-muchos-numeros-pero-sin-respaldo-documental\/","og_site_name":"RQ 99.9","article_publisher":"https:\/\/www.facebook.com\/nahuelproducciones999\/","article_published_time":"2025-08-11T01:55:46+00:00","article_modified_time":"2025-08-11T02:43:27+00:00","og_image":[{"width":700,"height":416,"url":"https:\/\/nahuelproducciones.com.ar\/radioquijano\/wp-content\/uploads\/2025\/08\/WhatsApp-Image-2025-08-10-at-10.49.36-PM-e1754877630307.jpeg","type":"image\/jpeg"}],"author":"Cecilia Pastrana","twitter_card":"summary_large_image","twitter_creator":"@nahuproduciones","twitter_site":"@nahuproduciones","twitter_misc":{"Escrito por":"Cecilia Pastrana","Tiempo de lectura":"2 minutos"},"schema":{"@context":"https:\/\/schema.org","@graph":[{"@type":"WebPage","@id":"https:\/\/nahuelproducciones.com.ar\/radioquijano\/ex-concejal-ariel-gallardo-cuestiona-la-cuenta-general-del-ejercicio-2024-son-muchos-numeros-pero-sin-respaldo-documental\/","url":"https:\/\/nahuelproducciones.com.ar\/radioquijano\/ex-concejal-ariel-gallardo-cuestiona-la-cuenta-general-del-ejercicio-2024-son-muchos-numeros-pero-sin-respaldo-documental\/","name":"Ex concejal Ariel Gallardo cuestiona la Cuenta General del ejercicio 2024: \u201cSon muchos n\u00fameros, pero sin respaldo documental\u201d - RQ 99.9","isPartOf":{"@id":"https:\/\/nahuelproducciones.com.ar\/radioquijano\/#website"},"datePublished":"2025-08-11T01:55:46+00:00","dateModified":"2025-08-11T02:43:27+00:00","author":{"@id":"https:\/\/nahuelproducciones.com.ar\/radioquijano\/#\/schema\/person\/e8a4f939e2cb487fe6d0c54042c9d32c"},"description":"En estos momentos, Gallardo se encuentra trabajando en un an\u00e1lisis detallado de la cuenta para exponer las observaciones correspondientes.","breadcrumb":{"@id":"https:\/\/nahuelproducciones.com.ar\/radioquijano\/ex-concejal-ariel-gallardo-cuestiona-la-cuenta-general-del-ejercicio-2024-son-muchos-numeros-pero-sin-respaldo-documental\/#breadcrumb"},"inLanguage":"es","potentialAction":[{"@type":"ReadAction","target":["https:\/\/nahuelproducciones.com.ar\/radioquijano\/ex-concejal-ariel-gallardo-cuestiona-la-cuenta-general-del-ejercicio-2024-son-muchos-numeros-pero-sin-respaldo-documental\/"]}]},{"@type":"BreadcrumbList","@id":"https:\/\/nahuelproducciones.com.ar\/radioquijano\/ex-concejal-ariel-gallardo-cuestiona-la-cuenta-general-del-ejercicio-2024-son-muchos-numeros-pero-sin-respaldo-documental\/#breadcrumb","itemListElement":[{"@type":"ListItem","position":1,"name":"Portada","item":"https:\/\/nahuelproducciones.com.ar\/radioquijano\/"},{"@type":"ListItem","position":2,"name":"Ex concejal Ariel Gallardo cuestiona la Cuenta General del ejercicio 2024: \u201cSon muchos n\u00fameros, pero sin respaldo documental\u201d"}]},{"@type":"WebSite","@id":"https:\/\/nahuelproducciones.com.ar\/radioquijano\/#website","url":"https:\/\/nahuelproducciones.com.ar\/radioquijano\/","name":"RQ 99.9","description":"Radio Quijano 99.9 MHz","potentialAction":[{"@type":"SearchAction","target":{"@type":"EntryPoint","urlTemplate":"https:\/\/nahuelproducciones.com.ar\/radioquijano\/?s={search_term_string}"},"query-input":"required name=search_term_string"}],"inLanguage":"es"},{"@type":"Person","@id":"https:\/\/nahuelproducciones.com.ar\/radioquijano\/#\/schema\/person\/e8a4f939e2cb487fe6d0c54042c9d32c","name":"Cecilia Pastrana","image":{"@type":"ImageObject","inLanguage":"es","@id":"https:\/\/nahuelproducciones.com.ar\/radioquijano\/#\/schema\/person\/image\/","url":"https:\/\/secure.gravatar.com\/avatar\/661a3ef63a8488d4f2794ed44af8cf71420f7e106f3072c40125114df5157749?s=96&d=mm&r=g","contentUrl":"https:\/\/secure.gravatar.com\/avatar\/661a3ef63a8488d4f2794ed44af8cf71420f7e106f3072c40125114df5157749?s=96&d=mm&r=g","caption":"Cecilia Pastrana"},"sameAs":["cecy"],"url":"https:\/\/nahuelproducciones.com.ar\/radioquijano\/author\/cecy\/"}]}},"_links":{"self":[{"href":"https:\/\/nahuelproducciones.com.ar\/radioquijano\/wp-json\/wp\/v2\/posts\/10867","targetHints":{"allow":["GET"]}}],"collection":[{"href":"https:\/\/nahuelproducciones.com.ar\/radioquijano\/wp-json\/wp\/v2\/posts"}],"about":[{"href":"https:\/\/nahuelproducciones.com.ar\/radioquijano\/wp-json\/wp\/v2\/types\/post"}],"author":[{"embeddable":true,"href":"https:\/\/nahuelproducciones.com.ar\/radioquijano\/wp-json\/wp\/v2\/users\/8"}],"replies":[{"embeddable":true,"href":"https:\/\/nahuelproducciones.com.ar\/radioquijano\/wp-json\/wp\/v2\/comments?post=10867"}],"version-history":[{"count":2,"href":"https:\/\/nahuelproducciones.com.ar\/radioquijano\/wp-json\/wp\/v2\/posts\/10867\/revisions"}],"predecessor-version":[{"id":10873,"href":"https:\/\/nahuelproducciones.com.ar\/radioquijano\/wp-json\/wp\/v2\/posts\/10867\/revisions\/10873"}],"wp:featuredmedia":[{"embeddable":true,"href":"https:\/\/nahuelproducciones.com.ar\/radioquijano\/wp-json\/wp\/v2\/media\/10871"}],"wp:attachment":[{"href":"https:\/\/nahuelproducciones.com.ar\/radioquijano\/wp-json\/wp\/v2\/media?parent=10867"}],"wp:term":[{"taxonomy":"category","embeddable":true,"href":"https:\/\/nahuelproducciones.com.ar\/radioquijano\/wp-json\/wp\/v2\/categories?post=10867"},{"taxonomy":"post_tag","embeddable":true,"href":"https:\/\/nahuelproducciones.com.ar\/radioquijano\/wp-json\/wp\/v2\/tags?post=10867"}],"curies":[{"name":"wp","href":"https:\/\/api.w.org\/{rel}","templated":true}]}}