{"id":10878,"date":"2025-08-11T13:43:10","date_gmt":"2025-08-11T16:43:10","guid":{"rendered":"https:\/\/nahuelproducciones.com.ar\/radioquijano\/?p=10878"},"modified":"2025-08-11T13:45:04","modified_gmt":"2025-08-11T16:45:04","slug":"docentes-continuan-con-el-plan-de-lucha-paro-progresivo-y-marcha-el-martes-12","status":"publish","type":"post","link":"https:\/\/nahuelproducciones.com.ar\/radioquijano\/docentes-continuan-con-el-plan-de-lucha-paro-progresivo-y-marcha-el-martes-12\/","title":{"rendered":"Docentes contin\u00faan con el plan de lucha: paro progresivo y marcha el martes 12"},"content":{"rendered":"\n<p>La secretaria general del Sindicato de Trabajadores de la Educaci\u00f3n de la Provincia de Salta (SITEPSa), Mar\u00eda Victoria Cervera, confirm\u00f3 en di\u00e1logo con <em>Radio Quijano<\/em> que la Asamblea realizada el pasado s\u00e1bado resolvi\u00f3 por unanimidad continuar con el plan de lucha, con un paro progresivo hasta el jueves 14 de agosto.<\/p>\n\n\n\n<p>Entre los reclamos centrales, el gremio exige:<\/p>\n\n\n\n<ol class=\"wp-block-list\">\n<li><strong>Blanqueo del C\u00f3digo 690<\/strong>.<\/li>\n\n\n\n<li><strong>Pago de la deuda por inflaci\u00f3n acumulada<\/strong> y actualizaci\u00f3n salarial para el primer semestre, con base en el mes inmediato anterior y no en diciembre de 2024.<\/li>\n\n\n\n<li><strong>Devoluci\u00f3n inmediata de descuentos<\/strong> aplicados a docentes que adhirieron a medidas de fuerza.<\/li>\n\n\n\n<li><strong>Eliminaci\u00f3n de las faltas \u201cinjustificadas\u201d<\/strong>, que seg\u00fan SITEPSa vulneran el derecho constitucional a la protesta.<\/li>\n<\/ol>\n\n\n\n<p>Cervera anunci\u00f3 que el martes 12 de agosto se realizar\u00e1 una <strong>marcha desde la Escuela Normal hasta el centro de la ciudad<\/strong>, seguida de una nueva asamblea a las 16 horas en la sede sindical, donde se evaluar\u00e1n los pasos a seguir.<\/p>\n\n\n\n<p>Adem\u00e1s, la dirigente advirti\u00f3 sobre el <strong>grave deterioro en la infraestructura escolar<\/strong> y la falta de insumos b\u00e1sicos para la higiene:<\/p>\n\n\n\n<blockquote class=\"wp-block-quote is-layout-flow wp-block-quote-is-layout-flow\">\n<p>\u201cMuchas escuelas recibieron una sola vez, en lo que va del a\u00f1o, lavandina y art\u00edculos de limpieza. Desde entonces no volvieron a recibir nada. Esto no es bueno para la salud de estudiantes y trabajadores\u201d.<\/p>\n<\/blockquote>\n\n\n\n<p>Con estas medidas, SITEPSa busca visibilizar sus demandas y lograr una respuesta concreta por parte de las autoridades provinciales.<\/p>\n\n\n\n<p>Record\u00f3 que todos los docentes est\u00e1n amparados legalmente a la convocatoria del Paro.<\/p>\n\n\n\n<p>Escucha la entrevista:<\/p>\n\n\n\n<figure class=\"wp-block-audio\"><audio controls src=\"https:\/\/nahuelproducciones.com.ar\/radioquijano\/wp-content\/uploads\/2025\/08\/11-08-2025-Maria-Victoria-Cervera-secretaria-general-del-sindicato-de-Trabajadores-de-la-Educacion-de-la-Provincia-de-Salta-Sitepsa-PARO-DEL-11-AL-16-DE-AGOSTO-2025.mp3\"><\/audio><\/figure>\n\n\n<div class=\"wp-block-image\">\n<figure class=\"aligncenter size-large is-resized\"><img loading=\"lazy\" decoding=\"async\" width=\"819\" height=\"1024\" src=\"https:\/\/nahuelproducciones.com.ar\/radioquijano\/wp-content\/uploads\/2025\/08\/WhatsApp-Image-2025-08-11-at-1.22.43-PM-819x1024.jpeg\" alt=\"\" class=\"wp-image-10882\" style=\"width:445px;height:auto\" srcset=\"https:\/\/nahuelproducciones.com.ar\/radioquijano\/wp-content\/uploads\/2025\/08\/WhatsApp-Image-2025-08-11-at-1.22.43-PM-819x1024.jpeg 819w, https:\/\/nahuelproducciones.com.ar\/radioquijano\/wp-content\/uploads\/2025\/08\/WhatsApp-Image-2025-08-11-at-1.22.43-PM-240x300.jpeg 240w, https:\/\/nahuelproducciones.com.ar\/radioquijano\/wp-content\/uploads\/2025\/08\/WhatsApp-Image-2025-08-11-at-1.22.43-PM-768x960.jpeg 768w, https:\/\/nahuelproducciones.com.ar\/radioquijano\/wp-content\/uploads\/2025\/08\/WhatsApp-Image-2025-08-11-at-1.22.43-PM-150x188.jpeg 150w, https:\/\/nahuelproducciones.com.ar\/radioquijano\/wp-content\/uploads\/2025\/08\/WhatsApp-Image-2025-08-11-at-1.22.43-PM.jpeg 1024w\" sizes=\"auto, (max-width: 819px) 100vw, 819px\" \/><\/figure><\/div>","protected":false},"excerpt":{"rendered":"<p>La secretaria general del Sindicato de Trabajadores de la Educaci\u00f3n de la Provincia de Salta (SITEPSa), Mar\u00eda Victoria Cervera, confirm\u00f3 en di\u00e1logo con Radio Quijano que la Asamblea realizada el pasado s\u00e1bado resolvi\u00f3 por unanimidad continuar con el plan de lucha, con un paro progresivo hasta el jueves 14 de agosto. Entre los reclamos centrales, [&hellip;]<\/p>\n","protected":false},"author":8,"featured_media":10880,"comment_status":"open","ping_status":"open","sticky":false,"template":"","format":"standard","meta":{"_monsterinsights_skip_tracking":false,"_monsterinsights_sitenote_active":false,"_monsterinsights_sitenote_note":"","_monsterinsights_sitenote_category":0,"footnotes":""},"categories":[16],"tags":[1881,100,1880],"class_list":["post-10878","post","type-post","status-publish","format-standard","has-post-thumbnail","hentry","category-noticias","tag-maria-victoria-cervera","tag-municipio-de-campo-quijano","tag-sindicato-de-trabajadores-de-la-educacion-de-la-provincia-de-salta-sitepsa"],"yoast_head":"<!-- This site is optimized with the Yoast SEO plugin v20.8 - https:\/\/yoast.com\/wordpress\/plugins\/seo\/ -->\n<title>Docentes contin\u00faan con el plan de lucha: paro progresivo y marcha el martes 12 - RQ 99.9<\/title>\n<meta name=\"description\" content=\"Se remarca apoyar esta lucha y reclamo de los diferentes sectores para lograr la fuerza necesaria .\" \/>\n<meta name=\"robots\" content=\"index, follow, max-snippet:-1, max-image-preview:large, max-video-preview:-1\" \/>\n<link rel=\"canonical\" href=\"https:\/\/nahuelproducciones.com.ar\/radioquijano\/docentes-continuan-con-el-plan-de-lucha-paro-progresivo-y-marcha-el-martes-12\/\" \/>\n<meta property=\"og:locale\" content=\"es_ES\" \/>\n<meta property=\"og:type\" content=\"article\" \/>\n<meta property=\"og:title\" content=\"Docentes contin\u00faan con el plan de lucha: paro progresivo y marcha el martes 12 - RQ 99.9\" \/>\n<meta property=\"og:description\" content=\"Se remarca apoyar esta lucha y reclamo de los diferentes sectores para lograr la fuerza necesaria .\" \/>\n<meta property=\"og:url\" content=\"https:\/\/nahuelproducciones.com.ar\/radioquijano\/docentes-continuan-con-el-plan-de-lucha-paro-progresivo-y-marcha-el-martes-12\/\" \/>\n<meta property=\"og:site_name\" content=\"RQ 99.9\" \/>\n<meta property=\"article:publisher\" content=\"https:\/\/www.facebook.com\/nahuelproducciones999\/\" \/>\n<meta property=\"article:published_time\" content=\"2025-08-11T16:43:10+00:00\" \/>\n<meta property=\"article:modified_time\" content=\"2025-08-11T16:45:04+00:00\" \/>\n<meta property=\"og:image\" content=\"https:\/\/nahuelproducciones.com.ar\/radioquijano\/wp-content\/uploads\/2025\/08\/WhatsApp-Image-2025-08-11-at-1.24.31-PM-e1754930468982.jpeg\" \/>\n\t<meta property=\"og:image:width\" content=\"700\" \/>\n\t<meta property=\"og:image:height\" content=\"875\" \/>\n\t<meta property=\"og:image:type\" content=\"image\/jpeg\" \/>\n<meta name=\"author\" content=\"Cecilia Pastrana\" \/>\n<meta name=\"twitter:card\" content=\"summary_large_image\" \/>\n<meta name=\"twitter:creator\" content=\"@nahuproduciones\" \/>\n<meta name=\"twitter:site\" content=\"@nahuproduciones\" \/>\n<meta name=\"twitter:label1\" content=\"Escrito por\" \/>\n\t<meta name=\"twitter:data1\" content=\"Cecilia Pastrana\" \/>\n\t<meta name=\"twitter:label2\" content=\"Tiempo de lectura\" \/>\n\t<meta name=\"twitter:data2\" content=\"2 minutos\" \/>\n<script type=\"application\/ld+json\" class=\"yoast-schema-graph\">{\"@context\":\"https:\/\/schema.org\",\"@graph\":[{\"@type\":\"WebPage\",\"@id\":\"https:\/\/nahuelproducciones.com.ar\/radioquijano\/docentes-continuan-con-el-plan-de-lucha-paro-progresivo-y-marcha-el-martes-12\/\",\"url\":\"https:\/\/nahuelproducciones.com.ar\/radioquijano\/docentes-continuan-con-el-plan-de-lucha-paro-progresivo-y-marcha-el-martes-12\/\",\"name\":\"Docentes contin\u00faan con el plan de lucha: paro progresivo y marcha el martes 12 - RQ 99.9\",\"isPartOf\":{\"@id\":\"https:\/\/nahuelproducciones.com.ar\/radioquijano\/#website\"},\"datePublished\":\"2025-08-11T16:43:10+00:00\",\"dateModified\":\"2025-08-11T16:45:04+00:00\",\"author\":{\"@id\":\"https:\/\/nahuelproducciones.com.ar\/radioquijano\/#\/schema\/person\/e8a4f939e2cb487fe6d0c54042c9d32c\"},\"description\":\"Se remarca apoyar esta lucha y reclamo de los diferentes sectores para lograr la fuerza necesaria .\",\"breadcrumb\":{\"@id\":\"https:\/\/nahuelproducciones.com.ar\/radioquijano\/docentes-continuan-con-el-plan-de-lucha-paro-progresivo-y-marcha-el-martes-12\/#breadcrumb\"},\"inLanguage\":\"es\",\"potentialAction\":[{\"@type\":\"ReadAction\",\"target\":[\"https:\/\/nahuelproducciones.com.ar\/radioquijano\/docentes-continuan-con-el-plan-de-lucha-paro-progresivo-y-marcha-el-martes-12\/\"]}]},{\"@type\":\"BreadcrumbList\",\"@id\":\"https:\/\/nahuelproducciones.com.ar\/radioquijano\/docentes-continuan-con-el-plan-de-lucha-paro-progresivo-y-marcha-el-martes-12\/#breadcrumb\",\"itemListElement\":[{\"@type\":\"ListItem\",\"position\":1,\"name\":\"Portada\",\"item\":\"https:\/\/nahuelproducciones.com.ar\/radioquijano\/\"},{\"@type\":\"ListItem\",\"position\":2,\"name\":\"Docentes contin\u00faan con el plan de lucha: paro progresivo y marcha el martes 12\"}]},{\"@type\":\"WebSite\",\"@id\":\"https:\/\/nahuelproducciones.com.ar\/radioquijano\/#website\",\"url\":\"https:\/\/nahuelproducciones.com.ar\/radioquijano\/\",\"name\":\"RQ 99.9\",\"description\":\"Radio Quijano 99.9 MHz\",\"potentialAction\":[{\"@type\":\"SearchAction\",\"target\":{\"@type\":\"EntryPoint\",\"urlTemplate\":\"https:\/\/nahuelproducciones.com.ar\/radioquijano\/?s={search_term_string}\"},\"query-input\":\"required name=search_term_string\"}],\"inLanguage\":\"es\"},{\"@type\":\"Person\",\"@id\":\"https:\/\/nahuelproducciones.com.ar\/radioquijano\/#\/schema\/person\/e8a4f939e2cb487fe6d0c54042c9d32c\",\"name\":\"Cecilia Pastrana\",\"image\":{\"@type\":\"ImageObject\",\"inLanguage\":\"es\",\"@id\":\"https:\/\/nahuelproducciones.com.ar\/radioquijano\/#\/schema\/person\/image\/\",\"url\":\"https:\/\/secure.gravatar.com\/avatar\/661a3ef63a8488d4f2794ed44af8cf71420f7e106f3072c40125114df5157749?s=96&d=mm&r=g\",\"contentUrl\":\"https:\/\/secure.gravatar.com\/avatar\/661a3ef63a8488d4f2794ed44af8cf71420f7e106f3072c40125114df5157749?s=96&d=mm&r=g\",\"caption\":\"Cecilia Pastrana\"},\"sameAs\":[\"cecy\"],\"url\":\"https:\/\/nahuelproducciones.com.ar\/radioquijano\/author\/cecy\/\"}]}<\/script>\n<!-- \/ Yoast SEO plugin. -->","yoast_head_json":{"title":"Docentes contin\u00faan con el plan de lucha: paro progresivo y marcha el martes 12 - RQ 99.9","description":"Se remarca apoyar esta lucha y reclamo de los diferentes sectores para lograr la fuerza necesaria .","robots":{"index":"index","follow":"follow","max-snippet":"max-snippet:-1","max-image-preview":"max-image-preview:large","max-video-preview":"max-video-preview:-1"},"canonical":"https:\/\/nahuelproducciones.com.ar\/radioquijano\/docentes-continuan-con-el-plan-de-lucha-paro-progresivo-y-marcha-el-martes-12\/","og_locale":"es_ES","og_type":"article","og_title":"Docentes contin\u00faan con el plan de lucha: paro progresivo y marcha el martes 12 - RQ 99.9","og_description":"Se remarca apoyar esta lucha y reclamo de los diferentes sectores para lograr la fuerza necesaria .","og_url":"https:\/\/nahuelproducciones.com.ar\/radioquijano\/docentes-continuan-con-el-plan-de-lucha-paro-progresivo-y-marcha-el-martes-12\/","og_site_name":"RQ 99.9","article_publisher":"https:\/\/www.facebook.com\/nahuelproducciones999\/","article_published_time":"2025-08-11T16:43:10+00:00","article_modified_time":"2025-08-11T16:45:04+00:00","og_image":[{"width":700,"height":875,"url":"https:\/\/nahuelproducciones.com.ar\/radioquijano\/wp-content\/uploads\/2025\/08\/WhatsApp-Image-2025-08-11-at-1.24.31-PM-e1754930468982.jpeg","type":"image\/jpeg"}],"author":"Cecilia Pastrana","twitter_card":"summary_large_image","twitter_creator":"@nahuproduciones","twitter_site":"@nahuproduciones","twitter_misc":{"Escrito por":"Cecilia Pastrana","Tiempo de lectura":"2 minutos"},"schema":{"@context":"https:\/\/schema.org","@graph":[{"@type":"WebPage","@id":"https:\/\/nahuelproducciones.com.ar\/radioquijano\/docentes-continuan-con-el-plan-de-lucha-paro-progresivo-y-marcha-el-martes-12\/","url":"https:\/\/nahuelproducciones.com.ar\/radioquijano\/docentes-continuan-con-el-plan-de-lucha-paro-progresivo-y-marcha-el-martes-12\/","name":"Docentes contin\u00faan con el plan de lucha: paro progresivo y marcha el martes 12 - RQ 99.9","isPartOf":{"@id":"https:\/\/nahuelproducciones.com.ar\/radioquijano\/#website"},"datePublished":"2025-08-11T16:43:10+00:00","dateModified":"2025-08-11T16:45:04+00:00","author":{"@id":"https:\/\/nahuelproducciones.com.ar\/radioquijano\/#\/schema\/person\/e8a4f939e2cb487fe6d0c54042c9d32c"},"description":"Se remarca apoyar esta lucha y reclamo de los diferentes sectores para lograr la fuerza necesaria .","breadcrumb":{"@id":"https:\/\/nahuelproducciones.com.ar\/radioquijano\/docentes-continuan-con-el-plan-de-lucha-paro-progresivo-y-marcha-el-martes-12\/#breadcrumb"},"inLanguage":"es","potentialAction":[{"@type":"ReadAction","target":["https:\/\/nahuelproducciones.com.ar\/radioquijano\/docentes-continuan-con-el-plan-de-lucha-paro-progresivo-y-marcha-el-martes-12\/"]}]},{"@type":"BreadcrumbList","@id":"https:\/\/nahuelproducciones.com.ar\/radioquijano\/docentes-continuan-con-el-plan-de-lucha-paro-progresivo-y-marcha-el-martes-12\/#breadcrumb","itemListElement":[{"@type":"ListItem","position":1,"name":"Portada","item":"https:\/\/nahuelproducciones.com.ar\/radioquijano\/"},{"@type":"ListItem","position":2,"name":"Docentes contin\u00faan con el plan de lucha: paro progresivo y marcha el martes 12"}]},{"@type":"WebSite","@id":"https:\/\/nahuelproducciones.com.ar\/radioquijano\/#website","url":"https:\/\/nahuelproducciones.com.ar\/radioquijano\/","name":"RQ 99.9","description":"Radio Quijano 99.9 MHz","potentialAction":[{"@type":"SearchAction","target":{"@type":"EntryPoint","urlTemplate":"https:\/\/nahuelproducciones.com.ar\/radioquijano\/?s={search_term_string}"},"query-input":"required name=search_term_string"}],"inLanguage":"es"},{"@type":"Person","@id":"https:\/\/nahuelproducciones.com.ar\/radioquijano\/#\/schema\/person\/e8a4f939e2cb487fe6d0c54042c9d32c","name":"Cecilia Pastrana","image":{"@type":"ImageObject","inLanguage":"es","@id":"https:\/\/nahuelproducciones.com.ar\/radioquijano\/#\/schema\/person\/image\/","url":"https:\/\/secure.gravatar.com\/avatar\/661a3ef63a8488d4f2794ed44af8cf71420f7e106f3072c40125114df5157749?s=96&d=mm&r=g","contentUrl":"https:\/\/secure.gravatar.com\/avatar\/661a3ef63a8488d4f2794ed44af8cf71420f7e106f3072c40125114df5157749?s=96&d=mm&r=g","caption":"Cecilia Pastrana"},"sameAs":["cecy"],"url":"https:\/\/nahuelproducciones.com.ar\/radioquijano\/author\/cecy\/"}]}},"_links":{"self":[{"href":"https:\/\/nahuelproducciones.com.ar\/radioquijano\/wp-json\/wp\/v2\/posts\/10878","targetHints":{"allow":["GET"]}}],"collection":[{"href":"https:\/\/nahuelproducciones.com.ar\/radioquijano\/wp-json\/wp\/v2\/posts"}],"about":[{"href":"https:\/\/nahuelproducciones.com.ar\/radioquijano\/wp-json\/wp\/v2\/types\/post"}],"author":[{"embeddable":true,"href":"https:\/\/nahuelproducciones.com.ar\/radioquijano\/wp-json\/wp\/v2\/users\/8"}],"replies":[{"embeddable":true,"href":"https:\/\/nahuelproducciones.com.ar\/radioquijano\/wp-json\/wp\/v2\/comments?post=10878"}],"version-history":[{"count":2,"href":"https:\/\/nahuelproducciones.com.ar\/radioquijano\/wp-json\/wp\/v2\/posts\/10878\/revisions"}],"predecessor-version":[{"id":10883,"href":"https:\/\/nahuelproducciones.com.ar\/radioquijano\/wp-json\/wp\/v2\/posts\/10878\/revisions\/10883"}],"wp:featuredmedia":[{"embeddable":true,"href":"https:\/\/nahuelproducciones.com.ar\/radioquijano\/wp-json\/wp\/v2\/media\/10880"}],"wp:attachment":[{"href":"https:\/\/nahuelproducciones.com.ar\/radioquijano\/wp-json\/wp\/v2\/media?parent=10878"}],"wp:term":[{"taxonomy":"category","embeddable":true,"href":"https:\/\/nahuelproducciones.com.ar\/radioquijano\/wp-json\/wp\/v2\/categories?post=10878"},{"taxonomy":"post_tag","embeddable":true,"href":"https:\/\/nahuelproducciones.com.ar\/radioquijano\/wp-json\/wp\/v2\/tags?post=10878"}],"curies":[{"name":"wp","href":"https:\/\/api.w.org\/{rel}","templated":true}]}}