{"id":10899,"date":"2025-08-14T01:56:24","date_gmt":"2025-08-14T04:56:24","guid":{"rendered":"https:\/\/nahuelproducciones.com.ar\/radioquijano\/?p=10899"},"modified":"2025-08-14T02:06:30","modified_gmt":"2025-08-14T05:06:30","slug":"editorial-aire-de-libertad-radio-quijano-99-9","status":"publish","type":"post","link":"https:\/\/nahuelproducciones.com.ar\/radioquijano\/editorial-aire-de-libertad-radio-quijano-99-9\/","title":{"rendered":"EDITORIAL \u2013 AIRE DE LIBERTAD \u2013 RADIO QUIJANO 99.9 \u00abResoluci\u00f3n que encubre\u00bb"},"content":{"rendered":"\n<figure class=\"wp-block-pullquote\"><blockquote><p><strong>\u201cLa Resoluci\u00f3n que naci\u00f3 para controlar, pero termin\u00f3 encubriendo\u201d<\/strong><\/p><\/blockquote><\/figure>\n\n\n\n<p>En la \u00faltima sesi\u00f3n del Concejo Deliberante de Campo Quijano, el oficialismo aprob\u00f3 una Resoluci\u00f3n que, en teor\u00eda, deb\u00eda ejercer el control institucional sobre la gesti\u00f3n municipal.<br>En teor\u00eda\u2026 porque, en la pr\u00e1ctica, esta medida es otro ejemplo de c\u00f3mo se puede usar la ley para cumplir el expediente pero evitar llegar al fondo de los problemas.<\/p>\n\n\n\n<p>El texto cita el <strong>art\u00edculo 60 inciso 45 de la Ley 8126<\/strong>, que faculta al Concejo a convocar a funcionarios para brindar informes.<br>Hasta ah\u00ed, todo bien.<br>Pero la Cuenta General del Ejercicio 2024, con sus 368 fojas, ingres\u00f3 hace tiempo, y reci\u00e9n ahora \u2014a dos d\u00edas h\u00e1biles de la sesi\u00f3n\u2014 se convoca \u201ccon car\u00e1cter de urgente\u201d a la Secretaria de Hacienda, CPN Mar\u00eda de las Mercedes Coria, y a cualquier otro funcionario que se considere \u201cnecesario\u201d.<\/p>\n\n\n\n<blockquote class=\"wp-block-quote is-layout-flow wp-block-quote-is-layout-flow\">\n<p><strong>Esto no es control serio.<br>Esto es control a medias y a destiempo.<\/strong><\/p>\n<\/blockquote>\n\n\n\n<p>Porque si el oficialismo hubiera querido un an\u00e1lisis profundo y transparente, el procedimiento habr\u00eda sido otro:<br>Comisiones de trabajo, requerimientos de informaci\u00f3n detallada, participaci\u00f3n de todas las \u00e1reas y publicidad de la convocatoria para que los vecinos puedan seguir en vivo las respuestas.<\/p>\n\n\n\n<p>Pero no.<br>Se opt\u00f3 por una citaci\u00f3n expr\u00e9s, sin tiempo real para que la oposici\u00f3n prepare preguntas de peso, y con un anexo que selecciona a dedo los \u00edtems a consultar.<br>S\u00ed, hay preguntas relevantes: sobre combustibles, alquileres, asesores, tarjetas de cr\u00e9dito, maquinaria\u2026<br>Pero <strong>se omiten otros temas sensibles<\/strong>: ejecuci\u00f3n de obras p\u00fablicas, uso de fondos nacionales y provinciales, transferencias internas, deuda flotante, cumplimiento de metas presupuestarias.<\/p>\n\n\n\n<blockquote class=\"wp-block-quote is-layout-flow wp-block-quote-is-layout-flow\">\n<p><strong>Y si el control es parcial, el resultado tambi\u00e9n lo ser\u00e1.<\/strong><\/p>\n<\/blockquote>\n\n\n\n<p>La convocatoria tampoco especifica qui\u00e9nes son \u201ctodos los otros funcionarios\u201d que deber\u00edan concurrir.<br>Eso deja la puerta abierta a que se presenten s\u00f3lo los que el Ejecutivo quiera enviar, y no necesariamente quienes tienen la responsabilidad directa de explicar cada gasto y cada ingreso.<\/p>\n\n\n\n<p>M\u00e1s grave a\u00fan: <strong>no hay garant\u00edas de que esta sesi\u00f3n sea p\u00fablica, transmitida y difundida masivamente<\/strong>, como exigen los principios de transparencia.<br>Sin participaci\u00f3n ciudadana, la rendici\u00f3n de cuentas se convierte en un acto interno, cerrado y sin consecuencias reales.<\/p>\n\n\n\n<p>El oficialismo dice actuar con urgencia.<br>Pero esa urgencia no existi\u00f3 cuando la Cuenta General lleg\u00f3 al Concejo.<br>Durante semanas pudieron solicitar documentaci\u00f3n adicional, pero esperaron hasta \u00faltimo momento para montar esta convocatoria \u201cde apuro\u201d.<\/p>\n\n\n\n<p>El mensaje que deja esta Resoluci\u00f3n es claro:<br>Cumplir con la forma, pero vaciar el contenido.<br>Hacer control sin querer controlar.<\/p>\n\n\n\n<p>Y mientras tanto, los vecinos siguen sin saber con precisi\u00f3n c\u00f3mo se gast\u00f3 su dinero en 2024.<\/p>\n\n\n\n<p>El control institucional no puede ser una puesta en escena.<br>No es un tr\u00e1mite para la foto, ni una herramienta para eludir responsabilidades.<br>Es una obligaci\u00f3n legal, pol\u00edtica y moral.<\/p>\n\n\n\n<p>En Campo Quijano, necesitamos un Concejo que abra las puertas, que pida todo lo que tenga que pedir, que no elija a conveniencia qu\u00e9 preguntar y qu\u00e9 callar.<br>Porque un control selectivo y a destiempo, en realidad, no es control:<br>Es encubrimiento.<\/p>\n\n\n\n<ul class=\"wp-block-list\">\n<li><strong>Y lo m\u00e1s grave: al final, aparece la pregunta que todos queremos respuesta <br> \u00bfEn qu\u00e9 se gastaron m\u00e1s de 130 MILLONES de pesos en el Concejo Deliberante en 2024?<\/strong><\/li>\n\n\n\n<li><strong>Porque el control institucional no es una puesta en escena:<br>O se hace completo y a tiempo\u2026 o es encubrimiento.<\/strong><\/li>\n<\/ul>\n\n\n\n<div data-wp-interactive=\"core\/file\" class=\"wp-block-file\"><object data-wp-bind--hidden=\"!state.hasPdfPreview\" hidden class=\"wp-block-file__embed\" data=\"https:\/\/nahuelproducciones.com.ar\/radioquijano\/wp-content\/uploads\/2025\/08\/Proyecto-de-Resolucion-de-Suarez-para-Coria.pdf\" type=\"application\/pdf\" style=\"width:100%;height:600px\" aria-label=\"Incrustado de Proyecto de Resoluci\u00f3n de Su\u00e1rez para Coria.\"><\/object><a id=\"wp-block-file--media-23eaa884-09a2-48a1-b15e-8fc81171e949\" href=\"https:\/\/nahuelproducciones.com.ar\/radioquijano\/wp-content\/uploads\/2025\/08\/Proyecto-de-Resolucion-de-Suarez-para-Coria.pdf\">Proyecto de Resoluci\u00f3n de Su\u00e1rez para Coria<\/a><a href=\"https:\/\/nahuelproducciones.com.ar\/radioquijano\/wp-content\/uploads\/2025\/08\/Proyecto-de-Resolucion-de-Suarez-para-Coria.pdf\" class=\"wp-block-file__button wp-element-button\" download aria-describedby=\"wp-block-file--media-23eaa884-09a2-48a1-b15e-8fc81171e949\">Descarga<\/a><\/div>\n","protected":false},"excerpt":{"rendered":"<p>\u201cLa Resoluci\u00f3n que naci\u00f3 para controlar, pero termin\u00f3 encubriendo\u201d En la \u00faltima sesi\u00f3n del Concejo Deliberante de Campo Quijano, el oficialismo aprob\u00f3 una Resoluci\u00f3n que, en teor\u00eda, deb\u00eda ejercer el control institucional sobre la gesti\u00f3n municipal.En teor\u00eda\u2026 porque, en la pr\u00e1ctica, esta medida es otro ejemplo de c\u00f3mo se puede usar la ley para cumplir [&hellip;]<\/p>\n","protected":false},"author":6,"featured_media":10833,"comment_status":"open","ping_status":"open","sticky":false,"template":"","format":"standard","meta":{"_monsterinsights_skip_tracking":false,"_monsterinsights_sitenote_active":false,"_monsterinsights_sitenote_note":"","_monsterinsights_sitenote_category":0,"footnotes":""},"categories":[6],"tags":[],"class_list":["post-10899","post","type-post","status-publish","format-standard","has-post-thumbnail","hentry","category-editorial"],"yoast_head":"<!-- This site is optimized with the Yoast SEO plugin v20.8 - https:\/\/yoast.com\/wordpress\/plugins\/seo\/ -->\n<title>EDITORIAL \u2013 AIRE DE LIBERTAD \u2013 RADIO QUIJANO 99.9 &quot;Resoluci\u00f3n que encubre&quot; - RQ 99.9<\/title>\n<meta name=\"robots\" content=\"index, follow, max-snippet:-1, max-image-preview:large, max-video-preview:-1\" \/>\n<link rel=\"canonical\" href=\"https:\/\/nahuelproducciones.com.ar\/radioquijano\/editorial-aire-de-libertad-radio-quijano-99-9\/\" \/>\n<meta property=\"og:locale\" content=\"es_ES\" \/>\n<meta property=\"og:type\" content=\"article\" \/>\n<meta property=\"og:title\" content=\"EDITORIAL \u2013 AIRE DE LIBERTAD \u2013 RADIO QUIJANO 99.9 &quot;Resoluci\u00f3n que encubre&quot; - RQ 99.9\" \/>\n<meta property=\"og:description\" content=\"\u201cLa Resoluci\u00f3n que naci\u00f3 para controlar, pero termin\u00f3 encubriendo\u201d En la \u00faltima sesi\u00f3n del Concejo Deliberante de Campo Quijano, el oficialismo aprob\u00f3 una Resoluci\u00f3n que, en teor\u00eda, deb\u00eda ejercer el control institucional sobre la gesti\u00f3n municipal.En teor\u00eda\u2026 porque, en la pr\u00e1ctica, esta medida es otro ejemplo de c\u00f3mo se puede usar la ley para cumplir [&hellip;]\" \/>\n<meta property=\"og:url\" content=\"https:\/\/nahuelproducciones.com.ar\/radioquijano\/editorial-aire-de-libertad-radio-quijano-99-9\/\" \/>\n<meta property=\"og:site_name\" content=\"RQ 99.9\" \/>\n<meta property=\"article:publisher\" content=\"https:\/\/www.facebook.com\/nahuelproducciones999\/\" \/>\n<meta property=\"article:published_time\" content=\"2025-08-14T04:56:24+00:00\" \/>\n<meta property=\"article:modified_time\" content=\"2025-08-14T05:06:30+00:00\" \/>\n<meta property=\"og:image\" content=\"https:\/\/nahuelproducciones.com.ar\/radioquijano\/wp-content\/uploads\/2025\/08\/WhatsApp-Image-2025-08-07-at-7.29.45-AM-1-e1754563304234.jpeg\" \/>\n\t<meta property=\"og:image:width\" content=\"700\" \/>\n\t<meta property=\"og:image:height\" content=\"360\" \/>\n\t<meta property=\"og:image:type\" content=\"image\/jpeg\" \/>\n<meta name=\"author\" content=\"Ricardo Guzman\" \/>\n<meta name=\"twitter:card\" content=\"summary_large_image\" \/>\n<meta name=\"twitter:creator\" content=\"@nahuproduciones\" \/>\n<meta name=\"twitter:site\" content=\"@nahuproduciones\" \/>\n<meta name=\"twitter:label1\" content=\"Escrito por\" \/>\n\t<meta name=\"twitter:data1\" content=\"Ricardo Guzman\" \/>\n\t<meta name=\"twitter:label2\" content=\"Tiempo de lectura\" \/>\n\t<meta name=\"twitter:data2\" content=\"3 minutos\" \/>\n<script type=\"application\/ld+json\" class=\"yoast-schema-graph\">{\"@context\":\"https:\/\/schema.org\",\"@graph\":[{\"@type\":\"WebPage\",\"@id\":\"https:\/\/nahuelproducciones.com.ar\/radioquijano\/editorial-aire-de-libertad-radio-quijano-99-9\/\",\"url\":\"https:\/\/nahuelproducciones.com.ar\/radioquijano\/editorial-aire-de-libertad-radio-quijano-99-9\/\",\"name\":\"EDITORIAL \u2013 AIRE DE LIBERTAD \u2013 RADIO QUIJANO 99.9 \\\"Resoluci\u00f3n que encubre\\\" - RQ 99.9\",\"isPartOf\":{\"@id\":\"https:\/\/nahuelproducciones.com.ar\/radioquijano\/#website\"},\"datePublished\":\"2025-08-14T04:56:24+00:00\",\"dateModified\":\"2025-08-14T05:06:30+00:00\",\"author\":{\"@id\":\"https:\/\/nahuelproducciones.com.ar\/radioquijano\/#\/schema\/person\/b9b81a110cbdf07949e2cd02d478ab9d\"},\"breadcrumb\":{\"@id\":\"https:\/\/nahuelproducciones.com.ar\/radioquijano\/editorial-aire-de-libertad-radio-quijano-99-9\/#breadcrumb\"},\"inLanguage\":\"es\",\"potentialAction\":[{\"@type\":\"ReadAction\",\"target\":[\"https:\/\/nahuelproducciones.com.ar\/radioquijano\/editorial-aire-de-libertad-radio-quijano-99-9\/\"]}]},{\"@type\":\"BreadcrumbList\",\"@id\":\"https:\/\/nahuelproducciones.com.ar\/radioquijano\/editorial-aire-de-libertad-radio-quijano-99-9\/#breadcrumb\",\"itemListElement\":[{\"@type\":\"ListItem\",\"position\":1,\"name\":\"Portada\",\"item\":\"https:\/\/nahuelproducciones.com.ar\/radioquijano\/\"},{\"@type\":\"ListItem\",\"position\":2,\"name\":\"EDITORIAL \u2013 AIRE DE LIBERTAD \u2013 RADIO QUIJANO 99.9 \u00abResoluci\u00f3n que encubre\u00bb\"}]},{\"@type\":\"WebSite\",\"@id\":\"https:\/\/nahuelproducciones.com.ar\/radioquijano\/#website\",\"url\":\"https:\/\/nahuelproducciones.com.ar\/radioquijano\/\",\"name\":\"RQ 99.9\",\"description\":\"Radio Quijano 99.9 MHz\",\"potentialAction\":[{\"@type\":\"SearchAction\",\"target\":{\"@type\":\"EntryPoint\",\"urlTemplate\":\"https:\/\/nahuelproducciones.com.ar\/radioquijano\/?s={search_term_string}\"},\"query-input\":\"required name=search_term_string\"}],\"inLanguage\":\"es\"},{\"@type\":\"Person\",\"@id\":\"https:\/\/nahuelproducciones.com.ar\/radioquijano\/#\/schema\/person\/b9b81a110cbdf07949e2cd02d478ab9d\",\"name\":\"Ricardo Guzman\",\"image\":{\"@type\":\"ImageObject\",\"inLanguage\":\"es\",\"@id\":\"https:\/\/nahuelproducciones.com.ar\/radioquijano\/#\/schema\/person\/image\/\",\"url\":\"https:\/\/secure.gravatar.com\/avatar\/a5d582deda251f95dc882b72fc6e7b4854f88bb25c3154519210afffa7d706e8?s=96&d=mm&r=g\",\"contentUrl\":\"https:\/\/secure.gravatar.com\/avatar\/a5d582deda251f95dc882b72fc6e7b4854f88bb25c3154519210afffa7d706e8?s=96&d=mm&r=g\",\"caption\":\"Ricardo Guzman\"},\"url\":\"https:\/\/nahuelproducciones.com.ar\/radioquijano\/author\/cady\/\"}]}<\/script>\n<!-- \/ Yoast SEO plugin. -->","yoast_head_json":{"title":"EDITORIAL \u2013 AIRE DE LIBERTAD \u2013 RADIO QUIJANO 99.9 \"Resoluci\u00f3n que encubre\" - RQ 99.9","robots":{"index":"index","follow":"follow","max-snippet":"max-snippet:-1","max-image-preview":"max-image-preview:large","max-video-preview":"max-video-preview:-1"},"canonical":"https:\/\/nahuelproducciones.com.ar\/radioquijano\/editorial-aire-de-libertad-radio-quijano-99-9\/","og_locale":"es_ES","og_type":"article","og_title":"EDITORIAL \u2013 AIRE DE LIBERTAD \u2013 RADIO QUIJANO 99.9 \"Resoluci\u00f3n que encubre\" - RQ 99.9","og_description":"\u201cLa Resoluci\u00f3n que naci\u00f3 para controlar, pero termin\u00f3 encubriendo\u201d En la \u00faltima sesi\u00f3n del Concejo Deliberante de Campo Quijano, el oficialismo aprob\u00f3 una Resoluci\u00f3n que, en teor\u00eda, deb\u00eda ejercer el control institucional sobre la gesti\u00f3n municipal.En teor\u00eda\u2026 porque, en la pr\u00e1ctica, esta medida es otro ejemplo de c\u00f3mo se puede usar la ley para cumplir [&hellip;]","og_url":"https:\/\/nahuelproducciones.com.ar\/radioquijano\/editorial-aire-de-libertad-radio-quijano-99-9\/","og_site_name":"RQ 99.9","article_publisher":"https:\/\/www.facebook.com\/nahuelproducciones999\/","article_published_time":"2025-08-14T04:56:24+00:00","article_modified_time":"2025-08-14T05:06:30+00:00","og_image":[{"width":700,"height":360,"url":"https:\/\/nahuelproducciones.com.ar\/radioquijano\/wp-content\/uploads\/2025\/08\/WhatsApp-Image-2025-08-07-at-7.29.45-AM-1-e1754563304234.jpeg","type":"image\/jpeg"}],"author":"Ricardo Guzman","twitter_card":"summary_large_image","twitter_creator":"@nahuproduciones","twitter_site":"@nahuproduciones","twitter_misc":{"Escrito por":"Ricardo Guzman","Tiempo de lectura":"3 minutos"},"schema":{"@context":"https:\/\/schema.org","@graph":[{"@type":"WebPage","@id":"https:\/\/nahuelproducciones.com.ar\/radioquijano\/editorial-aire-de-libertad-radio-quijano-99-9\/","url":"https:\/\/nahuelproducciones.com.ar\/radioquijano\/editorial-aire-de-libertad-radio-quijano-99-9\/","name":"EDITORIAL \u2013 AIRE DE LIBERTAD \u2013 RADIO QUIJANO 99.9 \"Resoluci\u00f3n que encubre\" - RQ 99.9","isPartOf":{"@id":"https:\/\/nahuelproducciones.com.ar\/radioquijano\/#website"},"datePublished":"2025-08-14T04:56:24+00:00","dateModified":"2025-08-14T05:06:30+00:00","author":{"@id":"https:\/\/nahuelproducciones.com.ar\/radioquijano\/#\/schema\/person\/b9b81a110cbdf07949e2cd02d478ab9d"},"breadcrumb":{"@id":"https:\/\/nahuelproducciones.com.ar\/radioquijano\/editorial-aire-de-libertad-radio-quijano-99-9\/#breadcrumb"},"inLanguage":"es","potentialAction":[{"@type":"ReadAction","target":["https:\/\/nahuelproducciones.com.ar\/radioquijano\/editorial-aire-de-libertad-radio-quijano-99-9\/"]}]},{"@type":"BreadcrumbList","@id":"https:\/\/nahuelproducciones.com.ar\/radioquijano\/editorial-aire-de-libertad-radio-quijano-99-9\/#breadcrumb","itemListElement":[{"@type":"ListItem","position":1,"name":"Portada","item":"https:\/\/nahuelproducciones.com.ar\/radioquijano\/"},{"@type":"ListItem","position":2,"name":"EDITORIAL \u2013 AIRE DE LIBERTAD \u2013 RADIO QUIJANO 99.9 \u00abResoluci\u00f3n que encubre\u00bb"}]},{"@type":"WebSite","@id":"https:\/\/nahuelproducciones.com.ar\/radioquijano\/#website","url":"https:\/\/nahuelproducciones.com.ar\/radioquijano\/","name":"RQ 99.9","description":"Radio Quijano 99.9 MHz","potentialAction":[{"@type":"SearchAction","target":{"@type":"EntryPoint","urlTemplate":"https:\/\/nahuelproducciones.com.ar\/radioquijano\/?s={search_term_string}"},"query-input":"required name=search_term_string"}],"inLanguage":"es"},{"@type":"Person","@id":"https:\/\/nahuelproducciones.com.ar\/radioquijano\/#\/schema\/person\/b9b81a110cbdf07949e2cd02d478ab9d","name":"Ricardo Guzman","image":{"@type":"ImageObject","inLanguage":"es","@id":"https:\/\/nahuelproducciones.com.ar\/radioquijano\/#\/schema\/person\/image\/","url":"https:\/\/secure.gravatar.com\/avatar\/a5d582deda251f95dc882b72fc6e7b4854f88bb25c3154519210afffa7d706e8?s=96&d=mm&r=g","contentUrl":"https:\/\/secure.gravatar.com\/avatar\/a5d582deda251f95dc882b72fc6e7b4854f88bb25c3154519210afffa7d706e8?s=96&d=mm&r=g","caption":"Ricardo Guzman"},"url":"https:\/\/nahuelproducciones.com.ar\/radioquijano\/author\/cady\/"}]}},"_links":{"self":[{"href":"https:\/\/nahuelproducciones.com.ar\/radioquijano\/wp-json\/wp\/v2\/posts\/10899","targetHints":{"allow":["GET"]}}],"collection":[{"href":"https:\/\/nahuelproducciones.com.ar\/radioquijano\/wp-json\/wp\/v2\/posts"}],"about":[{"href":"https:\/\/nahuelproducciones.com.ar\/radioquijano\/wp-json\/wp\/v2\/types\/post"}],"author":[{"embeddable":true,"href":"https:\/\/nahuelproducciones.com.ar\/radioquijano\/wp-json\/wp\/v2\/users\/6"}],"replies":[{"embeddable":true,"href":"https:\/\/nahuelproducciones.com.ar\/radioquijano\/wp-json\/wp\/v2\/comments?post=10899"}],"version-history":[{"count":5,"href":"https:\/\/nahuelproducciones.com.ar\/radioquijano\/wp-json\/wp\/v2\/posts\/10899\/revisions"}],"predecessor-version":[{"id":10908,"href":"https:\/\/nahuelproducciones.com.ar\/radioquijano\/wp-json\/wp\/v2\/posts\/10899\/revisions\/10908"}],"wp:featuredmedia":[{"embeddable":true,"href":"https:\/\/nahuelproducciones.com.ar\/radioquijano\/wp-json\/wp\/v2\/media\/10833"}],"wp:attachment":[{"href":"https:\/\/nahuelproducciones.com.ar\/radioquijano\/wp-json\/wp\/v2\/media?parent=10899"}],"wp:term":[{"taxonomy":"category","embeddable":true,"href":"https:\/\/nahuelproducciones.com.ar\/radioquijano\/wp-json\/wp\/v2\/categories?post=10899"},{"taxonomy":"post_tag","embeddable":true,"href":"https:\/\/nahuelproducciones.com.ar\/radioquijano\/wp-json\/wp\/v2\/tags?post=10899"}],"curies":[{"name":"wp","href":"https:\/\/api.w.org\/{rel}","templated":true}]}}