{"id":10909,"date":"2025-08-14T19:58:35","date_gmt":"2025-08-14T22:58:35","guid":{"rendered":"https:\/\/nahuelproducciones.com.ar\/radioquijano\/?p=10909"},"modified":"2025-08-14T19:59:41","modified_gmt":"2025-08-14T22:59:41","slug":"un-sueno-sobre-ruedas-emma-y-anita-dos-promesas-del-patinaje-quijaneno-rumbo-al-nacional","status":"publish","type":"post","link":"https:\/\/nahuelproducciones.com.ar\/radioquijano\/un-sueno-sobre-ruedas-emma-y-anita-dos-promesas-del-patinaje-quijaneno-rumbo-al-nacional\/","title":{"rendered":"Un sue\u00f1o sobre ruedas: Emma y Anita, dos promesas del patinaje quijane\u00f1o rumbo al Nacional"},"content":{"rendered":"\n<p>Hoy en Radio Quijano se comparti\u00f3 una historia que rueda sobre sue\u00f1os, esfuerzo y pasi\u00f3n. Emma y Anita, dos j\u00f3venes patinadoras art\u00edsticas de Campo Quijano, lograron clasificar al <strong>Torneo Nacional de Pat\u00edn Art\u00edstico<\/strong>, un logro que no es casualidad, sino fruto de horas de entrenamiento, dedicaci\u00f3n y amor por lo que hacen.<\/p>\n\n\n\n<p>Con apenas 11 y 13 a\u00f1os, estas primas se han ganado un lugar entre las grandes promesas del patinaje art\u00edstico de la regi\u00f3n. En junio, durante el Torneo Provincial realizado en G\u00fcemes, Emma se consagr\u00f3 campeona y Anita subcampeona. M\u00e1s tarde, en el Torneo Regional desarrollado en el Estadio Delmi de Salta, Emma obtuvo el subcampeonato y Anita alcanz\u00f3 el sexto puesto en la <strong>categor\u00eda C 5ta Formativa<\/strong>, asegurando as\u00ed su clasificaci\u00f3n al Nacional.<\/p>\n\n\n\n<p>El pr\u00f3ximo desaf\u00edo ser\u00e1 la <strong>Copa Nacional Roberto Rodr\u00edguez<\/strong>, que se disputar\u00e1 del 27 de septiembre al 4 de octubre en San Juan, un evento que re\u00fane a las mejores patinadoras del pa\u00eds y representa una oportunidad \u00fanica para que las j\u00f3venes quijane\u00f1as muestren su talento en la pista.<\/p>\n\n\n\n<p>Si bien el gobierno municipal, a trav\u00e9s de la Direcci\u00f3n de Deportes encabezada por Alfredo \u201cMilico\u201d Burgos, brind\u00f3 apoyo para sus presentaciones, el costo para asistir a la competencia nacional sigue siendo elevado. Por este motivo, la familia lanz\u00f3 la campa\u00f1a <strong>\u201cUn sue\u00f1o sobre ruedas\u201d<\/strong>, con la que buscan la solidaridad de la comunidad para cubrir gastos de inscripci\u00f3n, vi\u00e1ticos, hospedaje y otros costos administrativos.<\/p>\n\n\n\n<p>\u201cCada aporte, por peque\u00f1o que parezca, ser\u00e1 un gran impulso para que puedan vivir esta experiencia inolvidable\u201d, expres\u00f3 Mar\u00eda Varela, mam\u00e1 de Emma y t\u00eda de Anita, en comunicaci\u00f3n telef\u00f3nica con RQ 99.9 Mhz.<\/p>\n\n\n\n<p>&#x1f4cc; <strong>Alias para colaborar:<\/strong> <em>Ana.Emma.nacional<\/em><\/p>\n\n\n\n<p>Con la ayuda de todos, Emma y Anita podr\u00e1n seguir girando, so\u00f1ando y brillando en la pista, llevando el nombre de Campo Quijano a lo m\u00e1s alto del patinaje nacional. Porque cuando un talento local crece, crecemos todos.<\/p>\n\n\n\n<p>Escucha la entrevista:<\/p>\n\n\n\n<figure class=\"wp-block-audio\"><audio controls src=\"https:\/\/nahuelproducciones.com.ar\/radioquijano\/wp-content\/uploads\/2025\/08\/14-08-2025-maria-varela-mama-de-ema-y-tia-de-ana-clasificaron-al-torneo-nacional-de-patin-aristico-en-san-luis-del-27-de-sept-al-4-de-oct-campana-sueno-sobre-rueda.mp3\"><\/audio><\/figure>\n\n\n\n<figure class=\"wp-block-gallery has-nested-images columns-default is-cropped wp-block-gallery-1 is-layout-flex wp-block-gallery-is-layout-flex\">\n<figure class=\"wp-block-image size-large\"><img loading=\"lazy\" decoding=\"async\" width=\"1024\" height=\"462\" data-id=\"10911\" src=\"https:\/\/nahuelproducciones.com.ar\/radioquijano\/wp-content\/uploads\/2025\/08\/WhatsApp-Image-2025-08-14-at-1.58.40-PM-1024x462.jpeg\" alt=\"\" class=\"wp-image-10911\" srcset=\"https:\/\/nahuelproducciones.com.ar\/radioquijano\/wp-content\/uploads\/2025\/08\/WhatsApp-Image-2025-08-14-at-1.58.40-PM-1024x462.jpeg 1024w, https:\/\/nahuelproducciones.com.ar\/radioquijano\/wp-content\/uploads\/2025\/08\/WhatsApp-Image-2025-08-14-at-1.58.40-PM-300x135.jpeg 300w, https:\/\/nahuelproducciones.com.ar\/radioquijano\/wp-content\/uploads\/2025\/08\/WhatsApp-Image-2025-08-14-at-1.58.40-PM-768x346.jpeg 768w, https:\/\/nahuelproducciones.com.ar\/radioquijano\/wp-content\/uploads\/2025\/08\/WhatsApp-Image-2025-08-14-at-1.58.40-PM-150x68.jpeg 150w, https:\/\/nahuelproducciones.com.ar\/radioquijano\/wp-content\/uploads\/2025\/08\/WhatsApp-Image-2025-08-14-at-1.58.40-PM.jpeg 1156w\" sizes=\"auto, (max-width: 1024px) 100vw, 1024px\" \/><\/figure>\n\n\n\n<figure class=\"wp-block-image size-large\"><img loading=\"lazy\" decoding=\"async\" width=\"462\" height=\"1024\" data-id=\"10910\" src=\"https:\/\/nahuelproducciones.com.ar\/radioquijano\/wp-content\/uploads\/2025\/08\/WhatsApp-Image-2025-08-14-at-1.58.41-PM-1-462x1024.jpeg\" alt=\"\" class=\"wp-image-10910\" srcset=\"https:\/\/nahuelproducciones.com.ar\/radioquijano\/wp-content\/uploads\/2025\/08\/WhatsApp-Image-2025-08-14-at-1.58.41-PM-1-462x1024.jpeg 462w, https:\/\/nahuelproducciones.com.ar\/radioquijano\/wp-content\/uploads\/2025\/08\/WhatsApp-Image-2025-08-14-at-1.58.41-PM-1-135x300.jpeg 135w, https:\/\/nahuelproducciones.com.ar\/radioquijano\/wp-content\/uploads\/2025\/08\/WhatsApp-Image-2025-08-14-at-1.58.41-PM-1-150x333.jpeg 150w, https:\/\/nahuelproducciones.com.ar\/radioquijano\/wp-content\/uploads\/2025\/08\/WhatsApp-Image-2025-08-14-at-1.58.41-PM-1.jpeg 521w\" sizes=\"auto, (max-width: 462px) 100vw, 462px\" \/><\/figure>\n\n\n\n<figure class=\"wp-block-image size-large\"><img loading=\"lazy\" decoding=\"async\" width=\"576\" height=\"1024\" data-id=\"10913\" src=\"https:\/\/nahuelproducciones.com.ar\/radioquijano\/wp-content\/uploads\/2025\/08\/WhatsApp-Image-2025-08-14-at-1.58.41-PM-576x1024.jpeg\" alt=\"\" class=\"wp-image-10913\" srcset=\"https:\/\/nahuelproducciones.com.ar\/radioquijano\/wp-content\/uploads\/2025\/08\/WhatsApp-Image-2025-08-14-at-1.58.41-PM-576x1024.jpeg 576w, https:\/\/nahuelproducciones.com.ar\/radioquijano\/wp-content\/uploads\/2025\/08\/WhatsApp-Image-2025-08-14-at-1.58.41-PM-169x300.jpeg 169w, https:\/\/nahuelproducciones.com.ar\/radioquijano\/wp-content\/uploads\/2025\/08\/WhatsApp-Image-2025-08-14-at-1.58.41-PM-768x1365.jpeg 768w, https:\/\/nahuelproducciones.com.ar\/radioquijano\/wp-content\/uploads\/2025\/08\/WhatsApp-Image-2025-08-14-at-1.58.41-PM-864x1536.jpeg 864w, https:\/\/nahuelproducciones.com.ar\/radioquijano\/wp-content\/uploads\/2025\/08\/WhatsApp-Image-2025-08-14-at-1.58.41-PM-150x267.jpeg 150w, https:\/\/nahuelproducciones.com.ar\/radioquijano\/wp-content\/uploads\/2025\/08\/WhatsApp-Image-2025-08-14-at-1.58.41-PM.jpeg 900w\" sizes=\"auto, (max-width: 576px) 100vw, 576px\" \/><\/figure>\n\n\n\n<figure class=\"wp-block-image size-large\"><img loading=\"lazy\" decoding=\"async\" width=\"461\" height=\"1024\" data-id=\"10914\" src=\"https:\/\/nahuelproducciones.com.ar\/radioquijano\/wp-content\/uploads\/2025\/08\/WhatsApp-Image-2025-08-14-at-2.01.44-PM-461x1024.jpeg\" alt=\"\" class=\"wp-image-10914\" srcset=\"https:\/\/nahuelproducciones.com.ar\/radioquijano\/wp-content\/uploads\/2025\/08\/WhatsApp-Image-2025-08-14-at-2.01.44-PM-461x1024.jpeg 461w, https:\/\/nahuelproducciones.com.ar\/radioquijano\/wp-content\/uploads\/2025\/08\/WhatsApp-Image-2025-08-14-at-2.01.44-PM-135x300.jpeg 135w, https:\/\/nahuelproducciones.com.ar\/radioquijano\/wp-content\/uploads\/2025\/08\/WhatsApp-Image-2025-08-14-at-2.01.44-PM-691x1536.jpeg 691w, https:\/\/nahuelproducciones.com.ar\/radioquijano\/wp-content\/uploads\/2025\/08\/WhatsApp-Image-2025-08-14-at-2.01.44-PM-150x333.jpeg 150w, https:\/\/nahuelproducciones.com.ar\/radioquijano\/wp-content\/uploads\/2025\/08\/WhatsApp-Image-2025-08-14-at-2.01.44-PM.jpeg 720w\" sizes=\"auto, (max-width: 461px) 100vw, 461px\" \/><\/figure>\n\n\n\n<figure class=\"wp-block-image size-large\"><img loading=\"lazy\" decoding=\"async\" width=\"768\" height=\"1024\" data-id=\"10912\" src=\"https:\/\/nahuelproducciones.com.ar\/radioquijano\/wp-content\/uploads\/2025\/08\/WhatsApp-Image-2025-08-14-at-2.02.11-PM-768x1024.jpeg\" alt=\"\" class=\"wp-image-10912\"\/><\/figure>\n<\/figure>\n\n\n\n<figure class=\"wp-block-video aligncenter\"><video controls src=\"https:\/\/nahuelproducciones.com.ar\/radioquijano\/wp-content\/uploads\/2025\/08\/WhatsApp-Video-2025-08-14-at-1.59.17-PM.mp4\"><\/video><\/figure>\n","protected":false},"excerpt":{"rendered":"<p>Hoy en Radio Quijano se comparti\u00f3 una historia que rueda sobre sue\u00f1os, esfuerzo y pasi\u00f3n. Emma y Anita, dos j\u00f3venes patinadoras art\u00edsticas de Campo Quijano, lograron clasificar al Torneo Nacional de Pat\u00edn Art\u00edstico, un logro que no es casualidad, sino fruto de horas de entrenamiento, dedicaci\u00f3n y amor por lo que hacen. Con apenas 11 [&hellip;]<\/p>\n","protected":false},"author":8,"featured_media":10912,"comment_status":"open","ping_status":"open","sticky":false,"template":"","format":"standard","meta":{"_monsterinsights_skip_tracking":false,"_monsterinsights_sitenote_active":false,"_monsterinsights_sitenote_note":"","_monsterinsights_sitenote_category":0,"footnotes":""},"categories":[16],"tags":[1887,1886,100,1888],"class_list":["post-10909","post","type-post","status-publish","format-standard","has-post-thumbnail","hentry","category-noticias","tag-anita","tag-emma","tag-municipio-de-campo-quijano","tag-un-sueno-sobre-ruedas"],"yoast_head":"<!-- This site is optimized with the Yoast SEO plugin v20.8 - https:\/\/yoast.com\/wordpress\/plugins\/seo\/ -->\n<title>Un sue\u00f1o sobre ruedas: Emma y Anita, dos promesas del patinaje quijane\u00f1o rumbo al Nacional - RQ 99.9<\/title>\n<meta name=\"description\" content=\"Porque cuando un talento local crece, crecemos todos.\" \/>\n<meta name=\"robots\" content=\"index, follow, max-snippet:-1, max-image-preview:large, max-video-preview:-1\" \/>\n<link rel=\"canonical\" href=\"https:\/\/nahuelproducciones.com.ar\/radioquijano\/un-sueno-sobre-ruedas-emma-y-anita-dos-promesas-del-patinaje-quijaneno-rumbo-al-nacional\/\" \/>\n<meta property=\"og:locale\" content=\"es_ES\" \/>\n<meta property=\"og:type\" content=\"article\" \/>\n<meta property=\"og:title\" content=\"Un sue\u00f1o sobre ruedas: Emma y Anita, dos promesas del patinaje quijane\u00f1o rumbo al Nacional - RQ 99.9\" \/>\n<meta property=\"og:description\" content=\"Porque cuando un talento local crece, crecemos todos.\" \/>\n<meta property=\"og:url\" content=\"https:\/\/nahuelproducciones.com.ar\/radioquijano\/un-sueno-sobre-ruedas-emma-y-anita-dos-promesas-del-patinaje-quijaneno-rumbo-al-nacional\/\" \/>\n<meta property=\"og:site_name\" content=\"RQ 99.9\" \/>\n<meta property=\"article:publisher\" content=\"https:\/\/www.facebook.com\/nahuelproducciones999\/\" \/>\n<meta property=\"article:published_time\" content=\"2025-08-14T22:58:35+00:00\" \/>\n<meta property=\"article:modified_time\" content=\"2025-08-14T22:59:41+00:00\" \/>\n<meta property=\"og:image\" content=\"https:\/\/nahuelproducciones.com.ar\/radioquijano\/wp-content\/uploads\/2025\/08\/WhatsApp-Image-2025-08-14-at-2.02.11-PM-e1755212208642.jpeg\" \/>\n\t<meta property=\"og:image:width\" content=\"700\" \/>\n\t<meta property=\"og:image:height\" content=\"933\" \/>\n\t<meta property=\"og:image:type\" content=\"image\/jpeg\" \/>\n<meta name=\"author\" content=\"Cecilia Pastrana\" \/>\n<meta name=\"twitter:card\" content=\"summary_large_image\" \/>\n<meta name=\"twitter:creator\" content=\"@nahuproduciones\" \/>\n<meta name=\"twitter:site\" content=\"@nahuproduciones\" \/>\n<meta name=\"twitter:label1\" content=\"Escrito por\" \/>\n\t<meta name=\"twitter:data1\" content=\"Cecilia Pastrana\" \/>\n\t<meta name=\"twitter:label2\" content=\"Tiempo de lectura\" \/>\n\t<meta name=\"twitter:data2\" content=\"3 minutos\" \/>\n<script type=\"application\/ld+json\" class=\"yoast-schema-graph\">{\"@context\":\"https:\/\/schema.org\",\"@graph\":[{\"@type\":\"WebPage\",\"@id\":\"https:\/\/nahuelproducciones.com.ar\/radioquijano\/un-sueno-sobre-ruedas-emma-y-anita-dos-promesas-del-patinaje-quijaneno-rumbo-al-nacional\/\",\"url\":\"https:\/\/nahuelproducciones.com.ar\/radioquijano\/un-sueno-sobre-ruedas-emma-y-anita-dos-promesas-del-patinaje-quijaneno-rumbo-al-nacional\/\",\"name\":\"Un sue\u00f1o sobre ruedas: Emma y Anita, dos promesas del patinaje quijane\u00f1o rumbo al Nacional - RQ 99.9\",\"isPartOf\":{\"@id\":\"https:\/\/nahuelproducciones.com.ar\/radioquijano\/#website\"},\"datePublished\":\"2025-08-14T22:58:35+00:00\",\"dateModified\":\"2025-08-14T22:59:41+00:00\",\"author\":{\"@id\":\"https:\/\/nahuelproducciones.com.ar\/radioquijano\/#\/schema\/person\/e8a4f939e2cb487fe6d0c54042c9d32c\"},\"description\":\"Porque cuando un talento local crece, crecemos todos.\",\"breadcrumb\":{\"@id\":\"https:\/\/nahuelproducciones.com.ar\/radioquijano\/un-sueno-sobre-ruedas-emma-y-anita-dos-promesas-del-patinaje-quijaneno-rumbo-al-nacional\/#breadcrumb\"},\"inLanguage\":\"es\",\"potentialAction\":[{\"@type\":\"ReadAction\",\"target\":[\"https:\/\/nahuelproducciones.com.ar\/radioquijano\/un-sueno-sobre-ruedas-emma-y-anita-dos-promesas-del-patinaje-quijaneno-rumbo-al-nacional\/\"]}]},{\"@type\":\"BreadcrumbList\",\"@id\":\"https:\/\/nahuelproducciones.com.ar\/radioquijano\/un-sueno-sobre-ruedas-emma-y-anita-dos-promesas-del-patinaje-quijaneno-rumbo-al-nacional\/#breadcrumb\",\"itemListElement\":[{\"@type\":\"ListItem\",\"position\":1,\"name\":\"Portada\",\"item\":\"https:\/\/nahuelproducciones.com.ar\/radioquijano\/\"},{\"@type\":\"ListItem\",\"position\":2,\"name\":\"Un sue\u00f1o sobre ruedas: Emma y Anita, dos promesas del patinaje quijane\u00f1o rumbo al Nacional\"}]},{\"@type\":\"WebSite\",\"@id\":\"https:\/\/nahuelproducciones.com.ar\/radioquijano\/#website\",\"url\":\"https:\/\/nahuelproducciones.com.ar\/radioquijano\/\",\"name\":\"RQ 99.9\",\"description\":\"Radio Quijano 99.9 MHz\",\"potentialAction\":[{\"@type\":\"SearchAction\",\"target\":{\"@type\":\"EntryPoint\",\"urlTemplate\":\"https:\/\/nahuelproducciones.com.ar\/radioquijano\/?s={search_term_string}\"},\"query-input\":\"required name=search_term_string\"}],\"inLanguage\":\"es\"},{\"@type\":\"Person\",\"@id\":\"https:\/\/nahuelproducciones.com.ar\/radioquijano\/#\/schema\/person\/e8a4f939e2cb487fe6d0c54042c9d32c\",\"name\":\"Cecilia Pastrana\",\"image\":{\"@type\":\"ImageObject\",\"inLanguage\":\"es\",\"@id\":\"https:\/\/nahuelproducciones.com.ar\/radioquijano\/#\/schema\/person\/image\/\",\"url\":\"https:\/\/secure.gravatar.com\/avatar\/661a3ef63a8488d4f2794ed44af8cf71420f7e106f3072c40125114df5157749?s=96&d=mm&r=g\",\"contentUrl\":\"https:\/\/secure.gravatar.com\/avatar\/661a3ef63a8488d4f2794ed44af8cf71420f7e106f3072c40125114df5157749?s=96&d=mm&r=g\",\"caption\":\"Cecilia Pastrana\"},\"sameAs\":[\"cecy\"],\"url\":\"https:\/\/nahuelproducciones.com.ar\/radioquijano\/author\/cecy\/\"}]}<\/script>\n<!-- \/ Yoast SEO plugin. -->","yoast_head_json":{"title":"Un sue\u00f1o sobre ruedas: Emma y Anita, dos promesas del patinaje quijane\u00f1o rumbo al Nacional - RQ 99.9","description":"Porque cuando un talento local crece, crecemos todos.","robots":{"index":"index","follow":"follow","max-snippet":"max-snippet:-1","max-image-preview":"max-image-preview:large","max-video-preview":"max-video-preview:-1"},"canonical":"https:\/\/nahuelproducciones.com.ar\/radioquijano\/un-sueno-sobre-ruedas-emma-y-anita-dos-promesas-del-patinaje-quijaneno-rumbo-al-nacional\/","og_locale":"es_ES","og_type":"article","og_title":"Un sue\u00f1o sobre ruedas: Emma y Anita, dos promesas del patinaje quijane\u00f1o rumbo al Nacional - RQ 99.9","og_description":"Porque cuando un talento local crece, crecemos todos.","og_url":"https:\/\/nahuelproducciones.com.ar\/radioquijano\/un-sueno-sobre-ruedas-emma-y-anita-dos-promesas-del-patinaje-quijaneno-rumbo-al-nacional\/","og_site_name":"RQ 99.9","article_publisher":"https:\/\/www.facebook.com\/nahuelproducciones999\/","article_published_time":"2025-08-14T22:58:35+00:00","article_modified_time":"2025-08-14T22:59:41+00:00","og_image":[{"width":700,"height":933,"url":"https:\/\/nahuelproducciones.com.ar\/radioquijano\/wp-content\/uploads\/2025\/08\/WhatsApp-Image-2025-08-14-at-2.02.11-PM-e1755212208642.jpeg","type":"image\/jpeg"}],"author":"Cecilia Pastrana","twitter_card":"summary_large_image","twitter_creator":"@nahuproduciones","twitter_site":"@nahuproduciones","twitter_misc":{"Escrito por":"Cecilia Pastrana","Tiempo de lectura":"3 minutos"},"schema":{"@context":"https:\/\/schema.org","@graph":[{"@type":"WebPage","@id":"https:\/\/nahuelproducciones.com.ar\/radioquijano\/un-sueno-sobre-ruedas-emma-y-anita-dos-promesas-del-patinaje-quijaneno-rumbo-al-nacional\/","url":"https:\/\/nahuelproducciones.com.ar\/radioquijano\/un-sueno-sobre-ruedas-emma-y-anita-dos-promesas-del-patinaje-quijaneno-rumbo-al-nacional\/","name":"Un sue\u00f1o sobre ruedas: Emma y Anita, dos promesas del patinaje quijane\u00f1o rumbo al Nacional - RQ 99.9","isPartOf":{"@id":"https:\/\/nahuelproducciones.com.ar\/radioquijano\/#website"},"datePublished":"2025-08-14T22:58:35+00:00","dateModified":"2025-08-14T22:59:41+00:00","author":{"@id":"https:\/\/nahuelproducciones.com.ar\/radioquijano\/#\/schema\/person\/e8a4f939e2cb487fe6d0c54042c9d32c"},"description":"Porque cuando un talento local crece, crecemos todos.","breadcrumb":{"@id":"https:\/\/nahuelproducciones.com.ar\/radioquijano\/un-sueno-sobre-ruedas-emma-y-anita-dos-promesas-del-patinaje-quijaneno-rumbo-al-nacional\/#breadcrumb"},"inLanguage":"es","potentialAction":[{"@type":"ReadAction","target":["https:\/\/nahuelproducciones.com.ar\/radioquijano\/un-sueno-sobre-ruedas-emma-y-anita-dos-promesas-del-patinaje-quijaneno-rumbo-al-nacional\/"]}]},{"@type":"BreadcrumbList","@id":"https:\/\/nahuelproducciones.com.ar\/radioquijano\/un-sueno-sobre-ruedas-emma-y-anita-dos-promesas-del-patinaje-quijaneno-rumbo-al-nacional\/#breadcrumb","itemListElement":[{"@type":"ListItem","position":1,"name":"Portada","item":"https:\/\/nahuelproducciones.com.ar\/radioquijano\/"},{"@type":"ListItem","position":2,"name":"Un sue\u00f1o sobre ruedas: Emma y Anita, dos promesas del patinaje quijane\u00f1o rumbo al Nacional"}]},{"@type":"WebSite","@id":"https:\/\/nahuelproducciones.com.ar\/radioquijano\/#website","url":"https:\/\/nahuelproducciones.com.ar\/radioquijano\/","name":"RQ 99.9","description":"Radio Quijano 99.9 MHz","potentialAction":[{"@type":"SearchAction","target":{"@type":"EntryPoint","urlTemplate":"https:\/\/nahuelproducciones.com.ar\/radioquijano\/?s={search_term_string}"},"query-input":"required name=search_term_string"}],"inLanguage":"es"},{"@type":"Person","@id":"https:\/\/nahuelproducciones.com.ar\/radioquijano\/#\/schema\/person\/e8a4f939e2cb487fe6d0c54042c9d32c","name":"Cecilia Pastrana","image":{"@type":"ImageObject","inLanguage":"es","@id":"https:\/\/nahuelproducciones.com.ar\/radioquijano\/#\/schema\/person\/image\/","url":"https:\/\/secure.gravatar.com\/avatar\/661a3ef63a8488d4f2794ed44af8cf71420f7e106f3072c40125114df5157749?s=96&d=mm&r=g","contentUrl":"https:\/\/secure.gravatar.com\/avatar\/661a3ef63a8488d4f2794ed44af8cf71420f7e106f3072c40125114df5157749?s=96&d=mm&r=g","caption":"Cecilia Pastrana"},"sameAs":["cecy"],"url":"https:\/\/nahuelproducciones.com.ar\/radioquijano\/author\/cecy\/"}]}},"_links":{"self":[{"href":"https:\/\/nahuelproducciones.com.ar\/radioquijano\/wp-json\/wp\/v2\/posts\/10909","targetHints":{"allow":["GET"]}}],"collection":[{"href":"https:\/\/nahuelproducciones.com.ar\/radioquijano\/wp-json\/wp\/v2\/posts"}],"about":[{"href":"https:\/\/nahuelproducciones.com.ar\/radioquijano\/wp-json\/wp\/v2\/types\/post"}],"author":[{"embeddable":true,"href":"https:\/\/nahuelproducciones.com.ar\/radioquijano\/wp-json\/wp\/v2\/users\/8"}],"replies":[{"embeddable":true,"href":"https:\/\/nahuelproducciones.com.ar\/radioquijano\/wp-json\/wp\/v2\/comments?post=10909"}],"version-history":[{"count":2,"href":"https:\/\/nahuelproducciones.com.ar\/radioquijano\/wp-json\/wp\/v2\/posts\/10909\/revisions"}],"predecessor-version":[{"id":10919,"href":"https:\/\/nahuelproducciones.com.ar\/radioquijano\/wp-json\/wp\/v2\/posts\/10909\/revisions\/10919"}],"wp:featuredmedia":[{"embeddable":true,"href":"https:\/\/nahuelproducciones.com.ar\/radioquijano\/wp-json\/wp\/v2\/media\/10912"}],"wp:attachment":[{"href":"https:\/\/nahuelproducciones.com.ar\/radioquijano\/wp-json\/wp\/v2\/media?parent=10909"}],"wp:term":[{"taxonomy":"category","embeddable":true,"href":"https:\/\/nahuelproducciones.com.ar\/radioquijano\/wp-json\/wp\/v2\/categories?post=10909"},{"taxonomy":"post_tag","embeddable":true,"href":"https:\/\/nahuelproducciones.com.ar\/radioquijano\/wp-json\/wp\/v2\/tags?post=10909"}],"curies":[{"name":"wp","href":"https:\/\/api.w.org\/{rel}","templated":true}]}}