{"id":1092,"date":"2021-06-23T22:12:21","date_gmt":"2021-06-24T01:12:21","guid":{"rendered":"https:\/\/nahuelproducciones.com.ar\/radioquijano\/?p=1092"},"modified":"2021-06-23T22:34:54","modified_gmt":"2021-06-24T01:34:54","slug":"hoy-se-registraron-fuertes-vientos-en-campo-quijano-y-alrededores","status":"publish","type":"post","link":"https:\/\/nahuelproducciones.com.ar\/radioquijano\/hoy-se-registraron-fuertes-vientos-en-campo-quijano-y-alrededores\/","title":{"rendered":"Hoy se registraron fuertes vientos en Campo Quijano y alrededores."},"content":{"rendered":"\n<p>En horas de la tarde por el fuerte viento hubieron desprendimientos de \u00e1rboles y algunos postes  de alumbrado p\u00fablico y cableado a\u00e9reo a punto de  caer.<\/p>\n\n\n\n<p>La im\u00e1genes fueron enviadas por los oyentes para compartir lo que se vivi\u00f3 en algunos sectores del municipio.<\/p>\n\n\n\n<p>Algunas fotos fueron tomadas en el camping municipal Juanillo L\u00f3pez,en calle Canal de Beagle, calle San Mart\u00edn y 20 de Febrero.<\/p>\n\n\n\n<p>La Municipalidad de Campo Quijano informa que se asiste a las familias afectadas por el viento zonda.<\/p>\n\n\n\n<blockquote class=\"wp-block-quote is-layout-flow wp-block-quote-is-layout-flow\"><p>Si sufriste alg\u00fan inconveniente comun\u00edcate al:Tel. 3875 32-4573<\/p><\/blockquote>\n\n\n\n<blockquote class=\"wp-block-quote is-layout-flow wp-block-quote-is-layout-flow\"><p>Por ca\u00edda de postes &#8211; EDESA0800\u2013777\u201333372(wpp) 3875 492 222<\/p><\/blockquote>\n\n\n\n<blockquote class=\"wp-block-quote is-layout-flow wp-block-quote-is-layout-flow\"><p>Por incendio de pastizales &#8211; Guardia de bomberos Campo Quijano3874 522344<\/p><\/blockquote>\n\n\n\n<p><a href=\"https:\/\/nahuelproducciones.com.ar\/\" target=\"_blank\" rel=\"noreferrer noopener\">#RQ99.9Mhz<\/a>   <a href=\"https:\/\/www.facebook.com\/nahuelproducciones999\/?ref=pages_you_manage\" target=\"_blank\" rel=\"noreferrer noopener\">Campo Quijano<\/a><\/p>\n\n\n\n<figure class=\"wp-block-gallery columns-3 is-cropped wp-block-gallery-1 is-layout-flex wp-block-gallery-is-layout-flex\"><ul class=\"blocks-gallery-grid\"><li class=\"blocks-gallery-item\"><figure><img loading=\"lazy\" decoding=\"async\" width=\"1024\" height=\"559\" src=\"https:\/\/nahuelproducciones.com.ar\/radioquijano\/wp-content\/uploads\/2021\/06\/caida-de-arbol-camping2.jpeg-1024x559.jpeg\" alt=\"\" data-id=\"1095\" data-full-url=\"https:\/\/nahuelproducciones.com.ar\/radioquijano\/wp-content\/uploads\/2021\/06\/caida-de-arbol-camping2.jpeg.jpeg\" data-link=\"https:\/\/nahuelproducciones.com.ar\/radioquijano\/?attachment_id=1095\" class=\"wp-image-1095\" srcset=\"https:\/\/nahuelproducciones.com.ar\/radioquijano\/wp-content\/uploads\/2021\/06\/caida-de-arbol-camping2.jpeg-1024x559.jpeg 1024w, https:\/\/nahuelproducciones.com.ar\/radioquijano\/wp-content\/uploads\/2021\/06\/caida-de-arbol-camping2.jpeg-300x164.jpeg 300w, https:\/\/nahuelproducciones.com.ar\/radioquijano\/wp-content\/uploads\/2021\/06\/caida-de-arbol-camping2.jpeg-768x420.jpeg 768w, https:\/\/nahuelproducciones.com.ar\/radioquijano\/wp-content\/uploads\/2021\/06\/caida-de-arbol-camping2.jpeg-150x82.jpeg 150w, https:\/\/nahuelproducciones.com.ar\/radioquijano\/wp-content\/uploads\/2021\/06\/caida-de-arbol-camping2.jpeg.jpeg 1080w\" sizes=\"auto, (max-width: 1024px) 100vw, 1024px\" \/><\/figure><\/li><li class=\"blocks-gallery-item\"><figure><img loading=\"lazy\" decoding=\"async\" width=\"637\" height=\"1024\" src=\"https:\/\/nahuelproducciones.com.ar\/radioquijano\/wp-content\/uploads\/2021\/06\/caida-de-arbol-camping1-637x1024.jpeg\" alt=\"\" data-id=\"1094\" data-full-url=\"https:\/\/nahuelproducciones.com.ar\/radioquijano\/wp-content\/uploads\/2021\/06\/caida-de-arbol-camping1.jpeg\" data-link=\"https:\/\/nahuelproducciones.com.ar\/radioquijano\/?attachment_id=1094\" class=\"wp-image-1094\" srcset=\"https:\/\/nahuelproducciones.com.ar\/radioquijano\/wp-content\/uploads\/2021\/06\/caida-de-arbol-camping1-637x1024.jpeg 637w, https:\/\/nahuelproducciones.com.ar\/radioquijano\/wp-content\/uploads\/2021\/06\/caida-de-arbol-camping1-187x300.jpeg 187w, https:\/\/nahuelproducciones.com.ar\/radioquijano\/wp-content\/uploads\/2021\/06\/caida-de-arbol-camping1-768x1235.jpeg 768w, https:\/\/nahuelproducciones.com.ar\/radioquijano\/wp-content\/uploads\/2021\/06\/caida-de-arbol-camping1-150x241.jpeg 150w, https:\/\/nahuelproducciones.com.ar\/radioquijano\/wp-content\/uploads\/2021\/06\/caida-de-arbol-camping1.jpeg 796w\" sizes=\"auto, (max-width: 637px) 100vw, 637px\" \/><\/figure><\/li><li class=\"blocks-gallery-item\"><figure><img loading=\"lazy\" decoding=\"async\" width=\"1024\" height=\"531\" src=\"https:\/\/nahuelproducciones.com.ar\/radioquijano\/wp-content\/uploads\/2021\/06\/caida-de-arbol-camping4.jpeg.jpeg.jpeg-1024x531.jpeg\" alt=\"\" data-id=\"1097\" data-full-url=\"https:\/\/nahuelproducciones.com.ar\/radioquijano\/wp-content\/uploads\/2021\/06\/caida-de-arbol-camping4.jpeg.jpeg.jpeg-e1624495935108.jpeg\" data-link=\"https:\/\/nahuelproducciones.com.ar\/radioquijano\/?attachment_id=1097\" class=\"wp-image-1097\"\/><\/figure><\/li><li class=\"blocks-gallery-item\"><figure><img loading=\"lazy\" decoding=\"async\" width=\"718\" height=\"1024\" src=\"https:\/\/nahuelproducciones.com.ar\/radioquijano\/wp-content\/uploads\/2021\/06\/poste-calle-canal-de-beagle-718x1024.jpeg\" alt=\"\" data-id=\"1098\" data-full-url=\"https:\/\/nahuelproducciones.com.ar\/radioquijano\/wp-content\/uploads\/2021\/06\/poste-calle-canal-de-beagle.jpeg\" data-link=\"https:\/\/nahuelproducciones.com.ar\/radioquijano\/?attachment_id=1098\" class=\"wp-image-1098\" srcset=\"https:\/\/nahuelproducciones.com.ar\/radioquijano\/wp-content\/uploads\/2021\/06\/poste-calle-canal-de-beagle-718x1024.jpeg 718w, https:\/\/nahuelproducciones.com.ar\/radioquijano\/wp-content\/uploads\/2021\/06\/poste-calle-canal-de-beagle-210x300.jpeg 210w, https:\/\/nahuelproducciones.com.ar\/radioquijano\/wp-content\/uploads\/2021\/06\/poste-calle-canal-de-beagle-768x1096.jpeg 768w, https:\/\/nahuelproducciones.com.ar\/radioquijano\/wp-content\/uploads\/2021\/06\/poste-calle-canal-de-beagle-1076x1536.jpeg 1076w, https:\/\/nahuelproducciones.com.ar\/radioquijano\/wp-content\/uploads\/2021\/06\/poste-calle-canal-de-beagle-150x214.jpeg 150w, https:\/\/nahuelproducciones.com.ar\/radioquijano\/wp-content\/uploads\/2021\/06\/poste-calle-canal-de-beagle.jpeg 1080w\" sizes=\"auto, (max-width: 718px) 100vw, 718px\" \/><\/figure><\/li><li class=\"blocks-gallery-item\"><figure><img loading=\"lazy\" decoding=\"async\" width=\"679\" height=\"1024\" src=\"https:\/\/nahuelproducciones.com.ar\/radioquijano\/wp-content\/uploads\/2021\/06\/poste-calle-canal-de-beagle1-679x1024.jpeg\" alt=\"\" data-id=\"1099\" data-full-url=\"https:\/\/nahuelproducciones.com.ar\/radioquijano\/wp-content\/uploads\/2021\/06\/poste-calle-canal-de-beagle1.jpeg\" data-link=\"https:\/\/nahuelproducciones.com.ar\/radioquijano\/?attachment_id=1099\" class=\"wp-image-1099\" srcset=\"https:\/\/nahuelproducciones.com.ar\/radioquijano\/wp-content\/uploads\/2021\/06\/poste-calle-canal-de-beagle1-679x1024.jpeg 679w, https:\/\/nahuelproducciones.com.ar\/radioquijano\/wp-content\/uploads\/2021\/06\/poste-calle-canal-de-beagle1-199x300.jpeg 199w, https:\/\/nahuelproducciones.com.ar\/radioquijano\/wp-content\/uploads\/2021\/06\/poste-calle-canal-de-beagle1-768x1158.jpeg 768w, https:\/\/nahuelproducciones.com.ar\/radioquijano\/wp-content\/uploads\/2021\/06\/poste-calle-canal-de-beagle1-1018x1536.jpeg 1018w, https:\/\/nahuelproducciones.com.ar\/radioquijano\/wp-content\/uploads\/2021\/06\/poste-calle-canal-de-beagle1-150x226.jpeg 150w, https:\/\/nahuelproducciones.com.ar\/radioquijano\/wp-content\/uploads\/2021\/06\/poste-calle-canal-de-beagle1.jpeg 1072w\" sizes=\"auto, (max-width: 679px) 100vw, 679px\" \/><\/figure><\/li><li class=\"blocks-gallery-item\"><figure><img loading=\"lazy\" decoding=\"async\" width=\"1024\" height=\"719\" src=\"https:\/\/nahuelproducciones.com.ar\/radioquijano\/wp-content\/uploads\/2021\/06\/poste-calle-san-martin1-1024x719.jpeg\" alt=\"\" data-id=\"1100\" data-full-url=\"https:\/\/nahuelproducciones.com.ar\/radioquijano\/wp-content\/uploads\/2021\/06\/poste-calle-san-martin1.jpeg\" data-link=\"https:\/\/nahuelproducciones.com.ar\/radioquijano\/?attachment_id=1100\" class=\"wp-image-1100\" srcset=\"https:\/\/nahuelproducciones.com.ar\/radioquijano\/wp-content\/uploads\/2021\/06\/poste-calle-san-martin1-1024x719.jpeg 1024w, https:\/\/nahuelproducciones.com.ar\/radioquijano\/wp-content\/uploads\/2021\/06\/poste-calle-san-martin1-300x211.jpeg 300w, https:\/\/nahuelproducciones.com.ar\/radioquijano\/wp-content\/uploads\/2021\/06\/poste-calle-san-martin1-768x539.jpeg 768w, https:\/\/nahuelproducciones.com.ar\/radioquijano\/wp-content\/uploads\/2021\/06\/poste-calle-san-martin1-150x105.jpeg 150w, https:\/\/nahuelproducciones.com.ar\/radioquijano\/wp-content\/uploads\/2021\/06\/poste-calle-san-martin1.jpeg 1080w\" sizes=\"auto, (max-width: 1024px) 100vw, 1024px\" \/><\/figure><\/li><li class=\"blocks-gallery-item\"><figure><img loading=\"lazy\" decoding=\"async\" width=\"590\" height=\"1024\" src=\"https:\/\/nahuelproducciones.com.ar\/radioquijano\/wp-content\/uploads\/2021\/06\/foto-poste-san-martin-590x1024.jpeg\" alt=\"\" data-id=\"1102\" data-full-url=\"https:\/\/nahuelproducciones.com.ar\/radioquijano\/wp-content\/uploads\/2021\/06\/foto-poste-san-martin.jpeg\" data-link=\"https:\/\/nahuelproducciones.com.ar\/radioquijano\/?attachment_id=1102\" class=\"wp-image-1102\" srcset=\"https:\/\/nahuelproducciones.com.ar\/radioquijano\/wp-content\/uploads\/2021\/06\/foto-poste-san-martin-590x1024.jpeg 590w, https:\/\/nahuelproducciones.com.ar\/radioquijano\/wp-content\/uploads\/2021\/06\/foto-poste-san-martin-173x300.jpeg 173w, https:\/\/nahuelproducciones.com.ar\/radioquijano\/wp-content\/uploads\/2021\/06\/foto-poste-san-martin-150x261.jpeg 150w, https:\/\/nahuelproducciones.com.ar\/radioquijano\/wp-content\/uploads\/2021\/06\/foto-poste-san-martin.jpeg 737w\" sizes=\"auto, (max-width: 590px) 100vw, 590px\" \/><\/figure><\/li><li class=\"blocks-gallery-item\"><figure><img loading=\"lazy\" decoding=\"async\" width=\"1024\" height=\"725\" src=\"https:\/\/nahuelproducciones.com.ar\/radioquijano\/wp-content\/uploads\/2021\/06\/casa-de-familia-1024x725.jpeg\" alt=\"\" data-id=\"1101\" data-full-url=\"https:\/\/nahuelproducciones.com.ar\/radioquijano\/wp-content\/uploads\/2021\/06\/casa-de-familia.jpeg\" data-link=\"https:\/\/nahuelproducciones.com.ar\/radioquijano\/?attachment_id=1101\" class=\"wp-image-1101\" srcset=\"https:\/\/nahuelproducciones.com.ar\/radioquijano\/wp-content\/uploads\/2021\/06\/casa-de-familia-1024x725.jpeg 1024w, https:\/\/nahuelproducciones.com.ar\/radioquijano\/wp-content\/uploads\/2021\/06\/casa-de-familia-300x213.jpeg 300w, https:\/\/nahuelproducciones.com.ar\/radioquijano\/wp-content\/uploads\/2021\/06\/casa-de-familia-768x544.jpeg 768w, https:\/\/nahuelproducciones.com.ar\/radioquijano\/wp-content\/uploads\/2021\/06\/casa-de-familia-150x106.jpeg 150w, https:\/\/nahuelproducciones.com.ar\/radioquijano\/wp-content\/uploads\/2021\/06\/casa-de-familia.jpeg 1080w\" sizes=\"auto, (max-width: 1024px) 100vw, 1024px\" \/><\/figure><\/li><\/ul><\/figure>\n\n\n\n<p> <\/p>\n\n\n\n<p><a href=\"https:\/\/www.google.com\/url?sa=t&amp;rct=j&amp;q=&amp;esrc=s&amp;source=web&amp;cd=&amp;cad=rja&amp;uact=8&amp;ved=2ahUKEwjAyvHAgK_xAhVYqpUCHXkiBawQFjAAegQIBBAD&amp;url=https%3A%2F%2Fwww.solocampings.com.ar%2Fcamping%2FJuanillo-Lopez%2FCampo-Quijano%2FSalta%2F1364.html&amp;usg=AOvVaw1g808D129De6zfGvgjtDju\"><br><\/a><\/p>\n","protected":false},"excerpt":{"rendered":"<p>En horas de la tarde por el fuerte viento hubieron desprendimientos de \u00e1rboles y algunos postes de alumbrado p\u00fablico y cableado a\u00e9reo a punto de caer. La im\u00e1genes fueron enviadas por los oyentes para compartir lo que se vivi\u00f3 en algunos sectores del municipio. Algunas fotos fueron tomadas en el camping municipal Juanillo L\u00f3pez,en calle [&hellip;]<\/p>\n","protected":false},"author":8,"featured_media":1093,"comment_status":"open","ping_status":"open","sticky":false,"template":"","format":"standard","meta":{"_monsterinsights_skip_tracking":false,"_monsterinsights_sitenote_active":false,"_monsterinsights_sitenote_note":"","_monsterinsights_sitenote_category":0,"footnotes":""},"categories":[16],"tags":[111,36,110],"class_list":["post-1092","post","type-post","status-publish","format-standard","has-post-thumbnail","hentry","category-noticias","tag-caida-de-arboles","tag-campo-quijano","tag-viento-zonda"],"yoast_head":"<!-- This site is optimized with the Yoast SEO plugin v20.8 - https:\/\/yoast.com\/wordpress\/plugins\/seo\/ -->\n<title>Hoy se registraron fuertes vientos en Campo Quijano y alrededores. - RQ 99.9<\/title>\n<meta name=\"description\" content=\"Hubieron desprendimientos de \u00e1rboles y algunos postes de alumbrado p\u00fablico y cableado a\u00e9reo a punto de caer.\" \/>\n<meta name=\"robots\" content=\"index, follow, max-snippet:-1, max-image-preview:large, max-video-preview:-1\" \/>\n<link rel=\"canonical\" href=\"https:\/\/nahuelproducciones.com.ar\/radioquijano\/hoy-se-registraron-fuertes-vientos-en-campo-quijano-y-alrededores\/\" \/>\n<meta property=\"og:locale\" content=\"es_ES\" \/>\n<meta property=\"og:type\" content=\"article\" \/>\n<meta property=\"og:title\" content=\"Hoy se registraron fuertes vientos en Campo Quijano y alrededores. - RQ 99.9\" \/>\n<meta property=\"og:description\" content=\"Hubieron desprendimientos de \u00e1rboles y algunos postes de alumbrado p\u00fablico y cableado a\u00e9reo a punto de caer.\" \/>\n<meta property=\"og:url\" content=\"https:\/\/nahuelproducciones.com.ar\/radioquijano\/hoy-se-registraron-fuertes-vientos-en-campo-quijano-y-alrededores\/\" \/>\n<meta property=\"og:site_name\" content=\"RQ 99.9\" \/>\n<meta property=\"article:publisher\" content=\"https:\/\/www.facebook.com\/nahuelproducciones999\/\" \/>\n<meta property=\"article:published_time\" content=\"2021-06-24T01:12:21+00:00\" \/>\n<meta property=\"article:modified_time\" content=\"2021-06-24T01:34:54+00:00\" \/>\n<meta property=\"og:image\" content=\"https:\/\/nahuelproducciones.com.ar\/radioquijano\/wp-content\/uploads\/2021\/06\/foto-poste-caido-de-canal-de-beagle-e1624495505651.jpeg\" \/>\n\t<meta property=\"og:image:width\" content=\"245\" \/>\n\t<meta property=\"og:image:height\" content=\"350\" \/>\n\t<meta property=\"og:image:type\" content=\"image\/jpeg\" \/>\n<meta name=\"author\" content=\"Cecilia Pastrana\" \/>\n<meta name=\"twitter:card\" content=\"summary_large_image\" \/>\n<meta name=\"twitter:creator\" content=\"@nahuproduciones\" \/>\n<meta name=\"twitter:site\" content=\"@nahuproduciones\" \/>\n<meta name=\"twitter:label1\" content=\"Escrito por\" \/>\n\t<meta name=\"twitter:data1\" content=\"Cecilia Pastrana\" \/>\n\t<meta name=\"twitter:label2\" content=\"Tiempo de lectura\" \/>\n\t<meta name=\"twitter:data2\" content=\"3 minutos\" \/>\n<script type=\"application\/ld+json\" class=\"yoast-schema-graph\">{\"@context\":\"https:\/\/schema.org\",\"@graph\":[{\"@type\":\"WebPage\",\"@id\":\"https:\/\/nahuelproducciones.com.ar\/radioquijano\/hoy-se-registraron-fuertes-vientos-en-campo-quijano-y-alrededores\/\",\"url\":\"https:\/\/nahuelproducciones.com.ar\/radioquijano\/hoy-se-registraron-fuertes-vientos-en-campo-quijano-y-alrededores\/\",\"name\":\"Hoy se registraron fuertes vientos en Campo Quijano y alrededores. - RQ 99.9\",\"isPartOf\":{\"@id\":\"https:\/\/nahuelproducciones.com.ar\/radioquijano\/#website\"},\"datePublished\":\"2021-06-24T01:12:21+00:00\",\"dateModified\":\"2021-06-24T01:34:54+00:00\",\"author\":{\"@id\":\"https:\/\/nahuelproducciones.com.ar\/radioquijano\/#\/schema\/person\/e8a4f939e2cb487fe6d0c54042c9d32c\"},\"description\":\"Hubieron desprendimientos de \u00e1rboles y algunos postes de alumbrado p\u00fablico y cableado a\u00e9reo a punto de caer.\",\"breadcrumb\":{\"@id\":\"https:\/\/nahuelproducciones.com.ar\/radioquijano\/hoy-se-registraron-fuertes-vientos-en-campo-quijano-y-alrededores\/#breadcrumb\"},\"inLanguage\":\"es\",\"potentialAction\":[{\"@type\":\"ReadAction\",\"target\":[\"https:\/\/nahuelproducciones.com.ar\/radioquijano\/hoy-se-registraron-fuertes-vientos-en-campo-quijano-y-alrededores\/\"]}]},{\"@type\":\"BreadcrumbList\",\"@id\":\"https:\/\/nahuelproducciones.com.ar\/radioquijano\/hoy-se-registraron-fuertes-vientos-en-campo-quijano-y-alrededores\/#breadcrumb\",\"itemListElement\":[{\"@type\":\"ListItem\",\"position\":1,\"name\":\"Portada\",\"item\":\"https:\/\/nahuelproducciones.com.ar\/radioquijano\/\"},{\"@type\":\"ListItem\",\"position\":2,\"name\":\"Hoy se registraron fuertes vientos en Campo Quijano y alrededores.\"}]},{\"@type\":\"WebSite\",\"@id\":\"https:\/\/nahuelproducciones.com.ar\/radioquijano\/#website\",\"url\":\"https:\/\/nahuelproducciones.com.ar\/radioquijano\/\",\"name\":\"RQ 99.9\",\"description\":\"Radio Quijano 99.9 MHz\",\"potentialAction\":[{\"@type\":\"SearchAction\",\"target\":{\"@type\":\"EntryPoint\",\"urlTemplate\":\"https:\/\/nahuelproducciones.com.ar\/radioquijano\/?s={search_term_string}\"},\"query-input\":\"required name=search_term_string\"}],\"inLanguage\":\"es\"},{\"@type\":\"Person\",\"@id\":\"https:\/\/nahuelproducciones.com.ar\/radioquijano\/#\/schema\/person\/e8a4f939e2cb487fe6d0c54042c9d32c\",\"name\":\"Cecilia Pastrana\",\"image\":{\"@type\":\"ImageObject\",\"inLanguage\":\"es\",\"@id\":\"https:\/\/nahuelproducciones.com.ar\/radioquijano\/#\/schema\/person\/image\/\",\"url\":\"https:\/\/secure.gravatar.com\/avatar\/661a3ef63a8488d4f2794ed44af8cf71420f7e106f3072c40125114df5157749?s=96&d=mm&r=g\",\"contentUrl\":\"https:\/\/secure.gravatar.com\/avatar\/661a3ef63a8488d4f2794ed44af8cf71420f7e106f3072c40125114df5157749?s=96&d=mm&r=g\",\"caption\":\"Cecilia Pastrana\"},\"sameAs\":[\"cecy\"],\"url\":\"https:\/\/nahuelproducciones.com.ar\/radioquijano\/author\/cecy\/\"}]}<\/script>\n<!-- \/ Yoast SEO plugin. -->","yoast_head_json":{"title":"Hoy se registraron fuertes vientos en Campo Quijano y alrededores. - RQ 99.9","description":"Hubieron desprendimientos de \u00e1rboles y algunos postes de alumbrado p\u00fablico y cableado a\u00e9reo a punto de caer.","robots":{"index":"index","follow":"follow","max-snippet":"max-snippet:-1","max-image-preview":"max-image-preview:large","max-video-preview":"max-video-preview:-1"},"canonical":"https:\/\/nahuelproducciones.com.ar\/radioquijano\/hoy-se-registraron-fuertes-vientos-en-campo-quijano-y-alrededores\/","og_locale":"es_ES","og_type":"article","og_title":"Hoy se registraron fuertes vientos en Campo Quijano y alrededores. - RQ 99.9","og_description":"Hubieron desprendimientos de \u00e1rboles y algunos postes de alumbrado p\u00fablico y cableado a\u00e9reo a punto de caer.","og_url":"https:\/\/nahuelproducciones.com.ar\/radioquijano\/hoy-se-registraron-fuertes-vientos-en-campo-quijano-y-alrededores\/","og_site_name":"RQ 99.9","article_publisher":"https:\/\/www.facebook.com\/nahuelproducciones999\/","article_published_time":"2021-06-24T01:12:21+00:00","article_modified_time":"2021-06-24T01:34:54+00:00","og_image":[{"width":245,"height":350,"url":"https:\/\/nahuelproducciones.com.ar\/radioquijano\/wp-content\/uploads\/2021\/06\/foto-poste-caido-de-canal-de-beagle-e1624495505651.jpeg","type":"image\/jpeg"}],"author":"Cecilia Pastrana","twitter_card":"summary_large_image","twitter_creator":"@nahuproduciones","twitter_site":"@nahuproduciones","twitter_misc":{"Escrito por":"Cecilia Pastrana","Tiempo de lectura":"3 minutos"},"schema":{"@context":"https:\/\/schema.org","@graph":[{"@type":"WebPage","@id":"https:\/\/nahuelproducciones.com.ar\/radioquijano\/hoy-se-registraron-fuertes-vientos-en-campo-quijano-y-alrededores\/","url":"https:\/\/nahuelproducciones.com.ar\/radioquijano\/hoy-se-registraron-fuertes-vientos-en-campo-quijano-y-alrededores\/","name":"Hoy se registraron fuertes vientos en Campo Quijano y alrededores. - RQ 99.9","isPartOf":{"@id":"https:\/\/nahuelproducciones.com.ar\/radioquijano\/#website"},"datePublished":"2021-06-24T01:12:21+00:00","dateModified":"2021-06-24T01:34:54+00:00","author":{"@id":"https:\/\/nahuelproducciones.com.ar\/radioquijano\/#\/schema\/person\/e8a4f939e2cb487fe6d0c54042c9d32c"},"description":"Hubieron desprendimientos de \u00e1rboles y algunos postes de alumbrado p\u00fablico y cableado a\u00e9reo a punto de caer.","breadcrumb":{"@id":"https:\/\/nahuelproducciones.com.ar\/radioquijano\/hoy-se-registraron-fuertes-vientos-en-campo-quijano-y-alrededores\/#breadcrumb"},"inLanguage":"es","potentialAction":[{"@type":"ReadAction","target":["https:\/\/nahuelproducciones.com.ar\/radioquijano\/hoy-se-registraron-fuertes-vientos-en-campo-quijano-y-alrededores\/"]}]},{"@type":"BreadcrumbList","@id":"https:\/\/nahuelproducciones.com.ar\/radioquijano\/hoy-se-registraron-fuertes-vientos-en-campo-quijano-y-alrededores\/#breadcrumb","itemListElement":[{"@type":"ListItem","position":1,"name":"Portada","item":"https:\/\/nahuelproducciones.com.ar\/radioquijano\/"},{"@type":"ListItem","position":2,"name":"Hoy se registraron fuertes vientos en Campo Quijano y alrededores."}]},{"@type":"WebSite","@id":"https:\/\/nahuelproducciones.com.ar\/radioquijano\/#website","url":"https:\/\/nahuelproducciones.com.ar\/radioquijano\/","name":"RQ 99.9","description":"Radio Quijano 99.9 MHz","potentialAction":[{"@type":"SearchAction","target":{"@type":"EntryPoint","urlTemplate":"https:\/\/nahuelproducciones.com.ar\/radioquijano\/?s={search_term_string}"},"query-input":"required name=search_term_string"}],"inLanguage":"es"},{"@type":"Person","@id":"https:\/\/nahuelproducciones.com.ar\/radioquijano\/#\/schema\/person\/e8a4f939e2cb487fe6d0c54042c9d32c","name":"Cecilia Pastrana","image":{"@type":"ImageObject","inLanguage":"es","@id":"https:\/\/nahuelproducciones.com.ar\/radioquijano\/#\/schema\/person\/image\/","url":"https:\/\/secure.gravatar.com\/avatar\/661a3ef63a8488d4f2794ed44af8cf71420f7e106f3072c40125114df5157749?s=96&d=mm&r=g","contentUrl":"https:\/\/secure.gravatar.com\/avatar\/661a3ef63a8488d4f2794ed44af8cf71420f7e106f3072c40125114df5157749?s=96&d=mm&r=g","caption":"Cecilia Pastrana"},"sameAs":["cecy"],"url":"https:\/\/nahuelproducciones.com.ar\/radioquijano\/author\/cecy\/"}]}},"_links":{"self":[{"href":"https:\/\/nahuelproducciones.com.ar\/radioquijano\/wp-json\/wp\/v2\/posts\/1092","targetHints":{"allow":["GET"]}}],"collection":[{"href":"https:\/\/nahuelproducciones.com.ar\/radioquijano\/wp-json\/wp\/v2\/posts"}],"about":[{"href":"https:\/\/nahuelproducciones.com.ar\/radioquijano\/wp-json\/wp\/v2\/types\/post"}],"author":[{"embeddable":true,"href":"https:\/\/nahuelproducciones.com.ar\/radioquijano\/wp-json\/wp\/v2\/users\/8"}],"replies":[{"embeddable":true,"href":"https:\/\/nahuelproducciones.com.ar\/radioquijano\/wp-json\/wp\/v2\/comments?post=1092"}],"version-history":[{"count":2,"href":"https:\/\/nahuelproducciones.com.ar\/radioquijano\/wp-json\/wp\/v2\/posts\/1092\/revisions"}],"predecessor-version":[{"id":1105,"href":"https:\/\/nahuelproducciones.com.ar\/radioquijano\/wp-json\/wp\/v2\/posts\/1092\/revisions\/1105"}],"wp:featuredmedia":[{"embeddable":true,"href":"https:\/\/nahuelproducciones.com.ar\/radioquijano\/wp-json\/wp\/v2\/media\/1093"}],"wp:attachment":[{"href":"https:\/\/nahuelproducciones.com.ar\/radioquijano\/wp-json\/wp\/v2\/media?parent=1092"}],"wp:term":[{"taxonomy":"category","embeddable":true,"href":"https:\/\/nahuelproducciones.com.ar\/radioquijano\/wp-json\/wp\/v2\/categories?post=1092"},{"taxonomy":"post_tag","embeddable":true,"href":"https:\/\/nahuelproducciones.com.ar\/radioquijano\/wp-json\/wp\/v2\/tags?post=1092"}],"curies":[{"name":"wp","href":"https:\/\/api.w.org\/{rel}","templated":true}]}}