{"id":10929,"date":"2025-08-18T01:08:37","date_gmt":"2025-08-18T04:08:37","guid":{"rendered":"https:\/\/nahuelproducciones.com.ar\/radioquijano\/?p=10929"},"modified":"2025-09-04T01:41:26","modified_gmt":"2025-09-04T04:41:26","slug":"ate-campo-quijano-reclama-respuestas-sobre-incremento-salarial-y-fondos-municipales-no-aclarados","status":"publish","type":"post","link":"https:\/\/nahuelproducciones.com.ar\/radioquijano\/ate-campo-quijano-reclama-respuestas-sobre-incremento-salarial-y-fondos-municipales-no-aclarados\/","title":{"rendered":"ATE Campo Quijano no conoce las cuentas municipales ni recibe informaci\u00f3n del Ejecutivo."},"content":{"rendered":"\n<p>Radio Quijano dialog\u00f3 v\u00eda telef\u00f3nica con Mart\u00edn \u00abPayo\u00bb Dom\u00ednguez, delegado de ATE en Campo Quijano, quien se refiri\u00f3 a la medida dispuesta para el segundo semestre de este a\u00f1o que establece un incremento salarial del 14%. Seg\u00fan explic\u00f3, dicho aumento se liquidar\u00e1 en tres etapas: 4% en agosto, 5% en octubre y 5% en diciembre. Adem\u00e1s, los trabajadores municipales recibir\u00e1n un bono extraordinario de $50.000.<\/p>\n\n\n\n<p>Dom\u00ednguez confirm\u00f3 que el pr\u00f3ximo <strong>21 de agosto a las 9:00 hs<\/strong> tendr\u00e1n una reuni\u00f3n clave con el intendente Lino Yonar, donde se conocer\u00e1 la postura oficial del Ejecutivo municipal. Record\u00f3 que en el primer semestre se otorg\u00f3 un 9% de incremento, aunque aclar\u00f3 que <strong>a\u00fan no se ha respondido en su totalidad el petitorio presentado por los trabajadores<\/strong>.<\/p>\n\n\n\n<p>Consultado sobre la <strong>Cuenta General del Ejercicio 2024<\/strong>, presentada por el intendente al Concejo Deliberante, en la que figuran casi <strong>55 millones de pesos destinados a la asistencia del personal municipal<\/strong>, el delegado sostuvo que desconoc\u00eda esa informaci\u00f3n. \u201cPor lo general, no recibimos ayuda alguna del municipio. Frente a situaciones de urgencia, son los mismos trabajadores quienes realizan colectas para solidarizarse con sus compa\u00f1eros\u201d, se\u00f1al\u00f3.<\/p>\n\n\n\n<p>Dom\u00ednguez record\u00f3 que la modificaci\u00f3n de una <strong>ordenanza del 2018<\/strong>, que preve\u00eda  mayor asistencia para trabajadores con enfermedades o tratamientos prolongados, fue vetada por el Intendente Lino Yonar. \u201cNo entiendo por qu\u00e9, si la gente conoce estas irregularidades, no se hacen las denuncias. Reci\u00e9n me entero de esta situaci\u00f3n, tampoco los trabajadores me lo informaron\u201d, expres\u00f3.<\/p>\n\n\n\n<p>Finalmente, asegur\u00f3 que <strong>leer\u00e1 y analizar\u00e1 la Cuenta General presentada<\/strong> y que el pr\u00f3ximo mi\u00e9rcoles, en la reuni\u00f3n con el intendente, pedir\u00e1 explicaciones de manera formal.<\/p>\n\n\n\n<p>Escucha la entrevista:<\/p>\n\n\n\n<figure class=\"wp-block-audio\"><audio controls src=\"https:\/\/nahuelproducciones.com.ar\/radioquijano\/wp-content\/uploads\/2025\/08\/15-08-2025-MARTIN-DOMINGUEZ-TEMA-CASI-55-MLLONES-DESTINADO-A-ASISTENCIA-DEL-PERSONAL-MUICIPAL.mp3\"><\/audio><\/figure>\n","protected":false},"excerpt":{"rendered":"<p>Radio Quijano dialog\u00f3 v\u00eda telef\u00f3nica con Mart\u00edn \u00abPayo\u00bb Dom\u00ednguez, delegado de ATE en Campo Quijano, quien se refiri\u00f3 a la medida dispuesta para el segundo semestre de este a\u00f1o que establece un incremento salarial del 14%. Seg\u00fan explic\u00f3, dicho aumento se liquidar\u00e1 en tres etapas: 4% en agosto, 5% en octubre y 5% en diciembre. [&hellip;]<\/p>\n","protected":false},"author":8,"featured_media":10953,"comment_status":"open","ping_status":"open","sticky":false,"template":"","format":"standard","meta":{"_monsterinsights_skip_tracking":false,"_monsterinsights_sitenote_active":false,"_monsterinsights_sitenote_note":"","_monsterinsights_sitenote_category":0,"footnotes":""},"categories":[16],"tags":[206,100],"class_list":["post-10929","post","type-post","status-publish","format-standard","has-post-thumbnail","hentry","category-noticias","tag-ate","tag-municipio-de-campo-quijano"],"yoast_head":"<!-- This site is optimized with the Yoast SEO plugin v20.8 - https:\/\/yoast.com\/wordpress\/plugins\/seo\/ -->\n<title>ATE Campo Quijano no conoce las cuentas municipales ni recibe informaci\u00f3n del Ejecutivo. - RQ 99.9<\/title>\n<meta name=\"description\" content=\"Asegur\u00f3 que leer\u00e1 y analizar\u00e1 la Cuenta General presentada y que el pr\u00f3ximo mi\u00e9rcoles, en la reuni\u00f3n con el intendente, pedir\u00e1 explicaciones de manera formal.\" \/>\n<meta name=\"robots\" content=\"index, follow, max-snippet:-1, max-image-preview:large, max-video-preview:-1\" \/>\n<link rel=\"canonical\" href=\"https:\/\/nahuelproducciones.com.ar\/radioquijano\/ate-campo-quijano-reclama-respuestas-sobre-incremento-salarial-y-fondos-municipales-no-aclarados\/\" \/>\n<meta property=\"og:locale\" content=\"es_ES\" \/>\n<meta property=\"og:type\" content=\"article\" \/>\n<meta property=\"og:title\" content=\"ATE Campo Quijano no conoce las cuentas municipales ni recibe informaci\u00f3n del Ejecutivo. - RQ 99.9\" \/>\n<meta property=\"og:description\" content=\"Asegur\u00f3 que leer\u00e1 y analizar\u00e1 la Cuenta General presentada y que el pr\u00f3ximo mi\u00e9rcoles, en la reuni\u00f3n con el intendente, pedir\u00e1 explicaciones de manera formal.\" \/>\n<meta property=\"og:url\" content=\"https:\/\/nahuelproducciones.com.ar\/radioquijano\/ate-campo-quijano-reclama-respuestas-sobre-incremento-salarial-y-fondos-municipales-no-aclarados\/\" \/>\n<meta property=\"og:site_name\" content=\"RQ 99.9\" \/>\n<meta property=\"article:publisher\" content=\"https:\/\/www.facebook.com\/nahuelproducciones999\/\" \/>\n<meta property=\"article:published_time\" content=\"2025-08-18T04:08:37+00:00\" \/>\n<meta property=\"article:modified_time\" content=\"2025-09-04T04:41:26+00:00\" \/>\n<meta property=\"og:image\" content=\"https:\/\/nahuelproducciones.com.ar\/radioquijano\/wp-content\/uploads\/2025\/08\/Retrato-Fiesta-de-Jubilacion-Tarjeta-1-1-e1755518210879.png\" \/>\n\t<meta property=\"og:image:width\" content=\"700\" \/>\n\t<meta property=\"og:image:height\" content=\"700\" \/>\n\t<meta property=\"og:image:type\" content=\"image\/png\" \/>\n<meta name=\"author\" content=\"Cecilia Pastrana\" \/>\n<meta name=\"twitter:card\" content=\"summary_large_image\" \/>\n<meta name=\"twitter:creator\" content=\"@nahuproduciones\" \/>\n<meta name=\"twitter:site\" content=\"@nahuproduciones\" \/>\n<meta name=\"twitter:label1\" content=\"Escrito por\" \/>\n\t<meta name=\"twitter:data1\" content=\"Cecilia Pastrana\" \/>\n\t<meta name=\"twitter:label2\" content=\"Tiempo de lectura\" \/>\n\t<meta name=\"twitter:data2\" content=\"2 minutos\" \/>\n<script type=\"application\/ld+json\" class=\"yoast-schema-graph\">{\"@context\":\"https:\/\/schema.org\",\"@graph\":[{\"@type\":\"WebPage\",\"@id\":\"https:\/\/nahuelproducciones.com.ar\/radioquijano\/ate-campo-quijano-reclama-respuestas-sobre-incremento-salarial-y-fondos-municipales-no-aclarados\/\",\"url\":\"https:\/\/nahuelproducciones.com.ar\/radioquijano\/ate-campo-quijano-reclama-respuestas-sobre-incremento-salarial-y-fondos-municipales-no-aclarados\/\",\"name\":\"ATE Campo Quijano no conoce las cuentas municipales ni recibe informaci\u00f3n del Ejecutivo. - RQ 99.9\",\"isPartOf\":{\"@id\":\"https:\/\/nahuelproducciones.com.ar\/radioquijano\/#website\"},\"datePublished\":\"2025-08-18T04:08:37+00:00\",\"dateModified\":\"2025-09-04T04:41:26+00:00\",\"author\":{\"@id\":\"https:\/\/nahuelproducciones.com.ar\/radioquijano\/#\/schema\/person\/e8a4f939e2cb487fe6d0c54042c9d32c\"},\"description\":\"Asegur\u00f3 que leer\u00e1 y analizar\u00e1 la Cuenta General presentada y que el pr\u00f3ximo mi\u00e9rcoles, en la reuni\u00f3n con el intendente, pedir\u00e1 explicaciones de manera formal.\",\"breadcrumb\":{\"@id\":\"https:\/\/nahuelproducciones.com.ar\/radioquijano\/ate-campo-quijano-reclama-respuestas-sobre-incremento-salarial-y-fondos-municipales-no-aclarados\/#breadcrumb\"},\"inLanguage\":\"es\",\"potentialAction\":[{\"@type\":\"ReadAction\",\"target\":[\"https:\/\/nahuelproducciones.com.ar\/radioquijano\/ate-campo-quijano-reclama-respuestas-sobre-incremento-salarial-y-fondos-municipales-no-aclarados\/\"]}]},{\"@type\":\"BreadcrumbList\",\"@id\":\"https:\/\/nahuelproducciones.com.ar\/radioquijano\/ate-campo-quijano-reclama-respuestas-sobre-incremento-salarial-y-fondos-municipales-no-aclarados\/#breadcrumb\",\"itemListElement\":[{\"@type\":\"ListItem\",\"position\":1,\"name\":\"Portada\",\"item\":\"https:\/\/nahuelproducciones.com.ar\/radioquijano\/\"},{\"@type\":\"ListItem\",\"position\":2,\"name\":\"ATE Campo Quijano no conoce las cuentas municipales ni recibe informaci\u00f3n del Ejecutivo.\"}]},{\"@type\":\"WebSite\",\"@id\":\"https:\/\/nahuelproducciones.com.ar\/radioquijano\/#website\",\"url\":\"https:\/\/nahuelproducciones.com.ar\/radioquijano\/\",\"name\":\"RQ 99.9\",\"description\":\"Radio Quijano 99.9 MHz\",\"potentialAction\":[{\"@type\":\"SearchAction\",\"target\":{\"@type\":\"EntryPoint\",\"urlTemplate\":\"https:\/\/nahuelproducciones.com.ar\/radioquijano\/?s={search_term_string}\"},\"query-input\":\"required name=search_term_string\"}],\"inLanguage\":\"es\"},{\"@type\":\"Person\",\"@id\":\"https:\/\/nahuelproducciones.com.ar\/radioquijano\/#\/schema\/person\/e8a4f939e2cb487fe6d0c54042c9d32c\",\"name\":\"Cecilia Pastrana\",\"image\":{\"@type\":\"ImageObject\",\"inLanguage\":\"es\",\"@id\":\"https:\/\/nahuelproducciones.com.ar\/radioquijano\/#\/schema\/person\/image\/\",\"url\":\"https:\/\/secure.gravatar.com\/avatar\/661a3ef63a8488d4f2794ed44af8cf71420f7e106f3072c40125114df5157749?s=96&d=mm&r=g\",\"contentUrl\":\"https:\/\/secure.gravatar.com\/avatar\/661a3ef63a8488d4f2794ed44af8cf71420f7e106f3072c40125114df5157749?s=96&d=mm&r=g\",\"caption\":\"Cecilia Pastrana\"},\"sameAs\":[\"cecy\"],\"url\":\"https:\/\/nahuelproducciones.com.ar\/radioquijano\/author\/cecy\/\"}]}<\/script>\n<!-- \/ Yoast SEO plugin. -->","yoast_head_json":{"title":"ATE Campo Quijano no conoce las cuentas municipales ni recibe informaci\u00f3n del Ejecutivo. - RQ 99.9","description":"Asegur\u00f3 que leer\u00e1 y analizar\u00e1 la Cuenta General presentada y que el pr\u00f3ximo mi\u00e9rcoles, en la reuni\u00f3n con el intendente, pedir\u00e1 explicaciones de manera formal.","robots":{"index":"index","follow":"follow","max-snippet":"max-snippet:-1","max-image-preview":"max-image-preview:large","max-video-preview":"max-video-preview:-1"},"canonical":"https:\/\/nahuelproducciones.com.ar\/radioquijano\/ate-campo-quijano-reclama-respuestas-sobre-incremento-salarial-y-fondos-municipales-no-aclarados\/","og_locale":"es_ES","og_type":"article","og_title":"ATE Campo Quijano no conoce las cuentas municipales ni recibe informaci\u00f3n del Ejecutivo. - RQ 99.9","og_description":"Asegur\u00f3 que leer\u00e1 y analizar\u00e1 la Cuenta General presentada y que el pr\u00f3ximo mi\u00e9rcoles, en la reuni\u00f3n con el intendente, pedir\u00e1 explicaciones de manera formal.","og_url":"https:\/\/nahuelproducciones.com.ar\/radioquijano\/ate-campo-quijano-reclama-respuestas-sobre-incremento-salarial-y-fondos-municipales-no-aclarados\/","og_site_name":"RQ 99.9","article_publisher":"https:\/\/www.facebook.com\/nahuelproducciones999\/","article_published_time":"2025-08-18T04:08:37+00:00","article_modified_time":"2025-09-04T04:41:26+00:00","og_image":[{"width":700,"height":700,"url":"https:\/\/nahuelproducciones.com.ar\/radioquijano\/wp-content\/uploads\/2025\/08\/Retrato-Fiesta-de-Jubilacion-Tarjeta-1-1-e1755518210879.png","type":"image\/png"}],"author":"Cecilia Pastrana","twitter_card":"summary_large_image","twitter_creator":"@nahuproduciones","twitter_site":"@nahuproduciones","twitter_misc":{"Escrito por":"Cecilia Pastrana","Tiempo de lectura":"2 minutos"},"schema":{"@context":"https:\/\/schema.org","@graph":[{"@type":"WebPage","@id":"https:\/\/nahuelproducciones.com.ar\/radioquijano\/ate-campo-quijano-reclama-respuestas-sobre-incremento-salarial-y-fondos-municipales-no-aclarados\/","url":"https:\/\/nahuelproducciones.com.ar\/radioquijano\/ate-campo-quijano-reclama-respuestas-sobre-incremento-salarial-y-fondos-municipales-no-aclarados\/","name":"ATE Campo Quijano no conoce las cuentas municipales ni recibe informaci\u00f3n del Ejecutivo. - RQ 99.9","isPartOf":{"@id":"https:\/\/nahuelproducciones.com.ar\/radioquijano\/#website"},"datePublished":"2025-08-18T04:08:37+00:00","dateModified":"2025-09-04T04:41:26+00:00","author":{"@id":"https:\/\/nahuelproducciones.com.ar\/radioquijano\/#\/schema\/person\/e8a4f939e2cb487fe6d0c54042c9d32c"},"description":"Asegur\u00f3 que leer\u00e1 y analizar\u00e1 la Cuenta General presentada y que el pr\u00f3ximo mi\u00e9rcoles, en la reuni\u00f3n con el intendente, pedir\u00e1 explicaciones de manera formal.","breadcrumb":{"@id":"https:\/\/nahuelproducciones.com.ar\/radioquijano\/ate-campo-quijano-reclama-respuestas-sobre-incremento-salarial-y-fondos-municipales-no-aclarados\/#breadcrumb"},"inLanguage":"es","potentialAction":[{"@type":"ReadAction","target":["https:\/\/nahuelproducciones.com.ar\/radioquijano\/ate-campo-quijano-reclama-respuestas-sobre-incremento-salarial-y-fondos-municipales-no-aclarados\/"]}]},{"@type":"BreadcrumbList","@id":"https:\/\/nahuelproducciones.com.ar\/radioquijano\/ate-campo-quijano-reclama-respuestas-sobre-incremento-salarial-y-fondos-municipales-no-aclarados\/#breadcrumb","itemListElement":[{"@type":"ListItem","position":1,"name":"Portada","item":"https:\/\/nahuelproducciones.com.ar\/radioquijano\/"},{"@type":"ListItem","position":2,"name":"ATE Campo Quijano no conoce las cuentas municipales ni recibe informaci\u00f3n del Ejecutivo."}]},{"@type":"WebSite","@id":"https:\/\/nahuelproducciones.com.ar\/radioquijano\/#website","url":"https:\/\/nahuelproducciones.com.ar\/radioquijano\/","name":"RQ 99.9","description":"Radio Quijano 99.9 MHz","potentialAction":[{"@type":"SearchAction","target":{"@type":"EntryPoint","urlTemplate":"https:\/\/nahuelproducciones.com.ar\/radioquijano\/?s={search_term_string}"},"query-input":"required name=search_term_string"}],"inLanguage":"es"},{"@type":"Person","@id":"https:\/\/nahuelproducciones.com.ar\/radioquijano\/#\/schema\/person\/e8a4f939e2cb487fe6d0c54042c9d32c","name":"Cecilia Pastrana","image":{"@type":"ImageObject","inLanguage":"es","@id":"https:\/\/nahuelproducciones.com.ar\/radioquijano\/#\/schema\/person\/image\/","url":"https:\/\/secure.gravatar.com\/avatar\/661a3ef63a8488d4f2794ed44af8cf71420f7e106f3072c40125114df5157749?s=96&d=mm&r=g","contentUrl":"https:\/\/secure.gravatar.com\/avatar\/661a3ef63a8488d4f2794ed44af8cf71420f7e106f3072c40125114df5157749?s=96&d=mm&r=g","caption":"Cecilia Pastrana"},"sameAs":["cecy"],"url":"https:\/\/nahuelproducciones.com.ar\/radioquijano\/author\/cecy\/"}]}},"_links":{"self":[{"href":"https:\/\/nahuelproducciones.com.ar\/radioquijano\/wp-json\/wp\/v2\/posts\/10929","targetHints":{"allow":["GET"]}}],"collection":[{"href":"https:\/\/nahuelproducciones.com.ar\/radioquijano\/wp-json\/wp\/v2\/posts"}],"about":[{"href":"https:\/\/nahuelproducciones.com.ar\/radioquijano\/wp-json\/wp\/v2\/types\/post"}],"author":[{"embeddable":true,"href":"https:\/\/nahuelproducciones.com.ar\/radioquijano\/wp-json\/wp\/v2\/users\/8"}],"replies":[{"embeddable":true,"href":"https:\/\/nahuelproducciones.com.ar\/radioquijano\/wp-json\/wp\/v2\/comments?post=10929"}],"version-history":[{"count":3,"href":"https:\/\/nahuelproducciones.com.ar\/radioquijano\/wp-json\/wp\/v2\/posts\/10929\/revisions"}],"predecessor-version":[{"id":10949,"href":"https:\/\/nahuelproducciones.com.ar\/radioquijano\/wp-json\/wp\/v2\/posts\/10929\/revisions\/10949"}],"wp:featuredmedia":[{"embeddable":true,"href":"https:\/\/nahuelproducciones.com.ar\/radioquijano\/wp-json\/wp\/v2\/media\/10953"}],"wp:attachment":[{"href":"https:\/\/nahuelproducciones.com.ar\/radioquijano\/wp-json\/wp\/v2\/media?parent=10929"}],"wp:term":[{"taxonomy":"category","embeddable":true,"href":"https:\/\/nahuelproducciones.com.ar\/radioquijano\/wp-json\/wp\/v2\/categories?post=10929"},{"taxonomy":"post_tag","embeddable":true,"href":"https:\/\/nahuelproducciones.com.ar\/radioquijano\/wp-json\/wp\/v2\/tags?post=10929"}],"curies":[{"name":"wp","href":"https:\/\/api.w.org\/{rel}","templated":true}]}}