{"id":10960,"date":"2025-08-19T17:34:07","date_gmt":"2025-08-19T20:34:07","guid":{"rendered":"https:\/\/nahuelproducciones.com.ar\/radioquijano\/?p=10960"},"modified":"2025-08-19T17:34:07","modified_gmt":"2025-08-19T20:34:07","slug":"lanzan-el-proyecto-pedalea-en-salta-para-fomentar-la-movilidad-inclusiva-con-bicicletas-adaptadas","status":"publish","type":"post","link":"https:\/\/nahuelproducciones.com.ar\/radioquijano\/lanzan-el-proyecto-pedalea-en-salta-para-fomentar-la-movilidad-inclusiva-con-bicicletas-adaptadas\/","title":{"rendered":"Lanzan el proyecto \u201cPedalea\u201d en Salta para fomentar la movilidad inclusiva con bicicletas adaptadas"},"content":{"rendered":"\n<p>El proyecto, impulsado por el diputado Nicol\u00e1s Taibo, busca que personas con discapacidad y movilidad reducida puedan acceder de forma gratuita a bicicletas adaptadas, comenzando en la plaza de Rosario de Lerma, Campo Quijano y\/o puntos estrat\u00e9gicos.<\/p>\n\n\n\n<p>Con el objetivo de promover una movilidad m\u00e1s justa, accesible y sostenible, se present\u00f3 en el Legado G\u00fcemes el proyecto \u201cPedalea\u201d. La iniciativa busca fomentar el uso de la bicicleta adaptada como un medio de transporte saludable para toda la comunidad salte\u00f1a. El subsecretario de Deportes, V\u00edctor Cuellar, tambi\u00e9n acompa\u00f1\u00f3 en la presentaci\u00f3n mostrando el apoyo \u00a0a la iniciativa del diputado Nicol\u00e1s Taibo<\/p>\n\n\n\n<p>Durante la presentaci\u00f3n, Cuellar&nbsp;expres\u00f3 el apoyo a la iniciativa: \u00abDesde la Secretaria acompa\u00f1amos este tipo de propuestas que generan igualdad de oportunidades para las personas con discapacidad. El deporte es una herramienta de inclusi\u00f3n y esta iniciativa es un gran paso para que todos puedan disfrutar de la actividad f\u00edsica\u00bb.<\/p>\n\n\n\n<p>El diputado Nicol\u00e1s Taibo, impulsor del proyecto, explic\u00f3 que la propuesta se enmarca en una \u00ab\u00e9tica m\u00e1s amplia de justicia de la movilidad\u00bb. La primera fase de la iniciativa consistir\u00e1 en la implementaci\u00f3n de dos bicicletas adaptadas que estar\u00e1n disponibles de forma gratuita en plazas y puntos estrat\u00e9gicos de Rosario de Lerma, en horarios espec\u00edficos, para que personas con discapacidad puedan utilizarlas acompa\u00f1adas de sus familias. El plan es expandir el servicio a la plaza de Campo Quijano y, progresivamente, a otros puntos de la provincia.<\/p>\n\n\n\n<p>&nbsp;El proyecto \u201cPedalea\u201d tiene como meta adquirir m\u00e1s unidades con la ayuda de instituciones y ampliar su alcance para garantizar que m\u00e1s personas con discapacidad en toda la provincia puedan disfrutar del ciclismo de forma segura e inclusiva.<\/p>\n\n\n\n<p>El Gobierno de Salta celebra y apoya este tipo de proyectos que promueven la inclusi\u00f3n social y deportiva en la provincia. Este respaldo demuestra el compromiso de la gesti\u00f3n con la mejora de la calidad de vida de todos los salte\u00f1os, garantizando que iniciativas como \u00abPedalea\u00bb cuenten con el apoyo necesario para crecer y llegar a m\u00e1s comunidades.<\/p>\n\n\n\n<hr class=\"wp-block-separator has-alpha-channel-opacity\"\/>\n\n\n\n<p>Fuente:&nbsp;<strong>Secretar\u00eda de Prensa y Comunicaci\u00f3n<\/strong><\/p>\n","protected":false},"excerpt":{"rendered":"<p>El proyecto, impulsado por el diputado Nicol\u00e1s Taibo, busca que personas con discapacidad y movilidad reducida puedan acceder de forma gratuita a bicicletas adaptadas, comenzando en la plaza de Rosario de Lerma, Campo Quijano y\/o puntos estrat\u00e9gicos. Con el objetivo de promover una movilidad m\u00e1s justa, accesible y sostenible, se present\u00f3 en el Legado G\u00fcemes [&hellip;]<\/p>\n","protected":false},"author":8,"featured_media":10961,"comment_status":"open","ping_status":"open","sticky":false,"template":"","format":"standard","meta":{"_monsterinsights_skip_tracking":false,"_monsterinsights_sitenote_active":false,"_monsterinsights_sitenote_note":"","_monsterinsights_sitenote_category":0,"footnotes":""},"categories":[16],"tags":[100,1892],"class_list":["post-10960","post","type-post","status-publish","format-standard","has-post-thumbnail","hentry","category-noticias","tag-municipio-de-campo-quijano","tag-proyecto-pedalea"],"yoast_head":"<!-- This site is optimized with the Yoast SEO plugin v20.8 - https:\/\/yoast.com\/wordpress\/plugins\/seo\/ -->\n<title>Lanzan el proyecto \u201cPedalea\u201d en Salta para fomentar la movilidad inclusiva con bicicletas adaptadas - RQ 99.9<\/title>\n<meta name=\"description\" content=\"El proyecto \u201cPedalea\u201d comenzar\u00e1 en la plaza de Rosario de Lerma, Campo Quijano y\/o puntos estrat\u00e9gicos.\" \/>\n<meta name=\"robots\" content=\"index, follow, max-snippet:-1, max-image-preview:large, max-video-preview:-1\" \/>\n<link rel=\"canonical\" href=\"https:\/\/nahuelproducciones.com.ar\/radioquijano\/lanzan-el-proyecto-pedalea-en-salta-para-fomentar-la-movilidad-inclusiva-con-bicicletas-adaptadas\/\" \/>\n<meta property=\"og:locale\" content=\"es_ES\" \/>\n<meta property=\"og:type\" content=\"article\" \/>\n<meta property=\"og:title\" content=\"Lanzan el proyecto \u201cPedalea\u201d en Salta para fomentar la movilidad inclusiva con bicicletas adaptadas - RQ 99.9\" \/>\n<meta property=\"og:description\" content=\"El proyecto \u201cPedalea\u201d comenzar\u00e1 en la plaza de Rosario de Lerma, Campo Quijano y\/o puntos estrat\u00e9gicos.\" \/>\n<meta property=\"og:url\" content=\"https:\/\/nahuelproducciones.com.ar\/radioquijano\/lanzan-el-proyecto-pedalea-en-salta-para-fomentar-la-movilidad-inclusiva-con-bicicletas-adaptadas\/\" \/>\n<meta property=\"og:site_name\" content=\"RQ 99.9\" \/>\n<meta property=\"article:publisher\" content=\"https:\/\/www.facebook.com\/nahuelproducciones999\/\" \/>\n<meta property=\"article:published_time\" content=\"2025-08-19T20:34:07+00:00\" \/>\n<meta property=\"og:image\" content=\"https:\/\/nahuelproducciones.com.ar\/radioquijano\/wp-content\/uploads\/2025\/08\/103346-lanzan-el-proyecto-pedalea-en-salta-para-fomentar-la-movilidad-inclusiva-con-bicicletas-adaptadas.webp\" \/>\n\t<meta property=\"og:image:width\" content=\"560\" \/>\n\t<meta property=\"og:image:height\" content=\"315\" \/>\n\t<meta property=\"og:image:type\" content=\"image\/webp\" \/>\n<meta name=\"author\" content=\"Cecilia Pastrana\" \/>\n<meta name=\"twitter:card\" content=\"summary_large_image\" \/>\n<meta name=\"twitter:creator\" content=\"@nahuproduciones\" \/>\n<meta name=\"twitter:site\" content=\"@nahuproduciones\" \/>\n<meta name=\"twitter:label1\" content=\"Escrito por\" \/>\n\t<meta name=\"twitter:data1\" content=\"Cecilia Pastrana\" \/>\n\t<meta name=\"twitter:label2\" content=\"Tiempo de lectura\" \/>\n\t<meta name=\"twitter:data2\" content=\"2 minutos\" \/>\n<script type=\"application\/ld+json\" class=\"yoast-schema-graph\">{\"@context\":\"https:\/\/schema.org\",\"@graph\":[{\"@type\":\"WebPage\",\"@id\":\"https:\/\/nahuelproducciones.com.ar\/radioquijano\/lanzan-el-proyecto-pedalea-en-salta-para-fomentar-la-movilidad-inclusiva-con-bicicletas-adaptadas\/\",\"url\":\"https:\/\/nahuelproducciones.com.ar\/radioquijano\/lanzan-el-proyecto-pedalea-en-salta-para-fomentar-la-movilidad-inclusiva-con-bicicletas-adaptadas\/\",\"name\":\"Lanzan el proyecto \u201cPedalea\u201d en Salta para fomentar la movilidad inclusiva con bicicletas adaptadas - RQ 99.9\",\"isPartOf\":{\"@id\":\"https:\/\/nahuelproducciones.com.ar\/radioquijano\/#website\"},\"datePublished\":\"2025-08-19T20:34:07+00:00\",\"dateModified\":\"2025-08-19T20:34:07+00:00\",\"author\":{\"@id\":\"https:\/\/nahuelproducciones.com.ar\/radioquijano\/#\/schema\/person\/e8a4f939e2cb487fe6d0c54042c9d32c\"},\"description\":\"El proyecto \u201cPedalea\u201d comenzar\u00e1 en la plaza de Rosario de Lerma, Campo Quijano y\/o puntos estrat\u00e9gicos.\",\"breadcrumb\":{\"@id\":\"https:\/\/nahuelproducciones.com.ar\/radioquijano\/lanzan-el-proyecto-pedalea-en-salta-para-fomentar-la-movilidad-inclusiva-con-bicicletas-adaptadas\/#breadcrumb\"},\"inLanguage\":\"es\",\"potentialAction\":[{\"@type\":\"ReadAction\",\"target\":[\"https:\/\/nahuelproducciones.com.ar\/radioquijano\/lanzan-el-proyecto-pedalea-en-salta-para-fomentar-la-movilidad-inclusiva-con-bicicletas-adaptadas\/\"]}]},{\"@type\":\"BreadcrumbList\",\"@id\":\"https:\/\/nahuelproducciones.com.ar\/radioquijano\/lanzan-el-proyecto-pedalea-en-salta-para-fomentar-la-movilidad-inclusiva-con-bicicletas-adaptadas\/#breadcrumb\",\"itemListElement\":[{\"@type\":\"ListItem\",\"position\":1,\"name\":\"Portada\",\"item\":\"https:\/\/nahuelproducciones.com.ar\/radioquijano\/\"},{\"@type\":\"ListItem\",\"position\":2,\"name\":\"Lanzan el proyecto \u201cPedalea\u201d en Salta para fomentar la movilidad inclusiva con bicicletas adaptadas\"}]},{\"@type\":\"WebSite\",\"@id\":\"https:\/\/nahuelproducciones.com.ar\/radioquijano\/#website\",\"url\":\"https:\/\/nahuelproducciones.com.ar\/radioquijano\/\",\"name\":\"RQ 99.9\",\"description\":\"Radio Quijano 99.9 MHz\",\"potentialAction\":[{\"@type\":\"SearchAction\",\"target\":{\"@type\":\"EntryPoint\",\"urlTemplate\":\"https:\/\/nahuelproducciones.com.ar\/radioquijano\/?s={search_term_string}\"},\"query-input\":\"required name=search_term_string\"}],\"inLanguage\":\"es\"},{\"@type\":\"Person\",\"@id\":\"https:\/\/nahuelproducciones.com.ar\/radioquijano\/#\/schema\/person\/e8a4f939e2cb487fe6d0c54042c9d32c\",\"name\":\"Cecilia Pastrana\",\"image\":{\"@type\":\"ImageObject\",\"inLanguage\":\"es\",\"@id\":\"https:\/\/nahuelproducciones.com.ar\/radioquijano\/#\/schema\/person\/image\/\",\"url\":\"https:\/\/secure.gravatar.com\/avatar\/661a3ef63a8488d4f2794ed44af8cf71420f7e106f3072c40125114df5157749?s=96&d=mm&r=g\",\"contentUrl\":\"https:\/\/secure.gravatar.com\/avatar\/661a3ef63a8488d4f2794ed44af8cf71420f7e106f3072c40125114df5157749?s=96&d=mm&r=g\",\"caption\":\"Cecilia Pastrana\"},\"sameAs\":[\"cecy\"],\"url\":\"https:\/\/nahuelproducciones.com.ar\/radioquijano\/author\/cecy\/\"}]}<\/script>\n<!-- \/ Yoast SEO plugin. -->","yoast_head_json":{"title":"Lanzan el proyecto \u201cPedalea\u201d en Salta para fomentar la movilidad inclusiva con bicicletas adaptadas - RQ 99.9","description":"El proyecto \u201cPedalea\u201d comenzar\u00e1 en la plaza de Rosario de Lerma, Campo Quijano y\/o puntos estrat\u00e9gicos.","robots":{"index":"index","follow":"follow","max-snippet":"max-snippet:-1","max-image-preview":"max-image-preview:large","max-video-preview":"max-video-preview:-1"},"canonical":"https:\/\/nahuelproducciones.com.ar\/radioquijano\/lanzan-el-proyecto-pedalea-en-salta-para-fomentar-la-movilidad-inclusiva-con-bicicletas-adaptadas\/","og_locale":"es_ES","og_type":"article","og_title":"Lanzan el proyecto \u201cPedalea\u201d en Salta para fomentar la movilidad inclusiva con bicicletas adaptadas - RQ 99.9","og_description":"El proyecto \u201cPedalea\u201d comenzar\u00e1 en la plaza de Rosario de Lerma, Campo Quijano y\/o puntos estrat\u00e9gicos.","og_url":"https:\/\/nahuelproducciones.com.ar\/radioquijano\/lanzan-el-proyecto-pedalea-en-salta-para-fomentar-la-movilidad-inclusiva-con-bicicletas-adaptadas\/","og_site_name":"RQ 99.9","article_publisher":"https:\/\/www.facebook.com\/nahuelproducciones999\/","article_published_time":"2025-08-19T20:34:07+00:00","og_image":[{"width":560,"height":315,"url":"https:\/\/nahuelproducciones.com.ar\/radioquijano\/wp-content\/uploads\/2025\/08\/103346-lanzan-el-proyecto-pedalea-en-salta-para-fomentar-la-movilidad-inclusiva-con-bicicletas-adaptadas.webp","type":"image\/webp"}],"author":"Cecilia Pastrana","twitter_card":"summary_large_image","twitter_creator":"@nahuproduciones","twitter_site":"@nahuproduciones","twitter_misc":{"Escrito por":"Cecilia Pastrana","Tiempo de lectura":"2 minutos"},"schema":{"@context":"https:\/\/schema.org","@graph":[{"@type":"WebPage","@id":"https:\/\/nahuelproducciones.com.ar\/radioquijano\/lanzan-el-proyecto-pedalea-en-salta-para-fomentar-la-movilidad-inclusiva-con-bicicletas-adaptadas\/","url":"https:\/\/nahuelproducciones.com.ar\/radioquijano\/lanzan-el-proyecto-pedalea-en-salta-para-fomentar-la-movilidad-inclusiva-con-bicicletas-adaptadas\/","name":"Lanzan el proyecto \u201cPedalea\u201d en Salta para fomentar la movilidad inclusiva con bicicletas adaptadas - RQ 99.9","isPartOf":{"@id":"https:\/\/nahuelproducciones.com.ar\/radioquijano\/#website"},"datePublished":"2025-08-19T20:34:07+00:00","dateModified":"2025-08-19T20:34:07+00:00","author":{"@id":"https:\/\/nahuelproducciones.com.ar\/radioquijano\/#\/schema\/person\/e8a4f939e2cb487fe6d0c54042c9d32c"},"description":"El proyecto \u201cPedalea\u201d comenzar\u00e1 en la plaza de Rosario de Lerma, Campo Quijano y\/o puntos estrat\u00e9gicos.","breadcrumb":{"@id":"https:\/\/nahuelproducciones.com.ar\/radioquijano\/lanzan-el-proyecto-pedalea-en-salta-para-fomentar-la-movilidad-inclusiva-con-bicicletas-adaptadas\/#breadcrumb"},"inLanguage":"es","potentialAction":[{"@type":"ReadAction","target":["https:\/\/nahuelproducciones.com.ar\/radioquijano\/lanzan-el-proyecto-pedalea-en-salta-para-fomentar-la-movilidad-inclusiva-con-bicicletas-adaptadas\/"]}]},{"@type":"BreadcrumbList","@id":"https:\/\/nahuelproducciones.com.ar\/radioquijano\/lanzan-el-proyecto-pedalea-en-salta-para-fomentar-la-movilidad-inclusiva-con-bicicletas-adaptadas\/#breadcrumb","itemListElement":[{"@type":"ListItem","position":1,"name":"Portada","item":"https:\/\/nahuelproducciones.com.ar\/radioquijano\/"},{"@type":"ListItem","position":2,"name":"Lanzan el proyecto \u201cPedalea\u201d en Salta para fomentar la movilidad inclusiva con bicicletas adaptadas"}]},{"@type":"WebSite","@id":"https:\/\/nahuelproducciones.com.ar\/radioquijano\/#website","url":"https:\/\/nahuelproducciones.com.ar\/radioquijano\/","name":"RQ 99.9","description":"Radio Quijano 99.9 MHz","potentialAction":[{"@type":"SearchAction","target":{"@type":"EntryPoint","urlTemplate":"https:\/\/nahuelproducciones.com.ar\/radioquijano\/?s={search_term_string}"},"query-input":"required name=search_term_string"}],"inLanguage":"es"},{"@type":"Person","@id":"https:\/\/nahuelproducciones.com.ar\/radioquijano\/#\/schema\/person\/e8a4f939e2cb487fe6d0c54042c9d32c","name":"Cecilia Pastrana","image":{"@type":"ImageObject","inLanguage":"es","@id":"https:\/\/nahuelproducciones.com.ar\/radioquijano\/#\/schema\/person\/image\/","url":"https:\/\/secure.gravatar.com\/avatar\/661a3ef63a8488d4f2794ed44af8cf71420f7e106f3072c40125114df5157749?s=96&d=mm&r=g","contentUrl":"https:\/\/secure.gravatar.com\/avatar\/661a3ef63a8488d4f2794ed44af8cf71420f7e106f3072c40125114df5157749?s=96&d=mm&r=g","caption":"Cecilia Pastrana"},"sameAs":["cecy"],"url":"https:\/\/nahuelproducciones.com.ar\/radioquijano\/author\/cecy\/"}]}},"_links":{"self":[{"href":"https:\/\/nahuelproducciones.com.ar\/radioquijano\/wp-json\/wp\/v2\/posts\/10960","targetHints":{"allow":["GET"]}}],"collection":[{"href":"https:\/\/nahuelproducciones.com.ar\/radioquijano\/wp-json\/wp\/v2\/posts"}],"about":[{"href":"https:\/\/nahuelproducciones.com.ar\/radioquijano\/wp-json\/wp\/v2\/types\/post"}],"author":[{"embeddable":true,"href":"https:\/\/nahuelproducciones.com.ar\/radioquijano\/wp-json\/wp\/v2\/users\/8"}],"replies":[{"embeddable":true,"href":"https:\/\/nahuelproducciones.com.ar\/radioquijano\/wp-json\/wp\/v2\/comments?post=10960"}],"version-history":[{"count":1,"href":"https:\/\/nahuelproducciones.com.ar\/radioquijano\/wp-json\/wp\/v2\/posts\/10960\/revisions"}],"predecessor-version":[{"id":10962,"href":"https:\/\/nahuelproducciones.com.ar\/radioquijano\/wp-json\/wp\/v2\/posts\/10960\/revisions\/10962"}],"wp:featuredmedia":[{"embeddable":true,"href":"https:\/\/nahuelproducciones.com.ar\/radioquijano\/wp-json\/wp\/v2\/media\/10961"}],"wp:attachment":[{"href":"https:\/\/nahuelproducciones.com.ar\/radioquijano\/wp-json\/wp\/v2\/media?parent=10960"}],"wp:term":[{"taxonomy":"category","embeddable":true,"href":"https:\/\/nahuelproducciones.com.ar\/radioquijano\/wp-json\/wp\/v2\/categories?post=10960"},{"taxonomy":"post_tag","embeddable":true,"href":"https:\/\/nahuelproducciones.com.ar\/radioquijano\/wp-json\/wp\/v2\/tags?post=10960"}],"curies":[{"name":"wp","href":"https:\/\/api.w.org\/{rel}","templated":true}]}}