{"id":10974,"date":"2025-08-21T13:54:32","date_gmt":"2025-08-21T16:54:32","guid":{"rendered":"https:\/\/nahuelproducciones.com.ar\/radioquijano\/?p=10974"},"modified":"2025-08-21T22:08:00","modified_gmt":"2025-08-22T01:08:00","slug":"polemica-por-intento-de-aprobar-la-cuenta-general-2024-sin-quorum-valido","status":"publish","type":"post","link":"https:\/\/nahuelproducciones.com.ar\/radioquijano\/polemica-por-intento-de-aprobar-la-cuenta-general-2024-sin-quorum-valido\/","title":{"rendered":"Pol\u00e9mica por intento de aprobar la Cuenta General 2024 sin qu\u00f3rum v\u00e1lido"},"content":{"rendered":"\n<p>En el Concejo Deliberante de Campo Quijano se vivi\u00f3 una tensa situaci\u00f3n durante el tratamiento de la Cuenta General del Ejercicio 2024.<\/p>\n\n\n\n<p>Los concejales Torres, Montero y Copa decidieron levantarse de la mesa de comisi\u00f3n para dejar sin qu\u00f3rum, en rechazo a lo que consideraron una presi\u00f3n indebida para aprobar .<\/p>\n\n\n\n<p>Frente a ello, el concejal Carlos \u00abLupi\u00bb Cruz sostuvo que el simple hecho de estar en el recinto garantizaba qu\u00f3rum, aun sin estar en sus bancas. Sin embargo, la normativa es clara: el qu\u00f3rum se conforma \u00fanicamente con la presencia efectiva de los ediles en sus bancas y dispuestos a sesionar, por lo que la interpretaci\u00f3n de Carlos \u00abLupi\u00bb Cruz carece de sustento legal.<\/p>\n\n\n\n<p>Es decir: si los ediles se levantan y se retiran del espacio de deliberaci\u00f3n (aunque sigan en la sala), se pierde el qu\u00f3rum.<\/p>\n\n\n\n<p>La concejal Torres transmiti\u00f3 en vivo lo ocurrido y dej\u00f3 asentado en acta que al levantarse los ediles, el qu\u00f3rum qued\u00f3 sin efecto.<\/p>\n\n\n\n<figure class=\"wp-block-audio\"><audio controls src=\"https:\/\/nahuelproducciones.com.ar\/radioquijano\/wp-content\/uploads\/2025\/08\/Concejal-Lorena-torres.-En-su-exposicion-en-comision-del-concejo-Deliberante.210825-_1_-1.mp3\"><\/audio><\/figure>\n\n\n\n<figure class=\"wp-block-gallery has-nested-images columns-default is-cropped wp-block-gallery-1 is-layout-flex wp-block-gallery-is-layout-flex\">\n<figure class=\"wp-block-image size-large\"><img loading=\"lazy\" decoding=\"async\" width=\"676\" height=\"1024\" data-id=\"10977\" src=\"https:\/\/nahuelproducciones.com.ar\/radioquijano\/wp-content\/uploads\/2025\/08\/WhatsApp-Image-2025-08-21-at-1.42.32-PM-676x1024.jpeg\" alt=\"\" class=\"wp-image-10977\" srcset=\"https:\/\/nahuelproducciones.com.ar\/radioquijano\/wp-content\/uploads\/2025\/08\/WhatsApp-Image-2025-08-21-at-1.42.32-PM-676x1024.jpeg 676w, https:\/\/nahuelproducciones.com.ar\/radioquijano\/wp-content\/uploads\/2025\/08\/WhatsApp-Image-2025-08-21-at-1.42.32-PM-198x300.jpeg 198w, https:\/\/nahuelproducciones.com.ar\/radioquijano\/wp-content\/uploads\/2025\/08\/WhatsApp-Image-2025-08-21-at-1.42.32-PM-150x227.jpeg 150w, https:\/\/nahuelproducciones.com.ar\/radioquijano\/wp-content\/uploads\/2025\/08\/WhatsApp-Image-2025-08-21-at-1.42.32-PM.jpeg 720w\" sizes=\"auto, (max-width: 676px) 100vw, 676px\" \/><\/figure>\n\n\n\n<figure class=\"wp-block-image size-large\"><img decoding=\"async\" data-id=\"10978\" src=\"https:\/\/nahuelproducciones.com.ar\/radioquijano\/wp-content\/uploads\/2025\/08\/WhatsApp-Image-2025-08-21-at-1.42.33-PM-1-1-606x1024.jpeg\" alt=\"\" class=\"wp-image-10978\"\/><\/figure>\n\n\n\n<figure class=\"wp-block-image size-large\"><img loading=\"lazy\" decoding=\"async\" width=\"619\" height=\"1024\" data-id=\"10979\" src=\"https:\/\/nahuelproducciones.com.ar\/radioquijano\/wp-content\/uploads\/2025\/08\/WhatsApp-Image-2025-08-21-at-1.42.33-PM-619x1024.jpeg\" alt=\"\" class=\"wp-image-10979\" srcset=\"https:\/\/nahuelproducciones.com.ar\/radioquijano\/wp-content\/uploads\/2025\/08\/WhatsApp-Image-2025-08-21-at-1.42.33-PM-619x1024.jpeg 619w, https:\/\/nahuelproducciones.com.ar\/radioquijano\/wp-content\/uploads\/2025\/08\/WhatsApp-Image-2025-08-21-at-1.42.33-PM-181x300.jpeg 181w, https:\/\/nahuelproducciones.com.ar\/radioquijano\/wp-content\/uploads\/2025\/08\/WhatsApp-Image-2025-08-21-at-1.42.33-PM-150x248.jpeg 150w, https:\/\/nahuelproducciones.com.ar\/radioquijano\/wp-content\/uploads\/2025\/08\/WhatsApp-Image-2025-08-21-at-1.42.33-PM.jpeg 720w\" sizes=\"auto, (max-width: 619px) 100vw, 619px\" \/><\/figure>\n<\/figure>\n\n\n<p><iframe loading=\"lazy\" src=\"https:\/\/www.facebook.com\/plugins\/video.php?height=476&#038;href=https%3A%2F%2Fwww.facebook.com%2F100006577503821%2Fvideos%2F667820455661113%2F&#038;show_text=true&#038;width=267&#038;t=0\" width=\"267\" height=\"591\" style=\"border:none;overflow:hidden\" scrolling=\"no\" frameborder=\"0\" allowfullscreen=\"true\" allow=\"autoplay; clipboard-write; encrypted-media; picture-in-picture; web-share\" allowFullScreen=\"true\"><\/iframe><\/p>\n\n\n\n<p><\/p>\n","protected":false},"excerpt":{"rendered":"<p>En el Concejo Deliberante de Campo Quijano se vivi\u00f3 una tensa situaci\u00f3n durante el tratamiento de la Cuenta General del Ejercicio 2024. Los concejales Torres, Montero y Copa decidieron levantarse de la mesa de comisi\u00f3n para dejar sin qu\u00f3rum, en rechazo a lo que consideraron una presi\u00f3n indebida para aprobar . Frente a ello, el [&hellip;]<\/p>\n","protected":false},"author":8,"featured_media":0,"comment_status":"open","ping_status":"open","sticky":false,"template":"","format":"standard","meta":{"_monsterinsights_skip_tracking":false,"_monsterinsights_sitenote_active":false,"_monsterinsights_sitenote_note":"","_monsterinsights_sitenote_category":0,"footnotes":""},"categories":[16],"tags":[75,1845,100],"class_list":["post-10974","post","type-post","status-publish","format-standard","hentry","category-noticias","tag-concejo-deliberante-de-campo-quijano","tag-cuenta-general-del-ejercicio","tag-municipio-de-campo-quijano"],"yoast_head":"<!-- This site is optimized with the Yoast SEO plugin v20.8 - https:\/\/yoast.com\/wordpress\/plugins\/seo\/ -->\n<title>Pol\u00e9mica por intento de aprobar la Cuenta General 2024 sin qu\u00f3rum v\u00e1lido - RQ 99.9<\/title>\n<meta name=\"description\" content=\"La concejal Torres transmiti\u00f3 en vivo lo ocurrido y dej\u00f3 asentado en acta que al levantarse los ediles, el qu\u00f3rum qued\u00f3 sin efecto.\" \/>\n<meta name=\"robots\" content=\"index, follow, max-snippet:-1, max-image-preview:large, max-video-preview:-1\" \/>\n<link rel=\"canonical\" href=\"https:\/\/nahuelproducciones.com.ar\/radioquijano\/polemica-por-intento-de-aprobar-la-cuenta-general-2024-sin-quorum-valido\/\" \/>\n<meta property=\"og:locale\" content=\"es_ES\" \/>\n<meta property=\"og:type\" content=\"article\" \/>\n<meta property=\"og:title\" content=\"Pol\u00e9mica por intento de aprobar la Cuenta General 2024 sin qu\u00f3rum v\u00e1lido - RQ 99.9\" \/>\n<meta property=\"og:description\" content=\"La concejal Torres transmiti\u00f3 en vivo lo ocurrido y dej\u00f3 asentado en acta que al levantarse los ediles, el qu\u00f3rum qued\u00f3 sin efecto.\" \/>\n<meta property=\"og:url\" content=\"https:\/\/nahuelproducciones.com.ar\/radioquijano\/polemica-por-intento-de-aprobar-la-cuenta-general-2024-sin-quorum-valido\/\" \/>\n<meta property=\"og:site_name\" content=\"RQ 99.9\" \/>\n<meta property=\"article:publisher\" content=\"https:\/\/www.facebook.com\/nahuelproducciones999\/\" \/>\n<meta property=\"article:published_time\" content=\"2025-08-21T16:54:32+00:00\" \/>\n<meta property=\"article:modified_time\" content=\"2025-08-22T01:08:00+00:00\" \/>\n<meta property=\"og:image\" content=\"https:\/\/nahuelproducciones.com.ar\/radioquijano\/wp-content\/uploads\/2025\/08\/WhatsApp-Image-2025-08-21-at-1.42.33-PM-1-e1755795204428.jpeg\" \/>\n\t<meta property=\"og:image:width\" content=\"700\" \/>\n\t<meta property=\"og:image:height\" content=\"1182\" \/>\n\t<meta property=\"og:image:type\" content=\"image\/jpeg\" \/>\n<meta name=\"author\" content=\"Cecilia Pastrana\" \/>\n<meta name=\"twitter:card\" content=\"summary_large_image\" \/>\n<meta name=\"twitter:creator\" content=\"@nahuproduciones\" \/>\n<meta name=\"twitter:site\" content=\"@nahuproduciones\" \/>\n<meta name=\"twitter:label1\" content=\"Escrito por\" \/>\n\t<meta name=\"twitter:data1\" content=\"Cecilia Pastrana\" \/>\n\t<meta name=\"twitter:label2\" content=\"Tiempo de lectura\" \/>\n\t<meta name=\"twitter:data2\" content=\"2 minutos\" \/>\n<script type=\"application\/ld+json\" class=\"yoast-schema-graph\">{\"@context\":\"https:\/\/schema.org\",\"@graph\":[{\"@type\":\"WebPage\",\"@id\":\"https:\/\/nahuelproducciones.com.ar\/radioquijano\/polemica-por-intento-de-aprobar-la-cuenta-general-2024-sin-quorum-valido\/\",\"url\":\"https:\/\/nahuelproducciones.com.ar\/radioquijano\/polemica-por-intento-de-aprobar-la-cuenta-general-2024-sin-quorum-valido\/\",\"name\":\"Pol\u00e9mica por intento de aprobar la Cuenta General 2024 sin qu\u00f3rum v\u00e1lido - RQ 99.9\",\"isPartOf\":{\"@id\":\"https:\/\/nahuelproducciones.com.ar\/radioquijano\/#website\"},\"datePublished\":\"2025-08-21T16:54:32+00:00\",\"dateModified\":\"2025-08-22T01:08:00+00:00\",\"author\":{\"@id\":\"https:\/\/nahuelproducciones.com.ar\/radioquijano\/#\/schema\/person\/e8a4f939e2cb487fe6d0c54042c9d32c\"},\"description\":\"La concejal Torres transmiti\u00f3 en vivo lo ocurrido y dej\u00f3 asentado en acta que al levantarse los ediles, el qu\u00f3rum qued\u00f3 sin efecto.\",\"breadcrumb\":{\"@id\":\"https:\/\/nahuelproducciones.com.ar\/radioquijano\/polemica-por-intento-de-aprobar-la-cuenta-general-2024-sin-quorum-valido\/#breadcrumb\"},\"inLanguage\":\"es\",\"potentialAction\":[{\"@type\":\"ReadAction\",\"target\":[\"https:\/\/nahuelproducciones.com.ar\/radioquijano\/polemica-por-intento-de-aprobar-la-cuenta-general-2024-sin-quorum-valido\/\"]}]},{\"@type\":\"BreadcrumbList\",\"@id\":\"https:\/\/nahuelproducciones.com.ar\/radioquijano\/polemica-por-intento-de-aprobar-la-cuenta-general-2024-sin-quorum-valido\/#breadcrumb\",\"itemListElement\":[{\"@type\":\"ListItem\",\"position\":1,\"name\":\"Portada\",\"item\":\"https:\/\/nahuelproducciones.com.ar\/radioquijano\/\"},{\"@type\":\"ListItem\",\"position\":2,\"name\":\"Pol\u00e9mica por intento de aprobar la Cuenta General 2024 sin qu\u00f3rum v\u00e1lido\"}]},{\"@type\":\"WebSite\",\"@id\":\"https:\/\/nahuelproducciones.com.ar\/radioquijano\/#website\",\"url\":\"https:\/\/nahuelproducciones.com.ar\/radioquijano\/\",\"name\":\"RQ 99.9\",\"description\":\"Radio Quijano 99.9 MHz\",\"potentialAction\":[{\"@type\":\"SearchAction\",\"target\":{\"@type\":\"EntryPoint\",\"urlTemplate\":\"https:\/\/nahuelproducciones.com.ar\/radioquijano\/?s={search_term_string}\"},\"query-input\":\"required name=search_term_string\"}],\"inLanguage\":\"es\"},{\"@type\":\"Person\",\"@id\":\"https:\/\/nahuelproducciones.com.ar\/radioquijano\/#\/schema\/person\/e8a4f939e2cb487fe6d0c54042c9d32c\",\"name\":\"Cecilia Pastrana\",\"image\":{\"@type\":\"ImageObject\",\"inLanguage\":\"es\",\"@id\":\"https:\/\/nahuelproducciones.com.ar\/radioquijano\/#\/schema\/person\/image\/\",\"url\":\"https:\/\/secure.gravatar.com\/avatar\/661a3ef63a8488d4f2794ed44af8cf71420f7e106f3072c40125114df5157749?s=96&d=mm&r=g\",\"contentUrl\":\"https:\/\/secure.gravatar.com\/avatar\/661a3ef63a8488d4f2794ed44af8cf71420f7e106f3072c40125114df5157749?s=96&d=mm&r=g\",\"caption\":\"Cecilia Pastrana\"},\"sameAs\":[\"cecy\"],\"url\":\"https:\/\/nahuelproducciones.com.ar\/radioquijano\/author\/cecy\/\"}]}<\/script>\n<!-- \/ Yoast SEO plugin. -->","yoast_head_json":{"title":"Pol\u00e9mica por intento de aprobar la Cuenta General 2024 sin qu\u00f3rum v\u00e1lido - RQ 99.9","description":"La concejal Torres transmiti\u00f3 en vivo lo ocurrido y dej\u00f3 asentado en acta que al levantarse los ediles, el qu\u00f3rum qued\u00f3 sin efecto.","robots":{"index":"index","follow":"follow","max-snippet":"max-snippet:-1","max-image-preview":"max-image-preview:large","max-video-preview":"max-video-preview:-1"},"canonical":"https:\/\/nahuelproducciones.com.ar\/radioquijano\/polemica-por-intento-de-aprobar-la-cuenta-general-2024-sin-quorum-valido\/","og_locale":"es_ES","og_type":"article","og_title":"Pol\u00e9mica por intento de aprobar la Cuenta General 2024 sin qu\u00f3rum v\u00e1lido - RQ 99.9","og_description":"La concejal Torres transmiti\u00f3 en vivo lo ocurrido y dej\u00f3 asentado en acta que al levantarse los ediles, el qu\u00f3rum qued\u00f3 sin efecto.","og_url":"https:\/\/nahuelproducciones.com.ar\/radioquijano\/polemica-por-intento-de-aprobar-la-cuenta-general-2024-sin-quorum-valido\/","og_site_name":"RQ 99.9","article_publisher":"https:\/\/www.facebook.com\/nahuelproducciones999\/","article_published_time":"2025-08-21T16:54:32+00:00","article_modified_time":"2025-08-22T01:08:00+00:00","og_image":[{"width":700,"height":1182,"url":"https:\/\/nahuelproducciones.com.ar\/radioquijano\/wp-content\/uploads\/2025\/08\/WhatsApp-Image-2025-08-21-at-1.42.33-PM-1-e1755795204428.jpeg","type":"image\/jpeg"}],"author":"Cecilia Pastrana","twitter_card":"summary_large_image","twitter_creator":"@nahuproduciones","twitter_site":"@nahuproduciones","twitter_misc":{"Escrito por":"Cecilia Pastrana","Tiempo de lectura":"2 minutos"},"schema":{"@context":"https:\/\/schema.org","@graph":[{"@type":"WebPage","@id":"https:\/\/nahuelproducciones.com.ar\/radioquijano\/polemica-por-intento-de-aprobar-la-cuenta-general-2024-sin-quorum-valido\/","url":"https:\/\/nahuelproducciones.com.ar\/radioquijano\/polemica-por-intento-de-aprobar-la-cuenta-general-2024-sin-quorum-valido\/","name":"Pol\u00e9mica por intento de aprobar la Cuenta General 2024 sin qu\u00f3rum v\u00e1lido - RQ 99.9","isPartOf":{"@id":"https:\/\/nahuelproducciones.com.ar\/radioquijano\/#website"},"datePublished":"2025-08-21T16:54:32+00:00","dateModified":"2025-08-22T01:08:00+00:00","author":{"@id":"https:\/\/nahuelproducciones.com.ar\/radioquijano\/#\/schema\/person\/e8a4f939e2cb487fe6d0c54042c9d32c"},"description":"La concejal Torres transmiti\u00f3 en vivo lo ocurrido y dej\u00f3 asentado en acta que al levantarse los ediles, el qu\u00f3rum qued\u00f3 sin efecto.","breadcrumb":{"@id":"https:\/\/nahuelproducciones.com.ar\/radioquijano\/polemica-por-intento-de-aprobar-la-cuenta-general-2024-sin-quorum-valido\/#breadcrumb"},"inLanguage":"es","potentialAction":[{"@type":"ReadAction","target":["https:\/\/nahuelproducciones.com.ar\/radioquijano\/polemica-por-intento-de-aprobar-la-cuenta-general-2024-sin-quorum-valido\/"]}]},{"@type":"BreadcrumbList","@id":"https:\/\/nahuelproducciones.com.ar\/radioquijano\/polemica-por-intento-de-aprobar-la-cuenta-general-2024-sin-quorum-valido\/#breadcrumb","itemListElement":[{"@type":"ListItem","position":1,"name":"Portada","item":"https:\/\/nahuelproducciones.com.ar\/radioquijano\/"},{"@type":"ListItem","position":2,"name":"Pol\u00e9mica por intento de aprobar la Cuenta General 2024 sin qu\u00f3rum v\u00e1lido"}]},{"@type":"WebSite","@id":"https:\/\/nahuelproducciones.com.ar\/radioquijano\/#website","url":"https:\/\/nahuelproducciones.com.ar\/radioquijano\/","name":"RQ 99.9","description":"Radio Quijano 99.9 MHz","potentialAction":[{"@type":"SearchAction","target":{"@type":"EntryPoint","urlTemplate":"https:\/\/nahuelproducciones.com.ar\/radioquijano\/?s={search_term_string}"},"query-input":"required name=search_term_string"}],"inLanguage":"es"},{"@type":"Person","@id":"https:\/\/nahuelproducciones.com.ar\/radioquijano\/#\/schema\/person\/e8a4f939e2cb487fe6d0c54042c9d32c","name":"Cecilia Pastrana","image":{"@type":"ImageObject","inLanguage":"es","@id":"https:\/\/nahuelproducciones.com.ar\/radioquijano\/#\/schema\/person\/image\/","url":"https:\/\/secure.gravatar.com\/avatar\/661a3ef63a8488d4f2794ed44af8cf71420f7e106f3072c40125114df5157749?s=96&d=mm&r=g","contentUrl":"https:\/\/secure.gravatar.com\/avatar\/661a3ef63a8488d4f2794ed44af8cf71420f7e106f3072c40125114df5157749?s=96&d=mm&r=g","caption":"Cecilia Pastrana"},"sameAs":["cecy"],"url":"https:\/\/nahuelproducciones.com.ar\/radioquijano\/author\/cecy\/"}]}},"_links":{"self":[{"href":"https:\/\/nahuelproducciones.com.ar\/radioquijano\/wp-json\/wp\/v2\/posts\/10974","targetHints":{"allow":["GET"]}}],"collection":[{"href":"https:\/\/nahuelproducciones.com.ar\/radioquijano\/wp-json\/wp\/v2\/posts"}],"about":[{"href":"https:\/\/nahuelproducciones.com.ar\/radioquijano\/wp-json\/wp\/v2\/types\/post"}],"author":[{"embeddable":true,"href":"https:\/\/nahuelproducciones.com.ar\/radioquijano\/wp-json\/wp\/v2\/users\/8"}],"replies":[{"embeddable":true,"href":"https:\/\/nahuelproducciones.com.ar\/radioquijano\/wp-json\/wp\/v2\/comments?post=10974"}],"version-history":[{"count":3,"href":"https:\/\/nahuelproducciones.com.ar\/radioquijano\/wp-json\/wp\/v2\/posts\/10974\/revisions"}],"predecessor-version":[{"id":10983,"href":"https:\/\/nahuelproducciones.com.ar\/radioquijano\/wp-json\/wp\/v2\/posts\/10974\/revisions\/10983"}],"wp:attachment":[{"href":"https:\/\/nahuelproducciones.com.ar\/radioquijano\/wp-json\/wp\/v2\/media?parent=10974"}],"wp:term":[{"taxonomy":"category","embeddable":true,"href":"https:\/\/nahuelproducciones.com.ar\/radioquijano\/wp-json\/wp\/v2\/categories?post=10974"},{"taxonomy":"post_tag","embeddable":true,"href":"https:\/\/nahuelproducciones.com.ar\/radioquijano\/wp-json\/wp\/v2\/tags?post=10974"}],"curies":[{"name":"wp","href":"https:\/\/api.w.org\/{rel}","templated":true}]}}