{"id":10996,"date":"2025-08-26T01:08:43","date_gmt":"2025-08-26T04:08:43","guid":{"rendered":"https:\/\/nahuelproducciones.com.ar\/radioquijano\/?p=10996"},"modified":"2025-08-26T01:19:34","modified_gmt":"2025-08-26T04:19:34","slug":"el-expediente-n170-2025-vuelve-al-orden-del-dia-del-concejo-por-tercera-vez-y-genera-polemica","status":"publish","type":"post","link":"https:\/\/nahuelproducciones.com.ar\/radioquijano\/el-expediente-n170-2025-vuelve-al-orden-del-dia-del-concejo-por-tercera-vez-y-genera-polemica\/","title":{"rendered":"El expediente N\u00b0170\/2025 vuelve al Orden del D\u00eda del Concejo por tercera vez y genera pol\u00e9mica"},"content":{"rendered":"\n<p>El intendente Lino Yonar envi\u00f3 la rectificaci\u00f3n sobre gastos del Concejo Deliberante mediante el expediente N\u00b0170\/2025, ingresado el 14 de agosto. Pese a que ya tom\u00f3 estado parlamentario en comisi\u00f3n y en la sesi\u00f3n ordinaria N\u00b022, la presidente Mirta Copa y la secretaria parlamentaria Vilma Sang\u00fceso lo incluyeron nuevamente en el Orden del D\u00eda de la sesi\u00f3n N\u00b023. Crecen las cr\u00edticas porque el Ejecutivo no present\u00f3 documentaci\u00f3n respaldatoria ni se aprobaron pedidos de informes.<\/p>\n\n\n\n<p>El <strong>Expediente N\u00b0170\/2025<\/strong>, ingresado al Concejo Deliberante de Campo Quijano el <strong>14 de agosto de 2025<\/strong> por el intendente municipal, Ing. <strong>Lino Yonar<\/strong>, eleva una <strong>rectificaci\u00f3n en relaci\u00f3n a gastos del Concejo Deliberante<\/strong>.<\/p>\n\n\n\n<p>El documento ya hab\u00eda tomado estado parlamentario en dos instancias:<\/p>\n\n\n\n<ul class=\"wp-block-list\">\n<li>Primero en <strong>trabajo de comisi\u00f3n<\/strong>, donde fue votado para su incorporaci\u00f3n.<\/li>\n\n\n\n<li>Luego en la <strong>sesi\u00f3n ordinaria N\u00b022<\/strong>, donde el tratamiento pas\u00f3 a cuarto intermedio y finalmente se cay\u00f3 por falta de qu\u00f3rum, quedando en comisi\u00f3n <strong>sin dictamen<\/strong>.<\/li>\n<\/ul>\n\n\n\n<p>Pese a ello, el expediente fue nuevamente incluido en el Orden del D\u00eda de la <strong>sesi\u00f3n N\u00b023<\/strong>, lo que marca la <strong>tercera vez que ingresa al temario<\/strong>. La medida fue impulsada por la presidente del Concejo, <strong>Mirta Copa<\/strong>, y la secretaria parlamentaria, <strong>Vilma Sang\u00fceso<\/strong>, lo que despierta cuestionamientos sobre su validez procedimental.<\/p>\n\n\n\n<p>A esto se suma un dato clave: el intendente Yonar <strong>no envi\u00f3 documentaci\u00f3n que permita corroborar, comparar o justificar los datos de la cuenta general del ejercicio 2024<\/strong>. Adem\u00e1s, el bloque oficialista <strong>rechaz\u00f3 los pedidos de informes<\/strong> que podr\u00edan haber brindado informaci\u00f3n complementaria.<\/p>\n\n\n\n<p>De acuerdo con el <strong>R\u00e9gimen de Municipalidades de la Provincia de Salta (Ley 8.126)<\/strong> y el <strong>Manual de T\u00e9cnica Legislativa argentino<\/strong>, un proyecto que ya tom\u00f3 estado parlamentario debe continuar su tr\u00e1mite normal \u2014en este caso, en comisi\u00f3n\u2014. <strong>Reincorporarlo como si fuera nuevo no resulta razonable ni ajustado a la t\u00e9cnica legislativa, ya que su tr\u00e1mite est\u00e1 en curso.<\/strong><\/p>\n\n\n\n<p>La maniobra es interpretada como una estrategia del oficialismo para <strong>apresurar la aprobaci\u00f3n del expediente<\/strong>, sin esperar la reuni\u00f3n de comisi\u00f3n prevista para el <strong>jueves 28 de agosto<\/strong> ni aportar la documentaci\u00f3n respaldatoria que corresponde.<\/p>\n\n\n\n<p>Volver a incluirlo en el Orden del D\u00eda es <strong>una jugada pol\u00edtica, no un procedimiento correcto<\/strong>.<\/p>\n\n\n<div class=\"wp-block-image\">\n<figure class=\"aligncenter size-full is-resized\"><img loading=\"lazy\" decoding=\"async\" width=\"720\" height=\"1017\" src=\"https:\/\/nahuelproducciones.com.ar\/radioquijano\/wp-content\/uploads\/2025\/08\/WhatsApp-Image-2025-08-26-at-12.41.06-AM.jpeg\" alt=\"\" class=\"wp-image-10999\" style=\"width:475px;height:auto\" srcset=\"https:\/\/nahuelproducciones.com.ar\/radioquijano\/wp-content\/uploads\/2025\/08\/WhatsApp-Image-2025-08-26-at-12.41.06-AM.jpeg 720w, https:\/\/nahuelproducciones.com.ar\/radioquijano\/wp-content\/uploads\/2025\/08\/WhatsApp-Image-2025-08-26-at-12.41.06-AM-212x300.jpeg 212w, https:\/\/nahuelproducciones.com.ar\/radioquijano\/wp-content\/uploads\/2025\/08\/WhatsApp-Image-2025-08-26-at-12.41.06-AM-150x212.jpeg 150w\" sizes=\"auto, (max-width: 720px) 100vw, 720px\" \/><\/figure><\/div>\n\n<div class=\"wp-block-image\">\n<figure class=\"aligncenter size-large is-resized\"><img loading=\"lazy\" decoding=\"async\" width=\"595\" height=\"1024\" src=\"https:\/\/nahuelproducciones.com.ar\/radioquijano\/wp-content\/uploads\/2025\/08\/WhatsApp-Image-2025-08-26-at-12.41.20-AM-595x1024.jpeg\" alt=\"\" class=\"wp-image-11000\" style=\"width:479px;height:auto\"\/><\/figure><\/div>\n\n\n<p><\/p>\n","protected":false},"excerpt":{"rendered":"<p>El intendente Lino Yonar envi\u00f3 la rectificaci\u00f3n sobre gastos del Concejo Deliberante mediante el expediente N\u00b0170\/2025, ingresado el 14 de agosto. Pese a que ya tom\u00f3 estado parlamentario en comisi\u00f3n y en la sesi\u00f3n ordinaria N\u00b022, la presidente Mirta Copa y la secretaria parlamentaria Vilma Sang\u00fceso lo incluyeron nuevamente en el Orden del D\u00eda de [&hellip;]<\/p>\n","protected":false},"author":8,"featured_media":11001,"comment_status":"open","ping_status":"open","sticky":false,"template":"","format":"standard","meta":{"_monsterinsights_skip_tracking":false,"_monsterinsights_sitenote_active":false,"_monsterinsights_sitenote_note":"","_monsterinsights_sitenote_category":0,"footnotes":""},"categories":[16],"tags":[75,1845,100],"class_list":["post-10996","post","type-post","status-publish","format-standard","has-post-thumbnail","hentry","category-noticias","tag-concejo-deliberante-de-campo-quijano","tag-cuenta-general-del-ejercicio","tag-municipio-de-campo-quijano"],"yoast_head":"<!-- This site is optimized with the Yoast SEO plugin v20.8 - https:\/\/yoast.com\/wordpress\/plugins\/seo\/ -->\n<title>El expediente N\u00b0170\/2025 vuelve al Orden del D\u00eda del Concejo por tercera vez y genera pol\u00e9mica - RQ 99.9<\/title>\n<meta name=\"description\" content=\"La maniobra es interpretada como una estrategia del oficialismo para apresurar la aprobaci\u00f3n del expediente, sin esperar la reuni\u00f3n de comisi\u00f3n prevista para el jueves 28 de agosto ni aportar la documentaci\u00f3n respaldatoria que corresponde.\" \/>\n<meta name=\"robots\" content=\"index, follow, max-snippet:-1, max-image-preview:large, max-video-preview:-1\" \/>\n<link rel=\"canonical\" href=\"https:\/\/nahuelproducciones.com.ar\/radioquijano\/el-expediente-n170-2025-vuelve-al-orden-del-dia-del-concejo-por-tercera-vez-y-genera-polemica\/\" \/>\n<meta property=\"og:locale\" content=\"es_ES\" \/>\n<meta property=\"og:type\" content=\"article\" \/>\n<meta property=\"og:title\" content=\"El expediente N\u00b0170\/2025 vuelve al Orden del D\u00eda del Concejo por tercera vez y genera pol\u00e9mica - RQ 99.9\" \/>\n<meta property=\"og:description\" content=\"La maniobra es interpretada como una estrategia del oficialismo para apresurar la aprobaci\u00f3n del expediente, sin esperar la reuni\u00f3n de comisi\u00f3n prevista para el jueves 28 de agosto ni aportar la documentaci\u00f3n respaldatoria que corresponde.\" \/>\n<meta property=\"og:url\" content=\"https:\/\/nahuelproducciones.com.ar\/radioquijano\/el-expediente-n170-2025-vuelve-al-orden-del-dia-del-concejo-por-tercera-vez-y-genera-polemica\/\" \/>\n<meta property=\"og:site_name\" content=\"RQ 99.9\" \/>\n<meta property=\"article:publisher\" content=\"https:\/\/www.facebook.com\/nahuelproducciones999\/\" \/>\n<meta property=\"article:published_time\" content=\"2025-08-26T04:08:43+00:00\" \/>\n<meta property=\"article:modified_time\" content=\"2025-08-26T04:19:34+00:00\" \/>\n<meta property=\"og:image\" content=\"https:\/\/nahuelproducciones.com.ar\/radioquijano\/wp-content\/uploads\/2025\/08\/WhatsApp-Image-2025-08-26-at-12.46.21-AM.jpeg\" \/>\n\t<meta property=\"og:image:width\" content=\"700\" \/>\n\t<meta property=\"og:image:height\" content=\"321\" \/>\n\t<meta property=\"og:image:type\" content=\"image\/jpeg\" \/>\n<meta name=\"author\" content=\"Cecilia Pastrana\" \/>\n<meta name=\"twitter:card\" content=\"summary_large_image\" \/>\n<meta name=\"twitter:creator\" content=\"@nahuproduciones\" \/>\n<meta name=\"twitter:site\" content=\"@nahuproduciones\" \/>\n<meta name=\"twitter:label1\" content=\"Escrito por\" \/>\n\t<meta name=\"twitter:data1\" content=\"Cecilia Pastrana\" \/>\n\t<meta name=\"twitter:label2\" content=\"Tiempo de lectura\" \/>\n\t<meta name=\"twitter:data2\" content=\"3 minutos\" \/>\n<script type=\"application\/ld+json\" class=\"yoast-schema-graph\">{\"@context\":\"https:\/\/schema.org\",\"@graph\":[{\"@type\":\"WebPage\",\"@id\":\"https:\/\/nahuelproducciones.com.ar\/radioquijano\/el-expediente-n170-2025-vuelve-al-orden-del-dia-del-concejo-por-tercera-vez-y-genera-polemica\/\",\"url\":\"https:\/\/nahuelproducciones.com.ar\/radioquijano\/el-expediente-n170-2025-vuelve-al-orden-del-dia-del-concejo-por-tercera-vez-y-genera-polemica\/\",\"name\":\"El expediente N\u00b0170\/2025 vuelve al Orden del D\u00eda del Concejo por tercera vez y genera pol\u00e9mica - RQ 99.9\",\"isPartOf\":{\"@id\":\"https:\/\/nahuelproducciones.com.ar\/radioquijano\/#website\"},\"datePublished\":\"2025-08-26T04:08:43+00:00\",\"dateModified\":\"2025-08-26T04:19:34+00:00\",\"author\":{\"@id\":\"https:\/\/nahuelproducciones.com.ar\/radioquijano\/#\/schema\/person\/e8a4f939e2cb487fe6d0c54042c9d32c\"},\"description\":\"La maniobra es interpretada como una estrategia del oficialismo para apresurar la aprobaci\u00f3n del expediente, sin esperar la reuni\u00f3n de comisi\u00f3n prevista para el jueves 28 de agosto ni aportar la documentaci\u00f3n respaldatoria que corresponde.\",\"breadcrumb\":{\"@id\":\"https:\/\/nahuelproducciones.com.ar\/radioquijano\/el-expediente-n170-2025-vuelve-al-orden-del-dia-del-concejo-por-tercera-vez-y-genera-polemica\/#breadcrumb\"},\"inLanguage\":\"es\",\"potentialAction\":[{\"@type\":\"ReadAction\",\"target\":[\"https:\/\/nahuelproducciones.com.ar\/radioquijano\/el-expediente-n170-2025-vuelve-al-orden-del-dia-del-concejo-por-tercera-vez-y-genera-polemica\/\"]}]},{\"@type\":\"BreadcrumbList\",\"@id\":\"https:\/\/nahuelproducciones.com.ar\/radioquijano\/el-expediente-n170-2025-vuelve-al-orden-del-dia-del-concejo-por-tercera-vez-y-genera-polemica\/#breadcrumb\",\"itemListElement\":[{\"@type\":\"ListItem\",\"position\":1,\"name\":\"Portada\",\"item\":\"https:\/\/nahuelproducciones.com.ar\/radioquijano\/\"},{\"@type\":\"ListItem\",\"position\":2,\"name\":\"El expediente N\u00b0170\/2025 vuelve al Orden del D\u00eda del Concejo por tercera vez y genera pol\u00e9mica\"}]},{\"@type\":\"WebSite\",\"@id\":\"https:\/\/nahuelproducciones.com.ar\/radioquijano\/#website\",\"url\":\"https:\/\/nahuelproducciones.com.ar\/radioquijano\/\",\"name\":\"RQ 99.9\",\"description\":\"Radio Quijano 99.9 MHz\",\"potentialAction\":[{\"@type\":\"SearchAction\",\"target\":{\"@type\":\"EntryPoint\",\"urlTemplate\":\"https:\/\/nahuelproducciones.com.ar\/radioquijano\/?s={search_term_string}\"},\"query-input\":\"required name=search_term_string\"}],\"inLanguage\":\"es\"},{\"@type\":\"Person\",\"@id\":\"https:\/\/nahuelproducciones.com.ar\/radioquijano\/#\/schema\/person\/e8a4f939e2cb487fe6d0c54042c9d32c\",\"name\":\"Cecilia Pastrana\",\"image\":{\"@type\":\"ImageObject\",\"inLanguage\":\"es\",\"@id\":\"https:\/\/nahuelproducciones.com.ar\/radioquijano\/#\/schema\/person\/image\/\",\"url\":\"https:\/\/secure.gravatar.com\/avatar\/661a3ef63a8488d4f2794ed44af8cf71420f7e106f3072c40125114df5157749?s=96&d=mm&r=g\",\"contentUrl\":\"https:\/\/secure.gravatar.com\/avatar\/661a3ef63a8488d4f2794ed44af8cf71420f7e106f3072c40125114df5157749?s=96&d=mm&r=g\",\"caption\":\"Cecilia Pastrana\"},\"sameAs\":[\"cecy\"],\"url\":\"https:\/\/nahuelproducciones.com.ar\/radioquijano\/author\/cecy\/\"}]}<\/script>\n<!-- \/ Yoast SEO plugin. -->","yoast_head_json":{"title":"El expediente N\u00b0170\/2025 vuelve al Orden del D\u00eda del Concejo por tercera vez y genera pol\u00e9mica - RQ 99.9","description":"La maniobra es interpretada como una estrategia del oficialismo para apresurar la aprobaci\u00f3n del expediente, sin esperar la reuni\u00f3n de comisi\u00f3n prevista para el jueves 28 de agosto ni aportar la documentaci\u00f3n respaldatoria que corresponde.","robots":{"index":"index","follow":"follow","max-snippet":"max-snippet:-1","max-image-preview":"max-image-preview:large","max-video-preview":"max-video-preview:-1"},"canonical":"https:\/\/nahuelproducciones.com.ar\/radioquijano\/el-expediente-n170-2025-vuelve-al-orden-del-dia-del-concejo-por-tercera-vez-y-genera-polemica\/","og_locale":"es_ES","og_type":"article","og_title":"El expediente N\u00b0170\/2025 vuelve al Orden del D\u00eda del Concejo por tercera vez y genera pol\u00e9mica - RQ 99.9","og_description":"La maniobra es interpretada como una estrategia del oficialismo para apresurar la aprobaci\u00f3n del expediente, sin esperar la reuni\u00f3n de comisi\u00f3n prevista para el jueves 28 de agosto ni aportar la documentaci\u00f3n respaldatoria que corresponde.","og_url":"https:\/\/nahuelproducciones.com.ar\/radioquijano\/el-expediente-n170-2025-vuelve-al-orden-del-dia-del-concejo-por-tercera-vez-y-genera-polemica\/","og_site_name":"RQ 99.9","article_publisher":"https:\/\/www.facebook.com\/nahuelproducciones999\/","article_published_time":"2025-08-26T04:08:43+00:00","article_modified_time":"2025-08-26T04:19:34+00:00","og_image":[{"width":700,"height":321,"url":"https:\/\/nahuelproducciones.com.ar\/radioquijano\/wp-content\/uploads\/2025\/08\/WhatsApp-Image-2025-08-26-at-12.46.21-AM.jpeg","type":"image\/jpeg"}],"author":"Cecilia Pastrana","twitter_card":"summary_large_image","twitter_creator":"@nahuproduciones","twitter_site":"@nahuproduciones","twitter_misc":{"Escrito por":"Cecilia Pastrana","Tiempo de lectura":"3 minutos"},"schema":{"@context":"https:\/\/schema.org","@graph":[{"@type":"WebPage","@id":"https:\/\/nahuelproducciones.com.ar\/radioquijano\/el-expediente-n170-2025-vuelve-al-orden-del-dia-del-concejo-por-tercera-vez-y-genera-polemica\/","url":"https:\/\/nahuelproducciones.com.ar\/radioquijano\/el-expediente-n170-2025-vuelve-al-orden-del-dia-del-concejo-por-tercera-vez-y-genera-polemica\/","name":"El expediente N\u00b0170\/2025 vuelve al Orden del D\u00eda del Concejo por tercera vez y genera pol\u00e9mica - RQ 99.9","isPartOf":{"@id":"https:\/\/nahuelproducciones.com.ar\/radioquijano\/#website"},"datePublished":"2025-08-26T04:08:43+00:00","dateModified":"2025-08-26T04:19:34+00:00","author":{"@id":"https:\/\/nahuelproducciones.com.ar\/radioquijano\/#\/schema\/person\/e8a4f939e2cb487fe6d0c54042c9d32c"},"description":"La maniobra es interpretada como una estrategia del oficialismo para apresurar la aprobaci\u00f3n del expediente, sin esperar la reuni\u00f3n de comisi\u00f3n prevista para el jueves 28 de agosto ni aportar la documentaci\u00f3n respaldatoria que corresponde.","breadcrumb":{"@id":"https:\/\/nahuelproducciones.com.ar\/radioquijano\/el-expediente-n170-2025-vuelve-al-orden-del-dia-del-concejo-por-tercera-vez-y-genera-polemica\/#breadcrumb"},"inLanguage":"es","potentialAction":[{"@type":"ReadAction","target":["https:\/\/nahuelproducciones.com.ar\/radioquijano\/el-expediente-n170-2025-vuelve-al-orden-del-dia-del-concejo-por-tercera-vez-y-genera-polemica\/"]}]},{"@type":"BreadcrumbList","@id":"https:\/\/nahuelproducciones.com.ar\/radioquijano\/el-expediente-n170-2025-vuelve-al-orden-del-dia-del-concejo-por-tercera-vez-y-genera-polemica\/#breadcrumb","itemListElement":[{"@type":"ListItem","position":1,"name":"Portada","item":"https:\/\/nahuelproducciones.com.ar\/radioquijano\/"},{"@type":"ListItem","position":2,"name":"El expediente N\u00b0170\/2025 vuelve al Orden del D\u00eda del Concejo por tercera vez y genera pol\u00e9mica"}]},{"@type":"WebSite","@id":"https:\/\/nahuelproducciones.com.ar\/radioquijano\/#website","url":"https:\/\/nahuelproducciones.com.ar\/radioquijano\/","name":"RQ 99.9","description":"Radio Quijano 99.9 MHz","potentialAction":[{"@type":"SearchAction","target":{"@type":"EntryPoint","urlTemplate":"https:\/\/nahuelproducciones.com.ar\/radioquijano\/?s={search_term_string}"},"query-input":"required name=search_term_string"}],"inLanguage":"es"},{"@type":"Person","@id":"https:\/\/nahuelproducciones.com.ar\/radioquijano\/#\/schema\/person\/e8a4f939e2cb487fe6d0c54042c9d32c","name":"Cecilia Pastrana","image":{"@type":"ImageObject","inLanguage":"es","@id":"https:\/\/nahuelproducciones.com.ar\/radioquijano\/#\/schema\/person\/image\/","url":"https:\/\/secure.gravatar.com\/avatar\/661a3ef63a8488d4f2794ed44af8cf71420f7e106f3072c40125114df5157749?s=96&d=mm&r=g","contentUrl":"https:\/\/secure.gravatar.com\/avatar\/661a3ef63a8488d4f2794ed44af8cf71420f7e106f3072c40125114df5157749?s=96&d=mm&r=g","caption":"Cecilia Pastrana"},"sameAs":["cecy"],"url":"https:\/\/nahuelproducciones.com.ar\/radioquijano\/author\/cecy\/"}]}},"_links":{"self":[{"href":"https:\/\/nahuelproducciones.com.ar\/radioquijano\/wp-json\/wp\/v2\/posts\/10996","targetHints":{"allow":["GET"]}}],"collection":[{"href":"https:\/\/nahuelproducciones.com.ar\/radioquijano\/wp-json\/wp\/v2\/posts"}],"about":[{"href":"https:\/\/nahuelproducciones.com.ar\/radioquijano\/wp-json\/wp\/v2\/types\/post"}],"author":[{"embeddable":true,"href":"https:\/\/nahuelproducciones.com.ar\/radioquijano\/wp-json\/wp\/v2\/users\/8"}],"replies":[{"embeddable":true,"href":"https:\/\/nahuelproducciones.com.ar\/radioquijano\/wp-json\/wp\/v2\/comments?post=10996"}],"version-history":[{"count":5,"href":"https:\/\/nahuelproducciones.com.ar\/radioquijano\/wp-json\/wp\/v2\/posts\/10996\/revisions"}],"predecessor-version":[{"id":11007,"href":"https:\/\/nahuelproducciones.com.ar\/radioquijano\/wp-json\/wp\/v2\/posts\/10996\/revisions\/11007"}],"wp:featuredmedia":[{"embeddable":true,"href":"https:\/\/nahuelproducciones.com.ar\/radioquijano\/wp-json\/wp\/v2\/media\/11001"}],"wp:attachment":[{"href":"https:\/\/nahuelproducciones.com.ar\/radioquijano\/wp-json\/wp\/v2\/media?parent=10996"}],"wp:term":[{"taxonomy":"category","embeddable":true,"href":"https:\/\/nahuelproducciones.com.ar\/radioquijano\/wp-json\/wp\/v2\/categories?post=10996"},{"taxonomy":"post_tag","embeddable":true,"href":"https:\/\/nahuelproducciones.com.ar\/radioquijano\/wp-json\/wp\/v2\/tags?post=10996"}],"curies":[{"name":"wp","href":"https:\/\/api.w.org\/{rel}","templated":true}]}}