{"id":11035,"date":"2025-08-30T14:41:03","date_gmt":"2025-08-30T17:41:03","guid":{"rendered":"https:\/\/nahuelproducciones.com.ar\/radioquijano\/?p=11035"},"modified":"2025-09-01T01:33:55","modified_gmt":"2025-09-01T04:33:55","slug":"editorial-el-derecho-a-saber-no-se-negocia","status":"publish","type":"post","link":"https:\/\/nahuelproducciones.com.ar\/radioquijano\/editorial-el-derecho-a-saber-no-se-negocia\/","title":{"rendered":"Editorial: El derecho a saber no se negocia"},"content":{"rendered":"\n<p>En Campo Quijano, los vecinos tienen derecho a estar informados. No es un favor que concede un funcionario ni un privilegio reservado para algunos medios. Es un derecho consagrado en la Constituci\u00f3n Nacional, en la Constituci\u00f3n de Salta y en tratados internacionales que obligan a todas las autoridades: <strong>el acceso a la informaci\u00f3n p\u00fablica es un derecho humano b\u00e1sico<\/strong>.<\/p>\n\n\n\n<p>Sin embargo, la intendencia encabezada por Lino Yonar ha decidido imponer el silencio como pol\u00edtica de comunicaci\u00f3n. El director de prensa, Guillermo Arag\u00f3n \u2013conocido en redes sociales como \u201cYocasto\u201d\u2013 se ha erigido en un filtro que decide qu\u00e9 funcionario puede hablar y qu\u00e9 respuesta se puede dar. De esta manera, se les ordena a los responsables del municipio callar a menos que tengan su autorizaci\u00f3n.<\/p>\n\n\n\n<p>Esto no es un detalle menor: es un acto de censura que vulnera el derecho de los vecinos a estar informados. La informaci\u00f3n p\u00fablica no pertenece a un intendente, a un director de prensa ni a ning\u00fan funcionario. La informaci\u00f3n le pertenece al pueblo, porque es el pueblo quien paga los sueldos, las obras y los servicios.<\/p>\n\n\n\n<p>La transparencia no se declama en discursos ni en redes sociales: la transparencia se demuestra en los hechos, respondiendo preguntas, rindiendo cuentas y permitiendo que los medios de comunicaci\u00f3n cumplan su rol de control. Una gesti\u00f3n que se niega a informar, que condiciona las respuestas o que esconde datos, no es una gesti\u00f3n transparente.<\/p>\n\n\n\n<p>En democracia, el silencio no es opci\u00f3n. Los funcionarios est\u00e1n obligados a responder y los periodistas a preguntar. Negarse a este di\u00e1logo b\u00e1sico es negar la esencia misma de la rep\u00fablica.<\/p>\n\n\n\n<p>Por eso, desde nuestro medio denunciamos este atropello a la libertad de prensa y al derecho ciudadano de acceso a la informaci\u00f3n. Seguiremos preguntando, seguiremos exigiendo respuestas, seguiremos informando. Porque el derecho a saber no se negocia.<\/p>\n\n\n\n<p>Y a los vecinos de Campo Quijano les decimos con claridad: hoy se nos niega respuesta a los medios, ma\u00f1ana se les negar\u00e1 respuesta a ustedes. Defender el derecho a estar informados no es solo tarea del periodismo, es un compromiso de toda la comunidad.<\/p>\n\n\n\n<p><\/p>\n","protected":false},"excerpt":{"rendered":"<p>En Campo Quijano, los vecinos tienen derecho a estar informados. No es un favor que concede un funcionario ni un privilegio reservado para algunos medios. Es un derecho consagrado en la Constituci\u00f3n Nacional, en la Constituci\u00f3n de Salta y en tratados internacionales que obligan a todas las autoridades: el acceso a la informaci\u00f3n p\u00fablica es [&hellip;]<\/p>\n","protected":false},"author":6,"featured_media":11041,"comment_status":"open","ping_status":"open","sticky":false,"template":"","format":"standard","meta":{"_monsterinsights_skip_tracking":false,"_monsterinsights_sitenote_active":false,"_monsterinsights_sitenote_note":"","_monsterinsights_sitenote_category":0,"footnotes":""},"categories":[16],"tags":[],"class_list":["post-11035","post","type-post","status-publish","format-standard","has-post-thumbnail","hentry","category-noticias"],"yoast_head":"<!-- This site is optimized with the Yoast SEO plugin v20.8 - https:\/\/yoast.com\/wordpress\/plugins\/seo\/ -->\n<title>Editorial: El derecho a saber no se negocia - RQ 99.9<\/title>\n<meta name=\"robots\" content=\"index, follow, max-snippet:-1, max-image-preview:large, max-video-preview:-1\" \/>\n<link rel=\"canonical\" href=\"https:\/\/nahuelproducciones.com.ar\/radioquijano\/editorial-el-derecho-a-saber-no-se-negocia\/\" \/>\n<meta property=\"og:locale\" content=\"es_ES\" \/>\n<meta property=\"og:type\" content=\"article\" \/>\n<meta property=\"og:title\" content=\"Editorial: El derecho a saber no se negocia - RQ 99.9\" \/>\n<meta property=\"og:description\" content=\"En Campo Quijano, los vecinos tienen derecho a estar informados. No es un favor que concede un funcionario ni un privilegio reservado para algunos medios. Es un derecho consagrado en la Constituci\u00f3n Nacional, en la Constituci\u00f3n de Salta y en tratados internacionales que obligan a todas las autoridades: el acceso a la informaci\u00f3n p\u00fablica es [&hellip;]\" \/>\n<meta property=\"og:url\" content=\"https:\/\/nahuelproducciones.com.ar\/radioquijano\/editorial-el-derecho-a-saber-no-se-negocia\/\" \/>\n<meta property=\"og:site_name\" content=\"RQ 99.9\" \/>\n<meta property=\"article:publisher\" content=\"https:\/\/www.facebook.com\/nahuelproducciones999\/\" \/>\n<meta property=\"article:published_time\" content=\"2025-08-30T17:41:03+00:00\" \/>\n<meta property=\"article:modified_time\" content=\"2025-09-01T04:33:55+00:00\" \/>\n<meta property=\"og:image\" content=\"https:\/\/nahuelproducciones.com.ar\/radioquijano\/wp-content\/uploads\/2025\/08\/EDITORIAL-EL-DERECHO-A-SABER.jpg\" \/>\n\t<meta property=\"og:image:width\" content=\"1080\" \/>\n\t<meta property=\"og:image:height\" content=\"1080\" \/>\n\t<meta property=\"og:image:type\" content=\"image\/jpeg\" \/>\n<meta name=\"author\" content=\"Ricardo Guzman\" \/>\n<meta name=\"twitter:card\" content=\"summary_large_image\" \/>\n<meta name=\"twitter:creator\" content=\"@nahuproduciones\" \/>\n<meta name=\"twitter:site\" content=\"@nahuproduciones\" \/>\n<meta name=\"twitter:label1\" content=\"Escrito por\" \/>\n\t<meta name=\"twitter:data1\" content=\"Ricardo Guzman\" \/>\n\t<meta name=\"twitter:label2\" content=\"Tiempo de lectura\" \/>\n\t<meta name=\"twitter:data2\" content=\"2 minutos\" \/>\n<script type=\"application\/ld+json\" class=\"yoast-schema-graph\">{\"@context\":\"https:\/\/schema.org\",\"@graph\":[{\"@type\":\"WebPage\",\"@id\":\"https:\/\/nahuelproducciones.com.ar\/radioquijano\/editorial-el-derecho-a-saber-no-se-negocia\/\",\"url\":\"https:\/\/nahuelproducciones.com.ar\/radioquijano\/editorial-el-derecho-a-saber-no-se-negocia\/\",\"name\":\"Editorial: El derecho a saber no se negocia - RQ 99.9\",\"isPartOf\":{\"@id\":\"https:\/\/nahuelproducciones.com.ar\/radioquijano\/#website\"},\"datePublished\":\"2025-08-30T17:41:03+00:00\",\"dateModified\":\"2025-09-01T04:33:55+00:00\",\"author\":{\"@id\":\"https:\/\/nahuelproducciones.com.ar\/radioquijano\/#\/schema\/person\/b9b81a110cbdf07949e2cd02d478ab9d\"},\"breadcrumb\":{\"@id\":\"https:\/\/nahuelproducciones.com.ar\/radioquijano\/editorial-el-derecho-a-saber-no-se-negocia\/#breadcrumb\"},\"inLanguage\":\"es\",\"potentialAction\":[{\"@type\":\"ReadAction\",\"target\":[\"https:\/\/nahuelproducciones.com.ar\/radioquijano\/editorial-el-derecho-a-saber-no-se-negocia\/\"]}]},{\"@type\":\"BreadcrumbList\",\"@id\":\"https:\/\/nahuelproducciones.com.ar\/radioquijano\/editorial-el-derecho-a-saber-no-se-negocia\/#breadcrumb\",\"itemListElement\":[{\"@type\":\"ListItem\",\"position\":1,\"name\":\"Portada\",\"item\":\"https:\/\/nahuelproducciones.com.ar\/radioquijano\/\"},{\"@type\":\"ListItem\",\"position\":2,\"name\":\"Editorial: El derecho a saber no se negocia\"}]},{\"@type\":\"WebSite\",\"@id\":\"https:\/\/nahuelproducciones.com.ar\/radioquijano\/#website\",\"url\":\"https:\/\/nahuelproducciones.com.ar\/radioquijano\/\",\"name\":\"RQ 99.9\",\"description\":\"Radio Quijano 99.9 MHz\",\"potentialAction\":[{\"@type\":\"SearchAction\",\"target\":{\"@type\":\"EntryPoint\",\"urlTemplate\":\"https:\/\/nahuelproducciones.com.ar\/radioquijano\/?s={search_term_string}\"},\"query-input\":\"required name=search_term_string\"}],\"inLanguage\":\"es\"},{\"@type\":\"Person\",\"@id\":\"https:\/\/nahuelproducciones.com.ar\/radioquijano\/#\/schema\/person\/b9b81a110cbdf07949e2cd02d478ab9d\",\"name\":\"Ricardo Guzman\",\"image\":{\"@type\":\"ImageObject\",\"inLanguage\":\"es\",\"@id\":\"https:\/\/nahuelproducciones.com.ar\/radioquijano\/#\/schema\/person\/image\/\",\"url\":\"https:\/\/secure.gravatar.com\/avatar\/a5d582deda251f95dc882b72fc6e7b4854f88bb25c3154519210afffa7d706e8?s=96&d=mm&r=g\",\"contentUrl\":\"https:\/\/secure.gravatar.com\/avatar\/a5d582deda251f95dc882b72fc6e7b4854f88bb25c3154519210afffa7d706e8?s=96&d=mm&r=g\",\"caption\":\"Ricardo Guzman\"},\"url\":\"https:\/\/nahuelproducciones.com.ar\/radioquijano\/author\/cady\/\"}]}<\/script>\n<!-- \/ Yoast SEO plugin. -->","yoast_head_json":{"title":"Editorial: El derecho a saber no se negocia - RQ 99.9","robots":{"index":"index","follow":"follow","max-snippet":"max-snippet:-1","max-image-preview":"max-image-preview:large","max-video-preview":"max-video-preview:-1"},"canonical":"https:\/\/nahuelproducciones.com.ar\/radioquijano\/editorial-el-derecho-a-saber-no-se-negocia\/","og_locale":"es_ES","og_type":"article","og_title":"Editorial: El derecho a saber no se negocia - RQ 99.9","og_description":"En Campo Quijano, los vecinos tienen derecho a estar informados. No es un favor que concede un funcionario ni un privilegio reservado para algunos medios. Es un derecho consagrado en la Constituci\u00f3n Nacional, en la Constituci\u00f3n de Salta y en tratados internacionales que obligan a todas las autoridades: el acceso a la informaci\u00f3n p\u00fablica es [&hellip;]","og_url":"https:\/\/nahuelproducciones.com.ar\/radioquijano\/editorial-el-derecho-a-saber-no-se-negocia\/","og_site_name":"RQ 99.9","article_publisher":"https:\/\/www.facebook.com\/nahuelproducciones999\/","article_published_time":"2025-08-30T17:41:03+00:00","article_modified_time":"2025-09-01T04:33:55+00:00","og_image":[{"width":1080,"height":1080,"url":"https:\/\/nahuelproducciones.com.ar\/radioquijano\/wp-content\/uploads\/2025\/08\/EDITORIAL-EL-DERECHO-A-SABER.jpg","type":"image\/jpeg"}],"author":"Ricardo Guzman","twitter_card":"summary_large_image","twitter_creator":"@nahuproduciones","twitter_site":"@nahuproduciones","twitter_misc":{"Escrito por":"Ricardo Guzman","Tiempo de lectura":"2 minutos"},"schema":{"@context":"https:\/\/schema.org","@graph":[{"@type":"WebPage","@id":"https:\/\/nahuelproducciones.com.ar\/radioquijano\/editorial-el-derecho-a-saber-no-se-negocia\/","url":"https:\/\/nahuelproducciones.com.ar\/radioquijano\/editorial-el-derecho-a-saber-no-se-negocia\/","name":"Editorial: El derecho a saber no se negocia - RQ 99.9","isPartOf":{"@id":"https:\/\/nahuelproducciones.com.ar\/radioquijano\/#website"},"datePublished":"2025-08-30T17:41:03+00:00","dateModified":"2025-09-01T04:33:55+00:00","author":{"@id":"https:\/\/nahuelproducciones.com.ar\/radioquijano\/#\/schema\/person\/b9b81a110cbdf07949e2cd02d478ab9d"},"breadcrumb":{"@id":"https:\/\/nahuelproducciones.com.ar\/radioquijano\/editorial-el-derecho-a-saber-no-se-negocia\/#breadcrumb"},"inLanguage":"es","potentialAction":[{"@type":"ReadAction","target":["https:\/\/nahuelproducciones.com.ar\/radioquijano\/editorial-el-derecho-a-saber-no-se-negocia\/"]}]},{"@type":"BreadcrumbList","@id":"https:\/\/nahuelproducciones.com.ar\/radioquijano\/editorial-el-derecho-a-saber-no-se-negocia\/#breadcrumb","itemListElement":[{"@type":"ListItem","position":1,"name":"Portada","item":"https:\/\/nahuelproducciones.com.ar\/radioquijano\/"},{"@type":"ListItem","position":2,"name":"Editorial: El derecho a saber no se negocia"}]},{"@type":"WebSite","@id":"https:\/\/nahuelproducciones.com.ar\/radioquijano\/#website","url":"https:\/\/nahuelproducciones.com.ar\/radioquijano\/","name":"RQ 99.9","description":"Radio Quijano 99.9 MHz","potentialAction":[{"@type":"SearchAction","target":{"@type":"EntryPoint","urlTemplate":"https:\/\/nahuelproducciones.com.ar\/radioquijano\/?s={search_term_string}"},"query-input":"required name=search_term_string"}],"inLanguage":"es"},{"@type":"Person","@id":"https:\/\/nahuelproducciones.com.ar\/radioquijano\/#\/schema\/person\/b9b81a110cbdf07949e2cd02d478ab9d","name":"Ricardo Guzman","image":{"@type":"ImageObject","inLanguage":"es","@id":"https:\/\/nahuelproducciones.com.ar\/radioquijano\/#\/schema\/person\/image\/","url":"https:\/\/secure.gravatar.com\/avatar\/a5d582deda251f95dc882b72fc6e7b4854f88bb25c3154519210afffa7d706e8?s=96&d=mm&r=g","contentUrl":"https:\/\/secure.gravatar.com\/avatar\/a5d582deda251f95dc882b72fc6e7b4854f88bb25c3154519210afffa7d706e8?s=96&d=mm&r=g","caption":"Ricardo Guzman"},"url":"https:\/\/nahuelproducciones.com.ar\/radioquijano\/author\/cady\/"}]}},"_links":{"self":[{"href":"https:\/\/nahuelproducciones.com.ar\/radioquijano\/wp-json\/wp\/v2\/posts\/11035","targetHints":{"allow":["GET"]}}],"collection":[{"href":"https:\/\/nahuelproducciones.com.ar\/radioquijano\/wp-json\/wp\/v2\/posts"}],"about":[{"href":"https:\/\/nahuelproducciones.com.ar\/radioquijano\/wp-json\/wp\/v2\/types\/post"}],"author":[{"embeddable":true,"href":"https:\/\/nahuelproducciones.com.ar\/radioquijano\/wp-json\/wp\/v2\/users\/6"}],"replies":[{"embeddable":true,"href":"https:\/\/nahuelproducciones.com.ar\/radioquijano\/wp-json\/wp\/v2\/comments?post=11035"}],"version-history":[{"count":1,"href":"https:\/\/nahuelproducciones.com.ar\/radioquijano\/wp-json\/wp\/v2\/posts\/11035\/revisions"}],"predecessor-version":[{"id":11036,"href":"https:\/\/nahuelproducciones.com.ar\/radioquijano\/wp-json\/wp\/v2\/posts\/11035\/revisions\/11036"}],"wp:featuredmedia":[{"embeddable":true,"href":"https:\/\/nahuelproducciones.com.ar\/radioquijano\/wp-json\/wp\/v2\/media\/11041"}],"wp:attachment":[{"href":"https:\/\/nahuelproducciones.com.ar\/radioquijano\/wp-json\/wp\/v2\/media?parent=11035"}],"wp:term":[{"taxonomy":"category","embeddable":true,"href":"https:\/\/nahuelproducciones.com.ar\/radioquijano\/wp-json\/wp\/v2\/categories?post=11035"},{"taxonomy":"post_tag","embeddable":true,"href":"https:\/\/nahuelproducciones.com.ar\/radioquijano\/wp-json\/wp\/v2\/tags?post=11035"}],"curies":[{"name":"wp","href":"https:\/\/api.w.org\/{rel}","templated":true}]}}