{"id":11042,"date":"2025-09-02T01:55:17","date_gmt":"2025-09-02T04:55:17","guid":{"rendered":"https:\/\/nahuelproducciones.com.ar\/radioquijano\/?p=11042"},"modified":"2025-09-02T02:01:12","modified_gmt":"2025-09-02T05:01:12","slug":"diputado-electo-franco-lastra-lla-ya-trabaja-en-el-presupuesto-2026-descubriendo-un-fondo-del-15-que-el-gobierno-de-saenz-maneja-en-forma-discrecional","status":"publish","type":"post","link":"https:\/\/nahuelproducciones.com.ar\/radioquijano\/diputado-electo-franco-lastra-lla-ya-trabaja-en-el-presupuesto-2026-descubriendo-un-fondo-del-15-que-el-gobierno-de-saenz-maneja-en-forma-discrecional\/","title":{"rendered":"Diputado electo Franco Lastra LLA ya trabaja en el presupuesto 2026 descubriendo un fondo del 1,5% que el gobierno de S\u00e1enz maneja en forma discrecional."},"content":{"rendered":"\n<p>En entrevista con Radio Quijano 99.9 Franco Lastra diputado electo por La Libertad Avanza asumir\u00e1 junto a ocho diputados mas el 24 de noviembre en la provincia de Salta.<\/p>\n\n\n\n<p>El grupo de legisladores ya trabaja en una nueva forma de encarar la participaci\u00f3n ciudadana en un tema tan sensible como la misma ciudadania que es el presupuesto, pero de manera participativa.<\/p>\n\n\n\n<p>Franco con 25 a\u00f1os de edad ya piensa en construir una Argentina mejor y justa haciendo incapie en la meritocracia, y en la voluntad y valor de la juventud.<\/p>\n\n\n\n<p>El futuro legislador provincial tambi\u00e9n esta trabajando en forma conjunta con los convencionales municipales en la reforma de la Carta Org\u00e1nica de la ciudad capital, bajo el lineamiento libertario de Milei.<\/p>\n\n\n\n<p>Deja en claro que Salta es la cuarta provincia con m\u00e1s presi\u00f3n impositiva en la Rep\u00fablica Argentina, lo que ser\u00e1 uno de los puntos a trabajar en la c\u00e1mara baja.<\/p>\n\n\n\n<p>Tambi\u00e9n convoca a j\u00f3venes a participar y no tener miedo de la pol\u00edtica.<\/p>\n\n\n\n<p>Escucha aqui la entrevista completa:<\/p>\n\n\n\n<figure class=\"wp-block-audio\"><audio controls src=\"https:\/\/nahuelproducciones.com.ar\/radioquijano\/wp-content\/uploads\/2025\/09\/franco-lastra-diputado-LLA.mp3\"><\/audio><\/figure>\n","protected":false},"excerpt":{"rendered":"<p>En entrevista con Radio Quijano 99.9 Franco Lastra diputado electo por La Libertad Avanza asumir\u00e1 junto a ocho diputados mas el 24 de noviembre en la provincia de Salta. El grupo de legisladores ya trabaja en una nueva forma de encarar la participaci\u00f3n ciudadana en un tema tan sensible como la misma ciudadania que es [&hellip;]<\/p>\n","protected":false},"author":6,"featured_media":11045,"comment_status":"open","ping_status":"open","sticky":false,"template":"","format":"standard","meta":{"_monsterinsights_skip_tracking":false,"_monsterinsights_sitenote_active":false,"_monsterinsights_sitenote_note":"","_monsterinsights_sitenote_category":0,"footnotes":""},"categories":[16],"tags":[73,36,58,75,1136,1780,63,1893,84,71,100,47,62],"class_list":["post-11042","post","type-post","status-publish","format-standard","has-post-thumbnail","hentry","category-noticias","tag-ariel-gallardo","tag-campo-quijano","tag-carlos-folloni","tag-concejo-deliberante-de-campo-quijano","tag-javier-milei","tag-la-libertad-avanza","tag-lino-yonar","tag-lla","tag-manuel-cornejo","tag-municipalidad-de-campo-quijano","tag-municipio-de-campo-quijano","tag-rosario-de-lerma","tag-topo-ramos"],"yoast_head":"<!-- This site is optimized with the Yoast SEO plugin v20.8 - https:\/\/yoast.com\/wordpress\/plugins\/seo\/ -->\n<title>Diputado electo Franco Lastra LLA ya trabaja en el presupuesto 2026 descubriendo un fondo del 1,5% que el gobierno de S\u00e1enz maneja en forma discrecional. - RQ 99.9<\/title>\n<meta name=\"robots\" content=\"index, follow, max-snippet:-1, max-image-preview:large, max-video-preview:-1\" \/>\n<link rel=\"canonical\" href=\"https:\/\/nahuelproducciones.com.ar\/radioquijano\/diputado-electo-franco-lastra-lla-ya-trabaja-en-el-presupuesto-2026-descubriendo-un-fondo-del-15-que-el-gobierno-de-saenz-maneja-en-forma-discrecional\/\" \/>\n<meta property=\"og:locale\" content=\"es_ES\" \/>\n<meta property=\"og:type\" content=\"article\" \/>\n<meta property=\"og:title\" content=\"Diputado electo Franco Lastra LLA ya trabaja en el presupuesto 2026 descubriendo un fondo del 1,5% que el gobierno de S\u00e1enz maneja en forma discrecional. - RQ 99.9\" \/>\n<meta property=\"og:description\" content=\"En entrevista con Radio Quijano 99.9 Franco Lastra diputado electo por La Libertad Avanza asumir\u00e1 junto a ocho diputados mas el 24 de noviembre en la provincia de Salta. El grupo de legisladores ya trabaja en una nueva forma de encarar la participaci\u00f3n ciudadana en un tema tan sensible como la misma ciudadania que es [&hellip;]\" \/>\n<meta property=\"og:url\" content=\"https:\/\/nahuelproducciones.com.ar\/radioquijano\/diputado-electo-franco-lastra-lla-ya-trabaja-en-el-presupuesto-2026-descubriendo-un-fondo-del-15-que-el-gobierno-de-saenz-maneja-en-forma-discrecional\/\" \/>\n<meta property=\"og:site_name\" content=\"RQ 99.9\" \/>\n<meta property=\"article:publisher\" content=\"https:\/\/www.facebook.com\/nahuelproducciones999\/\" \/>\n<meta property=\"article:published_time\" content=\"2025-09-02T04:55:17+00:00\" \/>\n<meta property=\"article:modified_time\" content=\"2025-09-02T05:01:12+00:00\" \/>\n<meta property=\"og:image\" content=\"https:\/\/nahuelproducciones.com.ar\/radioquijano\/wp-content\/uploads\/2025\/09\/DIPUTADO-ELECTO-FRANCO-LASTRA-e1756789015751.jpeg\" \/>\n\t<meta property=\"og:image:width\" content=\"905\" \/>\n\t<meta property=\"og:image:height\" content=\"1110\" \/>\n\t<meta property=\"og:image:type\" content=\"image\/jpeg\" \/>\n<meta name=\"author\" content=\"Ricardo Guzman\" \/>\n<meta name=\"twitter:card\" content=\"summary_large_image\" \/>\n<meta name=\"twitter:creator\" content=\"@nahuproduciones\" \/>\n<meta name=\"twitter:site\" content=\"@nahuproduciones\" \/>\n<meta name=\"twitter:label1\" content=\"Escrito por\" \/>\n\t<meta name=\"twitter:data1\" content=\"Ricardo Guzman\" \/>\n\t<meta name=\"twitter:label2\" content=\"Tiempo de lectura\" \/>\n\t<meta name=\"twitter:data2\" content=\"1 minuto\" \/>\n<script type=\"application\/ld+json\" class=\"yoast-schema-graph\">{\"@context\":\"https:\/\/schema.org\",\"@graph\":[{\"@type\":\"WebPage\",\"@id\":\"https:\/\/nahuelproducciones.com.ar\/radioquijano\/diputado-electo-franco-lastra-lla-ya-trabaja-en-el-presupuesto-2026-descubriendo-un-fondo-del-15-que-el-gobierno-de-saenz-maneja-en-forma-discrecional\/\",\"url\":\"https:\/\/nahuelproducciones.com.ar\/radioquijano\/diputado-electo-franco-lastra-lla-ya-trabaja-en-el-presupuesto-2026-descubriendo-un-fondo-del-15-que-el-gobierno-de-saenz-maneja-en-forma-discrecional\/\",\"name\":\"Diputado electo Franco Lastra LLA ya trabaja en el presupuesto 2026 descubriendo un fondo del 1,5% que el gobierno de S\u00e1enz maneja en forma discrecional. - RQ 99.9\",\"isPartOf\":{\"@id\":\"https:\/\/nahuelproducciones.com.ar\/radioquijano\/#website\"},\"datePublished\":\"2025-09-02T04:55:17+00:00\",\"dateModified\":\"2025-09-02T05:01:12+00:00\",\"author\":{\"@id\":\"https:\/\/nahuelproducciones.com.ar\/radioquijano\/#\/schema\/person\/b9b81a110cbdf07949e2cd02d478ab9d\"},\"breadcrumb\":{\"@id\":\"https:\/\/nahuelproducciones.com.ar\/radioquijano\/diputado-electo-franco-lastra-lla-ya-trabaja-en-el-presupuesto-2026-descubriendo-un-fondo-del-15-que-el-gobierno-de-saenz-maneja-en-forma-discrecional\/#breadcrumb\"},\"inLanguage\":\"es\",\"potentialAction\":[{\"@type\":\"ReadAction\",\"target\":[\"https:\/\/nahuelproducciones.com.ar\/radioquijano\/diputado-electo-franco-lastra-lla-ya-trabaja-en-el-presupuesto-2026-descubriendo-un-fondo-del-15-que-el-gobierno-de-saenz-maneja-en-forma-discrecional\/\"]}]},{\"@type\":\"BreadcrumbList\",\"@id\":\"https:\/\/nahuelproducciones.com.ar\/radioquijano\/diputado-electo-franco-lastra-lla-ya-trabaja-en-el-presupuesto-2026-descubriendo-un-fondo-del-15-que-el-gobierno-de-saenz-maneja-en-forma-discrecional\/#breadcrumb\",\"itemListElement\":[{\"@type\":\"ListItem\",\"position\":1,\"name\":\"Portada\",\"item\":\"https:\/\/nahuelproducciones.com.ar\/radioquijano\/\"},{\"@type\":\"ListItem\",\"position\":2,\"name\":\"Diputado electo Franco Lastra LLA ya trabaja en el presupuesto 2026 descubriendo un fondo del 1,5% que el gobierno de S\u00e1enz maneja en forma discrecional.\"}]},{\"@type\":\"WebSite\",\"@id\":\"https:\/\/nahuelproducciones.com.ar\/radioquijano\/#website\",\"url\":\"https:\/\/nahuelproducciones.com.ar\/radioquijano\/\",\"name\":\"RQ 99.9\",\"description\":\"Radio Quijano 99.9 MHz\",\"potentialAction\":[{\"@type\":\"SearchAction\",\"target\":{\"@type\":\"EntryPoint\",\"urlTemplate\":\"https:\/\/nahuelproducciones.com.ar\/radioquijano\/?s={search_term_string}\"},\"query-input\":\"required name=search_term_string\"}],\"inLanguage\":\"es\"},{\"@type\":\"Person\",\"@id\":\"https:\/\/nahuelproducciones.com.ar\/radioquijano\/#\/schema\/person\/b9b81a110cbdf07949e2cd02d478ab9d\",\"name\":\"Ricardo Guzman\",\"image\":{\"@type\":\"ImageObject\",\"inLanguage\":\"es\",\"@id\":\"https:\/\/nahuelproducciones.com.ar\/radioquijano\/#\/schema\/person\/image\/\",\"url\":\"https:\/\/secure.gravatar.com\/avatar\/a5d582deda251f95dc882b72fc6e7b4854f88bb25c3154519210afffa7d706e8?s=96&d=mm&r=g\",\"contentUrl\":\"https:\/\/secure.gravatar.com\/avatar\/a5d582deda251f95dc882b72fc6e7b4854f88bb25c3154519210afffa7d706e8?s=96&d=mm&r=g\",\"caption\":\"Ricardo Guzman\"},\"url\":\"https:\/\/nahuelproducciones.com.ar\/radioquijano\/author\/cady\/\"}]}<\/script>\n<!-- \/ Yoast SEO plugin. -->","yoast_head_json":{"title":"Diputado electo Franco Lastra LLA ya trabaja en el presupuesto 2026 descubriendo un fondo del 1,5% que el gobierno de S\u00e1enz maneja en forma discrecional. - RQ 99.9","robots":{"index":"index","follow":"follow","max-snippet":"max-snippet:-1","max-image-preview":"max-image-preview:large","max-video-preview":"max-video-preview:-1"},"canonical":"https:\/\/nahuelproducciones.com.ar\/radioquijano\/diputado-electo-franco-lastra-lla-ya-trabaja-en-el-presupuesto-2026-descubriendo-un-fondo-del-15-que-el-gobierno-de-saenz-maneja-en-forma-discrecional\/","og_locale":"es_ES","og_type":"article","og_title":"Diputado electo Franco Lastra LLA ya trabaja en el presupuesto 2026 descubriendo un fondo del 1,5% que el gobierno de S\u00e1enz maneja en forma discrecional. - RQ 99.9","og_description":"En entrevista con Radio Quijano 99.9 Franco Lastra diputado electo por La Libertad Avanza asumir\u00e1 junto a ocho diputados mas el 24 de noviembre en la provincia de Salta. El grupo de legisladores ya trabaja en una nueva forma de encarar la participaci\u00f3n ciudadana en un tema tan sensible como la misma ciudadania que es [&hellip;]","og_url":"https:\/\/nahuelproducciones.com.ar\/radioquijano\/diputado-electo-franco-lastra-lla-ya-trabaja-en-el-presupuesto-2026-descubriendo-un-fondo-del-15-que-el-gobierno-de-saenz-maneja-en-forma-discrecional\/","og_site_name":"RQ 99.9","article_publisher":"https:\/\/www.facebook.com\/nahuelproducciones999\/","article_published_time":"2025-09-02T04:55:17+00:00","article_modified_time":"2025-09-02T05:01:12+00:00","og_image":[{"width":905,"height":1110,"url":"https:\/\/nahuelproducciones.com.ar\/radioquijano\/wp-content\/uploads\/2025\/09\/DIPUTADO-ELECTO-FRANCO-LASTRA-e1756789015751.jpeg","type":"image\/jpeg"}],"author":"Ricardo Guzman","twitter_card":"summary_large_image","twitter_creator":"@nahuproduciones","twitter_site":"@nahuproduciones","twitter_misc":{"Escrito por":"Ricardo Guzman","Tiempo de lectura":"1 minuto"},"schema":{"@context":"https:\/\/schema.org","@graph":[{"@type":"WebPage","@id":"https:\/\/nahuelproducciones.com.ar\/radioquijano\/diputado-electo-franco-lastra-lla-ya-trabaja-en-el-presupuesto-2026-descubriendo-un-fondo-del-15-que-el-gobierno-de-saenz-maneja-en-forma-discrecional\/","url":"https:\/\/nahuelproducciones.com.ar\/radioquijano\/diputado-electo-franco-lastra-lla-ya-trabaja-en-el-presupuesto-2026-descubriendo-un-fondo-del-15-que-el-gobierno-de-saenz-maneja-en-forma-discrecional\/","name":"Diputado electo Franco Lastra LLA ya trabaja en el presupuesto 2026 descubriendo un fondo del 1,5% que el gobierno de S\u00e1enz maneja en forma discrecional. - RQ 99.9","isPartOf":{"@id":"https:\/\/nahuelproducciones.com.ar\/radioquijano\/#website"},"datePublished":"2025-09-02T04:55:17+00:00","dateModified":"2025-09-02T05:01:12+00:00","author":{"@id":"https:\/\/nahuelproducciones.com.ar\/radioquijano\/#\/schema\/person\/b9b81a110cbdf07949e2cd02d478ab9d"},"breadcrumb":{"@id":"https:\/\/nahuelproducciones.com.ar\/radioquijano\/diputado-electo-franco-lastra-lla-ya-trabaja-en-el-presupuesto-2026-descubriendo-un-fondo-del-15-que-el-gobierno-de-saenz-maneja-en-forma-discrecional\/#breadcrumb"},"inLanguage":"es","potentialAction":[{"@type":"ReadAction","target":["https:\/\/nahuelproducciones.com.ar\/radioquijano\/diputado-electo-franco-lastra-lla-ya-trabaja-en-el-presupuesto-2026-descubriendo-un-fondo-del-15-que-el-gobierno-de-saenz-maneja-en-forma-discrecional\/"]}]},{"@type":"BreadcrumbList","@id":"https:\/\/nahuelproducciones.com.ar\/radioquijano\/diputado-electo-franco-lastra-lla-ya-trabaja-en-el-presupuesto-2026-descubriendo-un-fondo-del-15-que-el-gobierno-de-saenz-maneja-en-forma-discrecional\/#breadcrumb","itemListElement":[{"@type":"ListItem","position":1,"name":"Portada","item":"https:\/\/nahuelproducciones.com.ar\/radioquijano\/"},{"@type":"ListItem","position":2,"name":"Diputado electo Franco Lastra LLA ya trabaja en el presupuesto 2026 descubriendo un fondo del 1,5% que el gobierno de S\u00e1enz maneja en forma discrecional."}]},{"@type":"WebSite","@id":"https:\/\/nahuelproducciones.com.ar\/radioquijano\/#website","url":"https:\/\/nahuelproducciones.com.ar\/radioquijano\/","name":"RQ 99.9","description":"Radio Quijano 99.9 MHz","potentialAction":[{"@type":"SearchAction","target":{"@type":"EntryPoint","urlTemplate":"https:\/\/nahuelproducciones.com.ar\/radioquijano\/?s={search_term_string}"},"query-input":"required name=search_term_string"}],"inLanguage":"es"},{"@type":"Person","@id":"https:\/\/nahuelproducciones.com.ar\/radioquijano\/#\/schema\/person\/b9b81a110cbdf07949e2cd02d478ab9d","name":"Ricardo Guzman","image":{"@type":"ImageObject","inLanguage":"es","@id":"https:\/\/nahuelproducciones.com.ar\/radioquijano\/#\/schema\/person\/image\/","url":"https:\/\/secure.gravatar.com\/avatar\/a5d582deda251f95dc882b72fc6e7b4854f88bb25c3154519210afffa7d706e8?s=96&d=mm&r=g","contentUrl":"https:\/\/secure.gravatar.com\/avatar\/a5d582deda251f95dc882b72fc6e7b4854f88bb25c3154519210afffa7d706e8?s=96&d=mm&r=g","caption":"Ricardo Guzman"},"url":"https:\/\/nahuelproducciones.com.ar\/radioquijano\/author\/cady\/"}]}},"_links":{"self":[{"href":"https:\/\/nahuelproducciones.com.ar\/radioquijano\/wp-json\/wp\/v2\/posts\/11042","targetHints":{"allow":["GET"]}}],"collection":[{"href":"https:\/\/nahuelproducciones.com.ar\/radioquijano\/wp-json\/wp\/v2\/posts"}],"about":[{"href":"https:\/\/nahuelproducciones.com.ar\/radioquijano\/wp-json\/wp\/v2\/types\/post"}],"author":[{"embeddable":true,"href":"https:\/\/nahuelproducciones.com.ar\/radioquijano\/wp-json\/wp\/v2\/users\/6"}],"replies":[{"embeddable":true,"href":"https:\/\/nahuelproducciones.com.ar\/radioquijano\/wp-json\/wp\/v2\/comments?post=11042"}],"version-history":[{"count":3,"href":"https:\/\/nahuelproducciones.com.ar\/radioquijano\/wp-json\/wp\/v2\/posts\/11042\/revisions"}],"predecessor-version":[{"id":11049,"href":"https:\/\/nahuelproducciones.com.ar\/radioquijano\/wp-json\/wp\/v2\/posts\/11042\/revisions\/11049"}],"wp:featuredmedia":[{"embeddable":true,"href":"https:\/\/nahuelproducciones.com.ar\/radioquijano\/wp-json\/wp\/v2\/media\/11045"}],"wp:attachment":[{"href":"https:\/\/nahuelproducciones.com.ar\/radioquijano\/wp-json\/wp\/v2\/media?parent=11042"}],"wp:term":[{"taxonomy":"category","embeddable":true,"href":"https:\/\/nahuelproducciones.com.ar\/radioquijano\/wp-json\/wp\/v2\/categories?post=11042"},{"taxonomy":"post_tag","embeddable":true,"href":"https:\/\/nahuelproducciones.com.ar\/radioquijano\/wp-json\/wp\/v2\/tags?post=11042"}],"curies":[{"name":"wp","href":"https:\/\/api.w.org\/{rel}","templated":true}]}}