{"id":11061,"date":"2025-09-04T02:11:46","date_gmt":"2025-09-04T05:11:46","guid":{"rendered":"https:\/\/nahuelproducciones.com.ar\/radioquijano\/?p=11061"},"modified":"2025-09-04T02:11:53","modified_gmt":"2025-09-04T05:11:53","slug":"invitacion-a-la-eleccion-de-la-reina-estudiantil-del-colegio-usandivaras","status":"publish","type":"post","link":"https:\/\/nahuelproducciones.com.ar\/radioquijano\/invitacion-a-la-eleccion-de-la-reina-estudiantil-del-colegio-usandivaras\/","title":{"rendered":"Invitaci\u00f3n a la elecci\u00f3n de la Reina Estudiantil del Colegio Usandivaras"},"content":{"rendered":"\n<p>La profesora <strong>Griselda Puca<\/strong>, en comunicaci\u00f3n telef\u00f3nica con <strong>Radio Quijano<\/strong>, invit\u00f3 a la comunidad a participar de la <strong>Elecci\u00f3n de la Reina Estudiantil<\/strong> del <strong>Colegio Secundario \u201cUsandivaras\u201d N\u00b05086 (ex Maury)<\/strong> de Campo Quijano.<\/p>\n\n\n\n<p>El evento se llevar\u00e1 a cabo el <strong>viernes 5 de septiembre<\/strong>, desde las <strong>16:30 hasta las 22:00 horas<\/strong>, en <strong>calle Hugo Alarc\u00f3n 411, barrio El Portal<\/strong>. Durante la jornada, las candidatas realizar\u00e1n dos pasadas con cambios de vestuario, adem\u00e1s de la esperada presentaci\u00f3n de los \u201cbombones\u201d.<\/p>\n\n\n\n<p>Asimismo, estar\u00e1 habilitado el <strong>bufet escolar<\/strong>, donde se podr\u00e1n adquirir comidas y bebidas preparadas especialmente para la ocasi\u00f3n. Lo recaudado ser\u00e1 destinado a los arreglos de la instituci\u00f3n.<\/p>\n\n\n\n<p>La velada contar\u00e1 tambi\u00e9n con la participaci\u00f3n de artistas invitados, entre ellos <strong>Musiqueros Band<\/strong> y <strong>Armandito y Flor de Luna<\/strong>, que animar\u00e1n la gran noche estudiantil.<\/p>\n\n\n\n<p>El valor de la <strong>entrada anticipada es de $3.000<\/strong>, mientras que en puerta tendr\u00e1 un costo mayor.<\/p>\n\n\n\n<p>Desde la instituci\u00f3n y Radio Quijano invitan a toda la comunidad a ser parte de esta celebraci\u00f3n juvenil.<\/p>\n\n\n\n<p>Escucha la entrevista:<\/p>\n\n\n\n<figure class=\"wp-block-audio\"><audio controls src=\"https:\/\/nahuelproducciones.com.ar\/radioquijano\/wp-content\/uploads\/2025\/09\/03-09-2025-prof-griselda-puca-eleccion-de-la-reira-en-el-colegio-ex-maury-viernes-5-de-sept.mp3\"><\/audio><\/figure>\n\n\n\n<figure class=\"wp-block-video\"><video controls src=\"https:\/\/nahuelproducciones.com.ar\/radioquijano\/wp-content\/uploads\/2025\/09\/WhatsApp-Video-2025-09-01-at-4.28.18-PM.mp4\"><\/video><\/figure>\n","protected":false},"excerpt":{"rendered":"<p>La profesora Griselda Puca, en comunicaci\u00f3n telef\u00f3nica con Radio Quijano, invit\u00f3 a la comunidad a participar de la Elecci\u00f3n de la Reina Estudiantil del Colegio Secundario \u201cUsandivaras\u201d N\u00b05086 (ex Maury) de Campo Quijano. El evento se llevar\u00e1 a cabo el viernes 5 de septiembre, desde las 16:30 hasta las 22:00 horas, en calle Hugo Alarc\u00f3n [&hellip;]<\/p>\n","protected":false},"author":8,"featured_media":11062,"comment_status":"open","ping_status":"open","sticky":false,"template":"","format":"standard","meta":{"_monsterinsights_skip_tracking":false,"_monsterinsights_sitenote_active":false,"_monsterinsights_sitenote_note":"","_monsterinsights_sitenote_category":0,"footnotes":""},"categories":[16],"tags":[1897,1898,100],"class_list":["post-11061","post","type-post","status-publish","format-standard","has-post-thumbnail","hentry","category-noticias","tag-colegio-secundario-usandivaras-n5086-ex-maury","tag-eleccion-de-la-reina-estudiantil","tag-municipio-de-campo-quijano"],"yoast_head":"<!-- This site is optimized with the Yoast SEO plugin v20.8 - https:\/\/yoast.com\/wordpress\/plugins\/seo\/ -->\n<title>Invitaci\u00f3n a la elecci\u00f3n de la Reina Estudiantil del Colegio Usandivaras - RQ 99.9<\/title>\n<meta name=\"description\" content=\"Se llevar\u00e1 a cabo el viernes 5 de septiembre, desde las 16:30 hasta las 22:00 horas, en calle Hugo Alarc\u00f3n 411, barrio El Portal.\" \/>\n<meta name=\"robots\" content=\"index, follow, max-snippet:-1, max-image-preview:large, max-video-preview:-1\" \/>\n<link rel=\"canonical\" href=\"https:\/\/nahuelproducciones.com.ar\/radioquijano\/invitacion-a-la-eleccion-de-la-reina-estudiantil-del-colegio-usandivaras\/\" \/>\n<meta property=\"og:locale\" content=\"es_ES\" \/>\n<meta property=\"og:type\" content=\"article\" \/>\n<meta property=\"og:title\" content=\"Invitaci\u00f3n a la elecci\u00f3n de la Reina Estudiantil del Colegio Usandivaras - RQ 99.9\" \/>\n<meta property=\"og:description\" content=\"Se llevar\u00e1 a cabo el viernes 5 de septiembre, desde las 16:30 hasta las 22:00 horas, en calle Hugo Alarc\u00f3n 411, barrio El Portal.\" \/>\n<meta property=\"og:url\" content=\"https:\/\/nahuelproducciones.com.ar\/radioquijano\/invitacion-a-la-eleccion-de-la-reina-estudiantil-del-colegio-usandivaras\/\" \/>\n<meta property=\"og:site_name\" content=\"RQ 99.9\" \/>\n<meta property=\"article:publisher\" content=\"https:\/\/www.facebook.com\/nahuelproducciones999\/\" \/>\n<meta property=\"article:published_time\" content=\"2025-09-04T05:11:46+00:00\" \/>\n<meta property=\"article:modified_time\" content=\"2025-09-04T05:11:53+00:00\" \/>\n<meta property=\"og:image\" content=\"https:\/\/nahuelproducciones.com.ar\/radioquijano\/wp-content\/uploads\/2025\/09\/WhatsApp-Image-2025-09-01-at-4.28.19-PM-e1756962397272.jpeg\" \/>\n\t<meta property=\"og:image:width\" content=\"700\" \/>\n\t<meta property=\"og:image:height\" content=\"1000\" \/>\n\t<meta property=\"og:image:type\" content=\"image\/jpeg\" \/>\n<meta name=\"author\" content=\"Cecilia Pastrana\" \/>\n<meta name=\"twitter:card\" content=\"summary_large_image\" \/>\n<meta name=\"twitter:creator\" content=\"@nahuproduciones\" \/>\n<meta name=\"twitter:site\" content=\"@nahuproduciones\" \/>\n<meta name=\"twitter:label1\" content=\"Escrito por\" \/>\n\t<meta name=\"twitter:data1\" content=\"Cecilia Pastrana\" \/>\n\t<meta name=\"twitter:label2\" content=\"Tiempo de lectura\" \/>\n\t<meta name=\"twitter:data2\" content=\"1 minuto\" \/>\n<script type=\"application\/ld+json\" class=\"yoast-schema-graph\">{\"@context\":\"https:\/\/schema.org\",\"@graph\":[{\"@type\":\"WebPage\",\"@id\":\"https:\/\/nahuelproducciones.com.ar\/radioquijano\/invitacion-a-la-eleccion-de-la-reina-estudiantil-del-colegio-usandivaras\/\",\"url\":\"https:\/\/nahuelproducciones.com.ar\/radioquijano\/invitacion-a-la-eleccion-de-la-reina-estudiantil-del-colegio-usandivaras\/\",\"name\":\"Invitaci\u00f3n a la elecci\u00f3n de la Reina Estudiantil del Colegio Usandivaras - RQ 99.9\",\"isPartOf\":{\"@id\":\"https:\/\/nahuelproducciones.com.ar\/radioquijano\/#website\"},\"datePublished\":\"2025-09-04T05:11:46+00:00\",\"dateModified\":\"2025-09-04T05:11:53+00:00\",\"author\":{\"@id\":\"https:\/\/nahuelproducciones.com.ar\/radioquijano\/#\/schema\/person\/e8a4f939e2cb487fe6d0c54042c9d32c\"},\"description\":\"Se llevar\u00e1 a cabo el viernes 5 de septiembre, desde las 16:30 hasta las 22:00 horas, en calle Hugo Alarc\u00f3n 411, barrio El Portal.\",\"breadcrumb\":{\"@id\":\"https:\/\/nahuelproducciones.com.ar\/radioquijano\/invitacion-a-la-eleccion-de-la-reina-estudiantil-del-colegio-usandivaras\/#breadcrumb\"},\"inLanguage\":\"es\",\"potentialAction\":[{\"@type\":\"ReadAction\",\"target\":[\"https:\/\/nahuelproducciones.com.ar\/radioquijano\/invitacion-a-la-eleccion-de-la-reina-estudiantil-del-colegio-usandivaras\/\"]}]},{\"@type\":\"BreadcrumbList\",\"@id\":\"https:\/\/nahuelproducciones.com.ar\/radioquijano\/invitacion-a-la-eleccion-de-la-reina-estudiantil-del-colegio-usandivaras\/#breadcrumb\",\"itemListElement\":[{\"@type\":\"ListItem\",\"position\":1,\"name\":\"Portada\",\"item\":\"https:\/\/nahuelproducciones.com.ar\/radioquijano\/\"},{\"@type\":\"ListItem\",\"position\":2,\"name\":\"Invitaci\u00f3n a la elecci\u00f3n de la Reina Estudiantil del Colegio Usandivaras\"}]},{\"@type\":\"WebSite\",\"@id\":\"https:\/\/nahuelproducciones.com.ar\/radioquijano\/#website\",\"url\":\"https:\/\/nahuelproducciones.com.ar\/radioquijano\/\",\"name\":\"RQ 99.9\",\"description\":\"Radio Quijano 99.9 MHz\",\"potentialAction\":[{\"@type\":\"SearchAction\",\"target\":{\"@type\":\"EntryPoint\",\"urlTemplate\":\"https:\/\/nahuelproducciones.com.ar\/radioquijano\/?s={search_term_string}\"},\"query-input\":\"required name=search_term_string\"}],\"inLanguage\":\"es\"},{\"@type\":\"Person\",\"@id\":\"https:\/\/nahuelproducciones.com.ar\/radioquijano\/#\/schema\/person\/e8a4f939e2cb487fe6d0c54042c9d32c\",\"name\":\"Cecilia Pastrana\",\"image\":{\"@type\":\"ImageObject\",\"inLanguage\":\"es\",\"@id\":\"https:\/\/nahuelproducciones.com.ar\/radioquijano\/#\/schema\/person\/image\/\",\"url\":\"https:\/\/secure.gravatar.com\/avatar\/661a3ef63a8488d4f2794ed44af8cf71420f7e106f3072c40125114df5157749?s=96&d=mm&r=g\",\"contentUrl\":\"https:\/\/secure.gravatar.com\/avatar\/661a3ef63a8488d4f2794ed44af8cf71420f7e106f3072c40125114df5157749?s=96&d=mm&r=g\",\"caption\":\"Cecilia Pastrana\"},\"sameAs\":[\"cecy\"],\"url\":\"https:\/\/nahuelproducciones.com.ar\/radioquijano\/author\/cecy\/\"}]}<\/script>\n<!-- \/ Yoast SEO plugin. -->","yoast_head_json":{"title":"Invitaci\u00f3n a la elecci\u00f3n de la Reina Estudiantil del Colegio Usandivaras - RQ 99.9","description":"Se llevar\u00e1 a cabo el viernes 5 de septiembre, desde las 16:30 hasta las 22:00 horas, en calle Hugo Alarc\u00f3n 411, barrio El Portal.","robots":{"index":"index","follow":"follow","max-snippet":"max-snippet:-1","max-image-preview":"max-image-preview:large","max-video-preview":"max-video-preview:-1"},"canonical":"https:\/\/nahuelproducciones.com.ar\/radioquijano\/invitacion-a-la-eleccion-de-la-reina-estudiantil-del-colegio-usandivaras\/","og_locale":"es_ES","og_type":"article","og_title":"Invitaci\u00f3n a la elecci\u00f3n de la Reina Estudiantil del Colegio Usandivaras - RQ 99.9","og_description":"Se llevar\u00e1 a cabo el viernes 5 de septiembre, desde las 16:30 hasta las 22:00 horas, en calle Hugo Alarc\u00f3n 411, barrio El Portal.","og_url":"https:\/\/nahuelproducciones.com.ar\/radioquijano\/invitacion-a-la-eleccion-de-la-reina-estudiantil-del-colegio-usandivaras\/","og_site_name":"RQ 99.9","article_publisher":"https:\/\/www.facebook.com\/nahuelproducciones999\/","article_published_time":"2025-09-04T05:11:46+00:00","article_modified_time":"2025-09-04T05:11:53+00:00","og_image":[{"width":700,"height":1000,"url":"https:\/\/nahuelproducciones.com.ar\/radioquijano\/wp-content\/uploads\/2025\/09\/WhatsApp-Image-2025-09-01-at-4.28.19-PM-e1756962397272.jpeg","type":"image\/jpeg"}],"author":"Cecilia Pastrana","twitter_card":"summary_large_image","twitter_creator":"@nahuproduciones","twitter_site":"@nahuproduciones","twitter_misc":{"Escrito por":"Cecilia Pastrana","Tiempo de lectura":"1 minuto"},"schema":{"@context":"https:\/\/schema.org","@graph":[{"@type":"WebPage","@id":"https:\/\/nahuelproducciones.com.ar\/radioquijano\/invitacion-a-la-eleccion-de-la-reina-estudiantil-del-colegio-usandivaras\/","url":"https:\/\/nahuelproducciones.com.ar\/radioquijano\/invitacion-a-la-eleccion-de-la-reina-estudiantil-del-colegio-usandivaras\/","name":"Invitaci\u00f3n a la elecci\u00f3n de la Reina Estudiantil del Colegio Usandivaras - RQ 99.9","isPartOf":{"@id":"https:\/\/nahuelproducciones.com.ar\/radioquijano\/#website"},"datePublished":"2025-09-04T05:11:46+00:00","dateModified":"2025-09-04T05:11:53+00:00","author":{"@id":"https:\/\/nahuelproducciones.com.ar\/radioquijano\/#\/schema\/person\/e8a4f939e2cb487fe6d0c54042c9d32c"},"description":"Se llevar\u00e1 a cabo el viernes 5 de septiembre, desde las 16:30 hasta las 22:00 horas, en calle Hugo Alarc\u00f3n 411, barrio El Portal.","breadcrumb":{"@id":"https:\/\/nahuelproducciones.com.ar\/radioquijano\/invitacion-a-la-eleccion-de-la-reina-estudiantil-del-colegio-usandivaras\/#breadcrumb"},"inLanguage":"es","potentialAction":[{"@type":"ReadAction","target":["https:\/\/nahuelproducciones.com.ar\/radioquijano\/invitacion-a-la-eleccion-de-la-reina-estudiantil-del-colegio-usandivaras\/"]}]},{"@type":"BreadcrumbList","@id":"https:\/\/nahuelproducciones.com.ar\/radioquijano\/invitacion-a-la-eleccion-de-la-reina-estudiantil-del-colegio-usandivaras\/#breadcrumb","itemListElement":[{"@type":"ListItem","position":1,"name":"Portada","item":"https:\/\/nahuelproducciones.com.ar\/radioquijano\/"},{"@type":"ListItem","position":2,"name":"Invitaci\u00f3n a la elecci\u00f3n de la Reina Estudiantil del Colegio Usandivaras"}]},{"@type":"WebSite","@id":"https:\/\/nahuelproducciones.com.ar\/radioquijano\/#website","url":"https:\/\/nahuelproducciones.com.ar\/radioquijano\/","name":"RQ 99.9","description":"Radio Quijano 99.9 MHz","potentialAction":[{"@type":"SearchAction","target":{"@type":"EntryPoint","urlTemplate":"https:\/\/nahuelproducciones.com.ar\/radioquijano\/?s={search_term_string}"},"query-input":"required name=search_term_string"}],"inLanguage":"es"},{"@type":"Person","@id":"https:\/\/nahuelproducciones.com.ar\/radioquijano\/#\/schema\/person\/e8a4f939e2cb487fe6d0c54042c9d32c","name":"Cecilia Pastrana","image":{"@type":"ImageObject","inLanguage":"es","@id":"https:\/\/nahuelproducciones.com.ar\/radioquijano\/#\/schema\/person\/image\/","url":"https:\/\/secure.gravatar.com\/avatar\/661a3ef63a8488d4f2794ed44af8cf71420f7e106f3072c40125114df5157749?s=96&d=mm&r=g","contentUrl":"https:\/\/secure.gravatar.com\/avatar\/661a3ef63a8488d4f2794ed44af8cf71420f7e106f3072c40125114df5157749?s=96&d=mm&r=g","caption":"Cecilia Pastrana"},"sameAs":["cecy"],"url":"https:\/\/nahuelproducciones.com.ar\/radioquijano\/author\/cecy\/"}]}},"_links":{"self":[{"href":"https:\/\/nahuelproducciones.com.ar\/radioquijano\/wp-json\/wp\/v2\/posts\/11061","targetHints":{"allow":["GET"]}}],"collection":[{"href":"https:\/\/nahuelproducciones.com.ar\/radioquijano\/wp-json\/wp\/v2\/posts"}],"about":[{"href":"https:\/\/nahuelproducciones.com.ar\/radioquijano\/wp-json\/wp\/v2\/types\/post"}],"author":[{"embeddable":true,"href":"https:\/\/nahuelproducciones.com.ar\/radioquijano\/wp-json\/wp\/v2\/users\/8"}],"replies":[{"embeddable":true,"href":"https:\/\/nahuelproducciones.com.ar\/radioquijano\/wp-json\/wp\/v2\/comments?post=11061"}],"version-history":[{"count":1,"href":"https:\/\/nahuelproducciones.com.ar\/radioquijano\/wp-json\/wp\/v2\/posts\/11061\/revisions"}],"predecessor-version":[{"id":11065,"href":"https:\/\/nahuelproducciones.com.ar\/radioquijano\/wp-json\/wp\/v2\/posts\/11061\/revisions\/11065"}],"wp:featuredmedia":[{"embeddable":true,"href":"https:\/\/nahuelproducciones.com.ar\/radioquijano\/wp-json\/wp\/v2\/media\/11062"}],"wp:attachment":[{"href":"https:\/\/nahuelproducciones.com.ar\/radioquijano\/wp-json\/wp\/v2\/media?parent=11061"}],"wp:term":[{"taxonomy":"category","embeddable":true,"href":"https:\/\/nahuelproducciones.com.ar\/radioquijano\/wp-json\/wp\/v2\/categories?post=11061"},{"taxonomy":"post_tag","embeddable":true,"href":"https:\/\/nahuelproducciones.com.ar\/radioquijano\/wp-json\/wp\/v2\/tags?post=11061"}],"curies":[{"name":"wp","href":"https:\/\/api.w.org\/{rel}","templated":true}]}}