{"id":11070,"date":"2025-09-05T21:06:00","date_gmt":"2025-09-06T00:06:00","guid":{"rendered":"https:\/\/nahuelproducciones.com.ar\/radioquijano\/?p=11070"},"modified":"2025-09-05T21:06:01","modified_gmt":"2025-09-06T00:06:01","slug":"el-estudio-de-danzas-y-malambo-el-facon-representara-a-campo-quijano-y-salta-en-el-festival-nacional-de-malambo-femenino-en-cordoba","status":"publish","type":"post","link":"https:\/\/nahuelproducciones.com.ar\/radioquijano\/el-estudio-de-danzas-y-malambo-el-facon-representara-a-campo-quijano-y-salta-en-el-festival-nacional-de-malambo-femenino-en-cordoba\/","title":{"rendered":"El Estudio de Danzas y Malambo El Fac\u00f3n representar\u00e1 a Campo Quijano y Salta en el Festival Nacional de Malambo Femenino en C\u00f3rdoba"},"content":{"rendered":"\n<p>En comunicaci\u00f3n telef\u00f3nica con <strong>Radio Quijano<\/strong>, el profesor <strong>Jhony Moyano<\/strong>, director del Estudio de Danzas y Malambo <em>El Fac\u00f3n<\/em>, comparti\u00f3 la gran noticia: la instituci\u00f3n particip\u00f3 en la sede Salta del Festival Nacional de Malambo Femenino y obtuvo premios en todos los rubros en los que concurs\u00f3.<\/p>\n\n\n\n<p>Fueron <strong>dos d\u00edas a pura danza y malambo<\/strong>, donde qued\u00f3 reflejado el esfuerzo, la pasi\u00f3n y la entrega de cada integrante. Con la presentaci\u00f3n de <strong>seis rubros<\/strong>, todos los bailarines lograron destacarse y volver con reconocimientos que son fruto de la constancia, el sacrificio y las interminables horas de ensayo.<\/p>\n\n\n\n<p>Entre los logros m\u00e1s importantes se destacan:<\/p>\n\n\n\n<ul class=\"wp-block-list\">\n<li><strong>Ganadores en el rubro Ballet<\/strong>, con m\u00e1s de 25 bailarines en escena.<\/li>\n\n\n\n<li><strong>Ganadores en la pareja de Danza Tradicional categor\u00eda Adulto<\/strong>.<\/li>\n\n\n\n<li><strong>Ganadores en la pareja de Danza Tradicional categor\u00eda Mayor<\/strong>.<\/li>\n<\/ul>\n\n\n\n<p>El profesor Moyano resalt\u00f3 adem\u00e1s el <strong>apoyo incondicional de las familias<\/strong>, quienes acompa\u00f1an, alientan y hacen posible cada participaci\u00f3n.<\/p>\n\n\n\n<p>Gracias a estos resultados, <em>El Fac\u00f3n<\/em> ser\u00e1 quien represente a <strong>Campo Quijano y a Salta<\/strong> en el <strong>7\u00ba Campeonato Nacional de Malambo Femenino<\/strong>, que se llevar\u00e1 a cabo en la ciudad de <strong>Tanti, C\u00f3rdoba, del 8 al 12 de octubre<\/strong>.<\/p>\n\n\n\n<p>Para poder concretar el viaje, el grupo trabaja junto a las familias en distintas actividades solidarias. Este domingo <strong>7 de septiembre<\/strong> realizar\u00e1n una venta de locro a <strong>$5.000 el plato<\/strong>, que se puede reservar al <strong>3874 06-8527<\/strong>. Tambi\u00e9n cuentan con un alias habilitado para colaboraciones: <strong>ELFACON.MALAMBO (a nombre de Jonathan Moyano)<\/strong>.<\/p>\n\n\n\n<p>\u201cEstamos cumpliendo un sue\u00f1o: representar a nuestra tierra en uno de los festivales m\u00e1s grandes del pa\u00eds. Queremos invitar a toda la comunidad a sumarse y acompa\u00f1arnos en este camino\u201d, expres\u00f3 el profesor Jhony Moyano.<\/p>\n\n\n\n<p>El Festival Nacional de Malambo Femenino tiene como objetivo <strong>poner en valor la danza folkl\u00f3rica argentina, ofrecer un espacio para la participaci\u00f3n femenina en el malambo y destacar el talento de las bailarinas<\/strong> que mantienen viva esta expresi\u00f3n de la cultura popular.<\/p>\n\n\n\n<p>Escucha la entrevista:<\/p>\n\n\n\n<figure class=\"wp-block-audio\"><audio controls src=\"https:\/\/nahuelproducciones.com.ar\/radioquijano\/wp-content\/uploads\/2025\/09\/04-09-2025-Jhony-Moyano-Festival-Nacional-del-Malambo-en-Tanti-Cordoba-.mp3\"><\/audio><\/figure>\n\n\n\n<figure class=\"wp-block-gallery has-nested-images columns-default is-cropped wp-block-gallery-1 is-layout-flex wp-block-gallery-is-layout-flex\">\n<figure class=\"wp-block-image size-large\"><img loading=\"lazy\" decoding=\"async\" width=\"682\" height=\"1024\" data-id=\"11075\" src=\"https:\/\/nahuelproducciones.com.ar\/radioquijano\/wp-content\/uploads\/2025\/09\/WhatsApp-Image-2025-09-03-at-9.49.48-PM-682x1024.jpeg\" alt=\"\" class=\"wp-image-11075\" srcset=\"https:\/\/nahuelproducciones.com.ar\/radioquijano\/wp-content\/uploads\/2025\/09\/WhatsApp-Image-2025-09-03-at-9.49.48-PM-682x1024.jpeg 682w, https:\/\/nahuelproducciones.com.ar\/radioquijano\/wp-content\/uploads\/2025\/09\/WhatsApp-Image-2025-09-03-at-9.49.48-PM-200x300.jpeg 200w, https:\/\/nahuelproducciones.com.ar\/radioquijano\/wp-content\/uploads\/2025\/09\/WhatsApp-Image-2025-09-03-at-9.49.48-PM-768x1152.jpeg 768w, https:\/\/nahuelproducciones.com.ar\/radioquijano\/wp-content\/uploads\/2025\/09\/WhatsApp-Image-2025-09-03-at-9.49.48-PM-150x225.jpeg 150w, https:\/\/nahuelproducciones.com.ar\/radioquijano\/wp-content\/uploads\/2025\/09\/WhatsApp-Image-2025-09-03-at-9.49.48-PM.jpeg 853w\" sizes=\"auto, (max-width: 682px) 100vw, 682px\" \/><\/figure>\n\n\n\n<figure class=\"wp-block-image size-large\"><img loading=\"lazy\" decoding=\"async\" width=\"1024\" height=\"1024\" data-id=\"11076\" src=\"https:\/\/nahuelproducciones.com.ar\/radioquijano\/wp-content\/uploads\/2025\/09\/WhatsApp-Image-2025-09-03-at-10.16.27-PM-1-1024x1024.jpeg\" alt=\"\" class=\"wp-image-11076\" srcset=\"https:\/\/nahuelproducciones.com.ar\/radioquijano\/wp-content\/uploads\/2025\/09\/WhatsApp-Image-2025-09-03-at-10.16.27-PM-1-1024x1024.jpeg 1024w, https:\/\/nahuelproducciones.com.ar\/radioquijano\/wp-content\/uploads\/2025\/09\/WhatsApp-Image-2025-09-03-at-10.16.27-PM-1-300x300.jpeg 300w, https:\/\/nahuelproducciones.com.ar\/radioquijano\/wp-content\/uploads\/2025\/09\/WhatsApp-Image-2025-09-03-at-10.16.27-PM-1-768x768.jpeg 768w, https:\/\/nahuelproducciones.com.ar\/radioquijano\/wp-content\/uploads\/2025\/09\/WhatsApp-Image-2025-09-03-at-10.16.27-PM-1-96x96.jpeg 96w, https:\/\/nahuelproducciones.com.ar\/radioquijano\/wp-content\/uploads\/2025\/09\/WhatsApp-Image-2025-09-03-at-10.16.27-PM-1-150x150.jpeg 150w, https:\/\/nahuelproducciones.com.ar\/radioquijano\/wp-content\/uploads\/2025\/09\/WhatsApp-Image-2025-09-03-at-10.16.27-PM-1.jpeg 1280w\" sizes=\"auto, (max-width: 1024px) 100vw, 1024px\" \/><\/figure>\n\n\n\n<figure class=\"wp-block-image size-large\"><img loading=\"lazy\" decoding=\"async\" width=\"1024\" height=\"768\" data-id=\"11073\" src=\"https:\/\/nahuelproducciones.com.ar\/radioquijano\/wp-content\/uploads\/2025\/09\/WhatsApp-Image-2025-09-03-at-10.16.27-PM-2-1024x768.jpeg\" alt=\"\" class=\"wp-image-11073\" srcset=\"https:\/\/nahuelproducciones.com.ar\/radioquijano\/wp-content\/uploads\/2025\/09\/WhatsApp-Image-2025-09-03-at-10.16.27-PM-2-1024x768.jpeg 1024w, https:\/\/nahuelproducciones.com.ar\/radioquijano\/wp-content\/uploads\/2025\/09\/WhatsApp-Image-2025-09-03-at-10.16.27-PM-2-300x225.jpeg 300w, https:\/\/nahuelproducciones.com.ar\/radioquijano\/wp-content\/uploads\/2025\/09\/WhatsApp-Image-2025-09-03-at-10.16.27-PM-2-768x576.jpeg 768w, https:\/\/nahuelproducciones.com.ar\/radioquijano\/wp-content\/uploads\/2025\/09\/WhatsApp-Image-2025-09-03-at-10.16.27-PM-2-150x113.jpeg 150w, https:\/\/nahuelproducciones.com.ar\/radioquijano\/wp-content\/uploads\/2025\/09\/WhatsApp-Image-2025-09-03-at-10.16.27-PM-2.jpeg 1280w\" sizes=\"auto, (max-width: 1024px) 100vw, 1024px\" \/><\/figure>\n\n\n\n<figure class=\"wp-block-image size-large\"><img loading=\"lazy\" decoding=\"async\" width=\"768\" height=\"1024\" data-id=\"11074\" src=\"https:\/\/nahuelproducciones.com.ar\/radioquijano\/wp-content\/uploads\/2025\/09\/WhatsApp-Image-2025-09-03-at-10.16.27-PM-768x1024.jpeg\" alt=\"\" class=\"wp-image-11074\" srcset=\"https:\/\/nahuelproducciones.com.ar\/radioquijano\/wp-content\/uploads\/2025\/09\/WhatsApp-Image-2025-09-03-at-10.16.27-PM-768x1024.jpeg 768w, https:\/\/nahuelproducciones.com.ar\/radioquijano\/wp-content\/uploads\/2025\/09\/WhatsApp-Image-2025-09-03-at-10.16.27-PM-225x300.jpeg 225w, https:\/\/nahuelproducciones.com.ar\/radioquijano\/wp-content\/uploads\/2025\/09\/WhatsApp-Image-2025-09-03-at-10.16.27-PM-640x853.jpeg 640w, https:\/\/nahuelproducciones.com.ar\/radioquijano\/wp-content\/uploads\/2025\/09\/WhatsApp-Image-2025-09-03-at-10.16.27-PM-150x200.jpeg 150w, https:\/\/nahuelproducciones.com.ar\/radioquijano\/wp-content\/uploads\/2025\/09\/WhatsApp-Image-2025-09-03-at-10.16.27-PM.jpeg 960w\" sizes=\"auto, (max-width: 768px) 100vw, 768px\" \/><\/figure>\n\n\n\n<figure class=\"wp-block-image size-large\"><img loading=\"lazy\" decoding=\"async\" width=\"1024\" height=\"768\" data-id=\"11077\" src=\"https:\/\/nahuelproducciones.com.ar\/radioquijano\/wp-content\/uploads\/2025\/09\/WhatsApp-Image-2025-09-04-at-12.21.51-PM-1-1024x768.jpeg\" alt=\"\" class=\"wp-image-11077\" srcset=\"https:\/\/nahuelproducciones.com.ar\/radioquijano\/wp-content\/uploads\/2025\/09\/WhatsApp-Image-2025-09-04-at-12.21.51-PM-1-1024x768.jpeg 1024w, https:\/\/nahuelproducciones.com.ar\/radioquijano\/wp-content\/uploads\/2025\/09\/WhatsApp-Image-2025-09-04-at-12.21.51-PM-1-300x225.jpeg 300w, https:\/\/nahuelproducciones.com.ar\/radioquijano\/wp-content\/uploads\/2025\/09\/WhatsApp-Image-2025-09-04-at-12.21.51-PM-1-768x576.jpeg 768w, https:\/\/nahuelproducciones.com.ar\/radioquijano\/wp-content\/uploads\/2025\/09\/WhatsApp-Image-2025-09-04-at-12.21.51-PM-1-1536x1152.jpeg 1536w, https:\/\/nahuelproducciones.com.ar\/radioquijano\/wp-content\/uploads\/2025\/09\/WhatsApp-Image-2025-09-04-at-12.21.51-PM-1-150x113.jpeg 150w, https:\/\/nahuelproducciones.com.ar\/radioquijano\/wp-content\/uploads\/2025\/09\/WhatsApp-Image-2025-09-04-at-12.21.51-PM-1.jpeg 1600w\" sizes=\"auto, (max-width: 1024px) 100vw, 1024px\" \/><\/figure>\n<\/figure>\n\n\n\n<figure class=\"wp-block-video\"><video controls src=\"https:\/\/nahuelproducciones.com.ar\/radioquijano\/wp-content\/uploads\/2025\/09\/WhatsApp-Video-2025-09-03-at-10.12.35-PM.mp4\"><\/video><\/figure>\n","protected":false},"excerpt":{"rendered":"<p>En comunicaci\u00f3n telef\u00f3nica con Radio Quijano, el profesor Jhony Moyano, director del Estudio de Danzas y Malambo El Fac\u00f3n, comparti\u00f3 la gran noticia: la instituci\u00f3n particip\u00f3 en la sede Salta del Festival Nacional de Malambo Femenino y obtuvo premios en todos los rubros en los que concurs\u00f3. Fueron dos d\u00edas a pura danza y malambo, [&hellip;]<\/p>\n","protected":false},"author":8,"featured_media":11072,"comment_status":"open","ping_status":"open","sticky":false,"template":"","format":"standard","meta":{"_monsterinsights_skip_tracking":false,"_monsterinsights_sitenote_active":false,"_monsterinsights_sitenote_note":"","_monsterinsights_sitenote_category":0,"footnotes":""},"categories":[16],"tags":[],"class_list":["post-11070","post","type-post","status-publish","format-standard","has-post-thumbnail","hentry","category-noticias"],"yoast_head":"<!-- This site is optimized with the Yoast SEO plugin v20.8 - https:\/\/yoast.com\/wordpress\/plugins\/seo\/ -->\n<title>El Estudio de Danzas y Malambo El Fac\u00f3n representar\u00e1 a Campo Quijano y Salta en el Festival Nacional de Malambo Femenino en C\u00f3rdoba - RQ 99.9<\/title>\n<meta name=\"description\" content=\"Este domingo 7 de septiembre realizar\u00e1n una venta de locro a $5.000 el plato, que se puede reservar al 3874 06-8527. Tambi\u00e9n cuentan con un alias habilitado para colaboraciones: ELFACON.MALAMBO (a nombre de Jonathan Moyano).\" \/>\n<meta name=\"robots\" content=\"index, follow, max-snippet:-1, max-image-preview:large, max-video-preview:-1\" \/>\n<link rel=\"canonical\" href=\"https:\/\/nahuelproducciones.com.ar\/radioquijano\/el-estudio-de-danzas-y-malambo-el-facon-representara-a-campo-quijano-y-salta-en-el-festival-nacional-de-malambo-femenino-en-cordoba\/\" \/>\n<meta property=\"og:locale\" content=\"es_ES\" \/>\n<meta property=\"og:type\" content=\"article\" \/>\n<meta property=\"og:title\" content=\"El Estudio de Danzas y Malambo El Fac\u00f3n representar\u00e1 a Campo Quijano y Salta en el Festival Nacional de Malambo Femenino en C\u00f3rdoba - RQ 99.9\" \/>\n<meta property=\"og:description\" content=\"Este domingo 7 de septiembre realizar\u00e1n una venta de locro a $5.000 el plato, que se puede reservar al 3874 06-8527. Tambi\u00e9n cuentan con un alias habilitado para colaboraciones: ELFACON.MALAMBO (a nombre de Jonathan Moyano).\" \/>\n<meta property=\"og:url\" content=\"https:\/\/nahuelproducciones.com.ar\/radioquijano\/el-estudio-de-danzas-y-malambo-el-facon-representara-a-campo-quijano-y-salta-en-el-festival-nacional-de-malambo-femenino-en-cordoba\/\" \/>\n<meta property=\"og:site_name\" content=\"RQ 99.9\" \/>\n<meta property=\"article:publisher\" content=\"https:\/\/www.facebook.com\/nahuelproducciones999\/\" \/>\n<meta property=\"article:published_time\" content=\"2025-09-06T00:06:00+00:00\" \/>\n<meta property=\"article:modified_time\" content=\"2025-09-06T00:06:01+00:00\" \/>\n<meta property=\"og:image\" content=\"https:\/\/nahuelproducciones.com.ar\/radioquijano\/wp-content\/uploads\/2025\/09\/WhatsApp-Image-2025-09-04-at-12.21.51-PM.jpeg\" \/>\n\t<meta property=\"og:image:width\" content=\"1600\" \/>\n\t<meta property=\"og:image:height\" content=\"1200\" \/>\n\t<meta property=\"og:image:type\" content=\"image\/jpeg\" \/>\n<meta name=\"author\" content=\"Cecilia Pastrana\" \/>\n<meta name=\"twitter:card\" content=\"summary_large_image\" \/>\n<meta name=\"twitter:creator\" content=\"@nahuproduciones\" \/>\n<meta name=\"twitter:site\" content=\"@nahuproduciones\" \/>\n<meta name=\"twitter:label1\" content=\"Escrito por\" \/>\n\t<meta name=\"twitter:data1\" content=\"Cecilia Pastrana\" \/>\n\t<meta name=\"twitter:label2\" content=\"Tiempo de lectura\" \/>\n\t<meta name=\"twitter:data2\" content=\"3 minutos\" \/>\n<script type=\"application\/ld+json\" class=\"yoast-schema-graph\">{\"@context\":\"https:\/\/schema.org\",\"@graph\":[{\"@type\":\"WebPage\",\"@id\":\"https:\/\/nahuelproducciones.com.ar\/radioquijano\/el-estudio-de-danzas-y-malambo-el-facon-representara-a-campo-quijano-y-salta-en-el-festival-nacional-de-malambo-femenino-en-cordoba\/\",\"url\":\"https:\/\/nahuelproducciones.com.ar\/radioquijano\/el-estudio-de-danzas-y-malambo-el-facon-representara-a-campo-quijano-y-salta-en-el-festival-nacional-de-malambo-femenino-en-cordoba\/\",\"name\":\"El Estudio de Danzas y Malambo El Fac\u00f3n representar\u00e1 a Campo Quijano y Salta en el Festival Nacional de Malambo Femenino en C\u00f3rdoba - RQ 99.9\",\"isPartOf\":{\"@id\":\"https:\/\/nahuelproducciones.com.ar\/radioquijano\/#website\"},\"datePublished\":\"2025-09-06T00:06:00+00:00\",\"dateModified\":\"2025-09-06T00:06:01+00:00\",\"author\":{\"@id\":\"https:\/\/nahuelproducciones.com.ar\/radioquijano\/#\/schema\/person\/e8a4f939e2cb487fe6d0c54042c9d32c\"},\"description\":\"Este domingo 7 de septiembre realizar\u00e1n una venta de locro a $5.000 el plato, que se puede reservar al 3874 06-8527. Tambi\u00e9n cuentan con un alias habilitado para colaboraciones: ELFACON.MALAMBO (a nombre de Jonathan Moyano).\",\"breadcrumb\":{\"@id\":\"https:\/\/nahuelproducciones.com.ar\/radioquijano\/el-estudio-de-danzas-y-malambo-el-facon-representara-a-campo-quijano-y-salta-en-el-festival-nacional-de-malambo-femenino-en-cordoba\/#breadcrumb\"},\"inLanguage\":\"es\",\"potentialAction\":[{\"@type\":\"ReadAction\",\"target\":[\"https:\/\/nahuelproducciones.com.ar\/radioquijano\/el-estudio-de-danzas-y-malambo-el-facon-representara-a-campo-quijano-y-salta-en-el-festival-nacional-de-malambo-femenino-en-cordoba\/\"]}]},{\"@type\":\"BreadcrumbList\",\"@id\":\"https:\/\/nahuelproducciones.com.ar\/radioquijano\/el-estudio-de-danzas-y-malambo-el-facon-representara-a-campo-quijano-y-salta-en-el-festival-nacional-de-malambo-femenino-en-cordoba\/#breadcrumb\",\"itemListElement\":[{\"@type\":\"ListItem\",\"position\":1,\"name\":\"Portada\",\"item\":\"https:\/\/nahuelproducciones.com.ar\/radioquijano\/\"},{\"@type\":\"ListItem\",\"position\":2,\"name\":\"El Estudio de Danzas y Malambo El Fac\u00f3n representar\u00e1 a Campo Quijano y Salta en el Festival Nacional de Malambo Femenino en C\u00f3rdoba\"}]},{\"@type\":\"WebSite\",\"@id\":\"https:\/\/nahuelproducciones.com.ar\/radioquijano\/#website\",\"url\":\"https:\/\/nahuelproducciones.com.ar\/radioquijano\/\",\"name\":\"RQ 99.9\",\"description\":\"Radio Quijano 99.9 MHz\",\"potentialAction\":[{\"@type\":\"SearchAction\",\"target\":{\"@type\":\"EntryPoint\",\"urlTemplate\":\"https:\/\/nahuelproducciones.com.ar\/radioquijano\/?s={search_term_string}\"},\"query-input\":\"required name=search_term_string\"}],\"inLanguage\":\"es\"},{\"@type\":\"Person\",\"@id\":\"https:\/\/nahuelproducciones.com.ar\/radioquijano\/#\/schema\/person\/e8a4f939e2cb487fe6d0c54042c9d32c\",\"name\":\"Cecilia Pastrana\",\"image\":{\"@type\":\"ImageObject\",\"inLanguage\":\"es\",\"@id\":\"https:\/\/nahuelproducciones.com.ar\/radioquijano\/#\/schema\/person\/image\/\",\"url\":\"https:\/\/secure.gravatar.com\/avatar\/661a3ef63a8488d4f2794ed44af8cf71420f7e106f3072c40125114df5157749?s=96&d=mm&r=g\",\"contentUrl\":\"https:\/\/secure.gravatar.com\/avatar\/661a3ef63a8488d4f2794ed44af8cf71420f7e106f3072c40125114df5157749?s=96&d=mm&r=g\",\"caption\":\"Cecilia Pastrana\"},\"sameAs\":[\"cecy\"],\"url\":\"https:\/\/nahuelproducciones.com.ar\/radioquijano\/author\/cecy\/\"}]}<\/script>\n<!-- \/ Yoast SEO plugin. -->","yoast_head_json":{"title":"El Estudio de Danzas y Malambo El Fac\u00f3n representar\u00e1 a Campo Quijano y Salta en el Festival Nacional de Malambo Femenino en C\u00f3rdoba - RQ 99.9","description":"Este domingo 7 de septiembre realizar\u00e1n una venta de locro a $5.000 el plato, que se puede reservar al 3874 06-8527. Tambi\u00e9n cuentan con un alias habilitado para colaboraciones: ELFACON.MALAMBO (a nombre de Jonathan Moyano).","robots":{"index":"index","follow":"follow","max-snippet":"max-snippet:-1","max-image-preview":"max-image-preview:large","max-video-preview":"max-video-preview:-1"},"canonical":"https:\/\/nahuelproducciones.com.ar\/radioquijano\/el-estudio-de-danzas-y-malambo-el-facon-representara-a-campo-quijano-y-salta-en-el-festival-nacional-de-malambo-femenino-en-cordoba\/","og_locale":"es_ES","og_type":"article","og_title":"El Estudio de Danzas y Malambo El Fac\u00f3n representar\u00e1 a Campo Quijano y Salta en el Festival Nacional de Malambo Femenino en C\u00f3rdoba - RQ 99.9","og_description":"Este domingo 7 de septiembre realizar\u00e1n una venta de locro a $5.000 el plato, que se puede reservar al 3874 06-8527. Tambi\u00e9n cuentan con un alias habilitado para colaboraciones: ELFACON.MALAMBO (a nombre de Jonathan Moyano).","og_url":"https:\/\/nahuelproducciones.com.ar\/radioquijano\/el-estudio-de-danzas-y-malambo-el-facon-representara-a-campo-quijano-y-salta-en-el-festival-nacional-de-malambo-femenino-en-cordoba\/","og_site_name":"RQ 99.9","article_publisher":"https:\/\/www.facebook.com\/nahuelproducciones999\/","article_published_time":"2025-09-06T00:06:00+00:00","article_modified_time":"2025-09-06T00:06:01+00:00","og_image":[{"width":1600,"height":1200,"url":"https:\/\/nahuelproducciones.com.ar\/radioquijano\/wp-content\/uploads\/2025\/09\/WhatsApp-Image-2025-09-04-at-12.21.51-PM.jpeg","type":"image\/jpeg"}],"author":"Cecilia Pastrana","twitter_card":"summary_large_image","twitter_creator":"@nahuproduciones","twitter_site":"@nahuproduciones","twitter_misc":{"Escrito por":"Cecilia Pastrana","Tiempo de lectura":"3 minutos"},"schema":{"@context":"https:\/\/schema.org","@graph":[{"@type":"WebPage","@id":"https:\/\/nahuelproducciones.com.ar\/radioquijano\/el-estudio-de-danzas-y-malambo-el-facon-representara-a-campo-quijano-y-salta-en-el-festival-nacional-de-malambo-femenino-en-cordoba\/","url":"https:\/\/nahuelproducciones.com.ar\/radioquijano\/el-estudio-de-danzas-y-malambo-el-facon-representara-a-campo-quijano-y-salta-en-el-festival-nacional-de-malambo-femenino-en-cordoba\/","name":"El Estudio de Danzas y Malambo El Fac\u00f3n representar\u00e1 a Campo Quijano y Salta en el Festival Nacional de Malambo Femenino en C\u00f3rdoba - RQ 99.9","isPartOf":{"@id":"https:\/\/nahuelproducciones.com.ar\/radioquijano\/#website"},"datePublished":"2025-09-06T00:06:00+00:00","dateModified":"2025-09-06T00:06:01+00:00","author":{"@id":"https:\/\/nahuelproducciones.com.ar\/radioquijano\/#\/schema\/person\/e8a4f939e2cb487fe6d0c54042c9d32c"},"description":"Este domingo 7 de septiembre realizar\u00e1n una venta de locro a $5.000 el plato, que se puede reservar al 3874 06-8527. Tambi\u00e9n cuentan con un alias habilitado para colaboraciones: ELFACON.MALAMBO (a nombre de Jonathan Moyano).","breadcrumb":{"@id":"https:\/\/nahuelproducciones.com.ar\/radioquijano\/el-estudio-de-danzas-y-malambo-el-facon-representara-a-campo-quijano-y-salta-en-el-festival-nacional-de-malambo-femenino-en-cordoba\/#breadcrumb"},"inLanguage":"es","potentialAction":[{"@type":"ReadAction","target":["https:\/\/nahuelproducciones.com.ar\/radioquijano\/el-estudio-de-danzas-y-malambo-el-facon-representara-a-campo-quijano-y-salta-en-el-festival-nacional-de-malambo-femenino-en-cordoba\/"]}]},{"@type":"BreadcrumbList","@id":"https:\/\/nahuelproducciones.com.ar\/radioquijano\/el-estudio-de-danzas-y-malambo-el-facon-representara-a-campo-quijano-y-salta-en-el-festival-nacional-de-malambo-femenino-en-cordoba\/#breadcrumb","itemListElement":[{"@type":"ListItem","position":1,"name":"Portada","item":"https:\/\/nahuelproducciones.com.ar\/radioquijano\/"},{"@type":"ListItem","position":2,"name":"El Estudio de Danzas y Malambo El Fac\u00f3n representar\u00e1 a Campo Quijano y Salta en el Festival Nacional de Malambo Femenino en C\u00f3rdoba"}]},{"@type":"WebSite","@id":"https:\/\/nahuelproducciones.com.ar\/radioquijano\/#website","url":"https:\/\/nahuelproducciones.com.ar\/radioquijano\/","name":"RQ 99.9","description":"Radio Quijano 99.9 MHz","potentialAction":[{"@type":"SearchAction","target":{"@type":"EntryPoint","urlTemplate":"https:\/\/nahuelproducciones.com.ar\/radioquijano\/?s={search_term_string}"},"query-input":"required name=search_term_string"}],"inLanguage":"es"},{"@type":"Person","@id":"https:\/\/nahuelproducciones.com.ar\/radioquijano\/#\/schema\/person\/e8a4f939e2cb487fe6d0c54042c9d32c","name":"Cecilia Pastrana","image":{"@type":"ImageObject","inLanguage":"es","@id":"https:\/\/nahuelproducciones.com.ar\/radioquijano\/#\/schema\/person\/image\/","url":"https:\/\/secure.gravatar.com\/avatar\/661a3ef63a8488d4f2794ed44af8cf71420f7e106f3072c40125114df5157749?s=96&d=mm&r=g","contentUrl":"https:\/\/secure.gravatar.com\/avatar\/661a3ef63a8488d4f2794ed44af8cf71420f7e106f3072c40125114df5157749?s=96&d=mm&r=g","caption":"Cecilia Pastrana"},"sameAs":["cecy"],"url":"https:\/\/nahuelproducciones.com.ar\/radioquijano\/author\/cecy\/"}]}},"_links":{"self":[{"href":"https:\/\/nahuelproducciones.com.ar\/radioquijano\/wp-json\/wp\/v2\/posts\/11070","targetHints":{"allow":["GET"]}}],"collection":[{"href":"https:\/\/nahuelproducciones.com.ar\/radioquijano\/wp-json\/wp\/v2\/posts"}],"about":[{"href":"https:\/\/nahuelproducciones.com.ar\/radioquijano\/wp-json\/wp\/v2\/types\/post"}],"author":[{"embeddable":true,"href":"https:\/\/nahuelproducciones.com.ar\/radioquijano\/wp-json\/wp\/v2\/users\/8"}],"replies":[{"embeddable":true,"href":"https:\/\/nahuelproducciones.com.ar\/radioquijano\/wp-json\/wp\/v2\/comments?post=11070"}],"version-history":[{"count":1,"href":"https:\/\/nahuelproducciones.com.ar\/radioquijano\/wp-json\/wp\/v2\/posts\/11070\/revisions"}],"predecessor-version":[{"id":11079,"href":"https:\/\/nahuelproducciones.com.ar\/radioquijano\/wp-json\/wp\/v2\/posts\/11070\/revisions\/11079"}],"wp:featuredmedia":[{"embeddable":true,"href":"https:\/\/nahuelproducciones.com.ar\/radioquijano\/wp-json\/wp\/v2\/media\/11072"}],"wp:attachment":[{"href":"https:\/\/nahuelproducciones.com.ar\/radioquijano\/wp-json\/wp\/v2\/media?parent=11070"}],"wp:term":[{"taxonomy":"category","embeddable":true,"href":"https:\/\/nahuelproducciones.com.ar\/radioquijano\/wp-json\/wp\/v2\/categories?post=11070"},{"taxonomy":"post_tag","embeddable":true,"href":"https:\/\/nahuelproducciones.com.ar\/radioquijano\/wp-json\/wp\/v2\/tags?post=11070"}],"curies":[{"name":"wp","href":"https:\/\/api.w.org\/{rel}","templated":true}]}}