{"id":11085,"date":"2025-09-09T02:25:16","date_gmt":"2025-09-09T05:25:16","guid":{"rendered":"https:\/\/nahuelproducciones.com.ar\/radioquijano\/?p=11085"},"modified":"2025-09-10T10:04:46","modified_gmt":"2025-09-10T13:04:46","slug":"estreno-del-documental-caminantes-en-el-marco-de-las-festividades-del-milagro","status":"publish","type":"post","link":"https:\/\/nahuelproducciones.com.ar\/radioquijano\/estreno-del-documental-caminantes-en-el-marco-de-las-festividades-del-milagro\/","title":{"rendered":"Estreno del documental \u201cCaminantes\u201d en el marco de las festividades del Milagro"},"content":{"rendered":"\n<p>En el marco de las festividades en honor al Se\u00f1or y la Virgen del Milagro, se presentar\u00e1 en Salta el documental <em>\u201cCaminantes\u201d<\/em>, una obra que retrata la fe y la tradici\u00f3n de los peregrinos de la Puna. La proyecci\u00f3n se realizar\u00e1 el pr\u00f3ximo <strong>mi\u00e9rcoles 10 de septiembre a las 18:00 horas<\/strong> en el <strong>Museo de la Ciudad Casa Hern\u00e1ndez (La Florida 97)<\/strong>, con <strong>entrada libre y gratuita<\/strong>.<\/p>\n\n\n\n<p>Dirigido por <strong>Javier F\u00e9lix<\/strong> y producido por <strong>Mariana Perea<\/strong>, el film se sumerge en la experiencia \u00edntima de los caminantes que a\u00f1o tras a\u00f1o recorren cientos de kil\u00f3metros hacia la capital salte\u00f1a, mostrando no solo su devoci\u00f3n religiosa, sino tambi\u00e9n la riqueza cultural y humana que encierra esta manifestaci\u00f3n de fe.<\/p>\n\n\n\n<p>\u201cCaminantes\u201d busca acercar al p\u00fablico el testimonio de quienes, con esfuerzo y esperanza, mantienen viva una de las tradiciones m\u00e1s arraigadas de la regi\u00f3n. El documental se caracteriza por su mirada sensible y respetuosa hacia los peregrinos, poniendo en primer plano las historias personales y el significado profundo de esta pr\u00e1ctica colectiva.<\/p>\n\n\n\n<p>La funci\u00f3n cuenta con el apoyo de <strong>Kit Press<\/strong>, que colabora en la promoci\u00f3n y difusi\u00f3n del evento. Adem\u00e1s, los medios de comunicaci\u00f3n interesados disponen de un tr\u00e1iler promocional para adelantar la cobertura en redes sociales y plataformas digitales.<\/p>\n\n\n\n<p>El estreno se presenta como una oportunidad \u00fanica para celebrar el cine documental y, al mismo tiempo, rendir homenaje a una de las expresiones de fe m\u00e1s representativas de los salte\u00f1os.<\/p>\n\n\n\n<p>&#x1f4cc; <strong>Contacto de prensa<\/strong>: @maja.contenidos | WhatsApp 3874770545 (Mariana Perea) | Email: <a>mariana.soledad.perea@gmail.com<\/a><\/p>\n\n\n<div class=\"wp-block-image\">\n<figure class=\"aligncenter size-large is-resized\"><img loading=\"lazy\" decoding=\"async\" width=\"819\" height=\"1024\" src=\"https:\/\/nahuelproducciones.com.ar\/radioquijano\/wp-content\/uploads\/2025\/09\/dda66871-d7a7-44d8-9a96-b7af3dfc5061-819x1024.jpeg\" alt=\"\" class=\"wp-image-11088\" style=\"width:413px;height:auto\" srcset=\"https:\/\/nahuelproducciones.com.ar\/radioquijano\/wp-content\/uploads\/2025\/09\/dda66871-d7a7-44d8-9a96-b7af3dfc5061-819x1024.jpeg 819w, https:\/\/nahuelproducciones.com.ar\/radioquijano\/wp-content\/uploads\/2025\/09\/dda66871-d7a7-44d8-9a96-b7af3dfc5061-240x300.jpeg 240w, https:\/\/nahuelproducciones.com.ar\/radioquijano\/wp-content\/uploads\/2025\/09\/dda66871-d7a7-44d8-9a96-b7af3dfc5061-768x960.jpeg 768w, https:\/\/nahuelproducciones.com.ar\/radioquijano\/wp-content\/uploads\/2025\/09\/dda66871-d7a7-44d8-9a96-b7af3dfc5061-150x188.jpeg 150w, https:\/\/nahuelproducciones.com.ar\/radioquijano\/wp-content\/uploads\/2025\/09\/dda66871-d7a7-44d8-9a96-b7af3dfc5061.jpeg 1080w\" sizes=\"auto, (max-width: 819px) 100vw, 819px\" \/><\/figure><\/div>\n\n<div class=\"wp-block-image\">\n<figure class=\"aligncenter size-large is-resized\"><img loading=\"lazy\" decoding=\"async\" width=\"576\" height=\"1024\" src=\"https:\/\/nahuelproducciones.com.ar\/radioquijano\/wp-content\/uploads\/2025\/09\/WhatsApp-Image-2025-09-05-at-8.03.32-AM-576x1024.jpeg\" alt=\"\" class=\"wp-image-11090\" style=\"width:389px;height:auto\" srcset=\"https:\/\/nahuelproducciones.com.ar\/radioquijano\/wp-content\/uploads\/2025\/09\/WhatsApp-Image-2025-09-05-at-8.03.32-AM-576x1024.jpeg 576w, https:\/\/nahuelproducciones.com.ar\/radioquijano\/wp-content\/uploads\/2025\/09\/WhatsApp-Image-2025-09-05-at-8.03.32-AM-169x300.jpeg 169w, https:\/\/nahuelproducciones.com.ar\/radioquijano\/wp-content\/uploads\/2025\/09\/WhatsApp-Image-2025-09-05-at-8.03.32-AM-768x1366.jpeg 768w, https:\/\/nahuelproducciones.com.ar\/radioquijano\/wp-content\/uploads\/2025\/09\/WhatsApp-Image-2025-09-05-at-8.03.32-AM-864x1536.jpeg 864w, https:\/\/nahuelproducciones.com.ar\/radioquijano\/wp-content\/uploads\/2025\/09\/WhatsApp-Image-2025-09-05-at-8.03.32-AM-150x267.jpeg 150w, https:\/\/nahuelproducciones.com.ar\/radioquijano\/wp-content\/uploads\/2025\/09\/WhatsApp-Image-2025-09-05-at-8.03.32-AM.jpeg 899w\" sizes=\"auto, (max-width: 576px) 100vw, 576px\" \/><\/figure><\/div>\n\n\n<figure class=\"wp-block-video\"><video controls src=\"https:\/\/nahuelproducciones.com.ar\/radioquijano\/wp-content\/uploads\/2025\/09\/WhatsApp-Video-2025-09-05-at-8.03.32-AM.mp4\"><\/video><\/figure>\n","protected":false},"excerpt":{"rendered":"<p>En el marco de las festividades en honor al Se\u00f1or y la Virgen del Milagro, se presentar\u00e1 en Salta el documental \u201cCaminantes\u201d, una obra que retrata la fe y la tradici\u00f3n de los peregrinos de la Puna. La proyecci\u00f3n se realizar\u00e1 el pr\u00f3ximo mi\u00e9rcoles 10 de septiembre a las 18:00 horas en el Museo de [&hellip;]<\/p>\n","protected":false},"author":8,"featured_media":11087,"comment_status":"open","ping_status":"open","sticky":false,"template":"","format":"standard","meta":{"_monsterinsights_skip_tracking":false,"_monsterinsights_sitenote_active":false,"_monsterinsights_sitenote_note":"","_monsterinsights_sitenote_category":0,"footnotes":""},"categories":[16],"tags":[1901,100,1900],"class_list":["post-11085","post","type-post","status-publish","format-standard","has-post-thumbnail","hentry","category-noticias","tag-documental-caminantes","tag-municipio-de-campo-quijano","tag-senor-y-la-virgen-del-milagro-2"],"yoast_head":"<!-- This site is optimized with the Yoast SEO plugin v20.8 - https:\/\/yoast.com\/wordpress\/plugins\/seo\/ -->\n<title>Estreno del documental \u201cCaminantes\u201d en el marco de las festividades del Milagro - RQ 99.9<\/title>\n<meta name=\"description\" content=\"mi\u00e9rcoles 10 de septiembre a las 19 horas en el Museo de la Ciudad Casa Hern\u00e1ndez (La Florida 97), con entrada libre y gratuita.\" \/>\n<meta name=\"robots\" content=\"index, follow, max-snippet:-1, max-image-preview:large, max-video-preview:-1\" \/>\n<link rel=\"canonical\" href=\"https:\/\/nahuelproducciones.com.ar\/radioquijano\/estreno-del-documental-caminantes-en-el-marco-de-las-festividades-del-milagro\/\" \/>\n<meta property=\"og:locale\" content=\"es_ES\" \/>\n<meta property=\"og:type\" content=\"article\" \/>\n<meta property=\"og:title\" content=\"Estreno del documental \u201cCaminantes\u201d en el marco de las festividades del Milagro - RQ 99.9\" \/>\n<meta property=\"og:description\" content=\"mi\u00e9rcoles 10 de septiembre a las 19 horas en el Museo de la Ciudad Casa Hern\u00e1ndez (La Florida 97), con entrada libre y gratuita.\" \/>\n<meta property=\"og:url\" content=\"https:\/\/nahuelproducciones.com.ar\/radioquijano\/estreno-del-documental-caminantes-en-el-marco-de-las-festividades-del-milagro\/\" \/>\n<meta property=\"og:site_name\" content=\"RQ 99.9\" \/>\n<meta property=\"article:publisher\" content=\"https:\/\/www.facebook.com\/nahuelproducciones999\/\" \/>\n<meta property=\"article:published_time\" content=\"2025-09-09T05:25:16+00:00\" \/>\n<meta property=\"article:modified_time\" content=\"2025-09-10T13:04:46+00:00\" \/>\n<meta property=\"og:image\" content=\"https:\/\/nahuelproducciones.com.ar\/radioquijano\/wp-content\/uploads\/2025\/09\/WhatsApp-Image-2025-09-09-at-2.11.23-AM-e1757395412371.jpeg\" \/>\n\t<meta property=\"og:image:width\" content=\"700\" \/>\n\t<meta property=\"og:image:height\" content=\"385\" \/>\n\t<meta property=\"og:image:type\" content=\"image\/jpeg\" \/>\n<meta name=\"author\" content=\"Cecilia Pastrana\" \/>\n<meta name=\"twitter:card\" content=\"summary_large_image\" \/>\n<meta name=\"twitter:creator\" content=\"@nahuproduciones\" \/>\n<meta name=\"twitter:site\" content=\"@nahuproduciones\" \/>\n<meta name=\"twitter:label1\" content=\"Escrito por\" \/>\n\t<meta name=\"twitter:data1\" content=\"Cecilia Pastrana\" \/>\n\t<meta name=\"twitter:label2\" content=\"Tiempo de lectura\" \/>\n\t<meta name=\"twitter:data2\" content=\"2 minutos\" \/>\n<script type=\"application\/ld+json\" class=\"yoast-schema-graph\">{\"@context\":\"https:\/\/schema.org\",\"@graph\":[{\"@type\":\"WebPage\",\"@id\":\"https:\/\/nahuelproducciones.com.ar\/radioquijano\/estreno-del-documental-caminantes-en-el-marco-de-las-festividades-del-milagro\/\",\"url\":\"https:\/\/nahuelproducciones.com.ar\/radioquijano\/estreno-del-documental-caminantes-en-el-marco-de-las-festividades-del-milagro\/\",\"name\":\"Estreno del documental \u201cCaminantes\u201d en el marco de las festividades del Milagro - RQ 99.9\",\"isPartOf\":{\"@id\":\"https:\/\/nahuelproducciones.com.ar\/radioquijano\/#website\"},\"datePublished\":\"2025-09-09T05:25:16+00:00\",\"dateModified\":\"2025-09-10T13:04:46+00:00\",\"author\":{\"@id\":\"https:\/\/nahuelproducciones.com.ar\/radioquijano\/#\/schema\/person\/e8a4f939e2cb487fe6d0c54042c9d32c\"},\"description\":\"mi\u00e9rcoles 10 de septiembre a las 19 horas en el Museo de la Ciudad Casa Hern\u00e1ndez (La Florida 97), con entrada libre y gratuita.\",\"breadcrumb\":{\"@id\":\"https:\/\/nahuelproducciones.com.ar\/radioquijano\/estreno-del-documental-caminantes-en-el-marco-de-las-festividades-del-milagro\/#breadcrumb\"},\"inLanguage\":\"es\",\"potentialAction\":[{\"@type\":\"ReadAction\",\"target\":[\"https:\/\/nahuelproducciones.com.ar\/radioquijano\/estreno-del-documental-caminantes-en-el-marco-de-las-festividades-del-milagro\/\"]}]},{\"@type\":\"BreadcrumbList\",\"@id\":\"https:\/\/nahuelproducciones.com.ar\/radioquijano\/estreno-del-documental-caminantes-en-el-marco-de-las-festividades-del-milagro\/#breadcrumb\",\"itemListElement\":[{\"@type\":\"ListItem\",\"position\":1,\"name\":\"Portada\",\"item\":\"https:\/\/nahuelproducciones.com.ar\/radioquijano\/\"},{\"@type\":\"ListItem\",\"position\":2,\"name\":\"Estreno del documental \u201cCaminantes\u201d en el marco de las festividades del Milagro\"}]},{\"@type\":\"WebSite\",\"@id\":\"https:\/\/nahuelproducciones.com.ar\/radioquijano\/#website\",\"url\":\"https:\/\/nahuelproducciones.com.ar\/radioquijano\/\",\"name\":\"RQ 99.9\",\"description\":\"Radio Quijano 99.9 MHz\",\"potentialAction\":[{\"@type\":\"SearchAction\",\"target\":{\"@type\":\"EntryPoint\",\"urlTemplate\":\"https:\/\/nahuelproducciones.com.ar\/radioquijano\/?s={search_term_string}\"},\"query-input\":\"required name=search_term_string\"}],\"inLanguage\":\"es\"},{\"@type\":\"Person\",\"@id\":\"https:\/\/nahuelproducciones.com.ar\/radioquijano\/#\/schema\/person\/e8a4f939e2cb487fe6d0c54042c9d32c\",\"name\":\"Cecilia Pastrana\",\"image\":{\"@type\":\"ImageObject\",\"inLanguage\":\"es\",\"@id\":\"https:\/\/nahuelproducciones.com.ar\/radioquijano\/#\/schema\/person\/image\/\",\"url\":\"https:\/\/secure.gravatar.com\/avatar\/661a3ef63a8488d4f2794ed44af8cf71420f7e106f3072c40125114df5157749?s=96&d=mm&r=g\",\"contentUrl\":\"https:\/\/secure.gravatar.com\/avatar\/661a3ef63a8488d4f2794ed44af8cf71420f7e106f3072c40125114df5157749?s=96&d=mm&r=g\",\"caption\":\"Cecilia Pastrana\"},\"sameAs\":[\"cecy\"],\"url\":\"https:\/\/nahuelproducciones.com.ar\/radioquijano\/author\/cecy\/\"}]}<\/script>\n<!-- \/ Yoast SEO plugin. -->","yoast_head_json":{"title":"Estreno del documental \u201cCaminantes\u201d en el marco de las festividades del Milagro - RQ 99.9","description":"mi\u00e9rcoles 10 de septiembre a las 19 horas en el Museo de la Ciudad Casa Hern\u00e1ndez (La Florida 97), con entrada libre y gratuita.","robots":{"index":"index","follow":"follow","max-snippet":"max-snippet:-1","max-image-preview":"max-image-preview:large","max-video-preview":"max-video-preview:-1"},"canonical":"https:\/\/nahuelproducciones.com.ar\/radioquijano\/estreno-del-documental-caminantes-en-el-marco-de-las-festividades-del-milagro\/","og_locale":"es_ES","og_type":"article","og_title":"Estreno del documental \u201cCaminantes\u201d en el marco de las festividades del Milagro - RQ 99.9","og_description":"mi\u00e9rcoles 10 de septiembre a las 19 horas en el Museo de la Ciudad Casa Hern\u00e1ndez (La Florida 97), con entrada libre y gratuita.","og_url":"https:\/\/nahuelproducciones.com.ar\/radioquijano\/estreno-del-documental-caminantes-en-el-marco-de-las-festividades-del-milagro\/","og_site_name":"RQ 99.9","article_publisher":"https:\/\/www.facebook.com\/nahuelproducciones999\/","article_published_time":"2025-09-09T05:25:16+00:00","article_modified_time":"2025-09-10T13:04:46+00:00","og_image":[{"width":700,"height":385,"url":"https:\/\/nahuelproducciones.com.ar\/radioquijano\/wp-content\/uploads\/2025\/09\/WhatsApp-Image-2025-09-09-at-2.11.23-AM-e1757395412371.jpeg","type":"image\/jpeg"}],"author":"Cecilia Pastrana","twitter_card":"summary_large_image","twitter_creator":"@nahuproduciones","twitter_site":"@nahuproduciones","twitter_misc":{"Escrito por":"Cecilia Pastrana","Tiempo de lectura":"2 minutos"},"schema":{"@context":"https:\/\/schema.org","@graph":[{"@type":"WebPage","@id":"https:\/\/nahuelproducciones.com.ar\/radioquijano\/estreno-del-documental-caminantes-en-el-marco-de-las-festividades-del-milagro\/","url":"https:\/\/nahuelproducciones.com.ar\/radioquijano\/estreno-del-documental-caminantes-en-el-marco-de-las-festividades-del-milagro\/","name":"Estreno del documental \u201cCaminantes\u201d en el marco de las festividades del Milagro - RQ 99.9","isPartOf":{"@id":"https:\/\/nahuelproducciones.com.ar\/radioquijano\/#website"},"datePublished":"2025-09-09T05:25:16+00:00","dateModified":"2025-09-10T13:04:46+00:00","author":{"@id":"https:\/\/nahuelproducciones.com.ar\/radioquijano\/#\/schema\/person\/e8a4f939e2cb487fe6d0c54042c9d32c"},"description":"mi\u00e9rcoles 10 de septiembre a las 19 horas en el Museo de la Ciudad Casa Hern\u00e1ndez (La Florida 97), con entrada libre y gratuita.","breadcrumb":{"@id":"https:\/\/nahuelproducciones.com.ar\/radioquijano\/estreno-del-documental-caminantes-en-el-marco-de-las-festividades-del-milagro\/#breadcrumb"},"inLanguage":"es","potentialAction":[{"@type":"ReadAction","target":["https:\/\/nahuelproducciones.com.ar\/radioquijano\/estreno-del-documental-caminantes-en-el-marco-de-las-festividades-del-milagro\/"]}]},{"@type":"BreadcrumbList","@id":"https:\/\/nahuelproducciones.com.ar\/radioquijano\/estreno-del-documental-caminantes-en-el-marco-de-las-festividades-del-milagro\/#breadcrumb","itemListElement":[{"@type":"ListItem","position":1,"name":"Portada","item":"https:\/\/nahuelproducciones.com.ar\/radioquijano\/"},{"@type":"ListItem","position":2,"name":"Estreno del documental \u201cCaminantes\u201d en el marco de las festividades del Milagro"}]},{"@type":"WebSite","@id":"https:\/\/nahuelproducciones.com.ar\/radioquijano\/#website","url":"https:\/\/nahuelproducciones.com.ar\/radioquijano\/","name":"RQ 99.9","description":"Radio Quijano 99.9 MHz","potentialAction":[{"@type":"SearchAction","target":{"@type":"EntryPoint","urlTemplate":"https:\/\/nahuelproducciones.com.ar\/radioquijano\/?s={search_term_string}"},"query-input":"required name=search_term_string"}],"inLanguage":"es"},{"@type":"Person","@id":"https:\/\/nahuelproducciones.com.ar\/radioquijano\/#\/schema\/person\/e8a4f939e2cb487fe6d0c54042c9d32c","name":"Cecilia Pastrana","image":{"@type":"ImageObject","inLanguage":"es","@id":"https:\/\/nahuelproducciones.com.ar\/radioquijano\/#\/schema\/person\/image\/","url":"https:\/\/secure.gravatar.com\/avatar\/661a3ef63a8488d4f2794ed44af8cf71420f7e106f3072c40125114df5157749?s=96&d=mm&r=g","contentUrl":"https:\/\/secure.gravatar.com\/avatar\/661a3ef63a8488d4f2794ed44af8cf71420f7e106f3072c40125114df5157749?s=96&d=mm&r=g","caption":"Cecilia Pastrana"},"sameAs":["cecy"],"url":"https:\/\/nahuelproducciones.com.ar\/radioquijano\/author\/cecy\/"}]}},"_links":{"self":[{"href":"https:\/\/nahuelproducciones.com.ar\/radioquijano\/wp-json\/wp\/v2\/posts\/11085","targetHints":{"allow":["GET"]}}],"collection":[{"href":"https:\/\/nahuelproducciones.com.ar\/radioquijano\/wp-json\/wp\/v2\/posts"}],"about":[{"href":"https:\/\/nahuelproducciones.com.ar\/radioquijano\/wp-json\/wp\/v2\/types\/post"}],"author":[{"embeddable":true,"href":"https:\/\/nahuelproducciones.com.ar\/radioquijano\/wp-json\/wp\/v2\/users\/8"}],"replies":[{"embeddable":true,"href":"https:\/\/nahuelproducciones.com.ar\/radioquijano\/wp-json\/wp\/v2\/comments?post=11085"}],"version-history":[{"count":3,"href":"https:\/\/nahuelproducciones.com.ar\/radioquijano\/wp-json\/wp\/v2\/posts\/11085\/revisions"}],"predecessor-version":[{"id":11118,"href":"https:\/\/nahuelproducciones.com.ar\/radioquijano\/wp-json\/wp\/v2\/posts\/11085\/revisions\/11118"}],"wp:featuredmedia":[{"embeddable":true,"href":"https:\/\/nahuelproducciones.com.ar\/radioquijano\/wp-json\/wp\/v2\/media\/11087"}],"wp:attachment":[{"href":"https:\/\/nahuelproducciones.com.ar\/radioquijano\/wp-json\/wp\/v2\/media?parent=11085"}],"wp:term":[{"taxonomy":"category","embeddable":true,"href":"https:\/\/nahuelproducciones.com.ar\/radioquijano\/wp-json\/wp\/v2\/categories?post=11085"},{"taxonomy":"post_tag","embeddable":true,"href":"https:\/\/nahuelproducciones.com.ar\/radioquijano\/wp-json\/wp\/v2\/tags?post=11085"}],"curies":[{"name":"wp","href":"https:\/\/api.w.org\/{rel}","templated":true}]}}