{"id":11158,"date":"2025-09-18T22:22:54","date_gmt":"2025-09-19T01:22:54","guid":{"rendered":"https:\/\/nahuelproducciones.com.ar\/radioquijano\/?p=11158"},"modified":"2025-09-18T22:25:27","modified_gmt":"2025-09-19T01:25:27","slug":"concejala-lorena-torres-cuestiona-el-veto-a-la-actualizacion-del-subsidio-para-empleados-municipales","status":"publish","type":"post","link":"https:\/\/nahuelproducciones.com.ar\/radioquijano\/concejala-lorena-torres-cuestiona-el-veto-a-la-actualizacion-del-subsidio-para-empleados-municipales\/","title":{"rendered":"Concejal Lorena Torres cuestiona el veto a la actualizaci\u00f3n del subsidio para empleados municipales"},"content":{"rendered":"\n<p>La concejal <strong>Lorena Torres<\/strong> expres\u00f3 su malestar a trav\u00e9s de su cuenta de Facebook luego de que fracasara la ratificaci\u00f3n del proyecto que modificaba el art\u00edculo 6\u00b0 de la <strong>Ordenanza 02\/20<\/strong>, iniciativa que pretend\u00eda <strong>actualizar el subsidio destinado a empleados municipales con familiares en situaci\u00f3n de emergencia<\/strong>.<\/p>\n\n\n\n<p>En su publicaci\u00f3n, Torres apunt\u00f3 directamente al <strong>delegado de ATE, Mart\u00edn Dom\u00ednguez<\/strong>, a quien responsabiliz\u00f3 por su \u201cdesinter\u00e9s y falta de compromiso con el empleado municipal\u201d. Tambi\u00e9n cuestion\u00f3 las abstenciones de los concejales <strong>Pablo Orosco, Raquel Ger\u00f3n y Carlos Cruz<\/strong>, as\u00ed como el <strong>voto en contra del concejal Su\u00e1rez<\/strong>, quienes, seg\u00fan la edil, posibilitaron que prosperara el veto del Ejecutivo municipal.<\/p>\n\n\n\n<blockquote class=\"wp-block-quote is-layout-flow wp-block-quote-is-layout-flow\">\n<p>\u201cLa obediencia debida pesa y el empleado municipal, particularmente el denominado <em>trabajador por horas<\/em>, continuar\u00e1 expuesto a la inhumanidad de un Estado municipal que los emplea en las peores condiciones laborales y que pretende burlarlos con un subsidio de $6.000 frente a alguna emergencia\u201d, se\u00f1al\u00f3 Torres en el texto difundido.<\/p>\n<\/blockquote>\n\n\n\n<p>El proyecto buscaba actualizar un beneficio que, seg\u00fan la concejala, qued\u00f3 desfasado frente al costo de vida y la realidad econ\u00f3mica de los trabajadores. Con el veto vigente, el monto del subsidio por emergencia familiar <strong>permanece en $6.000<\/strong>, cifra que la edil considera \u201cinsuficiente e injusta\u201d.<\/p>\n\n\n\n<p>Hasta el momento, <strong>no hubo declaraciones oficiales del Ejecutivo municipal ni de los concejales mencionados<\/strong> sobre las cr\u00edticas vertidas por Torres.<\/p>\n\n\n<p><iframe loading=\"lazy\" src=\"https:\/\/www.facebook.com\/plugins\/post.php?href=https%3A%2F%2Fwww.facebook.com%2Fpermalink.php%3Fstory_fbid%3Dpfbid02cgWVdvNLY14H2JPMgRBUMPGc61x3gbzzySQEtZxHP29HuGffEotXXeq1TT11vXMCl%26id%3D100006577503821&#038;show_text=true&#038;width=500\" width=\"500\" height=\"737\" style=\"border:none;overflow:hidden\" scrolling=\"no\" frameborder=\"0\" allowfullscreen=\"true\" allow=\"autoplay; clipboard-write; encrypted-media; picture-in-picture; web-share\"><\/iframe><\/p>\n\n\n<div class=\"wp-block-image\">\n<figure class=\"aligncenter size-full is-resized\"><img loading=\"lazy\" decoding=\"async\" width=\"720\" height=\"872\" src=\"https:\/\/nahuelproducciones.com.ar\/radioquijano\/wp-content\/uploads\/2025\/09\/WhatsApp-Image-2025-09-18-at-10.10.41-PM.jpeg\" alt=\"\" class=\"wp-image-11160\" style=\"width:530px;height:auto\" srcset=\"https:\/\/nahuelproducciones.com.ar\/radioquijano\/wp-content\/uploads\/2025\/09\/WhatsApp-Image-2025-09-18-at-10.10.41-PM.jpeg 720w, https:\/\/nahuelproducciones.com.ar\/radioquijano\/wp-content\/uploads\/2025\/09\/WhatsApp-Image-2025-09-18-at-10.10.41-PM-248x300.jpeg 248w, https:\/\/nahuelproducciones.com.ar\/radioquijano\/wp-content\/uploads\/2025\/09\/WhatsApp-Image-2025-09-18-at-10.10.41-PM-150x182.jpeg 150w\" sizes=\"auto, (max-width: 720px) 100vw, 720px\" \/><\/figure><\/div>\n\n<p><iframe loading=\"lazy\" src=\"https:\/\/www.facebook.com\/plugins\/video.php?height=314&#038;href=https%3A%2F%2Fwww.facebook.com%2F61554377468618%2Fvideos%2F1145305867666081%2F&#038;show_text=false&#038;width=560&#038;t=0\" width=\"560\" height=\"314\" style=\"border:none;overflow:hidden\" scrolling=\"no\" frameborder=\"0\" allowfullscreen=\"true\" allow=\"autoplay; clipboard-write; encrypted-media; picture-in-picture; web-share\" allowFullScreen=\"true\"><\/iframe><\/p>\n","protected":false},"excerpt":{"rendered":"<p>La concejal Lorena Torres expres\u00f3 su malestar a trav\u00e9s de su cuenta de Facebook luego de que fracasara la ratificaci\u00f3n del proyecto que modificaba el art\u00edculo 6\u00b0 de la Ordenanza 02\/20, iniciativa que pretend\u00eda actualizar el subsidio destinado a empleados municipales con familiares en situaci\u00f3n de emergencia. En su publicaci\u00f3n, Torres apunt\u00f3 directamente al delegado [&hellip;]<\/p>\n","protected":false},"author":8,"featured_media":11159,"comment_status":"open","ping_status":"open","sticky":false,"template":"","format":"standard","meta":{"_monsterinsights_skip_tracking":false,"_monsterinsights_sitenote_active":false,"_monsterinsights_sitenote_note":"","_monsterinsights_sitenote_category":0,"footnotes":""},"categories":[16],"tags":[1584,75,100,1910],"class_list":["post-11158","post","type-post","status-publish","format-standard","has-post-thumbnail","hentry","category-noticias","tag-concejal-lorena-tores","tag-concejo-deliberante-de-campo-quijano","tag-municipio-de-campo-quijano","tag-veto"],"yoast_head":"<!-- This site is optimized with the Yoast SEO plugin v20.8 - https:\/\/yoast.com\/wordpress\/plugins\/seo\/ -->\n<title>Concejal Lorena Torres cuestiona el veto a la actualizaci\u00f3n del subsidio para empleados municipales - RQ 99.9<\/title>\n<meta name=\"description\" content=\"La edil public\u00f3 un fuerte mensaje en redes sociales tras el rechazo a la modificaci\u00f3n de la Ordenanza 02\/20, que buscaba elevar el monto del subsidio por emergencia familiar para trabajadores municipales. Se\u00f1al\u00f3 a concejales y al delegado de ATE por \u201cdesinter\u00e9s\u201d y \u201cobediencia debida\u201d.\" \/>\n<meta name=\"robots\" content=\"index, follow, max-snippet:-1, max-image-preview:large, max-video-preview:-1\" \/>\n<link rel=\"canonical\" href=\"https:\/\/nahuelproducciones.com.ar\/radioquijano\/concejala-lorena-torres-cuestiona-el-veto-a-la-actualizacion-del-subsidio-para-empleados-municipales\/\" \/>\n<meta property=\"og:locale\" content=\"es_ES\" \/>\n<meta property=\"og:type\" content=\"article\" \/>\n<meta property=\"og:title\" content=\"Concejal Lorena Torres cuestiona el veto a la actualizaci\u00f3n del subsidio para empleados municipales - RQ 99.9\" \/>\n<meta property=\"og:description\" content=\"La edil public\u00f3 un fuerte mensaje en redes sociales tras el rechazo a la modificaci\u00f3n de la Ordenanza 02\/20, que buscaba elevar el monto del subsidio por emergencia familiar para trabajadores municipales. Se\u00f1al\u00f3 a concejales y al delegado de ATE por \u201cdesinter\u00e9s\u201d y \u201cobediencia debida\u201d.\" \/>\n<meta property=\"og:url\" content=\"https:\/\/nahuelproducciones.com.ar\/radioquijano\/concejala-lorena-torres-cuestiona-el-veto-a-la-actualizacion-del-subsidio-para-empleados-municipales\/\" \/>\n<meta property=\"og:site_name\" content=\"RQ 99.9\" \/>\n<meta property=\"article:publisher\" content=\"https:\/\/www.facebook.com\/nahuelproducciones999\/\" \/>\n<meta property=\"article:published_time\" content=\"2025-09-19T01:22:54+00:00\" \/>\n<meta property=\"article:modified_time\" content=\"2025-09-19T01:25:27+00:00\" \/>\n<meta property=\"og:image\" content=\"https:\/\/nahuelproducciones.com.ar\/radioquijano\/wp-content\/uploads\/2025\/09\/548703304_4471071953122011_3897503567718288769_n-e1758243934925.jpg\" \/>\n\t<meta property=\"og:image:width\" content=\"700\" \/>\n\t<meta property=\"og:image:height\" content=\"700\" \/>\n\t<meta property=\"og:image:type\" content=\"image\/jpeg\" \/>\n<meta name=\"author\" content=\"Cecilia Pastrana\" \/>\n<meta name=\"twitter:card\" content=\"summary_large_image\" \/>\n<meta name=\"twitter:creator\" content=\"@nahuproduciones\" \/>\n<meta name=\"twitter:site\" content=\"@nahuproduciones\" \/>\n<meta name=\"twitter:label1\" content=\"Escrito por\" \/>\n\t<meta name=\"twitter:data1\" content=\"Cecilia Pastrana\" \/>\n\t<meta name=\"twitter:label2\" content=\"Tiempo de lectura\" \/>\n\t<meta name=\"twitter:data2\" content=\"2 minutos\" \/>\n<script type=\"application\/ld+json\" class=\"yoast-schema-graph\">{\"@context\":\"https:\/\/schema.org\",\"@graph\":[{\"@type\":\"WebPage\",\"@id\":\"https:\/\/nahuelproducciones.com.ar\/radioquijano\/concejala-lorena-torres-cuestiona-el-veto-a-la-actualizacion-del-subsidio-para-empleados-municipales\/\",\"url\":\"https:\/\/nahuelproducciones.com.ar\/radioquijano\/concejala-lorena-torres-cuestiona-el-veto-a-la-actualizacion-del-subsidio-para-empleados-municipales\/\",\"name\":\"Concejal Lorena Torres cuestiona el veto a la actualizaci\u00f3n del subsidio para empleados municipales - RQ 99.9\",\"isPartOf\":{\"@id\":\"https:\/\/nahuelproducciones.com.ar\/radioquijano\/#website\"},\"datePublished\":\"2025-09-19T01:22:54+00:00\",\"dateModified\":\"2025-09-19T01:25:27+00:00\",\"author\":{\"@id\":\"https:\/\/nahuelproducciones.com.ar\/radioquijano\/#\/schema\/person\/e8a4f939e2cb487fe6d0c54042c9d32c\"},\"description\":\"La edil public\u00f3 un fuerte mensaje en redes sociales tras el rechazo a la modificaci\u00f3n de la Ordenanza 02\/20, que buscaba elevar el monto del subsidio por emergencia familiar para trabajadores municipales. Se\u00f1al\u00f3 a concejales y al delegado de ATE por \u201cdesinter\u00e9s\u201d y \u201cobediencia debida\u201d.\",\"breadcrumb\":{\"@id\":\"https:\/\/nahuelproducciones.com.ar\/radioquijano\/concejala-lorena-torres-cuestiona-el-veto-a-la-actualizacion-del-subsidio-para-empleados-municipales\/#breadcrumb\"},\"inLanguage\":\"es\",\"potentialAction\":[{\"@type\":\"ReadAction\",\"target\":[\"https:\/\/nahuelproducciones.com.ar\/radioquijano\/concejala-lorena-torres-cuestiona-el-veto-a-la-actualizacion-del-subsidio-para-empleados-municipales\/\"]}]},{\"@type\":\"BreadcrumbList\",\"@id\":\"https:\/\/nahuelproducciones.com.ar\/radioquijano\/concejala-lorena-torres-cuestiona-el-veto-a-la-actualizacion-del-subsidio-para-empleados-municipales\/#breadcrumb\",\"itemListElement\":[{\"@type\":\"ListItem\",\"position\":1,\"name\":\"Portada\",\"item\":\"https:\/\/nahuelproducciones.com.ar\/radioquijano\/\"},{\"@type\":\"ListItem\",\"position\":2,\"name\":\"Concejal Lorena Torres cuestiona el veto a la actualizaci\u00f3n del subsidio para empleados municipales\"}]},{\"@type\":\"WebSite\",\"@id\":\"https:\/\/nahuelproducciones.com.ar\/radioquijano\/#website\",\"url\":\"https:\/\/nahuelproducciones.com.ar\/radioquijano\/\",\"name\":\"RQ 99.9\",\"description\":\"Radio Quijano 99.9 MHz\",\"potentialAction\":[{\"@type\":\"SearchAction\",\"target\":{\"@type\":\"EntryPoint\",\"urlTemplate\":\"https:\/\/nahuelproducciones.com.ar\/radioquijano\/?s={search_term_string}\"},\"query-input\":\"required name=search_term_string\"}],\"inLanguage\":\"es\"},{\"@type\":\"Person\",\"@id\":\"https:\/\/nahuelproducciones.com.ar\/radioquijano\/#\/schema\/person\/e8a4f939e2cb487fe6d0c54042c9d32c\",\"name\":\"Cecilia Pastrana\",\"image\":{\"@type\":\"ImageObject\",\"inLanguage\":\"es\",\"@id\":\"https:\/\/nahuelproducciones.com.ar\/radioquijano\/#\/schema\/person\/image\/\",\"url\":\"https:\/\/secure.gravatar.com\/avatar\/661a3ef63a8488d4f2794ed44af8cf71420f7e106f3072c40125114df5157749?s=96&d=mm&r=g\",\"contentUrl\":\"https:\/\/secure.gravatar.com\/avatar\/661a3ef63a8488d4f2794ed44af8cf71420f7e106f3072c40125114df5157749?s=96&d=mm&r=g\",\"caption\":\"Cecilia Pastrana\"},\"sameAs\":[\"cecy\"],\"url\":\"https:\/\/nahuelproducciones.com.ar\/radioquijano\/author\/cecy\/\"}]}<\/script>\n<!-- \/ Yoast SEO plugin. -->","yoast_head_json":{"title":"Concejal Lorena Torres cuestiona el veto a la actualizaci\u00f3n del subsidio para empleados municipales - RQ 99.9","description":"La edil public\u00f3 un fuerte mensaje en redes sociales tras el rechazo a la modificaci\u00f3n de la Ordenanza 02\/20, que buscaba elevar el monto del subsidio por emergencia familiar para trabajadores municipales. Se\u00f1al\u00f3 a concejales y al delegado de ATE por \u201cdesinter\u00e9s\u201d y \u201cobediencia debida\u201d.","robots":{"index":"index","follow":"follow","max-snippet":"max-snippet:-1","max-image-preview":"max-image-preview:large","max-video-preview":"max-video-preview:-1"},"canonical":"https:\/\/nahuelproducciones.com.ar\/radioquijano\/concejala-lorena-torres-cuestiona-el-veto-a-la-actualizacion-del-subsidio-para-empleados-municipales\/","og_locale":"es_ES","og_type":"article","og_title":"Concejal Lorena Torres cuestiona el veto a la actualizaci\u00f3n del subsidio para empleados municipales - RQ 99.9","og_description":"La edil public\u00f3 un fuerte mensaje en redes sociales tras el rechazo a la modificaci\u00f3n de la Ordenanza 02\/20, que buscaba elevar el monto del subsidio por emergencia familiar para trabajadores municipales. Se\u00f1al\u00f3 a concejales y al delegado de ATE por \u201cdesinter\u00e9s\u201d y \u201cobediencia debida\u201d.","og_url":"https:\/\/nahuelproducciones.com.ar\/radioquijano\/concejala-lorena-torres-cuestiona-el-veto-a-la-actualizacion-del-subsidio-para-empleados-municipales\/","og_site_name":"RQ 99.9","article_publisher":"https:\/\/www.facebook.com\/nahuelproducciones999\/","article_published_time":"2025-09-19T01:22:54+00:00","article_modified_time":"2025-09-19T01:25:27+00:00","og_image":[{"width":700,"height":700,"url":"https:\/\/nahuelproducciones.com.ar\/radioquijano\/wp-content\/uploads\/2025\/09\/548703304_4471071953122011_3897503567718288769_n-e1758243934925.jpg","type":"image\/jpeg"}],"author":"Cecilia Pastrana","twitter_card":"summary_large_image","twitter_creator":"@nahuproduciones","twitter_site":"@nahuproduciones","twitter_misc":{"Escrito por":"Cecilia Pastrana","Tiempo de lectura":"2 minutos"},"schema":{"@context":"https:\/\/schema.org","@graph":[{"@type":"WebPage","@id":"https:\/\/nahuelproducciones.com.ar\/radioquijano\/concejala-lorena-torres-cuestiona-el-veto-a-la-actualizacion-del-subsidio-para-empleados-municipales\/","url":"https:\/\/nahuelproducciones.com.ar\/radioquijano\/concejala-lorena-torres-cuestiona-el-veto-a-la-actualizacion-del-subsidio-para-empleados-municipales\/","name":"Concejal Lorena Torres cuestiona el veto a la actualizaci\u00f3n del subsidio para empleados municipales - RQ 99.9","isPartOf":{"@id":"https:\/\/nahuelproducciones.com.ar\/radioquijano\/#website"},"datePublished":"2025-09-19T01:22:54+00:00","dateModified":"2025-09-19T01:25:27+00:00","author":{"@id":"https:\/\/nahuelproducciones.com.ar\/radioquijano\/#\/schema\/person\/e8a4f939e2cb487fe6d0c54042c9d32c"},"description":"La edil public\u00f3 un fuerte mensaje en redes sociales tras el rechazo a la modificaci\u00f3n de la Ordenanza 02\/20, que buscaba elevar el monto del subsidio por emergencia familiar para trabajadores municipales. Se\u00f1al\u00f3 a concejales y al delegado de ATE por \u201cdesinter\u00e9s\u201d y \u201cobediencia debida\u201d.","breadcrumb":{"@id":"https:\/\/nahuelproducciones.com.ar\/radioquijano\/concejala-lorena-torres-cuestiona-el-veto-a-la-actualizacion-del-subsidio-para-empleados-municipales\/#breadcrumb"},"inLanguage":"es","potentialAction":[{"@type":"ReadAction","target":["https:\/\/nahuelproducciones.com.ar\/radioquijano\/concejala-lorena-torres-cuestiona-el-veto-a-la-actualizacion-del-subsidio-para-empleados-municipales\/"]}]},{"@type":"BreadcrumbList","@id":"https:\/\/nahuelproducciones.com.ar\/radioquijano\/concejala-lorena-torres-cuestiona-el-veto-a-la-actualizacion-del-subsidio-para-empleados-municipales\/#breadcrumb","itemListElement":[{"@type":"ListItem","position":1,"name":"Portada","item":"https:\/\/nahuelproducciones.com.ar\/radioquijano\/"},{"@type":"ListItem","position":2,"name":"Concejal Lorena Torres cuestiona el veto a la actualizaci\u00f3n del subsidio para empleados municipales"}]},{"@type":"WebSite","@id":"https:\/\/nahuelproducciones.com.ar\/radioquijano\/#website","url":"https:\/\/nahuelproducciones.com.ar\/radioquijano\/","name":"RQ 99.9","description":"Radio Quijano 99.9 MHz","potentialAction":[{"@type":"SearchAction","target":{"@type":"EntryPoint","urlTemplate":"https:\/\/nahuelproducciones.com.ar\/radioquijano\/?s={search_term_string}"},"query-input":"required name=search_term_string"}],"inLanguage":"es"},{"@type":"Person","@id":"https:\/\/nahuelproducciones.com.ar\/radioquijano\/#\/schema\/person\/e8a4f939e2cb487fe6d0c54042c9d32c","name":"Cecilia Pastrana","image":{"@type":"ImageObject","inLanguage":"es","@id":"https:\/\/nahuelproducciones.com.ar\/radioquijano\/#\/schema\/person\/image\/","url":"https:\/\/secure.gravatar.com\/avatar\/661a3ef63a8488d4f2794ed44af8cf71420f7e106f3072c40125114df5157749?s=96&d=mm&r=g","contentUrl":"https:\/\/secure.gravatar.com\/avatar\/661a3ef63a8488d4f2794ed44af8cf71420f7e106f3072c40125114df5157749?s=96&d=mm&r=g","caption":"Cecilia Pastrana"},"sameAs":["cecy"],"url":"https:\/\/nahuelproducciones.com.ar\/radioquijano\/author\/cecy\/"}]}},"_links":{"self":[{"href":"https:\/\/nahuelproducciones.com.ar\/radioquijano\/wp-json\/wp\/v2\/posts\/11158","targetHints":{"allow":["GET"]}}],"collection":[{"href":"https:\/\/nahuelproducciones.com.ar\/radioquijano\/wp-json\/wp\/v2\/posts"}],"about":[{"href":"https:\/\/nahuelproducciones.com.ar\/radioquijano\/wp-json\/wp\/v2\/types\/post"}],"author":[{"embeddable":true,"href":"https:\/\/nahuelproducciones.com.ar\/radioquijano\/wp-json\/wp\/v2\/users\/8"}],"replies":[{"embeddable":true,"href":"https:\/\/nahuelproducciones.com.ar\/radioquijano\/wp-json\/wp\/v2\/comments?post=11158"}],"version-history":[{"count":2,"href":"https:\/\/nahuelproducciones.com.ar\/radioquijano\/wp-json\/wp\/v2\/posts\/11158\/revisions"}],"predecessor-version":[{"id":11163,"href":"https:\/\/nahuelproducciones.com.ar\/radioquijano\/wp-json\/wp\/v2\/posts\/11158\/revisions\/11163"}],"wp:featuredmedia":[{"embeddable":true,"href":"https:\/\/nahuelproducciones.com.ar\/radioquijano\/wp-json\/wp\/v2\/media\/11159"}],"wp:attachment":[{"href":"https:\/\/nahuelproducciones.com.ar\/radioquijano\/wp-json\/wp\/v2\/media?parent=11158"}],"wp:term":[{"taxonomy":"category","embeddable":true,"href":"https:\/\/nahuelproducciones.com.ar\/radioquijano\/wp-json\/wp\/v2\/categories?post=11158"},{"taxonomy":"post_tag","embeddable":true,"href":"https:\/\/nahuelproducciones.com.ar\/radioquijano\/wp-json\/wp\/v2\/tags?post=11158"}],"curies":[{"name":"wp","href":"https:\/\/api.w.org\/{rel}","templated":true}]}}