{"id":11164,"date":"2025-09-22T00:40:26","date_gmt":"2025-09-22T03:40:26","guid":{"rendered":"https:\/\/nahuelproducciones.com.ar\/radioquijano\/?p=11164"},"modified":"2025-09-22T00:49:36","modified_gmt":"2025-09-22T03:49:36","slug":"el-preambulo-de-campo-quijano-entre-la-solemnidad-y-la-improvisacion","status":"publish","type":"post","link":"https:\/\/nahuelproducciones.com.ar\/radioquijano\/el-preambulo-de-campo-quijano-entre-la-solemnidad-y-la-improvisacion\/","title":{"rendered":"El Pre\u00e1mbulo de Campo Quijano: entre la solemnidad y la improvisaci\u00f3n"},"content":{"rendered":"\n<p>Campo Quijano atraviesa un momento hist\u00f3rico: la redacci\u00f3n de su primera Carta Org\u00e1nica Municipal. No se trata de un simple tr\u00e1mite administrativo, sino de un acto fundacional que definir\u00e1 la identidad institucional del pueblo y el marco jur\u00eddico que orientar\u00e1 su futuro.<\/p>\n\n\n\n<p>En ese escenario, el debate sobre el pre\u00e1mbulo es clave. Esta pieza es la puerta de entrada a la norma fundamental del municipio: una declaraci\u00f3n solemne de principios, valores y objetivos que inspirar\u00e1n la vida democr\u00e1tica local. Su redacci\u00f3n exige sobriedad, precisi\u00f3n jur\u00eddica y una proyecci\u00f3n que trascienda coyunturas.<\/p>\n\n\n\n<p>Sin embargo, el texto que ya circula bajo el t\u00edtulo de \u201cPre\u00e1mbulo de Campo Quijano\u201d, aprobado en la primera sesi\u00f3n ordinaria de la convenci\u00f3n, revela una peligrosa confusi\u00f3n. En lugar de un enunciado constitucional, ofrece relatos folcl\u00f3ricos, enumeraciones desordenadas de valores, referencias tur\u00edsticas e incluso expresiones partidarias que nada tienen que ver con la esencia de un pre\u00e1mbulo. Errores de redacci\u00f3n y un tono m\u00e1s propio de un panfleto pol\u00edtico que de un documento normativo terminan por desdibujar la seriedad que el pueblo merece.<\/p>\n\n\n\n<p>Un verdadero pre\u00e1mbulo debe ser breve, claro y solemne. Debe afirmar la autonom\u00eda municipal reconocida por la Constituci\u00f3n Nacional y la Constituci\u00f3n de Salta, declarar valores universales que sustenten la convivencia democr\u00e1tica \u2014libertad, igualdad, participaci\u00f3n, transparencia\u2014 y proyectar hacia el futuro el compromiso con el desarrollo integral de la comunidad.<\/p>\n\n\n\n<p>Hay f\u00f3rmulas jur\u00eddicas que permiten expresar estas ideas sin caer en consignas partidarias ni en descripciones anecd\u00f3ticas. Conceptos como equidad, bien com\u00fan e igualdad de oportunidades transmiten principios compartidos por toda la ciudadan\u00eda, sin banderas pol\u00edticas ni ideol\u00f3gicas.<\/p>\n\n\n\n<p>La Carta Org\u00e1nica de Campo Quijano debe trascender gobiernos, partidos y modas pasajeras. Su pre\u00e1mbulo no puede ser copia de un discurso electoral ni un cat\u00e1logo de paisajes y costumbres. Tiene que ser la voz sobria de un pueblo que decide gobernarse con dignidad institucional.<\/p>\n\n\n\n<p>Los convencionales constituyentes tienen en sus manos una responsabilidad hist\u00f3rica. El pre\u00e1mbulo ser\u00e1 le\u00eddo por las generaciones presentes y futuras. De ellos depende que este texto inaugural sea s\u00edmbolo de grandeza c\u00edvica y no un recuerdo de improvisaci\u00f3n.<\/p>\n\n\n\n<p>Por Ricardo \u00bb Cady\u00bb  Guzm\u00e1n<\/p>\n\n\n\n<p><\/p>\n","protected":false},"excerpt":{"rendered":"<p>Campo Quijano atraviesa un momento hist\u00f3rico: la redacci\u00f3n de su primera Carta Org\u00e1nica Municipal. No se trata de un simple tr\u00e1mite administrativo, sino de un acto fundacional que definir\u00e1 la identidad institucional del pueblo y el marco jur\u00eddico que orientar\u00e1 su futuro. En ese escenario, el debate sobre el pre\u00e1mbulo es clave. Esta pieza es [&hellip;]<\/p>\n","protected":false},"author":8,"featured_media":11166,"comment_status":"open","ping_status":"open","sticky":false,"template":"","format":"standard","meta":{"_monsterinsights_skip_tracking":false,"_monsterinsights_sitenote_active":false,"_monsterinsights_sitenote_note":"","_monsterinsights_sitenote_category":0,"footnotes":""},"categories":[6,16],"tags":[1814,100,1911],"class_list":["post-11164","post","type-post","status-publish","format-standard","has-post-thumbnail","hentry","category-editorial","category-noticias","tag-convencional-municipal","tag-municipio-de-campo-quijano","tag-preambulo"],"yoast_head":"<!-- This site is optimized with the Yoast SEO plugin v20.8 - https:\/\/yoast.com\/wordpress\/plugins\/seo\/ -->\n<title>El Pre\u00e1mbulo de Campo Quijano: entre la solemnidad y la improvisaci\u00f3n - RQ 99.9<\/title>\n<meta name=\"description\" content=\"De ellos depende que este texto inaugural sea s\u00edmbolo de grandeza c\u00edvica y no un recuerdo de improvisaci\u00f3n.\" \/>\n<meta name=\"robots\" content=\"index, follow, max-snippet:-1, max-image-preview:large, max-video-preview:-1\" \/>\n<link rel=\"canonical\" href=\"https:\/\/nahuelproducciones.com.ar\/radioquijano\/el-preambulo-de-campo-quijano-entre-la-solemnidad-y-la-improvisacion\/\" \/>\n<meta property=\"og:locale\" content=\"es_ES\" \/>\n<meta property=\"og:type\" content=\"article\" \/>\n<meta property=\"og:title\" content=\"El Pre\u00e1mbulo de Campo Quijano: entre la solemnidad y la improvisaci\u00f3n - RQ 99.9\" \/>\n<meta property=\"og:description\" content=\"De ellos depende que este texto inaugural sea s\u00edmbolo de grandeza c\u00edvica y no un recuerdo de improvisaci\u00f3n.\" \/>\n<meta property=\"og:url\" content=\"https:\/\/nahuelproducciones.com.ar\/radioquijano\/el-preambulo-de-campo-quijano-entre-la-solemnidad-y-la-improvisacion\/\" \/>\n<meta property=\"og:site_name\" content=\"RQ 99.9\" \/>\n<meta property=\"article:publisher\" content=\"https:\/\/www.facebook.com\/nahuelproducciones999\/\" \/>\n<meta property=\"article:published_time\" content=\"2025-09-22T03:40:26+00:00\" \/>\n<meta property=\"article:modified_time\" content=\"2025-09-22T03:49:36+00:00\" \/>\n<meta property=\"og:image\" content=\"https:\/\/nahuelproducciones.com.ar\/radioquijano\/wp-content\/uploads\/2025\/09\/convencionales-2025-1-e1758512415673.jpg\" \/>\n\t<meta property=\"og:image:width\" content=\"700\" \/>\n\t<meta property=\"og:image:height\" content=\"438\" \/>\n\t<meta property=\"og:image:type\" content=\"image\/jpeg\" \/>\n<meta name=\"author\" content=\"Cecilia Pastrana\" \/>\n<meta name=\"twitter:card\" content=\"summary_large_image\" \/>\n<meta name=\"twitter:creator\" content=\"@nahuproduciones\" \/>\n<meta name=\"twitter:site\" content=\"@nahuproduciones\" \/>\n<meta name=\"twitter:label1\" content=\"Escrito por\" \/>\n\t<meta name=\"twitter:data1\" content=\"Cecilia Pastrana\" \/>\n\t<meta name=\"twitter:label2\" content=\"Tiempo de lectura\" \/>\n\t<meta name=\"twitter:data2\" content=\"2 minutos\" \/>\n<script type=\"application\/ld+json\" class=\"yoast-schema-graph\">{\"@context\":\"https:\/\/schema.org\",\"@graph\":[{\"@type\":\"WebPage\",\"@id\":\"https:\/\/nahuelproducciones.com.ar\/radioquijano\/el-preambulo-de-campo-quijano-entre-la-solemnidad-y-la-improvisacion\/\",\"url\":\"https:\/\/nahuelproducciones.com.ar\/radioquijano\/el-preambulo-de-campo-quijano-entre-la-solemnidad-y-la-improvisacion\/\",\"name\":\"El Pre\u00e1mbulo de Campo Quijano: entre la solemnidad y la improvisaci\u00f3n - RQ 99.9\",\"isPartOf\":{\"@id\":\"https:\/\/nahuelproducciones.com.ar\/radioquijano\/#website\"},\"datePublished\":\"2025-09-22T03:40:26+00:00\",\"dateModified\":\"2025-09-22T03:49:36+00:00\",\"author\":{\"@id\":\"https:\/\/nahuelproducciones.com.ar\/radioquijano\/#\/schema\/person\/e8a4f939e2cb487fe6d0c54042c9d32c\"},\"description\":\"De ellos depende que este texto inaugural sea s\u00edmbolo de grandeza c\u00edvica y no un recuerdo de improvisaci\u00f3n.\",\"breadcrumb\":{\"@id\":\"https:\/\/nahuelproducciones.com.ar\/radioquijano\/el-preambulo-de-campo-quijano-entre-la-solemnidad-y-la-improvisacion\/#breadcrumb\"},\"inLanguage\":\"es\",\"potentialAction\":[{\"@type\":\"ReadAction\",\"target\":[\"https:\/\/nahuelproducciones.com.ar\/radioquijano\/el-preambulo-de-campo-quijano-entre-la-solemnidad-y-la-improvisacion\/\"]}]},{\"@type\":\"BreadcrumbList\",\"@id\":\"https:\/\/nahuelproducciones.com.ar\/radioquijano\/el-preambulo-de-campo-quijano-entre-la-solemnidad-y-la-improvisacion\/#breadcrumb\",\"itemListElement\":[{\"@type\":\"ListItem\",\"position\":1,\"name\":\"Portada\",\"item\":\"https:\/\/nahuelproducciones.com.ar\/radioquijano\/\"},{\"@type\":\"ListItem\",\"position\":2,\"name\":\"El Pre\u00e1mbulo de Campo Quijano: entre la solemnidad y la improvisaci\u00f3n\"}]},{\"@type\":\"WebSite\",\"@id\":\"https:\/\/nahuelproducciones.com.ar\/radioquijano\/#website\",\"url\":\"https:\/\/nahuelproducciones.com.ar\/radioquijano\/\",\"name\":\"RQ 99.9\",\"description\":\"Radio Quijano 99.9 MHz\",\"potentialAction\":[{\"@type\":\"SearchAction\",\"target\":{\"@type\":\"EntryPoint\",\"urlTemplate\":\"https:\/\/nahuelproducciones.com.ar\/radioquijano\/?s={search_term_string}\"},\"query-input\":\"required name=search_term_string\"}],\"inLanguage\":\"es\"},{\"@type\":\"Person\",\"@id\":\"https:\/\/nahuelproducciones.com.ar\/radioquijano\/#\/schema\/person\/e8a4f939e2cb487fe6d0c54042c9d32c\",\"name\":\"Cecilia Pastrana\",\"image\":{\"@type\":\"ImageObject\",\"inLanguage\":\"es\",\"@id\":\"https:\/\/nahuelproducciones.com.ar\/radioquijano\/#\/schema\/person\/image\/\",\"url\":\"https:\/\/secure.gravatar.com\/avatar\/661a3ef63a8488d4f2794ed44af8cf71420f7e106f3072c40125114df5157749?s=96&d=mm&r=g\",\"contentUrl\":\"https:\/\/secure.gravatar.com\/avatar\/661a3ef63a8488d4f2794ed44af8cf71420f7e106f3072c40125114df5157749?s=96&d=mm&r=g\",\"caption\":\"Cecilia Pastrana\"},\"sameAs\":[\"cecy\"],\"url\":\"https:\/\/nahuelproducciones.com.ar\/radioquijano\/author\/cecy\/\"}]}<\/script>\n<!-- \/ Yoast SEO plugin. -->","yoast_head_json":{"title":"El Pre\u00e1mbulo de Campo Quijano: entre la solemnidad y la improvisaci\u00f3n - RQ 99.9","description":"De ellos depende que este texto inaugural sea s\u00edmbolo de grandeza c\u00edvica y no un recuerdo de improvisaci\u00f3n.","robots":{"index":"index","follow":"follow","max-snippet":"max-snippet:-1","max-image-preview":"max-image-preview:large","max-video-preview":"max-video-preview:-1"},"canonical":"https:\/\/nahuelproducciones.com.ar\/radioquijano\/el-preambulo-de-campo-quijano-entre-la-solemnidad-y-la-improvisacion\/","og_locale":"es_ES","og_type":"article","og_title":"El Pre\u00e1mbulo de Campo Quijano: entre la solemnidad y la improvisaci\u00f3n - RQ 99.9","og_description":"De ellos depende que este texto inaugural sea s\u00edmbolo de grandeza c\u00edvica y no un recuerdo de improvisaci\u00f3n.","og_url":"https:\/\/nahuelproducciones.com.ar\/radioquijano\/el-preambulo-de-campo-quijano-entre-la-solemnidad-y-la-improvisacion\/","og_site_name":"RQ 99.9","article_publisher":"https:\/\/www.facebook.com\/nahuelproducciones999\/","article_published_time":"2025-09-22T03:40:26+00:00","article_modified_time":"2025-09-22T03:49:36+00:00","og_image":[{"width":700,"height":438,"url":"https:\/\/nahuelproducciones.com.ar\/radioquijano\/wp-content\/uploads\/2025\/09\/convencionales-2025-1-e1758512415673.jpg","type":"image\/jpeg"}],"author":"Cecilia Pastrana","twitter_card":"summary_large_image","twitter_creator":"@nahuproduciones","twitter_site":"@nahuproduciones","twitter_misc":{"Escrito por":"Cecilia Pastrana","Tiempo de lectura":"2 minutos"},"schema":{"@context":"https:\/\/schema.org","@graph":[{"@type":"WebPage","@id":"https:\/\/nahuelproducciones.com.ar\/radioquijano\/el-preambulo-de-campo-quijano-entre-la-solemnidad-y-la-improvisacion\/","url":"https:\/\/nahuelproducciones.com.ar\/radioquijano\/el-preambulo-de-campo-quijano-entre-la-solemnidad-y-la-improvisacion\/","name":"El Pre\u00e1mbulo de Campo Quijano: entre la solemnidad y la improvisaci\u00f3n - RQ 99.9","isPartOf":{"@id":"https:\/\/nahuelproducciones.com.ar\/radioquijano\/#website"},"datePublished":"2025-09-22T03:40:26+00:00","dateModified":"2025-09-22T03:49:36+00:00","author":{"@id":"https:\/\/nahuelproducciones.com.ar\/radioquijano\/#\/schema\/person\/e8a4f939e2cb487fe6d0c54042c9d32c"},"description":"De ellos depende que este texto inaugural sea s\u00edmbolo de grandeza c\u00edvica y no un recuerdo de improvisaci\u00f3n.","breadcrumb":{"@id":"https:\/\/nahuelproducciones.com.ar\/radioquijano\/el-preambulo-de-campo-quijano-entre-la-solemnidad-y-la-improvisacion\/#breadcrumb"},"inLanguage":"es","potentialAction":[{"@type":"ReadAction","target":["https:\/\/nahuelproducciones.com.ar\/radioquijano\/el-preambulo-de-campo-quijano-entre-la-solemnidad-y-la-improvisacion\/"]}]},{"@type":"BreadcrumbList","@id":"https:\/\/nahuelproducciones.com.ar\/radioquijano\/el-preambulo-de-campo-quijano-entre-la-solemnidad-y-la-improvisacion\/#breadcrumb","itemListElement":[{"@type":"ListItem","position":1,"name":"Portada","item":"https:\/\/nahuelproducciones.com.ar\/radioquijano\/"},{"@type":"ListItem","position":2,"name":"El Pre\u00e1mbulo de Campo Quijano: entre la solemnidad y la improvisaci\u00f3n"}]},{"@type":"WebSite","@id":"https:\/\/nahuelproducciones.com.ar\/radioquijano\/#website","url":"https:\/\/nahuelproducciones.com.ar\/radioquijano\/","name":"RQ 99.9","description":"Radio Quijano 99.9 MHz","potentialAction":[{"@type":"SearchAction","target":{"@type":"EntryPoint","urlTemplate":"https:\/\/nahuelproducciones.com.ar\/radioquijano\/?s={search_term_string}"},"query-input":"required name=search_term_string"}],"inLanguage":"es"},{"@type":"Person","@id":"https:\/\/nahuelproducciones.com.ar\/radioquijano\/#\/schema\/person\/e8a4f939e2cb487fe6d0c54042c9d32c","name":"Cecilia Pastrana","image":{"@type":"ImageObject","inLanguage":"es","@id":"https:\/\/nahuelproducciones.com.ar\/radioquijano\/#\/schema\/person\/image\/","url":"https:\/\/secure.gravatar.com\/avatar\/661a3ef63a8488d4f2794ed44af8cf71420f7e106f3072c40125114df5157749?s=96&d=mm&r=g","contentUrl":"https:\/\/secure.gravatar.com\/avatar\/661a3ef63a8488d4f2794ed44af8cf71420f7e106f3072c40125114df5157749?s=96&d=mm&r=g","caption":"Cecilia Pastrana"},"sameAs":["cecy"],"url":"https:\/\/nahuelproducciones.com.ar\/radioquijano\/author\/cecy\/"}]}},"_links":{"self":[{"href":"https:\/\/nahuelproducciones.com.ar\/radioquijano\/wp-json\/wp\/v2\/posts\/11164","targetHints":{"allow":["GET"]}}],"collection":[{"href":"https:\/\/nahuelproducciones.com.ar\/radioquijano\/wp-json\/wp\/v2\/posts"}],"about":[{"href":"https:\/\/nahuelproducciones.com.ar\/radioquijano\/wp-json\/wp\/v2\/types\/post"}],"author":[{"embeddable":true,"href":"https:\/\/nahuelproducciones.com.ar\/radioquijano\/wp-json\/wp\/v2\/users\/8"}],"replies":[{"embeddable":true,"href":"https:\/\/nahuelproducciones.com.ar\/radioquijano\/wp-json\/wp\/v2\/comments?post=11164"}],"version-history":[{"count":3,"href":"https:\/\/nahuelproducciones.com.ar\/radioquijano\/wp-json\/wp\/v2\/posts\/11164\/revisions"}],"predecessor-version":[{"id":11171,"href":"https:\/\/nahuelproducciones.com.ar\/radioquijano\/wp-json\/wp\/v2\/posts\/11164\/revisions\/11171"}],"wp:featuredmedia":[{"embeddable":true,"href":"https:\/\/nahuelproducciones.com.ar\/radioquijano\/wp-json\/wp\/v2\/media\/11166"}],"wp:attachment":[{"href":"https:\/\/nahuelproducciones.com.ar\/radioquijano\/wp-json\/wp\/v2\/media?parent=11164"}],"wp:term":[{"taxonomy":"category","embeddable":true,"href":"https:\/\/nahuelproducciones.com.ar\/radioquijano\/wp-json\/wp\/v2\/categories?post=11164"},{"taxonomy":"post_tag","embeddable":true,"href":"https:\/\/nahuelproducciones.com.ar\/radioquijano\/wp-json\/wp\/v2\/tags?post=11164"}],"curies":[{"name":"wp","href":"https:\/\/api.w.org\/{rel}","templated":true}]}}