{"id":11172,"date":"2025-09-22T17:36:51","date_gmt":"2025-09-22T20:36:51","guid":{"rendered":"https:\/\/nahuelproducciones.com.ar\/radioquijano\/?p=11172"},"modified":"2025-09-22T17:36:52","modified_gmt":"2025-09-22T20:36:52","slug":"eet-3106-celebra-la-creatividad-con-la-eleccion-del-tecnico-a-de-oro","status":"publish","type":"post","link":"https:\/\/nahuelproducciones.com.ar\/radioquijano\/eet-3106-celebra-la-creatividad-con-la-eleccion-del-tecnico-a-de-oro\/","title":{"rendered":"EET 3106 celebra la creatividad con la elecci\u00f3n del \u201cT\u00e9cnico\/a de Oro\u201d"},"content":{"rendered":"\n<p>Este lunes 22 de septiembre, a las 17:00 hs, la Escuela de Educaci\u00f3n T\u00e9cnica N.\u00ba 3106 \u201cIngeniero Maury\u201d vivir\u00e1 una jornada in\u00e9dita: la elecci\u00f3n del <strong>\u201cT\u00e9cnico\/a de Oro\u201d<\/strong>, un reconocimiento que busca destacar el talento, la creatividad y los valores de sus estudiantes.<\/p>\n\n\n\n<p>La propuesta, fue contada telefonicamente en Radio Quijano por la docente <strong>Marina R\u00edos<\/strong>.<\/p>\n\n\n\n<p>La docente conto que nace de la decisi\u00f3n de los propios j\u00f3venes de <strong>reemplazar la tradicional elecci\u00f3n de la Reina de los Estudiantes<\/strong>, apostando por una celebraci\u00f3n m\u00e1s inclusiva y representativa de la identidad t\u00e9cnica de la instituci\u00f3n.<\/p>\n\n\n\n<p>Quieren que esta fiesta refleje lo que realmente son los estudiantes, que construyen, que innovan y que trabajan en equipo.<\/p>\n\n\n\n<p>Durante el evento se conocer\u00e1 a quienes mejor encarnen el esp\u00edritu de la escuela t\u00e9cnica, premiando no solo el desempe\u00f1o acad\u00e9mico, sino tambi\u00e9n la solidaridad, el compromiso y la creatividad.<\/p>\n\n\n\n<p>Con esta iniciativa, la EET 3106 marca un nuevo rumbo en las celebraciones estudiantiles, poniendo en valor las habilidades y la esencia de su comunidad educativa.<\/p>\n\n\n\n<p>Escucha la entrevista:<\/p>\n\n\n\n<figure class=\"wp-block-audio\"><audio controls src=\"https:\/\/nahuelproducciones.com.ar\/radioquijano\/wp-content\/uploads\/2025\/09\/22-09-2025-profe-marina-rios-eleccion-tecnico-de-oro-en-la-esc-tecnica-por-la-fiesta-de-os-estudiantes.mp3\"><\/audio><\/figure>\n\n\n<p><iframe loading=\"lazy\" src=\"https:\/\/www.facebook.com\/plugins\/video.php?height=476&#038;href=https%3A%2F%2Fwww.facebook.com%2Feet3106%2Fvideos%2F1114068043711914%2F&#038;show_text=false&#038;width=267&#038;t=0\" width=\"267\" height=\"476\" style=\"border:none;overflow:hidden\" scrolling=\"no\" frameborder=\"0\" allowfullscreen=\"true\" allow=\"autoplay; clipboard-write; encrypted-media; picture-in-picture; web-share\" allowFullScreen=\"true\"><\/iframe><\/p>\n\n\n\n<p><\/p>\n","protected":false},"excerpt":{"rendered":"<p>Este lunes 22 de septiembre, a las 17:00 hs, la Escuela de Educaci\u00f3n T\u00e9cnica N.\u00ba 3106 \u201cIngeniero Maury\u201d vivir\u00e1 una jornada in\u00e9dita: la elecci\u00f3n del \u201cT\u00e9cnico\/a de Oro\u201d, un reconocimiento que busca destacar el talento, la creatividad y los valores de sus estudiantes. La propuesta, fue contada telefonicamente en Radio Quijano por la docente Marina [&hellip;]<\/p>\n","protected":false},"author":8,"featured_media":11175,"comment_status":"open","ping_status":"open","sticky":false,"template":"","format":"standard","meta":{"_monsterinsights_skip_tracking":false,"_monsterinsights_sitenote_active":false,"_monsterinsights_sitenote_note":"","_monsterinsights_sitenote_category":0,"footnotes":""},"categories":[16],"tags":[640,100,1913],"class_list":["post-11172","post","type-post","status-publish","format-standard","has-post-thumbnail","hentry","category-noticias","tag-eet-3106-ingeniero-maury","tag-municipio-de-campo-quijano","tag-tecnico-de-oro"],"yoast_head":"<!-- This site is optimized with the Yoast SEO plugin v20.8 - https:\/\/yoast.com\/wordpress\/plugins\/seo\/ -->\n<title>EET 3106 celebra la creatividad con la elecci\u00f3n del \u201cT\u00e9cnico\/a de Oro\u201d - RQ 99.9<\/title>\n<meta name=\"description\" content=\"Con esta iniciativa, la EET 3106 marca un nuevo rumbo en las celebraciones estudiantiles, poniendo en valor las habilidades y la esencia de su comunidad educativa.\" \/>\n<meta name=\"robots\" content=\"index, follow, max-snippet:-1, max-image-preview:large, max-video-preview:-1\" \/>\n<link rel=\"canonical\" href=\"https:\/\/nahuelproducciones.com.ar\/radioquijano\/eet-3106-celebra-la-creatividad-con-la-eleccion-del-tecnico-a-de-oro\/\" \/>\n<meta property=\"og:locale\" content=\"es_ES\" \/>\n<meta property=\"og:type\" content=\"article\" \/>\n<meta property=\"og:title\" content=\"EET 3106 celebra la creatividad con la elecci\u00f3n del \u201cT\u00e9cnico\/a de Oro\u201d - RQ 99.9\" \/>\n<meta property=\"og:description\" content=\"Con esta iniciativa, la EET 3106 marca un nuevo rumbo en las celebraciones estudiantiles, poniendo en valor las habilidades y la esencia de su comunidad educativa.\" \/>\n<meta property=\"og:url\" content=\"https:\/\/nahuelproducciones.com.ar\/radioquijano\/eet-3106-celebra-la-creatividad-con-la-eleccion-del-tecnico-a-de-oro\/\" \/>\n<meta property=\"og:site_name\" content=\"RQ 99.9\" \/>\n<meta property=\"article:publisher\" content=\"https:\/\/www.facebook.com\/nahuelproducciones999\/\" \/>\n<meta property=\"article:published_time\" content=\"2025-09-22T20:36:51+00:00\" \/>\n<meta property=\"article:modified_time\" content=\"2025-09-22T20:36:52+00:00\" \/>\n<meta property=\"og:image\" content=\"https:\/\/nahuelproducciones.com.ar\/radioquijano\/wp-content\/uploads\/2025\/09\/WhatsApp-Image-2025-09-22-at-10.51.15-AM-e1758573281475.jpeg\" \/>\n\t<meta property=\"og:image:width\" content=\"700\" \/>\n\t<meta property=\"og:image:height\" content=\"990\" \/>\n\t<meta property=\"og:image:type\" content=\"image\/jpeg\" \/>\n<meta name=\"author\" content=\"Cecilia Pastrana\" \/>\n<meta name=\"twitter:card\" content=\"summary_large_image\" \/>\n<meta name=\"twitter:creator\" content=\"@nahuproduciones\" \/>\n<meta name=\"twitter:site\" content=\"@nahuproduciones\" \/>\n<meta name=\"twitter:label1\" content=\"Escrito por\" \/>\n\t<meta name=\"twitter:data1\" content=\"Cecilia Pastrana\" \/>\n\t<meta name=\"twitter:label2\" content=\"Tiempo de lectura\" \/>\n\t<meta name=\"twitter:data2\" content=\"1 minuto\" \/>\n<script type=\"application\/ld+json\" class=\"yoast-schema-graph\">{\"@context\":\"https:\/\/schema.org\",\"@graph\":[{\"@type\":\"WebPage\",\"@id\":\"https:\/\/nahuelproducciones.com.ar\/radioquijano\/eet-3106-celebra-la-creatividad-con-la-eleccion-del-tecnico-a-de-oro\/\",\"url\":\"https:\/\/nahuelproducciones.com.ar\/radioquijano\/eet-3106-celebra-la-creatividad-con-la-eleccion-del-tecnico-a-de-oro\/\",\"name\":\"EET 3106 celebra la creatividad con la elecci\u00f3n del \u201cT\u00e9cnico\/a de Oro\u201d - RQ 99.9\",\"isPartOf\":{\"@id\":\"https:\/\/nahuelproducciones.com.ar\/radioquijano\/#website\"},\"datePublished\":\"2025-09-22T20:36:51+00:00\",\"dateModified\":\"2025-09-22T20:36:52+00:00\",\"author\":{\"@id\":\"https:\/\/nahuelproducciones.com.ar\/radioquijano\/#\/schema\/person\/e8a4f939e2cb487fe6d0c54042c9d32c\"},\"description\":\"Con esta iniciativa, la EET 3106 marca un nuevo rumbo en las celebraciones estudiantiles, poniendo en valor las habilidades y la esencia de su comunidad educativa.\",\"breadcrumb\":{\"@id\":\"https:\/\/nahuelproducciones.com.ar\/radioquijano\/eet-3106-celebra-la-creatividad-con-la-eleccion-del-tecnico-a-de-oro\/#breadcrumb\"},\"inLanguage\":\"es\",\"potentialAction\":[{\"@type\":\"ReadAction\",\"target\":[\"https:\/\/nahuelproducciones.com.ar\/radioquijano\/eet-3106-celebra-la-creatividad-con-la-eleccion-del-tecnico-a-de-oro\/\"]}]},{\"@type\":\"BreadcrumbList\",\"@id\":\"https:\/\/nahuelproducciones.com.ar\/radioquijano\/eet-3106-celebra-la-creatividad-con-la-eleccion-del-tecnico-a-de-oro\/#breadcrumb\",\"itemListElement\":[{\"@type\":\"ListItem\",\"position\":1,\"name\":\"Portada\",\"item\":\"https:\/\/nahuelproducciones.com.ar\/radioquijano\/\"},{\"@type\":\"ListItem\",\"position\":2,\"name\":\"EET 3106 celebra la creatividad con la elecci\u00f3n del \u201cT\u00e9cnico\/a de Oro\u201d\"}]},{\"@type\":\"WebSite\",\"@id\":\"https:\/\/nahuelproducciones.com.ar\/radioquijano\/#website\",\"url\":\"https:\/\/nahuelproducciones.com.ar\/radioquijano\/\",\"name\":\"RQ 99.9\",\"description\":\"Radio Quijano 99.9 MHz\",\"potentialAction\":[{\"@type\":\"SearchAction\",\"target\":{\"@type\":\"EntryPoint\",\"urlTemplate\":\"https:\/\/nahuelproducciones.com.ar\/radioquijano\/?s={search_term_string}\"},\"query-input\":\"required name=search_term_string\"}],\"inLanguage\":\"es\"},{\"@type\":\"Person\",\"@id\":\"https:\/\/nahuelproducciones.com.ar\/radioquijano\/#\/schema\/person\/e8a4f939e2cb487fe6d0c54042c9d32c\",\"name\":\"Cecilia Pastrana\",\"image\":{\"@type\":\"ImageObject\",\"inLanguage\":\"es\",\"@id\":\"https:\/\/nahuelproducciones.com.ar\/radioquijano\/#\/schema\/person\/image\/\",\"url\":\"https:\/\/secure.gravatar.com\/avatar\/661a3ef63a8488d4f2794ed44af8cf71420f7e106f3072c40125114df5157749?s=96&d=mm&r=g\",\"contentUrl\":\"https:\/\/secure.gravatar.com\/avatar\/661a3ef63a8488d4f2794ed44af8cf71420f7e106f3072c40125114df5157749?s=96&d=mm&r=g\",\"caption\":\"Cecilia Pastrana\"},\"sameAs\":[\"cecy\"],\"url\":\"https:\/\/nahuelproducciones.com.ar\/radioquijano\/author\/cecy\/\"}]}<\/script>\n<!-- \/ Yoast SEO plugin. -->","yoast_head_json":{"title":"EET 3106 celebra la creatividad con la elecci\u00f3n del \u201cT\u00e9cnico\/a de Oro\u201d - RQ 99.9","description":"Con esta iniciativa, la EET 3106 marca un nuevo rumbo en las celebraciones estudiantiles, poniendo en valor las habilidades y la esencia de su comunidad educativa.","robots":{"index":"index","follow":"follow","max-snippet":"max-snippet:-1","max-image-preview":"max-image-preview:large","max-video-preview":"max-video-preview:-1"},"canonical":"https:\/\/nahuelproducciones.com.ar\/radioquijano\/eet-3106-celebra-la-creatividad-con-la-eleccion-del-tecnico-a-de-oro\/","og_locale":"es_ES","og_type":"article","og_title":"EET 3106 celebra la creatividad con la elecci\u00f3n del \u201cT\u00e9cnico\/a de Oro\u201d - RQ 99.9","og_description":"Con esta iniciativa, la EET 3106 marca un nuevo rumbo en las celebraciones estudiantiles, poniendo en valor las habilidades y la esencia de su comunidad educativa.","og_url":"https:\/\/nahuelproducciones.com.ar\/radioquijano\/eet-3106-celebra-la-creatividad-con-la-eleccion-del-tecnico-a-de-oro\/","og_site_name":"RQ 99.9","article_publisher":"https:\/\/www.facebook.com\/nahuelproducciones999\/","article_published_time":"2025-09-22T20:36:51+00:00","article_modified_time":"2025-09-22T20:36:52+00:00","og_image":[{"width":700,"height":990,"url":"https:\/\/nahuelproducciones.com.ar\/radioquijano\/wp-content\/uploads\/2025\/09\/WhatsApp-Image-2025-09-22-at-10.51.15-AM-e1758573281475.jpeg","type":"image\/jpeg"}],"author":"Cecilia Pastrana","twitter_card":"summary_large_image","twitter_creator":"@nahuproduciones","twitter_site":"@nahuproduciones","twitter_misc":{"Escrito por":"Cecilia Pastrana","Tiempo de lectura":"1 minuto"},"schema":{"@context":"https:\/\/schema.org","@graph":[{"@type":"WebPage","@id":"https:\/\/nahuelproducciones.com.ar\/radioquijano\/eet-3106-celebra-la-creatividad-con-la-eleccion-del-tecnico-a-de-oro\/","url":"https:\/\/nahuelproducciones.com.ar\/radioquijano\/eet-3106-celebra-la-creatividad-con-la-eleccion-del-tecnico-a-de-oro\/","name":"EET 3106 celebra la creatividad con la elecci\u00f3n del \u201cT\u00e9cnico\/a de Oro\u201d - RQ 99.9","isPartOf":{"@id":"https:\/\/nahuelproducciones.com.ar\/radioquijano\/#website"},"datePublished":"2025-09-22T20:36:51+00:00","dateModified":"2025-09-22T20:36:52+00:00","author":{"@id":"https:\/\/nahuelproducciones.com.ar\/radioquijano\/#\/schema\/person\/e8a4f939e2cb487fe6d0c54042c9d32c"},"description":"Con esta iniciativa, la EET 3106 marca un nuevo rumbo en las celebraciones estudiantiles, poniendo en valor las habilidades y la esencia de su comunidad educativa.","breadcrumb":{"@id":"https:\/\/nahuelproducciones.com.ar\/radioquijano\/eet-3106-celebra-la-creatividad-con-la-eleccion-del-tecnico-a-de-oro\/#breadcrumb"},"inLanguage":"es","potentialAction":[{"@type":"ReadAction","target":["https:\/\/nahuelproducciones.com.ar\/radioquijano\/eet-3106-celebra-la-creatividad-con-la-eleccion-del-tecnico-a-de-oro\/"]}]},{"@type":"BreadcrumbList","@id":"https:\/\/nahuelproducciones.com.ar\/radioquijano\/eet-3106-celebra-la-creatividad-con-la-eleccion-del-tecnico-a-de-oro\/#breadcrumb","itemListElement":[{"@type":"ListItem","position":1,"name":"Portada","item":"https:\/\/nahuelproducciones.com.ar\/radioquijano\/"},{"@type":"ListItem","position":2,"name":"EET 3106 celebra la creatividad con la elecci\u00f3n del \u201cT\u00e9cnico\/a de Oro\u201d"}]},{"@type":"WebSite","@id":"https:\/\/nahuelproducciones.com.ar\/radioquijano\/#website","url":"https:\/\/nahuelproducciones.com.ar\/radioquijano\/","name":"RQ 99.9","description":"Radio Quijano 99.9 MHz","potentialAction":[{"@type":"SearchAction","target":{"@type":"EntryPoint","urlTemplate":"https:\/\/nahuelproducciones.com.ar\/radioquijano\/?s={search_term_string}"},"query-input":"required name=search_term_string"}],"inLanguage":"es"},{"@type":"Person","@id":"https:\/\/nahuelproducciones.com.ar\/radioquijano\/#\/schema\/person\/e8a4f939e2cb487fe6d0c54042c9d32c","name":"Cecilia Pastrana","image":{"@type":"ImageObject","inLanguage":"es","@id":"https:\/\/nahuelproducciones.com.ar\/radioquijano\/#\/schema\/person\/image\/","url":"https:\/\/secure.gravatar.com\/avatar\/661a3ef63a8488d4f2794ed44af8cf71420f7e106f3072c40125114df5157749?s=96&d=mm&r=g","contentUrl":"https:\/\/secure.gravatar.com\/avatar\/661a3ef63a8488d4f2794ed44af8cf71420f7e106f3072c40125114df5157749?s=96&d=mm&r=g","caption":"Cecilia Pastrana"},"sameAs":["cecy"],"url":"https:\/\/nahuelproducciones.com.ar\/radioquijano\/author\/cecy\/"}]}},"_links":{"self":[{"href":"https:\/\/nahuelproducciones.com.ar\/radioquijano\/wp-json\/wp\/v2\/posts\/11172","targetHints":{"allow":["GET"]}}],"collection":[{"href":"https:\/\/nahuelproducciones.com.ar\/radioquijano\/wp-json\/wp\/v2\/posts"}],"about":[{"href":"https:\/\/nahuelproducciones.com.ar\/radioquijano\/wp-json\/wp\/v2\/types\/post"}],"author":[{"embeddable":true,"href":"https:\/\/nahuelproducciones.com.ar\/radioquijano\/wp-json\/wp\/v2\/users\/8"}],"replies":[{"embeddable":true,"href":"https:\/\/nahuelproducciones.com.ar\/radioquijano\/wp-json\/wp\/v2\/comments?post=11172"}],"version-history":[{"count":1,"href":"https:\/\/nahuelproducciones.com.ar\/radioquijano\/wp-json\/wp\/v2\/posts\/11172\/revisions"}],"predecessor-version":[{"id":11176,"href":"https:\/\/nahuelproducciones.com.ar\/radioquijano\/wp-json\/wp\/v2\/posts\/11172\/revisions\/11176"}],"wp:featuredmedia":[{"embeddable":true,"href":"https:\/\/nahuelproducciones.com.ar\/radioquijano\/wp-json\/wp\/v2\/media\/11175"}],"wp:attachment":[{"href":"https:\/\/nahuelproducciones.com.ar\/radioquijano\/wp-json\/wp\/v2\/media?parent=11172"}],"wp:term":[{"taxonomy":"category","embeddable":true,"href":"https:\/\/nahuelproducciones.com.ar\/radioquijano\/wp-json\/wp\/v2\/categories?post=11172"},{"taxonomy":"post_tag","embeddable":true,"href":"https:\/\/nahuelproducciones.com.ar\/radioquijano\/wp-json\/wp\/v2\/tags?post=11172"}],"curies":[{"name":"wp","href":"https:\/\/api.w.org\/{rel}","templated":true}]}}