{"id":11177,"date":"2025-09-22T18:05:07","date_gmt":"2025-09-22T21:05:07","guid":{"rendered":"https:\/\/nahuelproducciones.com.ar\/radioquijano\/?p=11177"},"modified":"2025-09-22T19:28:29","modified_gmt":"2025-09-22T22:28:29","slug":"campo-quijano-recordo-a-angel-elizondo-en-el-dia-internacional-del-mimo","status":"publish","type":"post","link":"https:\/\/nahuelproducciones.com.ar\/radioquijano\/campo-quijano-recordo-a-angel-elizondo-en-el-dia-internacional-del-mimo\/","title":{"rendered":"Campo Quijano record\u00f3 a \u00c1ngel Elizondo en el D\u00eda Internacional del Mimo"},"content":{"rendered":"\n<p>Este 22 de septiembre, en el marco del <strong>D\u00eda Internacional del Mimo<\/strong>, Radio Quijano evoc\u00f3 la figura del reconocido maestro del arte del silencio <strong>\u00c1ngel Elizondo<\/strong>, quien durante su juventud vivi\u00f3 y dej\u00f3 una profunda huella en esta localidad del Valle de Lerma.<\/p>\n\n\n\n<p>Elizondo naci\u00f3 en <strong>El Pucar\u00e1, Rosario de Lerma<\/strong>, hijo de Alberto Elizondo y Antonia Teresa Quiroga. Pas\u00f3 su primera infancia en la finca de su abuela Silveria Guti\u00e9rrez y residi\u00f3 en diversas localidades salte\u00f1as. En Campo Quijano dio sus primeros pasos actorales de forma espont\u00e1nea y vocacional, al tiempo que se destacaba como arquero del club de f\u00fatbol <strong>Uni\u00f3n Huaytiquina<\/strong> e integraba el equipo de b\u00e1squet del <strong>Sportivo Social Quijano<\/strong>, un deporte poco difundido en la zona en aquellos a\u00f1os.<\/p>\n\n\n\n<p>A mediados de la d\u00e9cada de 1950 viaj\u00f3 a <strong>Buenos Aires<\/strong> para perfeccionarse en teatro y se uni\u00f3 al grupo <strong>Nuevo Teatro<\/strong>, dirigido por Alejandra Boero y Pedro Asquini. Poco despu\u00e9s viaj\u00f3 a <strong>Par\u00eds<\/strong>, donde se form\u00f3 con los maestros \u00c9tienne y Maximilien Decroux y Jacques Lecoq, figuras fundamentales en la historia del mimo. \u201cMe fui actor y regres\u00e9 mimo; me fui hablando y volv\u00ed mudo\u201d, recordaba Elizondo.<\/p>\n\n\n\n<p>De regreso en la Argentina, fund\u00f3 la <strong>Escuela de Mimo, Pantomima y Expresi\u00f3n Corporal<\/strong> en el Teatro Fray Mocho y cre\u00f3 su propia compa\u00f1\u00eda, con la que mont\u00f3 espect\u00e1culos innovadores y form\u00f3 a varias generaciones de int\u00e9rpretes.<\/p>\n\n\n\n<p>\u00c1ngel Elizondo falleci\u00f3 en Buenos Aires el <strong>31 de agosto de 2022<\/strong>, a los 90 a\u00f1os, dejando un legado art\u00edstico reconocido a nivel nacional e internacional.<br>En esta efem\u00e9ride, el oyente <strong>H\u00e9ctor Lorenzo Bautista<\/strong> de <strong>Campo Quijano<\/strong> que vive el Brasil, lo record\u00f3 con orgullo, compartiendo audios y testimonios que rescatan su paso por el pueblo y su trascendencia en el mundo del mimo.<\/p>\n\n\n\n<figure class=\"wp-block-audio\"><audio controls src=\"https:\/\/nahuelproducciones.com.ar\/radioquijano\/wp-content\/uploads\/2025\/09\/BAUTISTA-1.ogg\"><\/audio><\/figure>\n\n\n\n<figure class=\"wp-block-audio\"><audio controls src=\"https:\/\/nahuelproducciones.com.ar\/radioquijano\/wp-content\/uploads\/2025\/09\/BAUTISTA-2.ogg\"><\/audio><\/figure>\n\n\n\n<figure class=\"wp-block-audio\"><audio controls src=\"https:\/\/nahuelproducciones.com.ar\/radioquijano\/wp-content\/uploads\/2025\/09\/BAUTISTA-3.ogg\"><\/audio><\/figure>\n","protected":false},"excerpt":{"rendered":"<p>Este 22 de septiembre, en el marco del D\u00eda Internacional del Mimo, Radio Quijano evoc\u00f3 la figura del reconocido maestro del arte del silencio \u00c1ngel Elizondo, quien durante su juventud vivi\u00f3 y dej\u00f3 una profunda huella en esta localidad del Valle de Lerma. Elizondo naci\u00f3 en El Pucar\u00e1, Rosario de Lerma, hijo de Alberto Elizondo [&hellip;]<\/p>\n","protected":false},"author":8,"featured_media":0,"comment_status":"open","ping_status":"open","sticky":false,"template":"","format":"standard","meta":{"_monsterinsights_skip_tracking":false,"_monsterinsights_sitenote_active":false,"_monsterinsights_sitenote_note":"","_monsterinsights_sitenote_category":0,"footnotes":""},"categories":[16],"tags":[1915,1914,1916,100],"class_list":["post-11177","post","type-post","status-publish","format-standard","hentry","category-noticias","tag-angel-elizondo","tag-dia-internacional-del-mimo","tag-hector-lorenzo-bautista","tag-municipio-de-campo-quijano"],"yoast_head":"<!-- This site is optimized with the Yoast SEO plugin v20.8 - https:\/\/yoast.com\/wordpress\/plugins\/seo\/ -->\n<title>Campo Quijano record\u00f3 a \u00c1ngel Elizondo en el D\u00eda Internacional del Mimo - RQ 99.9<\/title>\n<meta name=\"description\" content=\"\u00c1ngel Elizondo falleci\u00f3 en Buenos Aires el 1 de septiembre de 2022, a los 90 a\u00f1os, dejando un legado art\u00edstico reconocido a nivel nacional e internacional.\" \/>\n<meta name=\"robots\" content=\"index, follow, max-snippet:-1, max-image-preview:large, max-video-preview:-1\" \/>\n<link rel=\"canonical\" href=\"https:\/\/nahuelproducciones.com.ar\/radioquijano\/campo-quijano-recordo-a-angel-elizondo-en-el-dia-internacional-del-mimo\/\" \/>\n<meta property=\"og:locale\" content=\"es_ES\" \/>\n<meta property=\"og:type\" content=\"article\" \/>\n<meta property=\"og:title\" content=\"Campo Quijano record\u00f3 a \u00c1ngel Elizondo en el D\u00eda Internacional del Mimo - RQ 99.9\" \/>\n<meta property=\"og:description\" content=\"\u00c1ngel Elizondo falleci\u00f3 en Buenos Aires el 1 de septiembre de 2022, a los 90 a\u00f1os, dejando un legado art\u00edstico reconocido a nivel nacional e internacional.\" \/>\n<meta property=\"og:url\" content=\"https:\/\/nahuelproducciones.com.ar\/radioquijano\/campo-quijano-recordo-a-angel-elizondo-en-el-dia-internacional-del-mimo\/\" \/>\n<meta property=\"og:site_name\" content=\"RQ 99.9\" \/>\n<meta property=\"article:publisher\" content=\"https:\/\/www.facebook.com\/nahuelproducciones999\/\" \/>\n<meta property=\"article:published_time\" content=\"2025-09-22T21:05:07+00:00\" \/>\n<meta property=\"article:modified_time\" content=\"2025-09-22T22:28:29+00:00\" \/>\n<meta property=\"og:image\" content=\"https:\/\/nahuelproducciones.com.ar\/radioquijano\/wp-content\/uploads\/2025\/09\/490660070_24069396392662722_5403621427016292842_n-e1758575428979.jpg\" \/>\n\t<meta property=\"og:image:width\" content=\"700\" \/>\n\t<meta property=\"og:image:height\" content=\"467\" \/>\n\t<meta property=\"og:image:type\" content=\"image\/jpeg\" \/>\n<meta name=\"author\" content=\"Cecilia Pastrana\" \/>\n<meta name=\"twitter:card\" content=\"summary_large_image\" \/>\n<meta name=\"twitter:creator\" content=\"@nahuproduciones\" \/>\n<meta name=\"twitter:site\" content=\"@nahuproduciones\" \/>\n<meta name=\"twitter:label1\" content=\"Escrito por\" \/>\n\t<meta name=\"twitter:data1\" content=\"Cecilia Pastrana\" \/>\n\t<meta name=\"twitter:label2\" content=\"Tiempo de lectura\" \/>\n\t<meta name=\"twitter:data2\" content=\"2 minutos\" \/>\n<script type=\"application\/ld+json\" class=\"yoast-schema-graph\">{\"@context\":\"https:\/\/schema.org\",\"@graph\":[{\"@type\":\"WebPage\",\"@id\":\"https:\/\/nahuelproducciones.com.ar\/radioquijano\/campo-quijano-recordo-a-angel-elizondo-en-el-dia-internacional-del-mimo\/\",\"url\":\"https:\/\/nahuelproducciones.com.ar\/radioquijano\/campo-quijano-recordo-a-angel-elizondo-en-el-dia-internacional-del-mimo\/\",\"name\":\"Campo Quijano record\u00f3 a \u00c1ngel Elizondo en el D\u00eda Internacional del Mimo - RQ 99.9\",\"isPartOf\":{\"@id\":\"https:\/\/nahuelproducciones.com.ar\/radioquijano\/#website\"},\"datePublished\":\"2025-09-22T21:05:07+00:00\",\"dateModified\":\"2025-09-22T22:28:29+00:00\",\"author\":{\"@id\":\"https:\/\/nahuelproducciones.com.ar\/radioquijano\/#\/schema\/person\/e8a4f939e2cb487fe6d0c54042c9d32c\"},\"description\":\"\u00c1ngel Elizondo falleci\u00f3 en Buenos Aires el 1 de septiembre de 2022, a los 90 a\u00f1os, dejando un legado art\u00edstico reconocido a nivel nacional e internacional.\",\"breadcrumb\":{\"@id\":\"https:\/\/nahuelproducciones.com.ar\/radioquijano\/campo-quijano-recordo-a-angel-elizondo-en-el-dia-internacional-del-mimo\/#breadcrumb\"},\"inLanguage\":\"es\",\"potentialAction\":[{\"@type\":\"ReadAction\",\"target\":[\"https:\/\/nahuelproducciones.com.ar\/radioquijano\/campo-quijano-recordo-a-angel-elizondo-en-el-dia-internacional-del-mimo\/\"]}]},{\"@type\":\"BreadcrumbList\",\"@id\":\"https:\/\/nahuelproducciones.com.ar\/radioquijano\/campo-quijano-recordo-a-angel-elizondo-en-el-dia-internacional-del-mimo\/#breadcrumb\",\"itemListElement\":[{\"@type\":\"ListItem\",\"position\":1,\"name\":\"Portada\",\"item\":\"https:\/\/nahuelproducciones.com.ar\/radioquijano\/\"},{\"@type\":\"ListItem\",\"position\":2,\"name\":\"Campo Quijano record\u00f3 a \u00c1ngel Elizondo en el D\u00eda Internacional del Mimo\"}]},{\"@type\":\"WebSite\",\"@id\":\"https:\/\/nahuelproducciones.com.ar\/radioquijano\/#website\",\"url\":\"https:\/\/nahuelproducciones.com.ar\/radioquijano\/\",\"name\":\"RQ 99.9\",\"description\":\"Radio Quijano 99.9 MHz\",\"potentialAction\":[{\"@type\":\"SearchAction\",\"target\":{\"@type\":\"EntryPoint\",\"urlTemplate\":\"https:\/\/nahuelproducciones.com.ar\/radioquijano\/?s={search_term_string}\"},\"query-input\":\"required name=search_term_string\"}],\"inLanguage\":\"es\"},{\"@type\":\"Person\",\"@id\":\"https:\/\/nahuelproducciones.com.ar\/radioquijano\/#\/schema\/person\/e8a4f939e2cb487fe6d0c54042c9d32c\",\"name\":\"Cecilia Pastrana\",\"image\":{\"@type\":\"ImageObject\",\"inLanguage\":\"es\",\"@id\":\"https:\/\/nahuelproducciones.com.ar\/radioquijano\/#\/schema\/person\/image\/\",\"url\":\"https:\/\/secure.gravatar.com\/avatar\/661a3ef63a8488d4f2794ed44af8cf71420f7e106f3072c40125114df5157749?s=96&d=mm&r=g\",\"contentUrl\":\"https:\/\/secure.gravatar.com\/avatar\/661a3ef63a8488d4f2794ed44af8cf71420f7e106f3072c40125114df5157749?s=96&d=mm&r=g\",\"caption\":\"Cecilia Pastrana\"},\"sameAs\":[\"cecy\"],\"url\":\"https:\/\/nahuelproducciones.com.ar\/radioquijano\/author\/cecy\/\"}]}<\/script>\n<!-- \/ Yoast SEO plugin. -->","yoast_head_json":{"title":"Campo Quijano record\u00f3 a \u00c1ngel Elizondo en el D\u00eda Internacional del Mimo - RQ 99.9","description":"\u00c1ngel Elizondo falleci\u00f3 en Buenos Aires el 1 de septiembre de 2022, a los 90 a\u00f1os, dejando un legado art\u00edstico reconocido a nivel nacional e internacional.","robots":{"index":"index","follow":"follow","max-snippet":"max-snippet:-1","max-image-preview":"max-image-preview:large","max-video-preview":"max-video-preview:-1"},"canonical":"https:\/\/nahuelproducciones.com.ar\/radioquijano\/campo-quijano-recordo-a-angel-elizondo-en-el-dia-internacional-del-mimo\/","og_locale":"es_ES","og_type":"article","og_title":"Campo Quijano record\u00f3 a \u00c1ngel Elizondo en el D\u00eda Internacional del Mimo - RQ 99.9","og_description":"\u00c1ngel Elizondo falleci\u00f3 en Buenos Aires el 1 de septiembre de 2022, a los 90 a\u00f1os, dejando un legado art\u00edstico reconocido a nivel nacional e internacional.","og_url":"https:\/\/nahuelproducciones.com.ar\/radioquijano\/campo-quijano-recordo-a-angel-elizondo-en-el-dia-internacional-del-mimo\/","og_site_name":"RQ 99.9","article_publisher":"https:\/\/www.facebook.com\/nahuelproducciones999\/","article_published_time":"2025-09-22T21:05:07+00:00","article_modified_time":"2025-09-22T22:28:29+00:00","og_image":[{"width":700,"height":467,"url":"https:\/\/nahuelproducciones.com.ar\/radioquijano\/wp-content\/uploads\/2025\/09\/490660070_24069396392662722_5403621427016292842_n-e1758575428979.jpg","type":"image\/jpeg"}],"author":"Cecilia Pastrana","twitter_card":"summary_large_image","twitter_creator":"@nahuproduciones","twitter_site":"@nahuproduciones","twitter_misc":{"Escrito por":"Cecilia Pastrana","Tiempo de lectura":"2 minutos"},"schema":{"@context":"https:\/\/schema.org","@graph":[{"@type":"WebPage","@id":"https:\/\/nahuelproducciones.com.ar\/radioquijano\/campo-quijano-recordo-a-angel-elizondo-en-el-dia-internacional-del-mimo\/","url":"https:\/\/nahuelproducciones.com.ar\/radioquijano\/campo-quijano-recordo-a-angel-elizondo-en-el-dia-internacional-del-mimo\/","name":"Campo Quijano record\u00f3 a \u00c1ngel Elizondo en el D\u00eda Internacional del Mimo - RQ 99.9","isPartOf":{"@id":"https:\/\/nahuelproducciones.com.ar\/radioquijano\/#website"},"datePublished":"2025-09-22T21:05:07+00:00","dateModified":"2025-09-22T22:28:29+00:00","author":{"@id":"https:\/\/nahuelproducciones.com.ar\/radioquijano\/#\/schema\/person\/e8a4f939e2cb487fe6d0c54042c9d32c"},"description":"\u00c1ngel Elizondo falleci\u00f3 en Buenos Aires el 1 de septiembre de 2022, a los 90 a\u00f1os, dejando un legado art\u00edstico reconocido a nivel nacional e internacional.","breadcrumb":{"@id":"https:\/\/nahuelproducciones.com.ar\/radioquijano\/campo-quijano-recordo-a-angel-elizondo-en-el-dia-internacional-del-mimo\/#breadcrumb"},"inLanguage":"es","potentialAction":[{"@type":"ReadAction","target":["https:\/\/nahuelproducciones.com.ar\/radioquijano\/campo-quijano-recordo-a-angel-elizondo-en-el-dia-internacional-del-mimo\/"]}]},{"@type":"BreadcrumbList","@id":"https:\/\/nahuelproducciones.com.ar\/radioquijano\/campo-quijano-recordo-a-angel-elizondo-en-el-dia-internacional-del-mimo\/#breadcrumb","itemListElement":[{"@type":"ListItem","position":1,"name":"Portada","item":"https:\/\/nahuelproducciones.com.ar\/radioquijano\/"},{"@type":"ListItem","position":2,"name":"Campo Quijano record\u00f3 a \u00c1ngel Elizondo en el D\u00eda Internacional del Mimo"}]},{"@type":"WebSite","@id":"https:\/\/nahuelproducciones.com.ar\/radioquijano\/#website","url":"https:\/\/nahuelproducciones.com.ar\/radioquijano\/","name":"RQ 99.9","description":"Radio Quijano 99.9 MHz","potentialAction":[{"@type":"SearchAction","target":{"@type":"EntryPoint","urlTemplate":"https:\/\/nahuelproducciones.com.ar\/radioquijano\/?s={search_term_string}"},"query-input":"required name=search_term_string"}],"inLanguage":"es"},{"@type":"Person","@id":"https:\/\/nahuelproducciones.com.ar\/radioquijano\/#\/schema\/person\/e8a4f939e2cb487fe6d0c54042c9d32c","name":"Cecilia Pastrana","image":{"@type":"ImageObject","inLanguage":"es","@id":"https:\/\/nahuelproducciones.com.ar\/radioquijano\/#\/schema\/person\/image\/","url":"https:\/\/secure.gravatar.com\/avatar\/661a3ef63a8488d4f2794ed44af8cf71420f7e106f3072c40125114df5157749?s=96&d=mm&r=g","contentUrl":"https:\/\/secure.gravatar.com\/avatar\/661a3ef63a8488d4f2794ed44af8cf71420f7e106f3072c40125114df5157749?s=96&d=mm&r=g","caption":"Cecilia Pastrana"},"sameAs":["cecy"],"url":"https:\/\/nahuelproducciones.com.ar\/radioquijano\/author\/cecy\/"}]}},"_links":{"self":[{"href":"https:\/\/nahuelproducciones.com.ar\/radioquijano\/wp-json\/wp\/v2\/posts\/11177","targetHints":{"allow":["GET"]}}],"collection":[{"href":"https:\/\/nahuelproducciones.com.ar\/radioquijano\/wp-json\/wp\/v2\/posts"}],"about":[{"href":"https:\/\/nahuelproducciones.com.ar\/radioquijano\/wp-json\/wp\/v2\/types\/post"}],"author":[{"embeddable":true,"href":"https:\/\/nahuelproducciones.com.ar\/radioquijano\/wp-json\/wp\/v2\/users\/8"}],"replies":[{"embeddable":true,"href":"https:\/\/nahuelproducciones.com.ar\/radioquijano\/wp-json\/wp\/v2\/comments?post=11177"}],"version-history":[{"count":3,"href":"https:\/\/nahuelproducciones.com.ar\/radioquijano\/wp-json\/wp\/v2\/posts\/11177\/revisions"}],"predecessor-version":[{"id":11186,"href":"https:\/\/nahuelproducciones.com.ar\/radioquijano\/wp-json\/wp\/v2\/posts\/11177\/revisions\/11186"}],"wp:attachment":[{"href":"https:\/\/nahuelproducciones.com.ar\/radioquijano\/wp-json\/wp\/v2\/media?parent=11177"}],"wp:term":[{"taxonomy":"category","embeddable":true,"href":"https:\/\/nahuelproducciones.com.ar\/radioquijano\/wp-json\/wp\/v2\/categories?post=11177"},{"taxonomy":"post_tag","embeddable":true,"href":"https:\/\/nahuelproducciones.com.ar\/radioquijano\/wp-json\/wp\/v2\/tags?post=11177"}],"curies":[{"name":"wp","href":"https:\/\/api.w.org\/{rel}","templated":true}]}}