{"id":11187,"date":"2025-09-24T10:47:34","date_gmt":"2025-09-24T13:47:34","guid":{"rendered":"https:\/\/nahuelproducciones.com.ar\/radioquijano\/?p=11187"},"modified":"2025-09-24T10:47:34","modified_gmt":"2025-09-24T13:47:34","slug":"rosario-de-lerma-la-policia-busca-a-jose-mateo","status":"publish","type":"post","link":"https:\/\/nahuelproducciones.com.ar\/radioquijano\/rosario-de-lerma-la-policia-busca-a-jose-mateo\/","title":{"rendered":"ROSARIO DE LERMA: La Polic\u00eda busca a Jos\u00e9 Mateo"},"content":{"rendered":"\n<p><em><strong>El ni\u00f1o de 12 a\u00f1os se ausent\u00f3 de su hogar en Villa Lola, El Enc\u00f3n, Rosario de Lerma hoy al mediod\u00eda.&nbsp; Se tom\u00f3 conocimiento tras la denuncia de un familiar.&nbsp; Interviene la Fiscal\u00eda Penal Rosario de Lerma.<\/strong><\/em><\/p>\n\n\n\n<p>En el marco del Protocolo Provincial de B\u00fasqueda de Personas Extraviadas activado hoy, efectivos de \u00e1reas operativas e investigativas del Distrito de Prevenci\u00f3n 10 trabajan bajo la direcci\u00f3n de la Fiscal\u00eda Penal Rosario de Lerma para dar con el paradero de Jos\u00e9 Mateo, de 12 a\u00f1os, quien se ausent\u00f3 de su hogar en Villa Lola, El Enc\u00f3n, Rosario De Lerma desde hoy al mediod\u00eda.<\/p>\n\n\n\n<p>Jos\u00e9 Mateo es de contextura delgada, 1,50 metros de altura aproximadamente y tez morena. Vest\u00eda una remera con flores, pantal\u00f3n jeans, buzo color negro y zapatillas color marr\u00f3n.<\/p>\n\n\n\n<p>Se solicita a los medios de comunicaci\u00f3n y a la comunidad que, ante cualquier informaci\u00f3n que pueda contribuir a la localizaci\u00f3n, se comuniquen al Sistema de Emergencias 9-1-1, se dirijan a la dependencia policial o se contacten al tel\u00e9fono 3878 27-9839 de Subcomisaria La Silleta (DDP-10).<\/p>\n\n\n<div class=\"wp-block-image\">\n<figure class=\"aligncenter\"><img decoding=\"async\" src=\"https:\/\/prensa.policiadesalta.gob.ar\/wp-content\/uploads\/2025\/09\/laime-2-228x300.jpeg\" alt=\"\" class=\"wp-image-37116\"\/><\/figure><\/div>\n\n\n<p><\/p>\n","protected":false},"excerpt":{"rendered":"<p>El ni\u00f1o de 12 a\u00f1os se ausent\u00f3 de su hogar en Villa Lola, El Enc\u00f3n, Rosario de Lerma hoy al mediod\u00eda.&nbsp; Se tom\u00f3 conocimiento tras la denuncia de un familiar.&nbsp; Interviene la Fiscal\u00eda Penal Rosario de Lerma. En el marco del Protocolo Provincial de B\u00fasqueda de Personas Extraviadas activado hoy, efectivos de \u00e1reas operativas e [&hellip;]<\/p>\n","protected":false},"author":8,"featured_media":11189,"comment_status":"open","ping_status":"open","sticky":false,"template":"","format":"standard","meta":{"_monsterinsights_skip_tracking":false,"_monsterinsights_sitenote_active":false,"_monsterinsights_sitenote_note":"","_monsterinsights_sitenote_category":0,"footnotes":""},"categories":[16],"tags":[1919,1917,100],"class_list":["post-11187","post","type-post","status-publish","format-standard","has-post-thumbnail","hentry","category-noticias","tag-busqueda-2","tag-jose-mateo","tag-municipio-de-campo-quijano"],"yoast_head":"<!-- This site is optimized with the Yoast SEO plugin v20.8 - https:\/\/yoast.com\/wordpress\/plugins\/seo\/ -->\n<title>ROSARIO DE LERMA: La Polic\u00eda busca a Jos\u00e9 Mateo - RQ 99.9<\/title>\n<meta name=\"description\" content=\"El ni\u00f1o de 12 a\u00f1os se ausent\u00f3 de su hogar en Villa Lola, El Enc\u00f3n, Rosario de Lerma hoy al mediod\u00eda. Se tom\u00f3 conocimiento tras la denuncia de un familiar. Interviene la Fiscal\u00eda Penal Rosario de Lerma.\" \/>\n<meta name=\"robots\" content=\"index, follow, max-snippet:-1, max-image-preview:large, max-video-preview:-1\" \/>\n<link rel=\"canonical\" href=\"https:\/\/nahuelproducciones.com.ar\/radioquijano\/rosario-de-lerma-la-policia-busca-a-jose-mateo\/\" \/>\n<meta property=\"og:locale\" content=\"es_ES\" \/>\n<meta property=\"og:type\" content=\"article\" \/>\n<meta property=\"og:title\" content=\"ROSARIO DE LERMA: La Polic\u00eda busca a Jos\u00e9 Mateo - RQ 99.9\" \/>\n<meta property=\"og:description\" content=\"El ni\u00f1o de 12 a\u00f1os se ausent\u00f3 de su hogar en Villa Lola, El Enc\u00f3n, Rosario de Lerma hoy al mediod\u00eda. Se tom\u00f3 conocimiento tras la denuncia de un familiar. Interviene la Fiscal\u00eda Penal Rosario de Lerma.\" \/>\n<meta property=\"og:url\" content=\"https:\/\/nahuelproducciones.com.ar\/radioquijano\/rosario-de-lerma-la-policia-busca-a-jose-mateo\/\" \/>\n<meta property=\"og:site_name\" content=\"RQ 99.9\" \/>\n<meta property=\"article:publisher\" content=\"https:\/\/www.facebook.com\/nahuelproducciones999\/\" \/>\n<meta property=\"article:published_time\" content=\"2025-09-24T13:47:34+00:00\" \/>\n<meta property=\"og:image\" content=\"https:\/\/nahuelproducciones.com.ar\/radioquijano\/wp-content\/uploads\/2025\/09\/WhatsApp-Image-2025-09-24-at-10.33.03-AM.jpeg\" \/>\n\t<meta property=\"og:image:width\" content=\"550\" \/>\n\t<meta property=\"og:image:height\" content=\"564\" \/>\n\t<meta property=\"og:image:type\" content=\"image\/jpeg\" \/>\n<meta name=\"author\" content=\"Cecilia Pastrana\" \/>\n<meta name=\"twitter:card\" content=\"summary_large_image\" \/>\n<meta name=\"twitter:creator\" content=\"@nahuproduciones\" \/>\n<meta name=\"twitter:site\" content=\"@nahuproduciones\" \/>\n<meta name=\"twitter:label1\" content=\"Escrito por\" \/>\n\t<meta name=\"twitter:data1\" content=\"Cecilia Pastrana\" \/>\n\t<meta name=\"twitter:label2\" content=\"Tiempo de lectura\" \/>\n\t<meta name=\"twitter:data2\" content=\"2 minutos\" \/>\n<script type=\"application\/ld+json\" class=\"yoast-schema-graph\">{\"@context\":\"https:\/\/schema.org\",\"@graph\":[{\"@type\":\"WebPage\",\"@id\":\"https:\/\/nahuelproducciones.com.ar\/radioquijano\/rosario-de-lerma-la-policia-busca-a-jose-mateo\/\",\"url\":\"https:\/\/nahuelproducciones.com.ar\/radioquijano\/rosario-de-lerma-la-policia-busca-a-jose-mateo\/\",\"name\":\"ROSARIO DE LERMA: La Polic\u00eda busca a Jos\u00e9 Mateo - RQ 99.9\",\"isPartOf\":{\"@id\":\"https:\/\/nahuelproducciones.com.ar\/radioquijano\/#website\"},\"datePublished\":\"2025-09-24T13:47:34+00:00\",\"dateModified\":\"2025-09-24T13:47:34+00:00\",\"author\":{\"@id\":\"https:\/\/nahuelproducciones.com.ar\/radioquijano\/#\/schema\/person\/e8a4f939e2cb487fe6d0c54042c9d32c\"},\"description\":\"El ni\u00f1o de 12 a\u00f1os se ausent\u00f3 de su hogar en Villa Lola, El Enc\u00f3n, Rosario de Lerma hoy al mediod\u00eda. Se tom\u00f3 conocimiento tras la denuncia de un familiar. Interviene la Fiscal\u00eda Penal Rosario de Lerma.\",\"breadcrumb\":{\"@id\":\"https:\/\/nahuelproducciones.com.ar\/radioquijano\/rosario-de-lerma-la-policia-busca-a-jose-mateo\/#breadcrumb\"},\"inLanguage\":\"es\",\"potentialAction\":[{\"@type\":\"ReadAction\",\"target\":[\"https:\/\/nahuelproducciones.com.ar\/radioquijano\/rosario-de-lerma-la-policia-busca-a-jose-mateo\/\"]}]},{\"@type\":\"BreadcrumbList\",\"@id\":\"https:\/\/nahuelproducciones.com.ar\/radioquijano\/rosario-de-lerma-la-policia-busca-a-jose-mateo\/#breadcrumb\",\"itemListElement\":[{\"@type\":\"ListItem\",\"position\":1,\"name\":\"Portada\",\"item\":\"https:\/\/nahuelproducciones.com.ar\/radioquijano\/\"},{\"@type\":\"ListItem\",\"position\":2,\"name\":\"ROSARIO DE LERMA: La Polic\u00eda busca a Jos\u00e9 Mateo\"}]},{\"@type\":\"WebSite\",\"@id\":\"https:\/\/nahuelproducciones.com.ar\/radioquijano\/#website\",\"url\":\"https:\/\/nahuelproducciones.com.ar\/radioquijano\/\",\"name\":\"RQ 99.9\",\"description\":\"Radio Quijano 99.9 MHz\",\"potentialAction\":[{\"@type\":\"SearchAction\",\"target\":{\"@type\":\"EntryPoint\",\"urlTemplate\":\"https:\/\/nahuelproducciones.com.ar\/radioquijano\/?s={search_term_string}\"},\"query-input\":\"required name=search_term_string\"}],\"inLanguage\":\"es\"},{\"@type\":\"Person\",\"@id\":\"https:\/\/nahuelproducciones.com.ar\/radioquijano\/#\/schema\/person\/e8a4f939e2cb487fe6d0c54042c9d32c\",\"name\":\"Cecilia Pastrana\",\"image\":{\"@type\":\"ImageObject\",\"inLanguage\":\"es\",\"@id\":\"https:\/\/nahuelproducciones.com.ar\/radioquijano\/#\/schema\/person\/image\/\",\"url\":\"https:\/\/secure.gravatar.com\/avatar\/661a3ef63a8488d4f2794ed44af8cf71420f7e106f3072c40125114df5157749?s=96&d=mm&r=g\",\"contentUrl\":\"https:\/\/secure.gravatar.com\/avatar\/661a3ef63a8488d4f2794ed44af8cf71420f7e106f3072c40125114df5157749?s=96&d=mm&r=g\",\"caption\":\"Cecilia Pastrana\"},\"sameAs\":[\"cecy\"],\"url\":\"https:\/\/nahuelproducciones.com.ar\/radioquijano\/author\/cecy\/\"}]}<\/script>\n<!-- \/ Yoast SEO plugin. -->","yoast_head_json":{"title":"ROSARIO DE LERMA: La Polic\u00eda busca a Jos\u00e9 Mateo - RQ 99.9","description":"El ni\u00f1o de 12 a\u00f1os se ausent\u00f3 de su hogar en Villa Lola, El Enc\u00f3n, Rosario de Lerma hoy al mediod\u00eda. Se tom\u00f3 conocimiento tras la denuncia de un familiar. Interviene la Fiscal\u00eda Penal Rosario de Lerma.","robots":{"index":"index","follow":"follow","max-snippet":"max-snippet:-1","max-image-preview":"max-image-preview:large","max-video-preview":"max-video-preview:-1"},"canonical":"https:\/\/nahuelproducciones.com.ar\/radioquijano\/rosario-de-lerma-la-policia-busca-a-jose-mateo\/","og_locale":"es_ES","og_type":"article","og_title":"ROSARIO DE LERMA: La Polic\u00eda busca a Jos\u00e9 Mateo - RQ 99.9","og_description":"El ni\u00f1o de 12 a\u00f1os se ausent\u00f3 de su hogar en Villa Lola, El Enc\u00f3n, Rosario de Lerma hoy al mediod\u00eda. Se tom\u00f3 conocimiento tras la denuncia de un familiar. Interviene la Fiscal\u00eda Penal Rosario de Lerma.","og_url":"https:\/\/nahuelproducciones.com.ar\/radioquijano\/rosario-de-lerma-la-policia-busca-a-jose-mateo\/","og_site_name":"RQ 99.9","article_publisher":"https:\/\/www.facebook.com\/nahuelproducciones999\/","article_published_time":"2025-09-24T13:47:34+00:00","og_image":[{"width":550,"height":564,"url":"https:\/\/nahuelproducciones.com.ar\/radioquijano\/wp-content\/uploads\/2025\/09\/WhatsApp-Image-2025-09-24-at-10.33.03-AM.jpeg","type":"image\/jpeg"}],"author":"Cecilia Pastrana","twitter_card":"summary_large_image","twitter_creator":"@nahuproduciones","twitter_site":"@nahuproduciones","twitter_misc":{"Escrito por":"Cecilia Pastrana","Tiempo de lectura":"2 minutos"},"schema":{"@context":"https:\/\/schema.org","@graph":[{"@type":"WebPage","@id":"https:\/\/nahuelproducciones.com.ar\/radioquijano\/rosario-de-lerma-la-policia-busca-a-jose-mateo\/","url":"https:\/\/nahuelproducciones.com.ar\/radioquijano\/rosario-de-lerma-la-policia-busca-a-jose-mateo\/","name":"ROSARIO DE LERMA: La Polic\u00eda busca a Jos\u00e9 Mateo - RQ 99.9","isPartOf":{"@id":"https:\/\/nahuelproducciones.com.ar\/radioquijano\/#website"},"datePublished":"2025-09-24T13:47:34+00:00","dateModified":"2025-09-24T13:47:34+00:00","author":{"@id":"https:\/\/nahuelproducciones.com.ar\/radioquijano\/#\/schema\/person\/e8a4f939e2cb487fe6d0c54042c9d32c"},"description":"El ni\u00f1o de 12 a\u00f1os se ausent\u00f3 de su hogar en Villa Lola, El Enc\u00f3n, Rosario de Lerma hoy al mediod\u00eda. Se tom\u00f3 conocimiento tras la denuncia de un familiar. Interviene la Fiscal\u00eda Penal Rosario de Lerma.","breadcrumb":{"@id":"https:\/\/nahuelproducciones.com.ar\/radioquijano\/rosario-de-lerma-la-policia-busca-a-jose-mateo\/#breadcrumb"},"inLanguage":"es","potentialAction":[{"@type":"ReadAction","target":["https:\/\/nahuelproducciones.com.ar\/radioquijano\/rosario-de-lerma-la-policia-busca-a-jose-mateo\/"]}]},{"@type":"BreadcrumbList","@id":"https:\/\/nahuelproducciones.com.ar\/radioquijano\/rosario-de-lerma-la-policia-busca-a-jose-mateo\/#breadcrumb","itemListElement":[{"@type":"ListItem","position":1,"name":"Portada","item":"https:\/\/nahuelproducciones.com.ar\/radioquijano\/"},{"@type":"ListItem","position":2,"name":"ROSARIO DE LERMA: La Polic\u00eda busca a Jos\u00e9 Mateo"}]},{"@type":"WebSite","@id":"https:\/\/nahuelproducciones.com.ar\/radioquijano\/#website","url":"https:\/\/nahuelproducciones.com.ar\/radioquijano\/","name":"RQ 99.9","description":"Radio Quijano 99.9 MHz","potentialAction":[{"@type":"SearchAction","target":{"@type":"EntryPoint","urlTemplate":"https:\/\/nahuelproducciones.com.ar\/radioquijano\/?s={search_term_string}"},"query-input":"required name=search_term_string"}],"inLanguage":"es"},{"@type":"Person","@id":"https:\/\/nahuelproducciones.com.ar\/radioquijano\/#\/schema\/person\/e8a4f939e2cb487fe6d0c54042c9d32c","name":"Cecilia Pastrana","image":{"@type":"ImageObject","inLanguage":"es","@id":"https:\/\/nahuelproducciones.com.ar\/radioquijano\/#\/schema\/person\/image\/","url":"https:\/\/secure.gravatar.com\/avatar\/661a3ef63a8488d4f2794ed44af8cf71420f7e106f3072c40125114df5157749?s=96&d=mm&r=g","contentUrl":"https:\/\/secure.gravatar.com\/avatar\/661a3ef63a8488d4f2794ed44af8cf71420f7e106f3072c40125114df5157749?s=96&d=mm&r=g","caption":"Cecilia Pastrana"},"sameAs":["cecy"],"url":"https:\/\/nahuelproducciones.com.ar\/radioquijano\/author\/cecy\/"}]}},"_links":{"self":[{"href":"https:\/\/nahuelproducciones.com.ar\/radioquijano\/wp-json\/wp\/v2\/posts\/11187","targetHints":{"allow":["GET"]}}],"collection":[{"href":"https:\/\/nahuelproducciones.com.ar\/radioquijano\/wp-json\/wp\/v2\/posts"}],"about":[{"href":"https:\/\/nahuelproducciones.com.ar\/radioquijano\/wp-json\/wp\/v2\/types\/post"}],"author":[{"embeddable":true,"href":"https:\/\/nahuelproducciones.com.ar\/radioquijano\/wp-json\/wp\/v2\/users\/8"}],"replies":[{"embeddable":true,"href":"https:\/\/nahuelproducciones.com.ar\/radioquijano\/wp-json\/wp\/v2\/comments?post=11187"}],"version-history":[{"count":2,"href":"https:\/\/nahuelproducciones.com.ar\/radioquijano\/wp-json\/wp\/v2\/posts\/11187\/revisions"}],"predecessor-version":[{"id":11199,"href":"https:\/\/nahuelproducciones.com.ar\/radioquijano\/wp-json\/wp\/v2\/posts\/11187\/revisions\/11199"}],"wp:featuredmedia":[{"embeddable":true,"href":"https:\/\/nahuelproducciones.com.ar\/radioquijano\/wp-json\/wp\/v2\/media\/11189"}],"wp:attachment":[{"href":"https:\/\/nahuelproducciones.com.ar\/radioquijano\/wp-json\/wp\/v2\/media?parent=11187"}],"wp:term":[{"taxonomy":"category","embeddable":true,"href":"https:\/\/nahuelproducciones.com.ar\/radioquijano\/wp-json\/wp\/v2\/categories?post=11187"},{"taxonomy":"post_tag","embeddable":true,"href":"https:\/\/nahuelproducciones.com.ar\/radioquijano\/wp-json\/wp\/v2\/tags?post=11187"}],"curies":[{"name":"wp","href":"https:\/\/api.w.org\/{rel}","templated":true}]}}