{"id":11201,"date":"2025-09-26T10:19:28","date_gmt":"2025-09-26T13:19:28","guid":{"rendered":"https:\/\/nahuelproducciones.com.ar\/radioquijano\/?p=11201"},"modified":"2025-09-26T10:19:29","modified_gmt":"2025-09-26T13:19:29","slug":"de-campo-quijano-al-mar-el-suboficial-juan-farfan-anima-a-los-jovenes-a-unirse-a-la-armada","status":"publish","type":"post","link":"https:\/\/nahuelproducciones.com.ar\/radioquijano\/de-campo-quijano-al-mar-el-suboficial-juan-farfan-anima-a-los-jovenes-a-unirse-a-la-armada\/","title":{"rendered":"De Campo Quijano al mar: el suboficial Juan Farf\u00e1n anima a los j\u00f3venes a unirse a la Armada"},"content":{"rendered":"\n<p>En comunicaci\u00f3n telef\u00f3nica con <strong>Radio Quijano<\/strong>, el Suboficial Principal <strong>Juan Farf\u00e1n<\/strong>, encargado de la Delegaci\u00f3n Naval Salta de la <strong>Armada Argentina<\/strong>, record\u00f3 que contin\u00faa abierta la inscripci\u00f3n para quienes deseen formar parte de la Fuerza.<\/p>\n\n\n\n<p>Farf\u00e1n inform\u00f3 que <strong>hasta el 3 de octubre<\/strong> los j\u00f3venes de ambos sexos pueden inscribirse para incorporarse a la Armada. Los interesados pueden obtener m\u00e1s informaci\u00f3n en el sitio <a href=\"https:\/\/incorporacion.armada.mil.ar\">incorporacion.armada.mil.ar<\/a>, comunicarse al tel\u00e9fono fijo <strong>431-7747<\/strong>, o acercarse personalmente a la oficina ubicada en <strong>San Mart\u00edn 603 (casi Alberdi), ciudad de Salta<\/strong>.<\/p>\n\n\n\n<p>El suboficial explic\u00f3 que la Armada es <strong>una de las tres instituciones militares de defensa de la Naci\u00f3n<\/strong>, con responsabilidad directa en el \u00e1mbito mar\u00edtimo. \u201cEs la instituci\u00f3n del Estado que resguarda los intereses mar\u00edtimos y opera los diversos medios que componen el Poder Naval\u201d, destac\u00f3.<\/p>\n\n\n\n<p>Farf\u00e1n, oriundo de <strong>Rosario de Lerma<\/strong> y con una juventud marcada por su paso por <strong>Campo Quijano<\/strong>, record\u00f3 que se sum\u00f3 a la Fuerza a los <strong>15 a\u00f1os<\/strong>, \u00e9poca en la que era posible incorporarse a tan temprana edad. Durante la entrevista comparti\u00f3 an\u00e9cdotas de aquellos inicios, animando a los j\u00f3venes a conocer y acercarse a una carrera que, seg\u00fan sus palabras, \u201cofrece m\u00faltiples oportunidades en el \u00e1mbito naval y mar\u00edtimo, muchas de ellas poco conocidas para la mayor\u00eda de la sociedad\u201d.<\/p>\n\n\n\n<p>La convocatoria sigue abierta y la Delegaci\u00f3n Naval Salta invita a todos los interesados a informarse y participar.<\/p>\n\n\n\n<p>Escucha la entrevista:<\/p>\n\n\n\n<figure class=\"wp-block-audio\"><audio controls src=\"https:\/\/nahuelproducciones.com.ar\/radioquijano\/wp-content\/uploads\/2025\/09\/25-09-2025Suboficial-Principal-Juan-FARFAN.Encargado-de-la-Delegacion-Naval-Salta-de-la-Armada-Argentina-inscripciones-para-2026.mp3\"><\/audio><\/figure>\n\n\n\n<h3 class=\"wp-block-heading\">\u00daltimas semanas para inscribirse en los institutos de formaci\u00f3n de la Armada Argentina<\/h3>\n\n\n\n<p>La <strong>Armada Argentina<\/strong> mantiene abiertas, hasta el <strong>3 de octubre<\/strong>, las inscripciones para quienes deseen iniciar una carrera militar en alguno de sus institutos de formaci\u00f3n.<\/p>\n\n\n\n<p>Las <strong>convocatorias vigentes<\/strong> incluyen:<\/p>\n\n\n\n<ul class=\"wp-block-list\">\n<li><strong>Escuela Naval Militar<\/strong>: carrera de Oficiales.<\/li>\n\n\n\n<li><strong>Escuela de Suboficiales de la Armada<\/strong>: carrera de Suboficiales, cuadro permanente.<\/li>\n\n\n\n<li><strong>Curso de Integraci\u00f3n Militar (CUIM)<\/strong>: orientado a j\u00f3venes con un oficio o carrera certificada.<\/li>\n<\/ul>\n\n\n\n<p><strong>Requisitos de ingreso<\/strong><\/p>\n\n\n\n<ul class=\"wp-block-list\">\n<li>Para las carreras de Oficiales y Suboficiales: varones y mujeres que cursen el \u00faltimo a\u00f1o del secundario o que ya lo hayan finalizado, con un m\u00e1ximo de <strong>24 a\u00f1os<\/strong> y sin materias adeudadas.<\/li>\n\n\n\n<li>Para el CUIM: hasta <strong>30 a\u00f1os<\/strong> al 1 de marzo del a\u00f1o de ingreso y contar con t\u00edtulo habilitante seg\u00fan la especialidad.<\/li>\n\n\n\n<li>Se abona un ingreso \u00fanico de <strong>$15.000<\/strong>.<\/li>\n<\/ul>\n\n\n\n<p><strong>Beneficios y formaci\u00f3n<\/strong><br>Las propuestas educativas pueden ser universitarias o tecnicaturas, con t\u00edtulos avalados por el <strong>Ministerio de Educaci\u00f3n de la Naci\u00f3n<\/strong>. La formaci\u00f3n es gratuita e incluye <strong>alojamiento, comida, vestuario, obra social y una ayuda econ\u00f3mica mensual<\/strong>.<\/p>\n\n\n\n<blockquote class=\"wp-block-quote is-layout-flow wp-block-quote-is-layout-flow\">\n<p><strong>Inscripci\u00f3n e informes<\/strong><br>El tr\u00e1mite es en l\u00ednea a trav\u00e9s de <a href=\"https:\/\/www.incorporacion.armada.mil.ar\">www.incorporacion.armada.mil.ar<\/a>.<br>Quienes necesiten m\u00e1s informaci\u00f3n pueden comunicarse con la <strong>Delegaci\u00f3n Naval Salta<\/strong> al <strong>(0387) 4317-747<\/strong>, escribir a <strong><a>sinuarmadasalta@gmail.com<\/a><\/strong> o acercarse a <strong>Avenida San Mart\u00edn 603, Salta Capital<\/strong>.<br>Tambi\u00e9n se pueden seguir las redes sociales: <strong>Facebook @DelegacionNavalSalta<\/strong> e <strong>Instagram @IngresoArmadaSalta<\/strong>.<\/p>\n<\/blockquote>\n\n\n<div class=\"wp-block-image\">\n<figure class=\"aligncenter size-full is-resized\"><img loading=\"lazy\" decoding=\"async\" width=\"600\" height=\"900\" src=\"https:\/\/nahuelproducciones.com.ar\/radioquijano\/wp-content\/uploads\/2025\/09\/image-3.png\" alt=\"\" class=\"wp-image-11205\" style=\"width:447px;height:auto\" srcset=\"https:\/\/nahuelproducciones.com.ar\/radioquijano\/wp-content\/uploads\/2025\/09\/image-3.png 600w, https:\/\/nahuelproducciones.com.ar\/radioquijano\/wp-content\/uploads\/2025\/09\/image-3-200x300.png 200w, https:\/\/nahuelproducciones.com.ar\/radioquijano\/wp-content\/uploads\/2025\/09\/image-3-150x225.png 150w\" sizes=\"auto, (max-width: 600px) 100vw, 600px\" \/><\/figure><\/div>","protected":false},"excerpt":{"rendered":"<p>En comunicaci\u00f3n telef\u00f3nica con Radio Quijano, el Suboficial Principal Juan Farf\u00e1n, encargado de la Delegaci\u00f3n Naval Salta de la Armada Argentina, record\u00f3 que contin\u00faa abierta la inscripci\u00f3n para quienes deseen formar parte de la Fuerza. Farf\u00e1n inform\u00f3 que hasta el 3 de octubre los j\u00f3venes de ambos sexos pueden inscribirse para incorporarse a la Armada. [&hellip;]<\/p>\n","protected":false},"author":8,"featured_media":11205,"comment_status":"open","ping_status":"open","sticky":false,"template":"","format":"standard","meta":{"_monsterinsights_skip_tracking":false,"_monsterinsights_sitenote_active":false,"_monsterinsights_sitenote_note":"","_monsterinsights_sitenote_category":0,"footnotes":""},"categories":[16],"tags":[1920,1921,100],"class_list":["post-11201","post","type-post","status-publish","format-standard","has-post-thumbnail","hentry","category-noticias","tag-armada-argentina","tag-inscripcion-2","tag-municipio-de-campo-quijano"],"yoast_head":"<!-- This site is optimized with the Yoast SEO plugin v20.8 - https:\/\/yoast.com\/wordpress\/plugins\/seo\/ -->\n<title>De Campo Quijano al mar: el suboficial Juan Farf\u00e1n anima a los j\u00f3venes a unirse a la Armada - RQ 99.9<\/title>\n<meta name=\"description\" content=\"La Armada Argentina mantiene abiertas, hasta el 3 de octubre, las inscripciones para quienes deseen iniciar una carrera militar en alguno de sus institutos de formaci\u00f3n.\" \/>\n<meta name=\"robots\" content=\"index, follow, max-snippet:-1, max-image-preview:large, max-video-preview:-1\" \/>\n<link rel=\"canonical\" href=\"https:\/\/nahuelproducciones.com.ar\/radioquijano\/de-campo-quijano-al-mar-el-suboficial-juan-farfan-anima-a-los-jovenes-a-unirse-a-la-armada\/\" \/>\n<meta property=\"og:locale\" content=\"es_ES\" \/>\n<meta property=\"og:type\" content=\"article\" \/>\n<meta property=\"og:title\" content=\"De Campo Quijano al mar: el suboficial Juan Farf\u00e1n anima a los j\u00f3venes a unirse a la Armada - RQ 99.9\" \/>\n<meta property=\"og:description\" content=\"La Armada Argentina mantiene abiertas, hasta el 3 de octubre, las inscripciones para quienes deseen iniciar una carrera militar en alguno de sus institutos de formaci\u00f3n.\" \/>\n<meta property=\"og:url\" content=\"https:\/\/nahuelproducciones.com.ar\/radioquijano\/de-campo-quijano-al-mar-el-suboficial-juan-farfan-anima-a-los-jovenes-a-unirse-a-la-armada\/\" \/>\n<meta property=\"og:site_name\" content=\"RQ 99.9\" \/>\n<meta property=\"article:publisher\" content=\"https:\/\/www.facebook.com\/nahuelproducciones999\/\" \/>\n<meta property=\"article:published_time\" content=\"2025-09-26T13:19:28+00:00\" \/>\n<meta property=\"article:modified_time\" content=\"2025-09-26T13:19:29+00:00\" \/>\n<meta property=\"og:image\" content=\"https:\/\/nahuelproducciones.com.ar\/radioquijano\/wp-content\/uploads\/2025\/09\/image-3.png\" \/>\n\t<meta property=\"og:image:width\" content=\"600\" \/>\n\t<meta property=\"og:image:height\" content=\"900\" \/>\n\t<meta property=\"og:image:type\" content=\"image\/png\" \/>\n<meta name=\"author\" content=\"Cecilia Pastrana\" \/>\n<meta name=\"twitter:card\" content=\"summary_large_image\" \/>\n<meta name=\"twitter:creator\" content=\"@nahuproduciones\" \/>\n<meta name=\"twitter:site\" content=\"@nahuproduciones\" \/>\n<meta name=\"twitter:label1\" content=\"Escrito por\" \/>\n\t<meta name=\"twitter:data1\" content=\"Cecilia Pastrana\" \/>\n\t<meta name=\"twitter:label2\" content=\"Tiempo de lectura\" \/>\n\t<meta name=\"twitter:data2\" content=\"3 minutos\" \/>\n<script type=\"application\/ld+json\" class=\"yoast-schema-graph\">{\"@context\":\"https:\/\/schema.org\",\"@graph\":[{\"@type\":\"WebPage\",\"@id\":\"https:\/\/nahuelproducciones.com.ar\/radioquijano\/de-campo-quijano-al-mar-el-suboficial-juan-farfan-anima-a-los-jovenes-a-unirse-a-la-armada\/\",\"url\":\"https:\/\/nahuelproducciones.com.ar\/radioquijano\/de-campo-quijano-al-mar-el-suboficial-juan-farfan-anima-a-los-jovenes-a-unirse-a-la-armada\/\",\"name\":\"De Campo Quijano al mar: el suboficial Juan Farf\u00e1n anima a los j\u00f3venes a unirse a la Armada - RQ 99.9\",\"isPartOf\":{\"@id\":\"https:\/\/nahuelproducciones.com.ar\/radioquijano\/#website\"},\"datePublished\":\"2025-09-26T13:19:28+00:00\",\"dateModified\":\"2025-09-26T13:19:29+00:00\",\"author\":{\"@id\":\"https:\/\/nahuelproducciones.com.ar\/radioquijano\/#\/schema\/person\/e8a4f939e2cb487fe6d0c54042c9d32c\"},\"description\":\"La Armada Argentina mantiene abiertas, hasta el 3 de octubre, las inscripciones para quienes deseen iniciar una carrera militar en alguno de sus institutos de formaci\u00f3n.\",\"breadcrumb\":{\"@id\":\"https:\/\/nahuelproducciones.com.ar\/radioquijano\/de-campo-quijano-al-mar-el-suboficial-juan-farfan-anima-a-los-jovenes-a-unirse-a-la-armada\/#breadcrumb\"},\"inLanguage\":\"es\",\"potentialAction\":[{\"@type\":\"ReadAction\",\"target\":[\"https:\/\/nahuelproducciones.com.ar\/radioquijano\/de-campo-quijano-al-mar-el-suboficial-juan-farfan-anima-a-los-jovenes-a-unirse-a-la-armada\/\"]}]},{\"@type\":\"BreadcrumbList\",\"@id\":\"https:\/\/nahuelproducciones.com.ar\/radioquijano\/de-campo-quijano-al-mar-el-suboficial-juan-farfan-anima-a-los-jovenes-a-unirse-a-la-armada\/#breadcrumb\",\"itemListElement\":[{\"@type\":\"ListItem\",\"position\":1,\"name\":\"Portada\",\"item\":\"https:\/\/nahuelproducciones.com.ar\/radioquijano\/\"},{\"@type\":\"ListItem\",\"position\":2,\"name\":\"De Campo Quijano al mar: el suboficial Juan Farf\u00e1n anima a los j\u00f3venes a unirse a la Armada\"}]},{\"@type\":\"WebSite\",\"@id\":\"https:\/\/nahuelproducciones.com.ar\/radioquijano\/#website\",\"url\":\"https:\/\/nahuelproducciones.com.ar\/radioquijano\/\",\"name\":\"RQ 99.9\",\"description\":\"Radio Quijano 99.9 MHz\",\"potentialAction\":[{\"@type\":\"SearchAction\",\"target\":{\"@type\":\"EntryPoint\",\"urlTemplate\":\"https:\/\/nahuelproducciones.com.ar\/radioquijano\/?s={search_term_string}\"},\"query-input\":\"required name=search_term_string\"}],\"inLanguage\":\"es\"},{\"@type\":\"Person\",\"@id\":\"https:\/\/nahuelproducciones.com.ar\/radioquijano\/#\/schema\/person\/e8a4f939e2cb487fe6d0c54042c9d32c\",\"name\":\"Cecilia Pastrana\",\"image\":{\"@type\":\"ImageObject\",\"inLanguage\":\"es\",\"@id\":\"https:\/\/nahuelproducciones.com.ar\/radioquijano\/#\/schema\/person\/image\/\",\"url\":\"https:\/\/secure.gravatar.com\/avatar\/661a3ef63a8488d4f2794ed44af8cf71420f7e106f3072c40125114df5157749?s=96&d=mm&r=g\",\"contentUrl\":\"https:\/\/secure.gravatar.com\/avatar\/661a3ef63a8488d4f2794ed44af8cf71420f7e106f3072c40125114df5157749?s=96&d=mm&r=g\",\"caption\":\"Cecilia Pastrana\"},\"sameAs\":[\"cecy\"],\"url\":\"https:\/\/nahuelproducciones.com.ar\/radioquijano\/author\/cecy\/\"}]}<\/script>\n<!-- \/ Yoast SEO plugin. -->","yoast_head_json":{"title":"De Campo Quijano al mar: el suboficial Juan Farf\u00e1n anima a los j\u00f3venes a unirse a la Armada - RQ 99.9","description":"La Armada Argentina mantiene abiertas, hasta el 3 de octubre, las inscripciones para quienes deseen iniciar una carrera militar en alguno de sus institutos de formaci\u00f3n.","robots":{"index":"index","follow":"follow","max-snippet":"max-snippet:-1","max-image-preview":"max-image-preview:large","max-video-preview":"max-video-preview:-1"},"canonical":"https:\/\/nahuelproducciones.com.ar\/radioquijano\/de-campo-quijano-al-mar-el-suboficial-juan-farfan-anima-a-los-jovenes-a-unirse-a-la-armada\/","og_locale":"es_ES","og_type":"article","og_title":"De Campo Quijano al mar: el suboficial Juan Farf\u00e1n anima a los j\u00f3venes a unirse a la Armada - RQ 99.9","og_description":"La Armada Argentina mantiene abiertas, hasta el 3 de octubre, las inscripciones para quienes deseen iniciar una carrera militar en alguno de sus institutos de formaci\u00f3n.","og_url":"https:\/\/nahuelproducciones.com.ar\/radioquijano\/de-campo-quijano-al-mar-el-suboficial-juan-farfan-anima-a-los-jovenes-a-unirse-a-la-armada\/","og_site_name":"RQ 99.9","article_publisher":"https:\/\/www.facebook.com\/nahuelproducciones999\/","article_published_time":"2025-09-26T13:19:28+00:00","article_modified_time":"2025-09-26T13:19:29+00:00","og_image":[{"width":600,"height":900,"url":"https:\/\/nahuelproducciones.com.ar\/radioquijano\/wp-content\/uploads\/2025\/09\/image-3.png","type":"image\/png"}],"author":"Cecilia Pastrana","twitter_card":"summary_large_image","twitter_creator":"@nahuproduciones","twitter_site":"@nahuproduciones","twitter_misc":{"Escrito por":"Cecilia Pastrana","Tiempo de lectura":"3 minutos"},"schema":{"@context":"https:\/\/schema.org","@graph":[{"@type":"WebPage","@id":"https:\/\/nahuelproducciones.com.ar\/radioquijano\/de-campo-quijano-al-mar-el-suboficial-juan-farfan-anima-a-los-jovenes-a-unirse-a-la-armada\/","url":"https:\/\/nahuelproducciones.com.ar\/radioquijano\/de-campo-quijano-al-mar-el-suboficial-juan-farfan-anima-a-los-jovenes-a-unirse-a-la-armada\/","name":"De Campo Quijano al mar: el suboficial Juan Farf\u00e1n anima a los j\u00f3venes a unirse a la Armada - RQ 99.9","isPartOf":{"@id":"https:\/\/nahuelproducciones.com.ar\/radioquijano\/#website"},"datePublished":"2025-09-26T13:19:28+00:00","dateModified":"2025-09-26T13:19:29+00:00","author":{"@id":"https:\/\/nahuelproducciones.com.ar\/radioquijano\/#\/schema\/person\/e8a4f939e2cb487fe6d0c54042c9d32c"},"description":"La Armada Argentina mantiene abiertas, hasta el 3 de octubre, las inscripciones para quienes deseen iniciar una carrera militar en alguno de sus institutos de formaci\u00f3n.","breadcrumb":{"@id":"https:\/\/nahuelproducciones.com.ar\/radioquijano\/de-campo-quijano-al-mar-el-suboficial-juan-farfan-anima-a-los-jovenes-a-unirse-a-la-armada\/#breadcrumb"},"inLanguage":"es","potentialAction":[{"@type":"ReadAction","target":["https:\/\/nahuelproducciones.com.ar\/radioquijano\/de-campo-quijano-al-mar-el-suboficial-juan-farfan-anima-a-los-jovenes-a-unirse-a-la-armada\/"]}]},{"@type":"BreadcrumbList","@id":"https:\/\/nahuelproducciones.com.ar\/radioquijano\/de-campo-quijano-al-mar-el-suboficial-juan-farfan-anima-a-los-jovenes-a-unirse-a-la-armada\/#breadcrumb","itemListElement":[{"@type":"ListItem","position":1,"name":"Portada","item":"https:\/\/nahuelproducciones.com.ar\/radioquijano\/"},{"@type":"ListItem","position":2,"name":"De Campo Quijano al mar: el suboficial Juan Farf\u00e1n anima a los j\u00f3venes a unirse a la Armada"}]},{"@type":"WebSite","@id":"https:\/\/nahuelproducciones.com.ar\/radioquijano\/#website","url":"https:\/\/nahuelproducciones.com.ar\/radioquijano\/","name":"RQ 99.9","description":"Radio Quijano 99.9 MHz","potentialAction":[{"@type":"SearchAction","target":{"@type":"EntryPoint","urlTemplate":"https:\/\/nahuelproducciones.com.ar\/radioquijano\/?s={search_term_string}"},"query-input":"required name=search_term_string"}],"inLanguage":"es"},{"@type":"Person","@id":"https:\/\/nahuelproducciones.com.ar\/radioquijano\/#\/schema\/person\/e8a4f939e2cb487fe6d0c54042c9d32c","name":"Cecilia Pastrana","image":{"@type":"ImageObject","inLanguage":"es","@id":"https:\/\/nahuelproducciones.com.ar\/radioquijano\/#\/schema\/person\/image\/","url":"https:\/\/secure.gravatar.com\/avatar\/661a3ef63a8488d4f2794ed44af8cf71420f7e106f3072c40125114df5157749?s=96&d=mm&r=g","contentUrl":"https:\/\/secure.gravatar.com\/avatar\/661a3ef63a8488d4f2794ed44af8cf71420f7e106f3072c40125114df5157749?s=96&d=mm&r=g","caption":"Cecilia Pastrana"},"sameAs":["cecy"],"url":"https:\/\/nahuelproducciones.com.ar\/radioquijano\/author\/cecy\/"}]}},"_links":{"self":[{"href":"https:\/\/nahuelproducciones.com.ar\/radioquijano\/wp-json\/wp\/v2\/posts\/11201","targetHints":{"allow":["GET"]}}],"collection":[{"href":"https:\/\/nahuelproducciones.com.ar\/radioquijano\/wp-json\/wp\/v2\/posts"}],"about":[{"href":"https:\/\/nahuelproducciones.com.ar\/radioquijano\/wp-json\/wp\/v2\/types\/post"}],"author":[{"embeddable":true,"href":"https:\/\/nahuelproducciones.com.ar\/radioquijano\/wp-json\/wp\/v2\/users\/8"}],"replies":[{"embeddable":true,"href":"https:\/\/nahuelproducciones.com.ar\/radioquijano\/wp-json\/wp\/v2\/comments?post=11201"}],"version-history":[{"count":1,"href":"https:\/\/nahuelproducciones.com.ar\/radioquijano\/wp-json\/wp\/v2\/posts\/11201\/revisions"}],"predecessor-version":[{"id":11206,"href":"https:\/\/nahuelproducciones.com.ar\/radioquijano\/wp-json\/wp\/v2\/posts\/11201\/revisions\/11206"}],"wp:featuredmedia":[{"embeddable":true,"href":"https:\/\/nahuelproducciones.com.ar\/radioquijano\/wp-json\/wp\/v2\/media\/11205"}],"wp:attachment":[{"href":"https:\/\/nahuelproducciones.com.ar\/radioquijano\/wp-json\/wp\/v2\/media?parent=11201"}],"wp:term":[{"taxonomy":"category","embeddable":true,"href":"https:\/\/nahuelproducciones.com.ar\/radioquijano\/wp-json\/wp\/v2\/categories?post=11201"},{"taxonomy":"post_tag","embeddable":true,"href":"https:\/\/nahuelproducciones.com.ar\/radioquijano\/wp-json\/wp\/v2\/tags?post=11201"}],"curies":[{"name":"wp","href":"https:\/\/api.w.org\/{rel}","templated":true}]}}