{"id":11207,"date":"2025-09-28T22:04:22","date_gmt":"2025-09-29T01:04:22","guid":{"rendered":"https:\/\/nahuelproducciones.com.ar\/radioquijano\/?p=11207"},"modified":"2025-09-28T22:04:23","modified_gmt":"2025-09-29T01:04:23","slug":"5-000-peregrinos-de-campo-quijano-cumplieron-un-nuevo-milagro-en-salta","status":"publish","type":"post","link":"https:\/\/nahuelproducciones.com.ar\/radioquijano\/5-000-peregrinos-de-campo-quijano-cumplieron-un-nuevo-milagro-en-salta\/","title":{"rendered":"5.000 peregrinos de Campo Quijano cumplieron un nuevo Milagro en Salta"},"content":{"rendered":"\n<p>En el marco del Mes del Milagro, tiempo de profunda devoci\u00f3n y gratitud para los salte\u00f1os, la comunidad de Campo Quijano volvi\u00f3 a decir presente en la gran procesi\u00f3n del 15 de septiembre. La peregrinaci\u00f3n, que renueva el pacto de fidelidad con el Se\u00f1or y la Virgen del Milagro, re\u00fane fe, esperanza y fortaleza comunitaria.<\/p>\n\n\n\n<p>V\u00edctor Tolaba, referente de la caminata, inform\u00f3 que este a\u00f1o participaron <strong>alrededor de 5.000 peregrinos<\/strong>, muchos de los cuales se sumaron durante el trayecto. El grupo parti\u00f3 de Quijano y <strong>lleg\u00f3 a la Catedral Bas\u00edlica a las 7:05 de la ma\u00f1ana<\/strong>, cumpliendo as\u00ed un a\u00f1o m\u00e1s con la promesa.<\/p>\n\n\n\n<p>Tolaba record\u00f3 la importancia de <strong>completar el formulario de salida<\/strong>, ya que la <strong>Parroquia Santiago Ap\u00f3stol<\/strong> brinda un <strong>seguro gratuito de cobertura<\/strong> para todos los caminantes. Tambi\u00e9n agradeci\u00f3 a <strong>las familias que, a lo largo del camino, ofrecen su apoyo y hospitalidad<\/strong>, entre ellas las familias V\u00e9lez y Vel\u00e1squez, evitando nombrar a m\u00e1s para no omitir a ninguna.<\/p>\n\n\n\n<p>Al finalizar la entrevista, Tolaba <strong>comparti\u00f3 las bendiciones recibidas en este Milagro y las hizo extensivas a todos los oyentes<\/strong>, invitando a mantener viva la fe y la esperanza durante todo el a\u00f1o.<\/p>\n\n\n\n<figure class=\"wp-block-audio\"><audio controls src=\"https:\/\/nahuelproducciones.com.ar\/radioquijano\/wp-content\/uploads\/2025\/09\/25-09-2025-VIICTOR-TOLABA-REFREXION-DE-ESTE-MILAGRO-2025.mp3\"><\/audio><\/figure>\n\n\n\n<figure class=\"wp-block-gallery has-nested-images columns-default is-cropped wp-block-gallery-1 is-layout-flex wp-block-gallery-is-layout-flex\">\n<figure class=\"wp-block-image size-large\"><img loading=\"lazy\" decoding=\"async\" width=\"771\" height=\"1024\" data-id=\"11213\" src=\"https:\/\/nahuelproducciones.com.ar\/radioquijano\/wp-content\/uploads\/2025\/09\/WhatsApp-Image-2025-09-27-at-1.51.29-PM-771x1024.jpeg\" alt=\"\" class=\"wp-image-11213\" srcset=\"https:\/\/nahuelproducciones.com.ar\/radioquijano\/wp-content\/uploads\/2025\/09\/WhatsApp-Image-2025-09-27-at-1.51.29-PM-771x1024.jpeg 771w, https:\/\/nahuelproducciones.com.ar\/radioquijano\/wp-content\/uploads\/2025\/09\/WhatsApp-Image-2025-09-27-at-1.51.29-PM-226x300.jpeg 226w, https:\/\/nahuelproducciones.com.ar\/radioquijano\/wp-content\/uploads\/2025\/09\/WhatsApp-Image-2025-09-27-at-1.51.29-PM-768x1021.jpeg 768w, https:\/\/nahuelproducciones.com.ar\/radioquijano\/wp-content\/uploads\/2025\/09\/WhatsApp-Image-2025-09-27-at-1.51.29-PM-1156x1536.jpeg 1156w, https:\/\/nahuelproducciones.com.ar\/radioquijano\/wp-content\/uploads\/2025\/09\/WhatsApp-Image-2025-09-27-at-1.51.29-PM-150x199.jpeg 150w, https:\/\/nahuelproducciones.com.ar\/radioquijano\/wp-content\/uploads\/2025\/09\/WhatsApp-Image-2025-09-27-at-1.51.29-PM.jpeg 1204w\" sizes=\"auto, (max-width: 771px) 100vw, 771px\" \/><\/figure>\n\n\n\n<figure class=\"wp-block-image size-large\"><img loading=\"lazy\" decoding=\"async\" width=\"771\" height=\"1024\" data-id=\"11214\" src=\"https:\/\/nahuelproducciones.com.ar\/radioquijano\/wp-content\/uploads\/2025\/09\/WhatsApp-Image-2025-09-27-at-1.51.30-PM-1-771x1024.jpeg\" alt=\"\" class=\"wp-image-11214\" srcset=\"https:\/\/nahuelproducciones.com.ar\/radioquijano\/wp-content\/uploads\/2025\/09\/WhatsApp-Image-2025-09-27-at-1.51.30-PM-1-771x1024.jpeg 771w, https:\/\/nahuelproducciones.com.ar\/radioquijano\/wp-content\/uploads\/2025\/09\/WhatsApp-Image-2025-09-27-at-1.51.30-PM-1-226x300.jpeg 226w, https:\/\/nahuelproducciones.com.ar\/radioquijano\/wp-content\/uploads\/2025\/09\/WhatsApp-Image-2025-09-27-at-1.51.30-PM-1-768x1021.jpeg 768w, https:\/\/nahuelproducciones.com.ar\/radioquijano\/wp-content\/uploads\/2025\/09\/WhatsApp-Image-2025-09-27-at-1.51.30-PM-1-1156x1536.jpeg 1156w, https:\/\/nahuelproducciones.com.ar\/radioquijano\/wp-content\/uploads\/2025\/09\/WhatsApp-Image-2025-09-27-at-1.51.30-PM-1-150x199.jpeg 150w, https:\/\/nahuelproducciones.com.ar\/radioquijano\/wp-content\/uploads\/2025\/09\/WhatsApp-Image-2025-09-27-at-1.51.30-PM-1.jpeg 1204w\" sizes=\"auto, (max-width: 771px) 100vw, 771px\" \/><\/figure>\n\n\n\n<figure class=\"wp-block-image size-large\"><img loading=\"lazy\" decoding=\"async\" width=\"771\" height=\"1024\" data-id=\"11212\" src=\"https:\/\/nahuelproducciones.com.ar\/radioquijano\/wp-content\/uploads\/2025\/09\/WhatsApp-Image-2025-09-27-at-1.51.30-PM-771x1024.jpeg\" alt=\"\" class=\"wp-image-11212\" srcset=\"https:\/\/nahuelproducciones.com.ar\/radioquijano\/wp-content\/uploads\/2025\/09\/WhatsApp-Image-2025-09-27-at-1.51.30-PM-771x1024.jpeg 771w, https:\/\/nahuelproducciones.com.ar\/radioquijano\/wp-content\/uploads\/2025\/09\/WhatsApp-Image-2025-09-27-at-1.51.30-PM-226x300.jpeg 226w, https:\/\/nahuelproducciones.com.ar\/radioquijano\/wp-content\/uploads\/2025\/09\/WhatsApp-Image-2025-09-27-at-1.51.30-PM-768x1021.jpeg 768w, https:\/\/nahuelproducciones.com.ar\/radioquijano\/wp-content\/uploads\/2025\/09\/WhatsApp-Image-2025-09-27-at-1.51.30-PM-1156x1536.jpeg 1156w, https:\/\/nahuelproducciones.com.ar\/radioquijano\/wp-content\/uploads\/2025\/09\/WhatsApp-Image-2025-09-27-at-1.51.30-PM-150x199.jpeg 150w, https:\/\/nahuelproducciones.com.ar\/radioquijano\/wp-content\/uploads\/2025\/09\/WhatsApp-Image-2025-09-27-at-1.51.30-PM.jpeg 1204w\" sizes=\"auto, (max-width: 771px) 100vw, 771px\" \/><\/figure>\n\n\n\n<figure class=\"wp-block-image size-large\"><img loading=\"lazy\" decoding=\"async\" width=\"771\" height=\"1024\" data-id=\"11215\" src=\"https:\/\/nahuelproducciones.com.ar\/radioquijano\/wp-content\/uploads\/2025\/09\/WhatsApp-Image-2025-09-27-at-1.51.32-PM-1-1-771x1024.jpeg\" alt=\"\" class=\"wp-image-11215\" srcset=\"https:\/\/nahuelproducciones.com.ar\/radioquijano\/wp-content\/uploads\/2025\/09\/WhatsApp-Image-2025-09-27-at-1.51.32-PM-1-1-771x1024.jpeg 771w, https:\/\/nahuelproducciones.com.ar\/radioquijano\/wp-content\/uploads\/2025\/09\/WhatsApp-Image-2025-09-27-at-1.51.32-PM-1-1-226x300.jpeg 226w, https:\/\/nahuelproducciones.com.ar\/radioquijano\/wp-content\/uploads\/2025\/09\/WhatsApp-Image-2025-09-27-at-1.51.32-PM-1-1-768x1021.jpeg 768w, https:\/\/nahuelproducciones.com.ar\/radioquijano\/wp-content\/uploads\/2025\/09\/WhatsApp-Image-2025-09-27-at-1.51.32-PM-1-1-1156x1536.jpeg 1156w, https:\/\/nahuelproducciones.com.ar\/radioquijano\/wp-content\/uploads\/2025\/09\/WhatsApp-Image-2025-09-27-at-1.51.32-PM-1-1-150x199.jpeg 150w, https:\/\/nahuelproducciones.com.ar\/radioquijano\/wp-content\/uploads\/2025\/09\/WhatsApp-Image-2025-09-27-at-1.51.32-PM-1-1.jpeg 1204w\" sizes=\"auto, (max-width: 771px) 100vw, 771px\" \/><\/figure>\n\n\n\n<figure class=\"wp-block-image size-large\"><img loading=\"lazy\" decoding=\"async\" width=\"770\" height=\"1024\" data-id=\"11217\" src=\"https:\/\/nahuelproducciones.com.ar\/radioquijano\/wp-content\/uploads\/2025\/09\/WhatsApp-Image-2025-09-27-at-1.51.32-PM-2-770x1024.jpeg\" alt=\"\" class=\"wp-image-11217\" srcset=\"https:\/\/nahuelproducciones.com.ar\/radioquijano\/wp-content\/uploads\/2025\/09\/WhatsApp-Image-2025-09-27-at-1.51.32-PM-2-770x1024.jpeg 770w, https:\/\/nahuelproducciones.com.ar\/radioquijano\/wp-content\/uploads\/2025\/09\/WhatsApp-Image-2025-09-27-at-1.51.32-PM-2-226x300.jpeg 226w, https:\/\/nahuelproducciones.com.ar\/radioquijano\/wp-content\/uploads\/2025\/09\/WhatsApp-Image-2025-09-27-at-1.51.32-PM-2-768x1021.jpeg 768w, https:\/\/nahuelproducciones.com.ar\/radioquijano\/wp-content\/uploads\/2025\/09\/WhatsApp-Image-2025-09-27-at-1.51.32-PM-2-150x199.jpeg 150w, https:\/\/nahuelproducciones.com.ar\/radioquijano\/wp-content\/uploads\/2025\/09\/WhatsApp-Image-2025-09-27-at-1.51.32-PM-2.jpeg 963w\" sizes=\"auto, (max-width: 770px) 100vw, 770px\" \/><\/figure>\n\n\n\n<figure class=\"wp-block-image size-large\"><img loading=\"lazy\" decoding=\"async\" width=\"770\" height=\"1024\" data-id=\"11211\" src=\"https:\/\/nahuelproducciones.com.ar\/radioquijano\/wp-content\/uploads\/2025\/09\/WhatsApp-Image-2025-09-27-at-1.51.32-PM-1-770x1024.jpeg\" alt=\"\" class=\"wp-image-11211\" srcset=\"https:\/\/nahuelproducciones.com.ar\/radioquijano\/wp-content\/uploads\/2025\/09\/WhatsApp-Image-2025-09-27-at-1.51.32-PM-1-770x1024.jpeg 770w, https:\/\/nahuelproducciones.com.ar\/radioquijano\/wp-content\/uploads\/2025\/09\/WhatsApp-Image-2025-09-27-at-1.51.32-PM-1-226x300.jpeg 226w, https:\/\/nahuelproducciones.com.ar\/radioquijano\/wp-content\/uploads\/2025\/09\/WhatsApp-Image-2025-09-27-at-1.51.32-PM-1-768x1021.jpeg 768w, https:\/\/nahuelproducciones.com.ar\/radioquijano\/wp-content\/uploads\/2025\/09\/WhatsApp-Image-2025-09-27-at-1.51.32-PM-1-150x199.jpeg 150w, https:\/\/nahuelproducciones.com.ar\/radioquijano\/wp-content\/uploads\/2025\/09\/WhatsApp-Image-2025-09-27-at-1.51.32-PM-1.jpeg 963w\" sizes=\"auto, (max-width: 770px) 100vw, 770px\" \/><\/figure>\n\n\n\n<figure class=\"wp-block-image size-large\"><img loading=\"lazy\" decoding=\"async\" width=\"771\" height=\"1024\" data-id=\"11210\" src=\"https:\/\/nahuelproducciones.com.ar\/radioquijano\/wp-content\/uploads\/2025\/09\/WhatsApp-Image-2025-09-27-at-1.51.33-PM-1-771x1024.jpeg\" alt=\"\" class=\"wp-image-11210\" srcset=\"https:\/\/nahuelproducciones.com.ar\/radioquijano\/wp-content\/uploads\/2025\/09\/WhatsApp-Image-2025-09-27-at-1.51.33-PM-1-771x1024.jpeg 771w, https:\/\/nahuelproducciones.com.ar\/radioquijano\/wp-content\/uploads\/2025\/09\/WhatsApp-Image-2025-09-27-at-1.51.33-PM-1-226x300.jpeg 226w, https:\/\/nahuelproducciones.com.ar\/radioquijano\/wp-content\/uploads\/2025\/09\/WhatsApp-Image-2025-09-27-at-1.51.33-PM-1-768x1021.jpeg 768w, https:\/\/nahuelproducciones.com.ar\/radioquijano\/wp-content\/uploads\/2025\/09\/WhatsApp-Image-2025-09-27-at-1.51.33-PM-1-1156x1536.jpeg 1156w, https:\/\/nahuelproducciones.com.ar\/radioquijano\/wp-content\/uploads\/2025\/09\/WhatsApp-Image-2025-09-27-at-1.51.33-PM-1-150x199.jpeg 150w, https:\/\/nahuelproducciones.com.ar\/radioquijano\/wp-content\/uploads\/2025\/09\/WhatsApp-Image-2025-09-27-at-1.51.33-PM-1.jpeg 1204w\" sizes=\"auto, (max-width: 771px) 100vw, 771px\" \/><\/figure>\n\n\n\n<figure class=\"wp-block-image size-large\"><img loading=\"lazy\" decoding=\"async\" width=\"771\" height=\"1024\" data-id=\"11216\" src=\"https:\/\/nahuelproducciones.com.ar\/radioquijano\/wp-content\/uploads\/2025\/09\/WhatsApp-Image-2025-09-27-at-1.51.33-PM-771x1024.jpeg\" alt=\"\" class=\"wp-image-11216\" srcset=\"https:\/\/nahuelproducciones.com.ar\/radioquijano\/wp-content\/uploads\/2025\/09\/WhatsApp-Image-2025-09-27-at-1.51.33-PM-771x1024.jpeg 771w, https:\/\/nahuelproducciones.com.ar\/radioquijano\/wp-content\/uploads\/2025\/09\/WhatsApp-Image-2025-09-27-at-1.51.33-PM-226x300.jpeg 226w, https:\/\/nahuelproducciones.com.ar\/radioquijano\/wp-content\/uploads\/2025\/09\/WhatsApp-Image-2025-09-27-at-1.51.33-PM-768x1021.jpeg 768w, https:\/\/nahuelproducciones.com.ar\/radioquijano\/wp-content\/uploads\/2025\/09\/WhatsApp-Image-2025-09-27-at-1.51.33-PM-1156x1536.jpeg 1156w, https:\/\/nahuelproducciones.com.ar\/radioquijano\/wp-content\/uploads\/2025\/09\/WhatsApp-Image-2025-09-27-at-1.51.33-PM-150x199.jpeg 150w, https:\/\/nahuelproducciones.com.ar\/radioquijano\/wp-content\/uploads\/2025\/09\/WhatsApp-Image-2025-09-27-at-1.51.33-PM.jpeg 1204w\" sizes=\"auto, (max-width: 771px) 100vw, 771px\" \/><\/figure>\n<\/figure>\n","protected":false},"excerpt":{"rendered":"<p>En el marco del Mes del Milagro, tiempo de profunda devoci\u00f3n y gratitud para los salte\u00f1os, la comunidad de Campo Quijano volvi\u00f3 a decir presente en la gran procesi\u00f3n del 15 de septiembre. La peregrinaci\u00f3n, que renueva el pacto de fidelidad con el Se\u00f1or y la Virgen del Milagro, re\u00fane fe, esperanza y fortaleza comunitaria. [&hellip;]<\/p>\n","protected":false},"author":8,"featured_media":11209,"comment_status":"open","ping_status":"open","sticky":false,"template":"","format":"standard","meta":{"_monsterinsights_skip_tracking":false,"_monsterinsights_sitenote_active":false,"_monsterinsights_sitenote_note":"","_monsterinsights_sitenote_category":0,"footnotes":""},"categories":[16],"tags":[],"class_list":["post-11207","post","type-post","status-publish","format-standard","has-post-thumbnail","hentry","category-noticias"],"yoast_head":"<!-- This site is optimized with the Yoast SEO plugin v20.8 - https:\/\/yoast.com\/wordpress\/plugins\/seo\/ -->\n<title>5.000 peregrinos de Campo Quijano cumplieron un nuevo Milagro en Salta - RQ 99.9<\/title>\n<meta name=\"description\" content=\"Tolaba comparti\u00f3 las bendiciones recibidas en este Milagro y las hizo extensivas a todos los oyentes, invitando a mantener viva la fe y la esperanza durante todo el a\u00f1o.\" \/>\n<meta name=\"robots\" content=\"index, follow, max-snippet:-1, max-image-preview:large, max-video-preview:-1\" \/>\n<link rel=\"canonical\" href=\"https:\/\/nahuelproducciones.com.ar\/radioquijano\/5-000-peregrinos-de-campo-quijano-cumplieron-un-nuevo-milagro-en-salta\/\" \/>\n<meta property=\"og:locale\" content=\"es_ES\" \/>\n<meta property=\"og:type\" content=\"article\" \/>\n<meta property=\"og:title\" content=\"5.000 peregrinos de Campo Quijano cumplieron un nuevo Milagro en Salta - RQ 99.9\" \/>\n<meta property=\"og:description\" content=\"Tolaba comparti\u00f3 las bendiciones recibidas en este Milagro y las hizo extensivas a todos los oyentes, invitando a mantener viva la fe y la esperanza durante todo el a\u00f1o.\" \/>\n<meta property=\"og:url\" content=\"https:\/\/nahuelproducciones.com.ar\/radioquijano\/5-000-peregrinos-de-campo-quijano-cumplieron-un-nuevo-milagro-en-salta\/\" \/>\n<meta property=\"og:site_name\" content=\"RQ 99.9\" \/>\n<meta property=\"article:publisher\" content=\"https:\/\/www.facebook.com\/nahuelproducciones999\/\" \/>\n<meta property=\"article:published_time\" content=\"2025-09-29T01:04:22+00:00\" \/>\n<meta property=\"article:modified_time\" content=\"2025-09-29T01:04:23+00:00\" \/>\n<meta property=\"og:image\" content=\"https:\/\/nahuelproducciones.com.ar\/radioquijano\/wp-content\/uploads\/2025\/09\/WhatsApp-Image-2025-09-27-at-1.51.32-PM-e1759107730538.jpeg\" \/>\n\t<meta property=\"og:image:width\" content=\"700\" \/>\n\t<meta property=\"og:image:height\" content=\"930\" \/>\n\t<meta property=\"og:image:type\" content=\"image\/jpeg\" \/>\n<meta name=\"author\" content=\"Cecilia Pastrana\" \/>\n<meta name=\"twitter:card\" content=\"summary_large_image\" \/>\n<meta name=\"twitter:creator\" content=\"@nahuproduciones\" \/>\n<meta name=\"twitter:site\" content=\"@nahuproduciones\" \/>\n<meta name=\"twitter:label1\" content=\"Escrito por\" \/>\n\t<meta name=\"twitter:data1\" content=\"Cecilia Pastrana\" \/>\n\t<meta name=\"twitter:label2\" content=\"Tiempo de lectura\" \/>\n\t<meta name=\"twitter:data2\" content=\"3 minutos\" \/>\n<script type=\"application\/ld+json\" class=\"yoast-schema-graph\">{\"@context\":\"https:\/\/schema.org\",\"@graph\":[{\"@type\":\"WebPage\",\"@id\":\"https:\/\/nahuelproducciones.com.ar\/radioquijano\/5-000-peregrinos-de-campo-quijano-cumplieron-un-nuevo-milagro-en-salta\/\",\"url\":\"https:\/\/nahuelproducciones.com.ar\/radioquijano\/5-000-peregrinos-de-campo-quijano-cumplieron-un-nuevo-milagro-en-salta\/\",\"name\":\"5.000 peregrinos de Campo Quijano cumplieron un nuevo Milagro en Salta - RQ 99.9\",\"isPartOf\":{\"@id\":\"https:\/\/nahuelproducciones.com.ar\/radioquijano\/#website\"},\"datePublished\":\"2025-09-29T01:04:22+00:00\",\"dateModified\":\"2025-09-29T01:04:23+00:00\",\"author\":{\"@id\":\"https:\/\/nahuelproducciones.com.ar\/radioquijano\/#\/schema\/person\/e8a4f939e2cb487fe6d0c54042c9d32c\"},\"description\":\"Tolaba comparti\u00f3 las bendiciones recibidas en este Milagro y las hizo extensivas a todos los oyentes, invitando a mantener viva la fe y la esperanza durante todo el a\u00f1o.\",\"breadcrumb\":{\"@id\":\"https:\/\/nahuelproducciones.com.ar\/radioquijano\/5-000-peregrinos-de-campo-quijano-cumplieron-un-nuevo-milagro-en-salta\/#breadcrumb\"},\"inLanguage\":\"es\",\"potentialAction\":[{\"@type\":\"ReadAction\",\"target\":[\"https:\/\/nahuelproducciones.com.ar\/radioquijano\/5-000-peregrinos-de-campo-quijano-cumplieron-un-nuevo-milagro-en-salta\/\"]}]},{\"@type\":\"BreadcrumbList\",\"@id\":\"https:\/\/nahuelproducciones.com.ar\/radioquijano\/5-000-peregrinos-de-campo-quijano-cumplieron-un-nuevo-milagro-en-salta\/#breadcrumb\",\"itemListElement\":[{\"@type\":\"ListItem\",\"position\":1,\"name\":\"Portada\",\"item\":\"https:\/\/nahuelproducciones.com.ar\/radioquijano\/\"},{\"@type\":\"ListItem\",\"position\":2,\"name\":\"5.000 peregrinos de Campo Quijano cumplieron un nuevo Milagro en Salta\"}]},{\"@type\":\"WebSite\",\"@id\":\"https:\/\/nahuelproducciones.com.ar\/radioquijano\/#website\",\"url\":\"https:\/\/nahuelproducciones.com.ar\/radioquijano\/\",\"name\":\"RQ 99.9\",\"description\":\"Radio Quijano 99.9 MHz\",\"potentialAction\":[{\"@type\":\"SearchAction\",\"target\":{\"@type\":\"EntryPoint\",\"urlTemplate\":\"https:\/\/nahuelproducciones.com.ar\/radioquijano\/?s={search_term_string}\"},\"query-input\":\"required name=search_term_string\"}],\"inLanguage\":\"es\"},{\"@type\":\"Person\",\"@id\":\"https:\/\/nahuelproducciones.com.ar\/radioquijano\/#\/schema\/person\/e8a4f939e2cb487fe6d0c54042c9d32c\",\"name\":\"Cecilia Pastrana\",\"image\":{\"@type\":\"ImageObject\",\"inLanguage\":\"es\",\"@id\":\"https:\/\/nahuelproducciones.com.ar\/radioquijano\/#\/schema\/person\/image\/\",\"url\":\"https:\/\/secure.gravatar.com\/avatar\/661a3ef63a8488d4f2794ed44af8cf71420f7e106f3072c40125114df5157749?s=96&d=mm&r=g\",\"contentUrl\":\"https:\/\/secure.gravatar.com\/avatar\/661a3ef63a8488d4f2794ed44af8cf71420f7e106f3072c40125114df5157749?s=96&d=mm&r=g\",\"caption\":\"Cecilia Pastrana\"},\"sameAs\":[\"cecy\"],\"url\":\"https:\/\/nahuelproducciones.com.ar\/radioquijano\/author\/cecy\/\"}]}<\/script>\n<!-- \/ Yoast SEO plugin. -->","yoast_head_json":{"title":"5.000 peregrinos de Campo Quijano cumplieron un nuevo Milagro en Salta - RQ 99.9","description":"Tolaba comparti\u00f3 las bendiciones recibidas en este Milagro y las hizo extensivas a todos los oyentes, invitando a mantener viva la fe y la esperanza durante todo el a\u00f1o.","robots":{"index":"index","follow":"follow","max-snippet":"max-snippet:-1","max-image-preview":"max-image-preview:large","max-video-preview":"max-video-preview:-1"},"canonical":"https:\/\/nahuelproducciones.com.ar\/radioquijano\/5-000-peregrinos-de-campo-quijano-cumplieron-un-nuevo-milagro-en-salta\/","og_locale":"es_ES","og_type":"article","og_title":"5.000 peregrinos de Campo Quijano cumplieron un nuevo Milagro en Salta - RQ 99.9","og_description":"Tolaba comparti\u00f3 las bendiciones recibidas en este Milagro y las hizo extensivas a todos los oyentes, invitando a mantener viva la fe y la esperanza durante todo el a\u00f1o.","og_url":"https:\/\/nahuelproducciones.com.ar\/radioquijano\/5-000-peregrinos-de-campo-quijano-cumplieron-un-nuevo-milagro-en-salta\/","og_site_name":"RQ 99.9","article_publisher":"https:\/\/www.facebook.com\/nahuelproducciones999\/","article_published_time":"2025-09-29T01:04:22+00:00","article_modified_time":"2025-09-29T01:04:23+00:00","og_image":[{"width":700,"height":930,"url":"https:\/\/nahuelproducciones.com.ar\/radioquijano\/wp-content\/uploads\/2025\/09\/WhatsApp-Image-2025-09-27-at-1.51.32-PM-e1759107730538.jpeg","type":"image\/jpeg"}],"author":"Cecilia Pastrana","twitter_card":"summary_large_image","twitter_creator":"@nahuproduciones","twitter_site":"@nahuproduciones","twitter_misc":{"Escrito por":"Cecilia Pastrana","Tiempo de lectura":"3 minutos"},"schema":{"@context":"https:\/\/schema.org","@graph":[{"@type":"WebPage","@id":"https:\/\/nahuelproducciones.com.ar\/radioquijano\/5-000-peregrinos-de-campo-quijano-cumplieron-un-nuevo-milagro-en-salta\/","url":"https:\/\/nahuelproducciones.com.ar\/radioquijano\/5-000-peregrinos-de-campo-quijano-cumplieron-un-nuevo-milagro-en-salta\/","name":"5.000 peregrinos de Campo Quijano cumplieron un nuevo Milagro en Salta - RQ 99.9","isPartOf":{"@id":"https:\/\/nahuelproducciones.com.ar\/radioquijano\/#website"},"datePublished":"2025-09-29T01:04:22+00:00","dateModified":"2025-09-29T01:04:23+00:00","author":{"@id":"https:\/\/nahuelproducciones.com.ar\/radioquijano\/#\/schema\/person\/e8a4f939e2cb487fe6d0c54042c9d32c"},"description":"Tolaba comparti\u00f3 las bendiciones recibidas en este Milagro y las hizo extensivas a todos los oyentes, invitando a mantener viva la fe y la esperanza durante todo el a\u00f1o.","breadcrumb":{"@id":"https:\/\/nahuelproducciones.com.ar\/radioquijano\/5-000-peregrinos-de-campo-quijano-cumplieron-un-nuevo-milagro-en-salta\/#breadcrumb"},"inLanguage":"es","potentialAction":[{"@type":"ReadAction","target":["https:\/\/nahuelproducciones.com.ar\/radioquijano\/5-000-peregrinos-de-campo-quijano-cumplieron-un-nuevo-milagro-en-salta\/"]}]},{"@type":"BreadcrumbList","@id":"https:\/\/nahuelproducciones.com.ar\/radioquijano\/5-000-peregrinos-de-campo-quijano-cumplieron-un-nuevo-milagro-en-salta\/#breadcrumb","itemListElement":[{"@type":"ListItem","position":1,"name":"Portada","item":"https:\/\/nahuelproducciones.com.ar\/radioquijano\/"},{"@type":"ListItem","position":2,"name":"5.000 peregrinos de Campo Quijano cumplieron un nuevo Milagro en Salta"}]},{"@type":"WebSite","@id":"https:\/\/nahuelproducciones.com.ar\/radioquijano\/#website","url":"https:\/\/nahuelproducciones.com.ar\/radioquijano\/","name":"RQ 99.9","description":"Radio Quijano 99.9 MHz","potentialAction":[{"@type":"SearchAction","target":{"@type":"EntryPoint","urlTemplate":"https:\/\/nahuelproducciones.com.ar\/radioquijano\/?s={search_term_string}"},"query-input":"required name=search_term_string"}],"inLanguage":"es"},{"@type":"Person","@id":"https:\/\/nahuelproducciones.com.ar\/radioquijano\/#\/schema\/person\/e8a4f939e2cb487fe6d0c54042c9d32c","name":"Cecilia Pastrana","image":{"@type":"ImageObject","inLanguage":"es","@id":"https:\/\/nahuelproducciones.com.ar\/radioquijano\/#\/schema\/person\/image\/","url":"https:\/\/secure.gravatar.com\/avatar\/661a3ef63a8488d4f2794ed44af8cf71420f7e106f3072c40125114df5157749?s=96&d=mm&r=g","contentUrl":"https:\/\/secure.gravatar.com\/avatar\/661a3ef63a8488d4f2794ed44af8cf71420f7e106f3072c40125114df5157749?s=96&d=mm&r=g","caption":"Cecilia Pastrana"},"sameAs":["cecy"],"url":"https:\/\/nahuelproducciones.com.ar\/radioquijano\/author\/cecy\/"}]}},"_links":{"self":[{"href":"https:\/\/nahuelproducciones.com.ar\/radioquijano\/wp-json\/wp\/v2\/posts\/11207","targetHints":{"allow":["GET"]}}],"collection":[{"href":"https:\/\/nahuelproducciones.com.ar\/radioquijano\/wp-json\/wp\/v2\/posts"}],"about":[{"href":"https:\/\/nahuelproducciones.com.ar\/radioquijano\/wp-json\/wp\/v2\/types\/post"}],"author":[{"embeddable":true,"href":"https:\/\/nahuelproducciones.com.ar\/radioquijano\/wp-json\/wp\/v2\/users\/8"}],"replies":[{"embeddable":true,"href":"https:\/\/nahuelproducciones.com.ar\/radioquijano\/wp-json\/wp\/v2\/comments?post=11207"}],"version-history":[{"count":1,"href":"https:\/\/nahuelproducciones.com.ar\/radioquijano\/wp-json\/wp\/v2\/posts\/11207\/revisions"}],"predecessor-version":[{"id":11218,"href":"https:\/\/nahuelproducciones.com.ar\/radioquijano\/wp-json\/wp\/v2\/posts\/11207\/revisions\/11218"}],"wp:featuredmedia":[{"embeddable":true,"href":"https:\/\/nahuelproducciones.com.ar\/radioquijano\/wp-json\/wp\/v2\/media\/11209"}],"wp:attachment":[{"href":"https:\/\/nahuelproducciones.com.ar\/radioquijano\/wp-json\/wp\/v2\/media?parent=11207"}],"wp:term":[{"taxonomy":"category","embeddable":true,"href":"https:\/\/nahuelproducciones.com.ar\/radioquijano\/wp-json\/wp\/v2\/categories?post=11207"},{"taxonomy":"post_tag","embeddable":true,"href":"https:\/\/nahuelproducciones.com.ar\/radioquijano\/wp-json\/wp\/v2\/tags?post=11207"}],"curies":[{"name":"wp","href":"https:\/\/api.w.org\/{rel}","templated":true}]}}