{"id":11219,"date":"2025-09-29T01:45:53","date_gmt":"2025-09-29T04:45:53","guid":{"rendered":"https:\/\/nahuelproducciones.com.ar\/radioquijano\/?p=11219"},"modified":"2025-09-29T01:45:54","modified_gmt":"2025-09-29T04:45:54","slug":"fm-noticias-88-1-denuncia-interferencias-en-su-senal-y-alerta-por-la-libertad-de-expresion","status":"publish","type":"post","link":"https:\/\/nahuelproducciones.com.ar\/radioquijano\/fm-noticias-88-1-denuncia-interferencias-en-su-senal-y-alerta-por-la-libertad-de-expresion\/","title":{"rendered":"FM Noticias 88.1 denuncia interferencias en su se\u00f1al y alerta por la libertad de expresi\u00f3n"},"content":{"rendered":"\n<p>Paula Poma, responsable y propietaria junto a su familia de <strong>FM Noticias 88.1<\/strong>, dialog\u00f3 con Radio Quijano y advirti\u00f3 que la hist\u00f3rica emisora sufre <strong>interferencias desde septiembre<\/strong> por parte de <strong>otra radio sin trayectoria, con base en San Lorenzo<\/strong>, que afirma haber obtenido en 2024 la habilitaci\u00f3n para operar en la misma frecuencia.<br>Seg\u00fan Poma, esa autorizaci\u00f3n fue otorgada durante la gesti\u00f3n de <strong>Gonzalo Quilodr\u00e1n en el ENACOM<\/strong> y ratificada por el actual gobierno de <strong>Javier Milei<\/strong>.<\/p>\n\n\n\n<p>Con <strong>28 a\u00f1os de transmisi\u00f3n ininterrumpida<\/strong>, FM Noticias es un proyecto iniciado en 1997 por el recordado comunicador <strong>Sergio Poma<\/strong>, que se consolid\u00f3 como un espacio de informaci\u00f3n, debate y participaci\u00f3n ciudadana. Paula record\u00f3 que desde 1998 su familia mantiene una <strong>lucha permanente por obtener una licencia formal<\/strong>, tr\u00e1mite que nunca logr\u00f3 concretarse.<\/p>\n\n\n\n<p>\u201cPuede gustar o no nuestra propuesta, pero este dial se gan\u00f3 con a\u00f1os de trabajo y con el acompa\u00f1amiento de la audiencia\u201d, subray\u00f3 Poma, quien anticip\u00f3 que <strong>presentar\u00e1n acciones judiciales<\/strong> para defender el medio.<\/p>\n\n\n\n<p>El conflicto surge en plena \u00e9poca electoral, lo que despierta preocupaci\u00f3n por un posible intento de <strong>cercenar la libertad de expresi\u00f3n<\/strong>. Este caso recuerda que, en contextos electorales, cualquier intento de silenciar o interferir a un medio <strong>no es solo un problema t\u00e9cnico<\/strong>, sino una seria <strong>alerta sobre la libertad de prensa, de opini\u00f3n y de expresi\u00f3n<\/strong>, derechos esenciales para la democracia.<\/p>\n\n\n\n<p>Escucha la entrevista:<\/p>\n\n\n\n<figure class=\"wp-block-audio\"><audio controls src=\"https:\/\/nahuelproducciones.com.ar\/radioquijano\/wp-content\/uploads\/2025\/09\/27-09-2025-paula-poma-interferencia-en-8.1mhz-fm-noticias.mp3\"><\/audio><\/figure>\n","protected":false},"excerpt":{"rendered":"<p>Paula Poma, responsable y propietaria junto a su familia de FM Noticias 88.1, dialog\u00f3 con Radio Quijano y advirti\u00f3 que la hist\u00f3rica emisora sufre interferencias desde septiembre por parte de otra radio sin trayectoria, con base en San Lorenzo, que afirma haber obtenido en 2024 la habilitaci\u00f3n para operar en la misma frecuencia.Seg\u00fan Poma, esa [&hellip;]<\/p>\n","protected":false},"author":8,"featured_media":11222,"comment_status":"open","ping_status":"open","sticky":false,"template":"","format":"standard","meta":{"_monsterinsights_skip_tracking":false,"_monsterinsights_sitenote_active":false,"_monsterinsights_sitenote_note":"","_monsterinsights_sitenote_category":0,"footnotes":""},"categories":[16],"tags":[1922,100,1923],"class_list":["post-11219","post","type-post","status-publish","format-standard","has-post-thumbnail","hentry","category-noticias","tag-fm-noticias-88-1","tag-municipio-de-campo-quijano","tag-paula-poma"],"yoast_head":"<!-- This site is optimized with the Yoast SEO plugin v20.8 - https:\/\/yoast.com\/wordpress\/plugins\/seo\/ -->\n<title>FM Noticias 88.1 denuncia interferencias en su se\u00f1al y alerta por la libertad de expresi\u00f3n - RQ 99.9<\/title>\n<meta name=\"description\" content=\"FM Noticias 88.1 es un espacio de informaci\u00f3n, debate y participaci\u00f3n ciudadana .\" \/>\n<meta name=\"robots\" content=\"index, follow, max-snippet:-1, max-image-preview:large, max-video-preview:-1\" \/>\n<link rel=\"canonical\" href=\"https:\/\/nahuelproducciones.com.ar\/radioquijano\/fm-noticias-88-1-denuncia-interferencias-en-su-senal-y-alerta-por-la-libertad-de-expresion\/\" \/>\n<meta property=\"og:locale\" content=\"es_ES\" \/>\n<meta property=\"og:type\" content=\"article\" \/>\n<meta property=\"og:title\" content=\"FM Noticias 88.1 denuncia interferencias en su se\u00f1al y alerta por la libertad de expresi\u00f3n - RQ 99.9\" \/>\n<meta property=\"og:description\" content=\"FM Noticias 88.1 es un espacio de informaci\u00f3n, debate y participaci\u00f3n ciudadana .\" \/>\n<meta property=\"og:url\" content=\"https:\/\/nahuelproducciones.com.ar\/radioquijano\/fm-noticias-88-1-denuncia-interferencias-en-su-senal-y-alerta-por-la-libertad-de-expresion\/\" \/>\n<meta property=\"og:site_name\" content=\"RQ 99.9\" \/>\n<meta property=\"article:publisher\" content=\"https:\/\/www.facebook.com\/nahuelproducciones999\/\" \/>\n<meta property=\"article:published_time\" content=\"2025-09-29T04:45:53+00:00\" \/>\n<meta property=\"article:modified_time\" content=\"2025-09-29T04:45:54+00:00\" \/>\n<meta property=\"og:image\" content=\"https:\/\/nahuelproducciones.com.ar\/radioquijano\/wp-content\/uploads\/2025\/09\/Post-Instagram-Frase-Primavera-Collage-Aesthetic-Minimalista-1-e1759121101608.png\" \/>\n\t<meta property=\"og:image:width\" content=\"700\" \/>\n\t<meta property=\"og:image:height\" content=\"700\" \/>\n\t<meta property=\"og:image:type\" content=\"image\/png\" \/>\n<meta name=\"author\" content=\"Cecilia Pastrana\" \/>\n<meta name=\"twitter:card\" content=\"summary_large_image\" \/>\n<meta name=\"twitter:creator\" content=\"@nahuproduciones\" \/>\n<meta name=\"twitter:site\" content=\"@nahuproduciones\" \/>\n<meta name=\"twitter:label1\" content=\"Escrito por\" \/>\n\t<meta name=\"twitter:data1\" content=\"Cecilia Pastrana\" \/>\n\t<meta name=\"twitter:label2\" content=\"Tiempo de lectura\" \/>\n\t<meta name=\"twitter:data2\" content=\"2 minutos\" \/>\n<script type=\"application\/ld+json\" class=\"yoast-schema-graph\">{\"@context\":\"https:\/\/schema.org\",\"@graph\":[{\"@type\":\"WebPage\",\"@id\":\"https:\/\/nahuelproducciones.com.ar\/radioquijano\/fm-noticias-88-1-denuncia-interferencias-en-su-senal-y-alerta-por-la-libertad-de-expresion\/\",\"url\":\"https:\/\/nahuelproducciones.com.ar\/radioquijano\/fm-noticias-88-1-denuncia-interferencias-en-su-senal-y-alerta-por-la-libertad-de-expresion\/\",\"name\":\"FM Noticias 88.1 denuncia interferencias en su se\u00f1al y alerta por la libertad de expresi\u00f3n - RQ 99.9\",\"isPartOf\":{\"@id\":\"https:\/\/nahuelproducciones.com.ar\/radioquijano\/#website\"},\"datePublished\":\"2025-09-29T04:45:53+00:00\",\"dateModified\":\"2025-09-29T04:45:54+00:00\",\"author\":{\"@id\":\"https:\/\/nahuelproducciones.com.ar\/radioquijano\/#\/schema\/person\/e8a4f939e2cb487fe6d0c54042c9d32c\"},\"description\":\"FM Noticias 88.1 es un espacio de informaci\u00f3n, debate y participaci\u00f3n ciudadana .\",\"breadcrumb\":{\"@id\":\"https:\/\/nahuelproducciones.com.ar\/radioquijano\/fm-noticias-88-1-denuncia-interferencias-en-su-senal-y-alerta-por-la-libertad-de-expresion\/#breadcrumb\"},\"inLanguage\":\"es\",\"potentialAction\":[{\"@type\":\"ReadAction\",\"target\":[\"https:\/\/nahuelproducciones.com.ar\/radioquijano\/fm-noticias-88-1-denuncia-interferencias-en-su-senal-y-alerta-por-la-libertad-de-expresion\/\"]}]},{\"@type\":\"BreadcrumbList\",\"@id\":\"https:\/\/nahuelproducciones.com.ar\/radioquijano\/fm-noticias-88-1-denuncia-interferencias-en-su-senal-y-alerta-por-la-libertad-de-expresion\/#breadcrumb\",\"itemListElement\":[{\"@type\":\"ListItem\",\"position\":1,\"name\":\"Portada\",\"item\":\"https:\/\/nahuelproducciones.com.ar\/radioquijano\/\"},{\"@type\":\"ListItem\",\"position\":2,\"name\":\"FM Noticias 88.1 denuncia interferencias en su se\u00f1al y alerta por la libertad de expresi\u00f3n\"}]},{\"@type\":\"WebSite\",\"@id\":\"https:\/\/nahuelproducciones.com.ar\/radioquijano\/#website\",\"url\":\"https:\/\/nahuelproducciones.com.ar\/radioquijano\/\",\"name\":\"RQ 99.9\",\"description\":\"Radio Quijano 99.9 MHz\",\"potentialAction\":[{\"@type\":\"SearchAction\",\"target\":{\"@type\":\"EntryPoint\",\"urlTemplate\":\"https:\/\/nahuelproducciones.com.ar\/radioquijano\/?s={search_term_string}\"},\"query-input\":\"required name=search_term_string\"}],\"inLanguage\":\"es\"},{\"@type\":\"Person\",\"@id\":\"https:\/\/nahuelproducciones.com.ar\/radioquijano\/#\/schema\/person\/e8a4f939e2cb487fe6d0c54042c9d32c\",\"name\":\"Cecilia Pastrana\",\"image\":{\"@type\":\"ImageObject\",\"inLanguage\":\"es\",\"@id\":\"https:\/\/nahuelproducciones.com.ar\/radioquijano\/#\/schema\/person\/image\/\",\"url\":\"https:\/\/secure.gravatar.com\/avatar\/661a3ef63a8488d4f2794ed44af8cf71420f7e106f3072c40125114df5157749?s=96&d=mm&r=g\",\"contentUrl\":\"https:\/\/secure.gravatar.com\/avatar\/661a3ef63a8488d4f2794ed44af8cf71420f7e106f3072c40125114df5157749?s=96&d=mm&r=g\",\"caption\":\"Cecilia Pastrana\"},\"sameAs\":[\"cecy\"],\"url\":\"https:\/\/nahuelproducciones.com.ar\/radioquijano\/author\/cecy\/\"}]}<\/script>\n<!-- \/ Yoast SEO plugin. -->","yoast_head_json":{"title":"FM Noticias 88.1 denuncia interferencias en su se\u00f1al y alerta por la libertad de expresi\u00f3n - RQ 99.9","description":"FM Noticias 88.1 es un espacio de informaci\u00f3n, debate y participaci\u00f3n ciudadana .","robots":{"index":"index","follow":"follow","max-snippet":"max-snippet:-1","max-image-preview":"max-image-preview:large","max-video-preview":"max-video-preview:-1"},"canonical":"https:\/\/nahuelproducciones.com.ar\/radioquijano\/fm-noticias-88-1-denuncia-interferencias-en-su-senal-y-alerta-por-la-libertad-de-expresion\/","og_locale":"es_ES","og_type":"article","og_title":"FM Noticias 88.1 denuncia interferencias en su se\u00f1al y alerta por la libertad de expresi\u00f3n - RQ 99.9","og_description":"FM Noticias 88.1 es un espacio de informaci\u00f3n, debate y participaci\u00f3n ciudadana .","og_url":"https:\/\/nahuelproducciones.com.ar\/radioquijano\/fm-noticias-88-1-denuncia-interferencias-en-su-senal-y-alerta-por-la-libertad-de-expresion\/","og_site_name":"RQ 99.9","article_publisher":"https:\/\/www.facebook.com\/nahuelproducciones999\/","article_published_time":"2025-09-29T04:45:53+00:00","article_modified_time":"2025-09-29T04:45:54+00:00","og_image":[{"width":700,"height":700,"url":"https:\/\/nahuelproducciones.com.ar\/radioquijano\/wp-content\/uploads\/2025\/09\/Post-Instagram-Frase-Primavera-Collage-Aesthetic-Minimalista-1-e1759121101608.png","type":"image\/png"}],"author":"Cecilia Pastrana","twitter_card":"summary_large_image","twitter_creator":"@nahuproduciones","twitter_site":"@nahuproduciones","twitter_misc":{"Escrito por":"Cecilia Pastrana","Tiempo de lectura":"2 minutos"},"schema":{"@context":"https:\/\/schema.org","@graph":[{"@type":"WebPage","@id":"https:\/\/nahuelproducciones.com.ar\/radioquijano\/fm-noticias-88-1-denuncia-interferencias-en-su-senal-y-alerta-por-la-libertad-de-expresion\/","url":"https:\/\/nahuelproducciones.com.ar\/radioquijano\/fm-noticias-88-1-denuncia-interferencias-en-su-senal-y-alerta-por-la-libertad-de-expresion\/","name":"FM Noticias 88.1 denuncia interferencias en su se\u00f1al y alerta por la libertad de expresi\u00f3n - RQ 99.9","isPartOf":{"@id":"https:\/\/nahuelproducciones.com.ar\/radioquijano\/#website"},"datePublished":"2025-09-29T04:45:53+00:00","dateModified":"2025-09-29T04:45:54+00:00","author":{"@id":"https:\/\/nahuelproducciones.com.ar\/radioquijano\/#\/schema\/person\/e8a4f939e2cb487fe6d0c54042c9d32c"},"description":"FM Noticias 88.1 es un espacio de informaci\u00f3n, debate y participaci\u00f3n ciudadana .","breadcrumb":{"@id":"https:\/\/nahuelproducciones.com.ar\/radioquijano\/fm-noticias-88-1-denuncia-interferencias-en-su-senal-y-alerta-por-la-libertad-de-expresion\/#breadcrumb"},"inLanguage":"es","potentialAction":[{"@type":"ReadAction","target":["https:\/\/nahuelproducciones.com.ar\/radioquijano\/fm-noticias-88-1-denuncia-interferencias-en-su-senal-y-alerta-por-la-libertad-de-expresion\/"]}]},{"@type":"BreadcrumbList","@id":"https:\/\/nahuelproducciones.com.ar\/radioquijano\/fm-noticias-88-1-denuncia-interferencias-en-su-senal-y-alerta-por-la-libertad-de-expresion\/#breadcrumb","itemListElement":[{"@type":"ListItem","position":1,"name":"Portada","item":"https:\/\/nahuelproducciones.com.ar\/radioquijano\/"},{"@type":"ListItem","position":2,"name":"FM Noticias 88.1 denuncia interferencias en su se\u00f1al y alerta por la libertad de expresi\u00f3n"}]},{"@type":"WebSite","@id":"https:\/\/nahuelproducciones.com.ar\/radioquijano\/#website","url":"https:\/\/nahuelproducciones.com.ar\/radioquijano\/","name":"RQ 99.9","description":"Radio Quijano 99.9 MHz","potentialAction":[{"@type":"SearchAction","target":{"@type":"EntryPoint","urlTemplate":"https:\/\/nahuelproducciones.com.ar\/radioquijano\/?s={search_term_string}"},"query-input":"required name=search_term_string"}],"inLanguage":"es"},{"@type":"Person","@id":"https:\/\/nahuelproducciones.com.ar\/radioquijano\/#\/schema\/person\/e8a4f939e2cb487fe6d0c54042c9d32c","name":"Cecilia Pastrana","image":{"@type":"ImageObject","inLanguage":"es","@id":"https:\/\/nahuelproducciones.com.ar\/radioquijano\/#\/schema\/person\/image\/","url":"https:\/\/secure.gravatar.com\/avatar\/661a3ef63a8488d4f2794ed44af8cf71420f7e106f3072c40125114df5157749?s=96&d=mm&r=g","contentUrl":"https:\/\/secure.gravatar.com\/avatar\/661a3ef63a8488d4f2794ed44af8cf71420f7e106f3072c40125114df5157749?s=96&d=mm&r=g","caption":"Cecilia Pastrana"},"sameAs":["cecy"],"url":"https:\/\/nahuelproducciones.com.ar\/radioquijano\/author\/cecy\/"}]}},"_links":{"self":[{"href":"https:\/\/nahuelproducciones.com.ar\/radioquijano\/wp-json\/wp\/v2\/posts\/11219","targetHints":{"allow":["GET"]}}],"collection":[{"href":"https:\/\/nahuelproducciones.com.ar\/radioquijano\/wp-json\/wp\/v2\/posts"}],"about":[{"href":"https:\/\/nahuelproducciones.com.ar\/radioquijano\/wp-json\/wp\/v2\/types\/post"}],"author":[{"embeddable":true,"href":"https:\/\/nahuelproducciones.com.ar\/radioquijano\/wp-json\/wp\/v2\/users\/8"}],"replies":[{"embeddable":true,"href":"https:\/\/nahuelproducciones.com.ar\/radioquijano\/wp-json\/wp\/v2\/comments?post=11219"}],"version-history":[{"count":1,"href":"https:\/\/nahuelproducciones.com.ar\/radioquijano\/wp-json\/wp\/v2\/posts\/11219\/revisions"}],"predecessor-version":[{"id":11223,"href":"https:\/\/nahuelproducciones.com.ar\/radioquijano\/wp-json\/wp\/v2\/posts\/11219\/revisions\/11223"}],"wp:featuredmedia":[{"embeddable":true,"href":"https:\/\/nahuelproducciones.com.ar\/radioquijano\/wp-json\/wp\/v2\/media\/11222"}],"wp:attachment":[{"href":"https:\/\/nahuelproducciones.com.ar\/radioquijano\/wp-json\/wp\/v2\/media?parent=11219"}],"wp:term":[{"taxonomy":"category","embeddable":true,"href":"https:\/\/nahuelproducciones.com.ar\/radioquijano\/wp-json\/wp\/v2\/categories?post=11219"},{"taxonomy":"post_tag","embeddable":true,"href":"https:\/\/nahuelproducciones.com.ar\/radioquijano\/wp-json\/wp\/v2\/tags?post=11219"}],"curies":[{"name":"wp","href":"https:\/\/api.w.org\/{rel}","templated":true}]}}